{"id":1104,"date":"2019-07-29T06:51:48","date_gmt":"2019-07-29T09:51:48","guid":{"rendered":"https:\/\/www.interno.uepb.edu.br\/?p=50082"},"modified":"2019-07-29T06:51:48","modified_gmt":"2019-07-29T09:51:48","slug":"concluintes-dos-campus-i-e-ii-colam-grau-e-fecham-ciclo-de-formaturas-do-periodo-2019-1-da-uepb-2","status":"publish","type":"post","link":"https:\/\/centros.uepb.edu.br\/ccj\/concluintes-dos-campus-i-e-ii-colam-grau-e-fecham-ciclo-de-formaturas-do-periodo-2019-1-da-uepb-2\/","title":{"rendered":"Concluintes dos c\u00e2mpus I e II colam grau e fecham ciclo de formaturas do per\u00edodo 2019.1 da UEPB"},"content":{"rendered":"<ul class=\"wp-block-gallery columns-2 is-cropped\">\n<li class=\"blocks-gallery-item\">\n<figure><img decoding=\"async\" loading=\"lazy\" width=\"960\" height=\"637\" src=\"https:\/\/www.interno.uepb.edu.br\/wp-content\/uploads\/2019\/07\/cola%C3%A7%C3%A3o-CG-02.jpg\" alt=\"\" data-id=\"50068\" data-link=\"https:\/\/www.interno.uepb.edu.br\/colacao-cg-02\/\" class=\"wp-image-50068 img-responsive img-responsive\" srcset=\"https:\/\/www.interno.uepb.edu.br\/wp-content\/uploads\/2019\/07\/cola\u00e7\u00e3o-CG-02.jpg 960w, https:\/\/www.interno.uepb.edu.br\/wp-content\/uploads\/2019\/07\/cola\u00e7\u00e3o-CG-02-300x199.jpg 300w, https:\/\/www.interno.uepb.edu.br\/wp-content\/uploads\/2019\/07\/cola\u00e7\u00e3o-CG-02-768x510.jpg 768w, https:\/\/www.interno.uepb.edu.br\/wp-content\/uploads\/2019\/07\/cola\u00e7\u00e3o-CG-02-370x246.jpg 370w, https:\/\/www.interno.uepb.edu.br\/wp-content\/uploads\/2019\/07\/cola\u00e7\u00e3o-CG-02-840x557.jpg 840w\" sizes=\"auto, (max-width: 960px) 100vw, 960px\" \/><\/figure>\n<\/li>\n<li class=\"blocks-gallery-item\">\n<figure><img decoding=\"async\" loading=\"lazy\" width=\"960\" height=\"637\" src=\"https:\/\/www.interno.uepb.edu.br\/wp-content\/uploads\/2019\/07\/cola%C3%A7%C3%A3o-CG-01.jpg\" alt=\"\" data-id=\"50067\" data-link=\"https:\/\/www.interno.uepb.edu.br\/colacao-cg-01\/\" class=\"wp-image-50067 img-responsive img-responsive\" srcset=\"https:\/\/www.interno.uepb.edu.br\/wp-content\/uploads\/2019\/07\/cola\u00e7\u00e3o-CG-01.jpg 960w, https:\/\/www.interno.uepb.edu.br\/wp-content\/uploads\/2019\/07\/cola\u00e7\u00e3o-CG-01-300x199.jpg 300w, https:\/\/www.interno.uepb.edu.br\/wp-content\/uploads\/2019\/07\/cola\u00e7\u00e3o-CG-01-768x510.jpg 768w, https:\/\/www.interno.uepb.edu.br\/wp-content\/uploads\/2019\/07\/cola\u00e7\u00e3o-CG-01-370x246.jpg 370w, https:\/\/www.interno.uepb.edu.br\/wp-content\/uploads\/2019\/07\/cola\u00e7\u00e3o-CG-01-840x557.jpg 840w\" sizes=\"auto, (max-width: 960px) 100vw, 960px\" \/><\/figure>\n<\/li>\n<\/ul>\n<p>Em uma noite para ficar na posteridade e eternizada no tempo, nas mentes e nos cora\u00e7\u00f5es de centenas de formandos que realizaram o sonho de conquistar um diploma de curso superior, 750 formandos de 30 cursos de Gradua\u00e7\u00e3o dos c\u00e2mpus de Campina Grande e Lagoa Seca da Universidade Estadual da Para\u00edba (UEPB) colaram grau acad\u00eamico neste s\u00e1bado (27) e encerraram o ciclo de formaturas da Institui\u00e7\u00e3o do semestre letivo 2019\/1. <\/p>\n<p>A Assembleia Solene de Cola\u00e7\u00e3o de Grau dos c\u00e2mpus I e II aconteceu na casa de shows Spazzio, em Campina Grande, e contou com a participa\u00e7\u00e3o dos concluintes dos cursos do Centro de Ci\u00eancias e Tecnologia (CCT), Centro de Ci\u00eancias Biol\u00f3gicas e da Sa\u00fade (CCBS), Centro de Ci\u00eancias Jur\u00eddicas (CCJ), Centro de Ci\u00eancias Sociais Aplicadas (CCSA), Centro de Educa\u00e7\u00e3o (CEDUC) e do Centro de Ci\u00eancias Agr\u00e1rias e Ambientais (CCAA). <\/p>\n<p>Presidida pelo reitor da UEPB, professor Rangel Junior, a cerim\u00f4nia reuniu docentes e pr\u00f3-reitores da Institui\u00e7\u00e3o, al\u00e9m de diretores de centros, coordenadores de cursos, familiares e amigos dos formandos. Nesse semestre, a UEPB formou mais de 1.200 novos profissionais nos oito c\u00e2mpus da Institui\u00e7\u00e3o. <\/p>\n<p>Em meio a ansiedade, j\u00fabilo e regozijo, os graduandos assistiram emocionados a entrada da congrega\u00e7\u00e3o de professores de todos os Centros de Ensino que integram os c\u00e2mpus de Campina Grande e Lagoa Seca. Entre os formandos, destaque para Marta Maria dos Santos Ara\u00fajo, a mais experiente da turma. Aos 59 anos e j\u00e1 formada em Servi\u00e7o Social, ela concluiu o curso de Ci\u00eancias Biol\u00f3gicas, seguindo os passos da filha, Elaine Cristina dos Santos Ara\u00fajo, que hoje faz Doutorado na \u00e1rea. <\/p>\n<p>A atmosfera festiva tomou conta do local, com a entrada do Paraninfo Geral das turmas concluintes, o professor Jos\u00e9 Tavares de Sousa, conduzido pela comiss\u00e3o de honra formada por alunos dos cursos de Ci\u00eancias Biol\u00f3gicas, Engenharia Sanit\u00e1ria e Ambiental, Filosofia, Direito, Ci\u00eancias Cont\u00e1beis e Agroecologia.<\/p>\n<ul class=\"wp-block-gallery columns-3 is-cropped\">\n<li class=\"blocks-gallery-item\">\n<figure><img decoding=\"async\" loading=\"lazy\" width=\"960\" height=\"637\" src=\"https:\/\/www.interno.uepb.edu.br\/wp-content\/uploads\/2019\/07\/cola%C3%A7%C3%A3o-CG-03.jpg\" alt=\"\" data-id=\"50069\" data-link=\"https:\/\/www.interno.uepb.edu.br\/colacao-cg-03\/\" class=\"wp-image-50069 img-responsive img-responsive\" srcset=\"https:\/\/www.interno.uepb.edu.br\/wp-content\/uploads\/2019\/07\/cola\u00e7\u00e3o-CG-03.jpg 960w, https:\/\/www.interno.uepb.edu.br\/wp-content\/uploads\/2019\/07\/cola\u00e7\u00e3o-CG-03-300x199.jpg 300w, https:\/\/www.interno.uepb.edu.br\/wp-content\/uploads\/2019\/07\/cola\u00e7\u00e3o-CG-03-768x510.jpg 768w, https:\/\/www.interno.uepb.edu.br\/wp-content\/uploads\/2019\/07\/cola\u00e7\u00e3o-CG-03-370x246.jpg 370w, https:\/\/www.interno.uepb.edu.br\/wp-content\/uploads\/2019\/07\/cola\u00e7\u00e3o-CG-03-840x557.jpg 840w\" sizes=\"auto, (max-width: 960px) 100vw, 960px\" \/><\/figure>\n<\/li>\n<li class=\"blocks-gallery-item\">\n<figure><img decoding=\"async\" loading=\"lazy\" width=\"960\" height=\"637\" src=\"https:\/\/www.interno.uepb.edu.br\/wp-content\/uploads\/2019\/07\/cola%C3%A7%C3%A3o-CG-04.jpg\" alt=\"\" data-id=\"50070\" data-link=\"https:\/\/www.interno.uepb.edu.br\/colacao-cg-04\/\" class=\"wp-image-50070 img-responsive img-responsive\" srcset=\"https:\/\/www.interno.uepb.edu.br\/wp-content\/uploads\/2019\/07\/cola\u00e7\u00e3o-CG-04.jpg 960w, https:\/\/www.interno.uepb.edu.br\/wp-content\/uploads\/2019\/07\/cola\u00e7\u00e3o-CG-04-300x199.jpg 300w, https:\/\/www.interno.uepb.edu.br\/wp-content\/uploads\/2019\/07\/cola\u00e7\u00e3o-CG-04-768x510.jpg 768w, https:\/\/www.interno.uepb.edu.br\/wp-content\/uploads\/2019\/07\/cola\u00e7\u00e3o-CG-04-370x246.jpg 370w, https:\/\/www.interno.uepb.edu.br\/wp-content\/uploads\/2019\/07\/cola\u00e7\u00e3o-CG-04-840x557.jpg 840w\" sizes=\"auto, (max-width: 960px) 100vw, 960px\" \/><\/figure>\n<\/li>\n<li class=\"blocks-gallery-item\">\n<figure><img decoding=\"async\" loading=\"lazy\" width=\"960\" height=\"637\" src=\"https:\/\/www.interno.uepb.edu.br\/wp-content\/uploads\/2019\/07\/cola%C3%A7%C3%A3o-CG-05.jpg\" alt=\"\" data-id=\"50071\" data-link=\"https:\/\/www.interno.uepb.edu.br\/colacao-cg-05\/\" class=\"wp-image-50071 img-responsive img-responsive\" srcset=\"https:\/\/www.interno.uepb.edu.br\/wp-content\/uploads\/2019\/07\/cola\u00e7\u00e3o-CG-05.jpg 960w, https:\/\/www.interno.uepb.edu.br\/wp-content\/uploads\/2019\/07\/cola\u00e7\u00e3o-CG-05-300x199.jpg 300w, https:\/\/www.interno.uepb.edu.br\/wp-content\/uploads\/2019\/07\/cola\u00e7\u00e3o-CG-05-768x510.jpg 768w, https:\/\/www.interno.uepb.edu.br\/wp-content\/uploads\/2019\/07\/cola\u00e7\u00e3o-CG-05-370x246.jpg 370w, https:\/\/www.interno.uepb.edu.br\/wp-content\/uploads\/2019\/07\/cola\u00e7\u00e3o-CG-05-840x557.jpg 840w\" sizes=\"auto, (max-width: 960px) 100vw, 960px\" \/><\/figure>\n<\/li>\n<\/ul>\n<p>Os futuros profissionais, orgulhosamente vestidos com a beca, prestaram o juramento, comprometendo-se diante de professores e familiares a honrar os princ\u00edpios da UEPB, lutar para aperfei\u00e7oar a ci\u00eancia e a t\u00e9cnica, al\u00e9m de transformar os conhecimentos adquiridos e utiliz\u00e1-los para melhorar a sociedade sob a \u00e9gide da justi\u00e7a e da igualdade. Eles foram representados pelo graduando Lindomar Pereira da Silva, do curso de Agroecologia.<\/p>\n<p>A Oradora Oficial das turmas foi a graduanda Amanda Vanuza de Arruda Barbosa, do curso de Direito, que fez um discurso emocionado e cheio de sentimentos e poesia. Ela destacou que o momento representava uma conquista pessoal para todos e agradeceu a Deus, aos familiares e professores, respons\u00e1veis pela transmiss\u00e3o dos conhecimentos e forma\u00e7\u00e3o dos novos profissionais.<\/p>\n<p>Amanda observou que, apesar de parecerem todos iguais, vestidos de beca, os formandos eram diferentes, com suas hist\u00f3rias, particularidades e dificuldades. Cada um carregava, segundo ela, marcas e sonhos. Em um reconhecimento \u00e0 UEPB, Amanda destacou a miss\u00e3o da Institui\u00e7\u00e3o, que a despeito de todas as dificuldades, continua exercendo seu papel de formar cidad\u00e3os preparados para a vida. \u201cObrigado UEPB, que apesar de tantas dificuldades, nos d\u00e1 asas para voar alto e sonharmos com dias melhores. Temos uma nova jornada pela frente\u201d, frisou. <\/p>\n<ul class=\"wp-block-gallery columns-2 is-cropped\">\n<li class=\"blocks-gallery-item\">\n<figure><img decoding=\"async\" loading=\"lazy\" width=\"960\" height=\"637\" src=\"https:\/\/www.interno.uepb.edu.br\/wp-content\/uploads\/2019\/07\/cola%C3%A7%C3%A3o-CG-06.jpg\" alt=\"\" data-id=\"50072\" data-link=\"https:\/\/www.interno.uepb.edu.br\/colacao-cg-06\/\" class=\"wp-image-50072 img-responsive img-responsive\" srcset=\"https:\/\/www.interno.uepb.edu.br\/wp-content\/uploads\/2019\/07\/cola\u00e7\u00e3o-CG-06.jpg 960w, https:\/\/www.interno.uepb.edu.br\/wp-content\/uploads\/2019\/07\/cola\u00e7\u00e3o-CG-06-300x199.jpg 300w, https:\/\/www.interno.uepb.edu.br\/wp-content\/uploads\/2019\/07\/cola\u00e7\u00e3o-CG-06-768x510.jpg 768w, https:\/\/www.interno.uepb.edu.br\/wp-content\/uploads\/2019\/07\/cola\u00e7\u00e3o-CG-06-370x246.jpg 370w, https:\/\/www.interno.uepb.edu.br\/wp-content\/uploads\/2019\/07\/cola\u00e7\u00e3o-CG-06-840x557.jpg 840w\" sizes=\"auto, (max-width: 960px) 100vw, 960px\" \/><\/figure>\n<\/li>\n<li class=\"blocks-gallery-item\">\n<figure><img decoding=\"async\" loading=\"lazy\" width=\"960\" height=\"637\" src=\"https:\/\/www.interno.uepb.edu.br\/wp-content\/uploads\/2019\/07\/cola%C3%A7%C3%A3o-CG-07.jpg\" alt=\"\" data-id=\"50073\" data-link=\"https:\/\/www.interno.uepb.edu.br\/colacao-cg-07\/\" class=\"wp-image-50073 img-responsive img-responsive\" srcset=\"https:\/\/www.interno.uepb.edu.br\/wp-content\/uploads\/2019\/07\/cola\u00e7\u00e3o-CG-07.jpg 960w, https:\/\/www.interno.uepb.edu.br\/wp-content\/uploads\/2019\/07\/cola\u00e7\u00e3o-CG-07-300x199.jpg 300w, https:\/\/www.interno.uepb.edu.br\/wp-content\/uploads\/2019\/07\/cola\u00e7\u00e3o-CG-07-768x510.jpg 768w, https:\/\/www.interno.uepb.edu.br\/wp-content\/uploads\/2019\/07\/cola\u00e7\u00e3o-CG-07-370x246.jpg 370w, https:\/\/www.interno.uepb.edu.br\/wp-content\/uploads\/2019\/07\/cola\u00e7\u00e3o-CG-07-840x557.jpg 840w\" sizes=\"auto, (max-width: 960px) 100vw, 960px\" \/><\/figure>\n<\/li>\n<\/ul>\n<p>O Paraninfo Geral, professor Jos\u00e9 Tavares de Sousa, tamb\u00e9m fez um discurso emocionante e conclamou os formandos a usarem os conhecimentos adquiridos ao longo do curso para diminu\u00edrem as desigualdades sociais. Ele agradeceu a homenagem e disse que era uma honra o momento. O paraninfo focou parte do seu discurso nas desigualdades sociais que ainda existem no Brasil, principalmente no Nordeste, enfatizou que ainda faltam pol\u00edticas p\u00fablicas eficazes para combater essas desigualdades e que a educa\u00e7\u00e3o \u00e9 o caminho para mudar essa realidade, acabando de vez com esse flagelo social.<\/p>\n<p>Jos\u00e9 Tavares ainda falou dos gargalos no Ensino Fundamental e M\u00e9dio, mas ressaltou que, nos \u00faltimos anos, o Ensino Superior registrou avan\u00e7os com as portas das universidades sendo abertas para alunos vindos da escola p\u00fablica. Para ele, a expans\u00e3o do ensino superior foi resultado de pol\u00edticas p\u00fablicas que reduziram as desigualdades regionais. O docente tamb\u00e9m destacou que a UEPB foi pioneira nas pol\u00edticas de inclus\u00e3o, tendo permitido o acesso ao curso superior a milhares de paraibanos. <\/p>\n<figure class=\"wp-block-image\"><img decoding=\"async\" loading=\"lazy\" width=\"960\" height=\"637\" src=\"https:\/\/www.interno.uepb.edu.br\/wp-content\/uploads\/2019\/07\/cola%C3%A7%C3%A3o-CG-08.jpg\" alt=\"\" class=\"wp-image-50074 img-responsive img-responsive\" srcset=\"https:\/\/www.interno.uepb.edu.br\/wp-content\/uploads\/2019\/07\/cola\u00e7\u00e3o-CG-08.jpg 960w, https:\/\/www.interno.uepb.edu.br\/wp-content\/uploads\/2019\/07\/cola\u00e7\u00e3o-CG-08-300x199.jpg 300w, https:\/\/www.interno.uepb.edu.br\/wp-content\/uploads\/2019\/07\/cola\u00e7\u00e3o-CG-08-768x510.jpg 768w, https:\/\/www.interno.uepb.edu.br\/wp-content\/uploads\/2019\/07\/cola\u00e7\u00e3o-CG-08-370x246.jpg 370w, https:\/\/www.interno.uepb.edu.br\/wp-content\/uploads\/2019\/07\/cola\u00e7\u00e3o-CG-08-840x557.jpg 840w\" sizes=\"auto, (max-width: 960px) 100vw, 960px\" \/><\/figure>\n<p>A solenidade prosseguiu com o discurso do pr\u00f3-reitor de Gradua\u00e7\u00e3o, professor Eli Brand\u00e3o, que enfatizou que os sonhos dos concluintes \u00e9 o mesmo da UEPB, que est\u00e1 profundamente enraizada e comprometida com o Estado da Para\u00edba. Eli disse, ainda, que o dia era importante para os graduandos e para a Universidade, que atualmente tem 75% dos seus alunos advindos da escola p\u00fablica. A cerim\u00f4nia, segundo ele, se reveste de grande import\u00e2ncia, pois marca o ponto de chegada e, ao mesmo tempo, o ponto de partida para o futuro e novos desafios.<\/p>\n<p>O professor enfatizou que a UEPB est\u00e1 presente em toda a Para\u00edba, sempre comprometida com o desenvolvimento cient\u00edfico e cultural dos paraibanos, tendo duplicado o n\u00famero de vagas nos \u00faltimos anos. Ao olhar para o futuro, Eli Brand\u00e3o manifestou preocupa\u00e7\u00e3o e disse que as universidades p\u00fablicas est\u00e3o em meio a uma forte crise que compromete o ensino em nome do capital financeiro. <\/p>\n<p>Ele lembrou ainda que a Educa\u00e7\u00e3o \u00e9 um investimento social, e n\u00e3o gasto indevido, e justificou mostrando que 90% da produ\u00e7\u00e3o de ci\u00eancia e tecnologia no pa\u00eds \u00e9 obra das universidades p\u00fablicas. Segundo ele, sem universidade p\u00fablica n\u00e3o h\u00e1 pesquisa comprometida com a \u00e9tica e com o bem-estar humano. \u201cSintam-se vitoriosos por conclu\u00edrem um curso de gradua\u00e7\u00e3o numa institui\u00e7\u00e3o p\u00fablica. S\u00e3o poucos os que conseguem ingressar em uma universidade e alcan\u00e7ar essa vit\u00f3ria\u201d, parabenizou.<\/p>\n<figure class=\"wp-block-image\"><img decoding=\"async\" loading=\"lazy\" width=\"960\" height=\"637\" src=\"https:\/\/www.interno.uepb.edu.br\/wp-content\/uploads\/2019\/07\/cola%C3%A7%C3%A3o-CG-15.jpg\" alt=\"\" class=\"wp-image-50080 img-responsive img-responsive\" srcset=\"https:\/\/www.interno.uepb.edu.br\/wp-content\/uploads\/2019\/07\/cola\u00e7\u00e3o-CG-15.jpg 960w, https:\/\/www.interno.uepb.edu.br\/wp-content\/uploads\/2019\/07\/cola\u00e7\u00e3o-CG-15-300x199.jpg 300w, https:\/\/www.interno.uepb.edu.br\/wp-content\/uploads\/2019\/07\/cola\u00e7\u00e3o-CG-15-768x510.jpg 768w, https:\/\/www.interno.uepb.edu.br\/wp-content\/uploads\/2019\/07\/cola\u00e7\u00e3o-CG-15-370x246.jpg 370w, https:\/\/www.interno.uepb.edu.br\/wp-content\/uploads\/2019\/07\/cola\u00e7\u00e3o-CG-15-840x557.jpg 840w\" sizes=\"auto, (max-width: 960px) 100vw, 960px\" \/><\/figure>\n<p>Presidente da solenidade, o reitor Rangel Junior transmitiu sua mensagem aos graduandos e parabenizou a todos pela conquista. O reitor disse que o momento era de orgulho para a UEPB, principalmente pela sensa\u00e7\u00e3o de dever cumprido, visto que a situa\u00e7\u00e3o econ\u00f4mica e pol\u00edtica do pa\u00eds tem se mostrado muito dif\u00edcil.<\/p>\n<p>\u201cSomos resistentes. O que n\u00f3s estamos fazendo aqui nada mais \u00e9 do que um movimento de resist\u00eancia. Ao colocar para a sociedade mais de 1.200 profissionais formados, estamos dizendo que a universidade continua cumprindo com o seu papel e dando conta das responsabilidades com a sociedade\u201d, afirmou o reitor, destacando ainda que a UEPB segue fazendo pesquisa e promovendo a cultura, mas, principalmente, formando pessoas qualificadas, competentes e comprometidas com a mudan\u00e7a do mundo. <\/p>\n<ul class=\"wp-block-gallery columns-3 is-cropped\">\n<li class=\"blocks-gallery-item\">\n<figure><img decoding=\"async\" loading=\"lazy\" width=\"960\" height=\"677\" src=\"https:\/\/www.interno.uepb.edu.br\/wp-content\/uploads\/2019\/07\/cola%C3%A7%C3%A3o-CG-11.jpg\" alt=\"\" data-id=\"50077\" data-link=\"https:\/\/www.interno.uepb.edu.br\/colacao-cg-11-3\/\" class=\"wp-image-50077 img-responsive img-responsive\" srcset=\"https:\/\/www.interno.uepb.edu.br\/wp-content\/uploads\/2019\/07\/cola\u00e7\u00e3o-CG-11.jpg 960w, https:\/\/www.interno.uepb.edu.br\/wp-content\/uploads\/2019\/07\/cola\u00e7\u00e3o-CG-11-300x212.jpg 300w, https:\/\/www.interno.uepb.edu.br\/wp-content\/uploads\/2019\/07\/cola\u00e7\u00e3o-CG-11-768x542.jpg 768w, https:\/\/www.interno.uepb.edu.br\/wp-content\/uploads\/2019\/07\/cola\u00e7\u00e3o-CG-11-370x261.jpg 370w, https:\/\/www.interno.uepb.edu.br\/wp-content\/uploads\/2019\/07\/cola\u00e7\u00e3o-CG-11-840x592.jpg 840w\" sizes=\"auto, (max-width: 960px) 100vw, 960px\" \/><\/figure>\n<\/li>\n<li class=\"blocks-gallery-item\">\n<figure><img decoding=\"async\" loading=\"lazy\" width=\"960\" height=\"637\" src=\"https:\/\/www.interno.uepb.edu.br\/wp-content\/uploads\/2019\/07\/cola%C3%A7%C3%A3o-CG-09.jpg\" alt=\"\" data-id=\"50075\" data-link=\"https:\/\/www.interno.uepb.edu.br\/colacao-cg-09\/\" class=\"wp-image-50075 img-responsive img-responsive\" srcset=\"https:\/\/www.interno.uepb.edu.br\/wp-content\/uploads\/2019\/07\/cola\u00e7\u00e3o-CG-09.jpg 960w, https:\/\/www.interno.uepb.edu.br\/wp-content\/uploads\/2019\/07\/cola\u00e7\u00e3o-CG-09-300x199.jpg 300w, https:\/\/www.interno.uepb.edu.br\/wp-content\/uploads\/2019\/07\/cola\u00e7\u00e3o-CG-09-768x510.jpg 768w, https:\/\/www.interno.uepb.edu.br\/wp-content\/uploads\/2019\/07\/cola\u00e7\u00e3o-CG-09-370x246.jpg 370w, https:\/\/www.interno.uepb.edu.br\/wp-content\/uploads\/2019\/07\/cola\u00e7\u00e3o-CG-09-840x557.jpg 840w\" sizes=\"auto, (max-width: 960px) 100vw, 960px\" \/><\/figure>\n<\/li>\n<li class=\"blocks-gallery-item\">\n<figure><img decoding=\"async\" loading=\"lazy\" width=\"960\" height=\"637\" src=\"https:\/\/www.interno.uepb.edu.br\/wp-content\/uploads\/2019\/07\/cola%C3%A7%C3%A3o-CG-10.jpg\" alt=\"\" data-id=\"50076\" data-link=\"https:\/\/www.interno.uepb.edu.br\/colacao-cg-10-4\/\" class=\"wp-image-50076 img-responsive img-responsive\" srcset=\"https:\/\/www.interno.uepb.edu.br\/wp-content\/uploads\/2019\/07\/cola\u00e7\u00e3o-CG-10.jpg 960w, https:\/\/www.interno.uepb.edu.br\/wp-content\/uploads\/2019\/07\/cola\u00e7\u00e3o-CG-10-300x199.jpg 300w, https:\/\/www.interno.uepb.edu.br\/wp-content\/uploads\/2019\/07\/cola\u00e7\u00e3o-CG-10-768x510.jpg 768w, https:\/\/www.interno.uepb.edu.br\/wp-content\/uploads\/2019\/07\/cola\u00e7\u00e3o-CG-10-370x246.jpg 370w, https:\/\/www.interno.uepb.edu.br\/wp-content\/uploads\/2019\/07\/cola\u00e7\u00e3o-CG-10-840x557.jpg 840w\" sizes=\"auto, (max-width: 960px) 100vw, 960px\" \/><\/figure>\n<\/li>\n<li class=\"blocks-gallery-item\">\n<figure><img decoding=\"async\" loading=\"lazy\" width=\"840\" height=\"454\" src=\"https:\/\/www.interno.uepb.edu.br\/wp-content\/uploads\/2019\/07\/cola%C3%A7%C3%A3o-CG-13.jpg\" alt=\"\" data-id=\"50081\" data-link=\"https:\/\/www.interno.uepb.edu.br\/colacao-cg-13-3\/\" class=\"wp-image-50081 img-responsive img-responsive\" srcset=\"https:\/\/www.interno.uepb.edu.br\/wp-content\/uploads\/2019\/07\/cola\u00e7\u00e3o-CG-13.jpg 840w, https:\/\/www.interno.uepb.edu.br\/wp-content\/uploads\/2019\/07\/cola\u00e7\u00e3o-CG-13-300x162.jpg 300w, https:\/\/www.interno.uepb.edu.br\/wp-content\/uploads\/2019\/07\/cola\u00e7\u00e3o-CG-13-768x415.jpg 768w, https:\/\/www.interno.uepb.edu.br\/wp-content\/uploads\/2019\/07\/cola\u00e7\u00e3o-CG-13-370x200.jpg 370w\" sizes=\"auto, (max-width: 840px) 100vw, 840px\" \/><\/figure>\n<\/li>\n<\/ul>\n<p>Ao final da solenidade foi feita a confer\u00eancia de grau acad\u00eamico aos concluintes. A formanda Anna Vit\u00f3ria Gerra Nunes, do curso de Educa\u00e7\u00e3o F\u00edsica, recebeu o grau conferido pela professora Alessandra Teixeira, representando os colegas do Centro de Ci\u00eancias Biol\u00f3gicas e da Sa\u00fade. A concluinte Diana Maria de Lima Pereira, do curso de Matem\u00e1tica, recebeu o grau em nome dos formandos do Centro de Ci\u00eancia e Tecnologia, conferido pela professora Maria Isabelle Dias.<\/p>\n<p>Os concluintes do Centro de Educa\u00e7\u00e3o foram representados pelo formando Alexandre Naildo da Silva, do curso de Geografia, que recebeu o grau conferido pelo professor Francisco de Assis Batista. Os concluintes do Centro de Ci\u00eancias Jur\u00eddicas foram representados pelo formando Anderson Valdir da Silva Santos, que recebeu o grau acad\u00eamico conferido pelo professor Laplace Guedes.<\/p>\n<ul class=\"wp-block-gallery columns-2 is-cropped\">\n<li class=\"blocks-gallery-item\">\n<figure><img decoding=\"async\" loading=\"lazy\" width=\"960\" height=\"582\" src=\"https:\/\/www.interno.uepb.edu.br\/wp-content\/uploads\/2019\/07\/cola%C3%A7%C3%A3o-CG-12.jpg\" alt=\"\" data-id=\"50078\" data-link=\"https:\/\/www.interno.uepb.edu.br\/colacao-cg-12-3\/\" class=\"wp-image-50078 img-responsive img-responsive\" srcset=\"https:\/\/www.interno.uepb.edu.br\/wp-content\/uploads\/2019\/07\/cola\u00e7\u00e3o-CG-12.jpg 960w, https:\/\/www.interno.uepb.edu.br\/wp-content\/uploads\/2019\/07\/cola\u00e7\u00e3o-CG-12-300x182.jpg 300w, https:\/\/www.interno.uepb.edu.br\/wp-content\/uploads\/2019\/07\/cola\u00e7\u00e3o-CG-12-768x466.jpg 768w, https:\/\/www.interno.uepb.edu.br\/wp-content\/uploads\/2019\/07\/cola\u00e7\u00e3o-CG-12-370x224.jpg 370w, https:\/\/www.interno.uepb.edu.br\/wp-content\/uploads\/2019\/07\/cola\u00e7\u00e3o-CG-12-840x509.jpg 840w\" sizes=\"auto, (max-width: 960px) 100vw, 960px\" \/><\/figure>\n<\/li>\n<li class=\"blocks-gallery-item\">\n<figure><img decoding=\"async\" loading=\"lazy\" width=\"960\" height=\"578\" src=\"https:\/\/www.interno.uepb.edu.br\/wp-content\/uploads\/2019\/07\/cola%C3%A7%C3%A3o-CG-14.jpg\" alt=\"\" data-id=\"50079\" data-link=\"https:\/\/www.interno.uepb.edu.br\/colacao-cg-14-3\/\" class=\"wp-image-50079 img-responsive img-responsive\" srcset=\"https:\/\/www.interno.uepb.edu.br\/wp-content\/uploads\/2019\/07\/cola\u00e7\u00e3o-CG-14.jpg 960w, https:\/\/www.interno.uepb.edu.br\/wp-content\/uploads\/2019\/07\/cola\u00e7\u00e3o-CG-14-300x181.jpg 300w, https:\/\/www.interno.uepb.edu.br\/wp-content\/uploads\/2019\/07\/cola\u00e7\u00e3o-CG-14-768x462.jpg 768w, https:\/\/www.interno.uepb.edu.br\/wp-content\/uploads\/2019\/07\/cola\u00e7\u00e3o-CG-14-370x223.jpg 370w, https:\/\/www.interno.uepb.edu.br\/wp-content\/uploads\/2019\/07\/cola\u00e7\u00e3o-CG-14-840x506.jpg 840w\" sizes=\"auto, (max-width: 960px) 100vw, 960px\" \/><\/figure>\n<\/li>\n<\/ul>\n<p>Em nome dos formandos do Centro de Ci\u00eancias Sociais Aplicadas, a concluinte Hakyanna Karla de Oliveira, do curso de Servi\u00e7o Social, recebeu o grau acad\u00eamico conferido pelo professor Geraldo Medeiros. J\u00e1 os formandos do curso de Agroecologia, do C\u00e2mpus de Lagoa Seca, foram representados pela concluinte Maria Bet\u00e2nia Francisca Santa Cruz, que recebeu o grau do professor e diretor do Centro de Ci\u00eancias Ambientais e Agr\u00e1rias, Jos\u00e9 F\u00e9lix de Brito Neto.<\/p>\n<p><em><strong>Texto:<\/strong> Severino Lopes<br \/><strong>Fotos:<\/strong> Paizinha Lemos<\/em><\/p>\n","protected":false},"excerpt":{"rendered":"<p>Em uma noite para ficar na posteridade e eternizada no tempo, nas mentes e nos cora\u00e7\u00f5es de centenas de formandos que realizaram o sonho de conquistar um diploma de curso superior, 750 formandos de 30 cursos de Gradua\u00e7\u00e3o dos c\u00e2mpus de Campina Grande e Lagoa Seca da Universidade Estadual da Para\u00edba (UEPB) colaram grau acad\u00eamico <a class=\"leiamais\" href=\"https:\/\/www.interno.uepb.edu.br\/concluintes-dos-campus-i-e-ii-colam-grau-e-fecham-ciclo-de-formaturas-do-periodo-2019-1-da-uepb\/\">Leia Mais&#8230;<\/a><\/p>\n","protected":false},"author":39,"featured_media":0,"comment_status":"closed","ping_status":"closed","sticky":false,"template":"","format":"standard","meta":{"jetpack_post_was_ever_published":false,"_jetpack_newsletter_access":"","_jetpack_dont_email_post_to_subs":false,"_jetpack_newsletter_tier_id":0,"_jetpack_memberships_contains_paywalled_content":false,"_jetpack_memberships_contains_paid_content":false,"footnotes":"","jetpack_publicize_message":"","jetpack_publicize_feature_enabled":true,"jetpack_social_post_already_shared":true,"jetpack_social_options":{"image_generator_settings":{"template":"highway","default_image_id":0,"font":"","enabled":false},"version":2}},"categories":[16,18,10,11,26,28,4,33,35],"tags":[],"class_list":["post-1104","post","type-post","status-publish","format-standard","hentry","category-ccaa","category-ccbs","category-ccj","category-ccsa","category-cct","category-ceduc","category-noticias","category-noticias-alunos","category-prograd"],"jetpack_publicize_connections":[],"jetpack_featured_media_url":"","jetpack_sharing_enabled":true,"jetpack_shortlink":"https:\/\/wp.me\/p7WTDo-hO","_links":{"self":[{"href":"https:\/\/centros.uepb.edu.br\/ccj\/wp-json\/wp\/v2\/posts\/1104","targetHints":{"allow":["GET"]}}],"collection":[{"href":"https:\/\/centros.uepb.edu.br\/ccj\/wp-json\/wp\/v2\/posts"}],"about":[{"href":"https:\/\/centros.uepb.edu.br\/ccj\/wp-json\/wp\/v2\/types\/post"}],"author":[{"embeddable":true,"href":"https:\/\/centros.uepb.edu.br\/ccj\/wp-json\/wp\/v2\/users\/39"}],"replies":[{"embeddable":true,"href":"https:\/\/centros.uepb.edu.br\/ccj\/wp-json\/wp\/v2\/comments?post=1104"}],"version-history":[{"count":0,"href":"https:\/\/centros.uepb.edu.br\/ccj\/wp-json\/wp\/v2\/posts\/1104\/revisions"}],"wp:attachment":[{"href":"https:\/\/centros.uepb.edu.br\/ccj\/wp-json\/wp\/v2\/media?parent=1104"}],"wp:term":[{"taxonomy":"category","embeddable":true,"href":"https:\/\/centros.uepb.edu.br\/ccj\/wp-json\/wp\/v2\/categories?post=1104"},{"taxonomy":"post_tag","embeddable":true,"href":"https:\/\/centros.uepb.edu.br\/ccj\/wp-json\/wp\/v2\/tags?post=1104"}],"curies":[{"name":"wp","href":"https:\/\/api.w.org\/{rel}","templated":true}]}}