{"id":1072,"date":"2020-10-05T12:54:42","date_gmt":"2020-10-05T15:54:42","guid":{"rendered":"https:\/\/www.interno.uepb.edu.br\/?p=57393"},"modified":"2020-10-05T12:54:42","modified_gmt":"2020-10-05T15:54:42","slug":"alunos-do-curso-de-direito-do-campus-i-desenvolvem-projeto-e-ampliam-atendimento-no-escritorio-modelo-2","status":"publish","type":"post","link":"https:\/\/centros.uepb.edu.br\/ccj\/alunos-do-curso-de-direito-do-campus-i-desenvolvem-projeto-e-ampliam-atendimento-no-escritorio-modelo-2\/","title":{"rendered":"Alunos do curso de Direito do C\u00e2mpus I desenvolvem projeto e ampliam atendimento no Escrit\u00f3rio Modelo"},"content":{"rendered":"<p>Em face da suspens\u00e3o das aulas presenciais e da impossibilidade de acompanhamento dos est\u00e1gios, os alunos do curso de Direito da Universidade Estadual da Para\u00edba (UEPB), C\u00e2mpus I, da disciplina Est\u00e1gio Supervisionado IV, ministrada pelo professor Ant\u00f4nio Silveira Neto, resolveram, por meio de acordo pedag\u00f3gico, desenvolver um projeto on-line para facilitar os atendimentos do Escrit\u00f3rio Modelo durante esse per\u00edodo de pandemia. A iniciativa reflete sobre os atendimentos nas \u00e1reas de Direito Penal e de Cidadania, com vistas a proporcionar o acesso aos cidad\u00e3os sobre os seus direitos na esfera criminal.<\/p>\n<p>De acordo com o professor Ant\u00f4nio Silveira, o principal objetivo do projeto \u00e9 descomplicar o Direito Penal. Para tanto, os alunos utilizam novos m\u00e9todos de comunica\u00e7\u00e3o, a exemplo da abordagem orientada para a inova\u00e7\u00e3o jur\u00eddica, conhecida como \u201cLaw by Design\u201d. Al\u00e9m disso, considerando as circunst\u00e2ncias atuais, as mudan\u00e7as e restri\u00e7\u00f5es ocasionadas pela pandemia, foi necess\u00e1rio optar por uma nova forma de constru\u00e7\u00e3o e avalia\u00e7\u00e3o das pr\u00e1ticas jur\u00eddicas, trazendo a oportunidade de estagiar levando o aprendizado para a sociedade e deixando um legado para as pr\u00f3ximas turmas.<\/p>\n<p>Para difundir o conhecimento, foi criado um site e uma conta no aplicativo Instagram para abordar assuntos como: flagrante, Direito das Mulheres, viola\u00e7\u00e3o de domic\u00edlio, racismo, audi\u00eancia de cust\u00f3dia, homofobia, al\u00e9m de outros temas de Direito Penal e Processual Penal. De acordo com os discentes participantes da iniciativa, o projeto vem contribuindo cada vez mais para o processo de forma\u00e7\u00e3o dos estudantes.<\/p>\n<p>\u201cVerificamos a necessidade de atender aos questionamentos sobre o Direito t\u00e3o comuns dentro da sociedade, buscando simplificar o que se torna complicado para entendimento comum, trazendo um alento para as pessoas que se veem envolvidas em quest\u00f5es jur\u00eddicas penais. Desta forma, estamos fazendo com que o projeto construa um legado para o Curso de Direito, para que as pr\u00f3ximas turmas mantenham o intuito de prestar aux\u00edlio \u00e0 sociedade\u201d, disse a aluna Gabriela Elias.<\/p>\n<p>J\u00e1 Ramyrez Ramonn, que tamb\u00e9m est\u00e1 inserido nessas atividades, afirmou que a cria\u00e7\u00e3o do site possibilitou um aprimoramento na \u00e1rea de Direito Penal por parte dos alunos, como tamb\u00e9m tornou-se mais acess\u00edvel ao p\u00fablico atendido pela iniciativa. \u201cEste projeto tem como objetivo simplificar conte\u00fados penais e alcan\u00e7ar o p\u00fablico de uma maneira geral, de forma que n\u00f3s, estudantes de Direito, possamos dar nossa contribui\u00e7\u00e3o ao democratizar esse tipo de conhecimento de substancial import\u00e2ncia para toda a coletividade\u201d, destacou.<\/p>\n<p>Para conhecer mais sobre esta iniciativa, acesse o site clicando <strong><a href=\"https:\/\/sites.google.com\/servidor.uepb.edu.br\/direitopenalecidadania\/\"  rel=\"noreferrer noopener\">AQUI<\/a><\/strong>, ou o perfil no Instagram clicando <strong><a href=\"https:\/\/www.instagram.com\/penalecidadania\/\"  rel=\"noreferrer noopener\">AQUI<\/a><\/strong>.<\/p>\n<p><em><strong>Texto:<\/strong> Givaldo Cavalcanti<\/em><\/p>\n","protected":false},"excerpt":{"rendered":"<p>Em face da suspens\u00e3o das aulas presenciais e da impossibilidade de acompanhamento dos est\u00e1gios, os alunos do curso de Direito da Universidade Estadual da Para\u00edba (UEPB), C\u00e2mpus I, da disciplina Est\u00e1gio Supervisionado IV, ministrada pelo professor Ant\u00f4nio Silveira Neto, resolveram, por meio de acordo pedag\u00f3gico, desenvolver um projeto on-line para facilitar os atendimentos do Escrit\u00f3rio <a class=\"leiamais\" href=\"https:\/\/www.interno.uepb.edu.br\/alunos-do-curso-de-direito-do-campus-i-desenvolvem-projeto-e-ampliam-atendimento-no-escritorio-modelo\/\">Leia Mais&#8230;<\/a><\/p>\n","protected":false},"author":39,"featured_media":0,"comment_status":"closed","ping_status":"closed","sticky":false,"template":"","format":"standard","meta":{"jetpack_post_was_ever_published":false,"_jetpack_newsletter_access":"","_jetpack_dont_email_post_to_subs":false,"_jetpack_newsletter_tier_id":0,"_jetpack_memberships_contains_paywalled_content":false,"_jetpack_memberships_contains_paid_content":false,"footnotes":"","jetpack_publicize_message":"","jetpack_publicize_feature_enabled":true,"jetpack_social_post_already_shared":true,"jetpack_social_options":{"image_generator_settings":{"template":"highway","default_image_id":0,"font":"","enabled":false},"version":2}},"categories":[10,4,33],"tags":[],"class_list":["post-1072","post","type-post","status-publish","format-standard","hentry","category-ccj","category-noticias","category-noticias-alunos"],"jetpack_publicize_connections":[],"jetpack_featured_media_url":"","jetpack_sharing_enabled":true,"jetpack_shortlink":"https:\/\/wp.me\/p7WTDo-hi","_links":{"self":[{"href":"https:\/\/centros.uepb.edu.br\/ccj\/wp-json\/wp\/v2\/posts\/1072","targetHints":{"allow":["GET"]}}],"collection":[{"href":"https:\/\/centros.uepb.edu.br\/ccj\/wp-json\/wp\/v2\/posts"}],"about":[{"href":"https:\/\/centros.uepb.edu.br\/ccj\/wp-json\/wp\/v2\/types\/post"}],"author":[{"embeddable":true,"href":"https:\/\/centros.uepb.edu.br\/ccj\/wp-json\/wp\/v2\/users\/39"}],"replies":[{"embeddable":true,"href":"https:\/\/centros.uepb.edu.br\/ccj\/wp-json\/wp\/v2\/comments?post=1072"}],"version-history":[{"count":0,"href":"https:\/\/centros.uepb.edu.br\/ccj\/wp-json\/wp\/v2\/posts\/1072\/revisions"}],"wp:attachment":[{"href":"https:\/\/centros.uepb.edu.br\/ccj\/wp-json\/wp\/v2\/media?parent=1072"}],"wp:term":[{"taxonomy":"category","embeddable":true,"href":"https:\/\/centros.uepb.edu.br\/ccj\/wp-json\/wp\/v2\/categories?post=1072"},{"taxonomy":"post_tag","embeddable":true,"href":"https:\/\/centros.uepb.edu.br\/ccj\/wp-json\/wp\/v2\/tags?post=1072"}],"curies":[{"name":"wp","href":"https:\/\/api.w.org\/{rel}","templated":true}]}}