{"id":1068,"date":"2020-11-24T15:23:49","date_gmt":"2020-11-24T18:23:49","guid":{"rendered":"https:\/\/www.interno.uepb.edu.br\/?p=57814"},"modified":"2020-11-24T15:23:49","modified_gmt":"2020-11-24T18:23:49","slug":"uepb-e-cejusc-promovem-webinario-justica-restaurativa-durante-15a-semana-nacional-da-conciliacao-2","status":"publish","type":"post","link":"https:\/\/centros.uepb.edu.br\/ccj\/uepb-e-cejusc-promovem-webinario-justica-restaurativa-durante-15a-semana-nacional-da-conciliacao-2\/","title":{"rendered":"UEPB e Cejusc promovem webin\u00e1rio \u201cJusti\u00e7a Restaurativa\u201d durante 15\u00aa Semana Nacional da Concilia\u00e7\u00e3o"},"content":{"rendered":"<figure class=\"wp-block-image size-large\"><img decoding=\"async\" loading=\"lazy\" width=\"1024\" height=\"717\" src=\"https:\/\/www.interno.uepb.edu.br\/wp-content\/uploads\/2020\/11\/Webinar-Justica-Restaurativa-1024x717.jpeg\" alt=\"\" class=\"wp-image-57813 img-responsive img-responsive\" srcset=\"https:\/\/www.interno.uepb.edu.br\/wp-content\/uploads\/2020\/11\/Webinar-Justica-Restaurativa-1024x717.jpeg 1024w, https:\/\/www.interno.uepb.edu.br\/wp-content\/uploads\/2020\/11\/Webinar-Justica-Restaurativa-300x210.jpeg 300w, https:\/\/www.interno.uepb.edu.br\/wp-content\/uploads\/2020\/11\/Webinar-Justica-Restaurativa-768x538.jpeg 768w, https:\/\/www.interno.uepb.edu.br\/wp-content\/uploads\/2020\/11\/Webinar-Justica-Restaurativa-370x259.jpeg 370w, https:\/\/www.interno.uepb.edu.br\/wp-content\/uploads\/2020\/11\/Webinar-Justica-Restaurativa-840x588.jpeg 840w, https:\/\/www.interno.uepb.edu.br\/wp-content\/uploads\/2020\/11\/Webinar-Justica-Restaurativa.jpeg 1280w\" sizes=\"auto, (max-width: 1024px) 100vw, 1024px\" \/><\/figure>\n<p>A Universidade Estadual da Para\u00edba (UEPB) e o N\u00facleo de Justi\u00e7a Restaurativa do Centro Judici\u00e1rio de Solu\u00e7\u00e3o de Conflitos e Cidadania (Cejusc) VII, de Campina Grande, promovem, no pr\u00f3ximo dia 1\u00ba de dezembro, \u00e0s 17h, o webin\u00e1rio \u201cJusti\u00e7a Restaurativa\u201d, durante a 15\u00aa Semana Nacional da Concilia\u00e7\u00e3o. A iniciativa faz parte da campanha realizada anualmente pelo Conselho Nacional de Justi\u00e7a (CNJ), com o prop\u00f3sito de estimular a pr\u00e1tica dos meios adequados de resolu\u00e7\u00e3o de conflitos.<\/p>\n<p>O slogan da campanha de 2020 \u00e9 \u201cO caminho mais curto para resolver problemas\u201d, e o objetivo do webin\u00e1rio \u00e9 realizar discuss\u00f5es acerca da justi\u00e7a restaurativa como meio adequado para solu\u00e7\u00f5es de conflitos e viol\u00eancia. A palestrante ser\u00e1 a professora da UEPB, Adriana Torres Alves de Jesus.<\/p>\n<p>As inscri\u00e7\u00f5es pode der feitas neste <strong><a href=\"https:\/\/docs.google.com\/forms\/d\/e\/1FAIpQLScdazLJY2zAq5xFup9dQdnFS1chZUatSUX4HJplrLZXHXmH0g\/viewform?gxids=7757\"  rel=\"noreferrer noopener\">LINK<\/a><\/strong>. Os inscritos receber\u00e3o o endere\u00e7o da plataforma Google Meet, onde se realizar\u00e1 o evento.<\/p>\n<p><em><strong>Texto:<\/strong> Juliana Rosas<\/em><\/p>\n","protected":false},"excerpt":{"rendered":"<p>A Universidade Estadual da Para\u00edba (UEPB) e o N\u00facleo de Justi\u00e7a Restaurativa do Centro Judici\u00e1rio de Solu\u00e7\u00e3o de Conflitos e Cidadania (Cejusc) VII, de Campina Grande, promovem, no pr\u00f3ximo dia 1\u00ba de dezembro, \u00e0s 17h, o webin\u00e1rio \u201cJusti\u00e7a Restaurativa\u201d, durante a 15\u00aa Semana Nacional da Concilia\u00e7\u00e3o. A iniciativa faz parte da campanha realizada anualmente pelo <a class=\"leiamais\" href=\"https:\/\/www.interno.uepb.edu.br\/uepb-e-cejusc-promovem-webinario-justica-restaurativa-durante-15a-semana-nacional-da-conciliacao\/\">Leia Mais&#8230;<\/a><\/p>\n","protected":false},"author":39,"featured_media":0,"comment_status":"closed","ping_status":"closed","sticky":false,"template":"","format":"standard","meta":{"jetpack_post_was_ever_published":false,"_jetpack_newsletter_access":"","_jetpack_dont_email_post_to_subs":false,"_jetpack_newsletter_tier_id":0,"_jetpack_memberships_contains_paywalled_content":false,"_jetpack_memberships_contains_paid_content":false,"footnotes":"","jetpack_publicize_message":"","jetpack_publicize_feature_enabled":true,"jetpack_social_post_already_shared":true,"jetpack_social_options":{"image_generator_settings":{"template":"highway","default_image_id":0,"font":"","enabled":false},"version":2}},"categories":[10,4,33],"tags":[],"class_list":["post-1068","post","type-post","status-publish","format-standard","hentry","category-ccj","category-noticias","category-noticias-alunos"],"jetpack_publicize_connections":[],"jetpack_featured_media_url":"","jetpack_sharing_enabled":true,"jetpack_shortlink":"https:\/\/wp.me\/p7WTDo-he","_links":{"self":[{"href":"https:\/\/centros.uepb.edu.br\/ccj\/wp-json\/wp\/v2\/posts\/1068","targetHints":{"allow":["GET"]}}],"collection":[{"href":"https:\/\/centros.uepb.edu.br\/ccj\/wp-json\/wp\/v2\/posts"}],"about":[{"href":"https:\/\/centros.uepb.edu.br\/ccj\/wp-json\/wp\/v2\/types\/post"}],"author":[{"embeddable":true,"href":"https:\/\/centros.uepb.edu.br\/ccj\/wp-json\/wp\/v2\/users\/39"}],"replies":[{"embeddable":true,"href":"https:\/\/centros.uepb.edu.br\/ccj\/wp-json\/wp\/v2\/comments?post=1068"}],"version-history":[{"count":0,"href":"https:\/\/centros.uepb.edu.br\/ccj\/wp-json\/wp\/v2\/posts\/1068\/revisions"}],"wp:attachment":[{"href":"https:\/\/centros.uepb.edu.br\/ccj\/wp-json\/wp\/v2\/media?parent=1068"}],"wp:term":[{"taxonomy":"category","embeddable":true,"href":"https:\/\/centros.uepb.edu.br\/ccj\/wp-json\/wp\/v2\/categories?post=1068"},{"taxonomy":"post_tag","embeddable":true,"href":"https:\/\/centros.uepb.edu.br\/ccj\/wp-json\/wp\/v2\/tags?post=1068"}],"curies":[{"name":"wp","href":"https:\/\/api.w.org\/{rel}","templated":true}]}}