{"id":998,"date":"2018-04-16T21:04:11","date_gmt":"2018-04-16T21:04:11","guid":{"rendered":"https:\/\/centros.uepb.edu.br\/ccea\/?p=998"},"modified":"2018-04-16T21:04:36","modified_gmt":"2018-04-16T21:04:36","slug":"campus-vii-da-universidade-estadual-sedia-seminario-de-karate-com-a-atleta-e-campea-mundial-valeria-kumizaki","status":"publish","type":"post","link":"https:\/\/centros.uepb.edu.br\/ccea\/2018\/04\/16\/campus-vii-da-universidade-estadual-sedia-seminario-de-karate-com-a-atleta-e-campea-mundial-valeria-kumizaki\/","title":{"rendered":"C\u00e2mpus VII da Universidade Estadual sedia Semin\u00e1rio de Karat\u00ea com a atleta e campe\u00e3 mundial Val\u00e9ria Kumizaki"},"content":{"rendered":"<p>A Universidade Estadual da Para\u00edba (UEPB), atrav\u00e9s do Centro de Ci\u00eancias Exatas e Sociais Aplicadas (CCEA), em parceria com a Associa\u00e7\u00e3o de Karat\u00ea Kiai (ASKAKI), e apoio das Confedera\u00e7\u00f5es Brasileira e Paraibana de karat\u00ea, realizou no \u00faltimo domingo (15), o Semin\u00e1rio de Karat\u00ea com a atleta Val\u00e9ria Kumizaki, primeira do Ranking Brasileiro de Karat\u00ea. O evento aconteceu nos turnos manh\u00e3 e tarde, no Audit\u00f3rio Celso Furtado, no C\u00e2mpus VII da Institui\u00e7\u00e3o, em Patos.<\/p>\n<p>Karatecas praticantes de diferentes estilos da arte marcial do Estado da Para\u00edba participaram do evento, que teve como objetivo fomentar o exerc\u00edcio e os estudos acerca deste estilo de luta nip\u00f4nica. Um dia de treinamento intensivo com ensinamentos pr\u00e1ticos e te\u00f3ricos acerca do Shiai Kumit\u00ea.<\/p>\n<p>A programa\u00e7\u00e3o teve in\u00edcio com a solenidade de abertura do semin\u00e1rio, conduzida pelo Sensei Odilon Avelino e pelo professor de educa\u00e7\u00e3o f\u00edsica e \u00e1rbitro da Confedera\u00e7\u00e3o Brasileira de Karat\u00ea, Jurandir Ol\u00edmpio Alves, coordenadores do evento. Tamb\u00e9m estiveram presentes na solenidade o representante da Federa\u00e7\u00e3o Paraibana de Karat\u00ea, Jos\u00e9 Targino Filho; e o representante das Associa\u00e7\u00f5es de Karat\u00ea do Estado, Ant\u00f4nio Guedes.<\/p>\n<p>O Sensei Odilon Avelino, em nome da Universidade Estadual da Para\u00edba, deu as boas vindas aos atletas e falou sobre o seu contentamento em poder vislumbrar a realiza\u00e7\u00e3o de um sonho, n\u00e3o e t\u00e3o somente pessoal, mas o sonho de toda uma equipe, empenhada no fortalecimento e consolida\u00e7\u00e3o do Karat\u00ea no Estado.<\/p>\n<p>\u201cVoc\u00eas n\u00e3o tem a no\u00e7\u00e3o da satisfa\u00e7\u00e3o que \u00e9, depois de 10 anos, conseguir trazer para ministrar um semin\u00e1rio, uma pessoa do n\u00edvel de Val\u00e9ria, n\u00e3o \u00e9 todo dia que a gente tem uma campe\u00e3 mundial na nossa cidade, junto com a gente, compartilhando as suas experi\u00eancias profissionais. \u00c9 um momento \u00fanico e eu s\u00f3 tenho a agradecer. Eu estou muito feliz pela presen\u00e7a de todos. Sem voc\u00eas aqui isso n\u00e3o teria como acontece, eu sou muito grato a todos\u201d.<\/p>\n<p>Odilon falou ainda sobre a import\u00e2ncia do apoio recebido da Universidade Estadual para a realiza\u00e7\u00e3o do evento. \u201cA universidade Estadual foi primordial nesse processo, sem o apoio da Institui\u00e7\u00e3o a gente n\u00e3o conseguiria. N\u00f3s ainda precisamos mudar muito a mentalidade da sociedade sobre o esporte, de empresas que possam apoiar esses eventos, porque \u00e9 muito dif\u00edcil conseguir investimento, e a universidade tem apoiado prontamente os nossos projetos e esse apoio \u00e9 imprescind\u00edvel\u201d.<\/p>\n<p>Jurandir saudou os presentes e agradeceu a todos pelo empenho e dedica\u00e7\u00e3o. O professor ressaltou a import\u00e2ncia da parceria da UEPB para a concretiza\u00e7\u00e3o do evento e no estimulo ao aprimoramento do conhecimento e integra\u00e7\u00e3o social atrav\u00e9s do trabalho desenvolvido no projeto extensionista \u201cUtiliza\u00e7\u00e3o do Karat\u00ea como Instrumento de Inclus\u00e3o Social\u201d, coordenado pelo professor Odilon Avelino.<\/p>\n<p>O professor de educa\u00e7\u00e3o f\u00edsica e \u00e1rbitro da CBK falou ainda sobre a satisfa\u00e7\u00e3o de ter a atleta de renome mundial, Val\u00e9ria Kumizaki, ministrando um curso na cidade de Patos, interior da Para\u00edba, para os Karatecas de todo o Estado. \u201cVal\u00e9ria, \u00e9 uma atleta \u00edcone do karat\u00ea e est\u00e1 no topo mundial, uma atleta muito conceituada e respeitada, traz\u00ea-la para o sert\u00e3o da Para\u00edba \u00e9 a realiza\u00e7\u00e3o de um sonho, um prazer imenso t\u00ea-la aqui conosco, n\u00f3s s\u00f3 temos a agradecer\u201d.<\/p>\n<p>O professor Jos\u00e9 Targino, representante do Karat\u00ea na Para\u00edba, parabenizou a organiza\u00e7\u00e3o do evento pelo trabalho que vem sendo realizado na cidade Patos e fez uma breve considera\u00e7\u00e3o sobre a relev\u00e2ncia da participa\u00e7\u00e3o de Val\u00e9ria e da realiza\u00e7\u00e3o do curso no sert\u00e3o do Estado.<\/p>\n<p>\u201cA realiza\u00e7\u00e3o deste semin\u00e1rio \u00e9 de grande import\u00e2ncia para todos os Karatecas da Para\u00edba, visto que Val\u00e9ria \u00e9 uma das atletas mais conceituadas do pa\u00eds, estando hoje entre as melhores do mundo. \u00c9 a primeira vez que ela vem ao Estado e t\u00ea-la conosco neste evento, compartilhando com os nossos atletas a sua experi\u00eancia e um pouco da viv\u00eancia do que est\u00e1 acontecendo nas competi\u00e7\u00f5es e eventos pelo mundo, al\u00e9m das \u00faltimas tend\u00eancias na modalidade marcial, s\u00f3 engrandece o nosso Karat\u00ea. \u00c9 uma satisfa\u00e7\u00e3o enorme pra todos que fazem o karat\u00ea paraibano e, principalmente, para os Karatecas de Patos\u201d, destacou Targino.<\/p>\n<p>A atleta Val\u00e9ria Kumizaki agradeceu a Institui\u00e7\u00e3o e aos organizadores do evento por ter proporcionado a realiza\u00e7\u00e3o do curso. \u201cEu gostaria de agradecer a Universidade e aos organizadores do evento, Odilon e Jurandir, pelo convite para ministrar esse curso no sert\u00e3o da Para\u00edba, eu estou muito feliz em estar aqui passando um pouquinho do conhecimento, adquirido nesses meus dezoito anos de karat\u00ea, e espero que todos possam aproveitar os ensinamentos que ser\u00e3o compartilhados\u201d.<\/p>\n<p>Visando o refinamento das habilidades t\u00e9cnicas combativas, a atleta da Sele\u00e7\u00e3o Brasileira de Karat\u00ea, Kumikazi, ministrou o curso de Shiai-Kumite e retratou aspectos referentes ao karat\u00ea de alto rendimento. Em seu primeiro semin\u00e1rio na Para\u00edba, Val\u00e9ria abordou a metodologia do treinamento f\u00edsico especifico para a modalidade utilizada em competi\u00e7\u00f5es e a import\u00e2ncia da prepara\u00e7\u00e3o f\u00edsica para o sucesso.<\/p>\n<p>Com ensinamentos pr\u00e1ticos e te\u00f3ricos de Shiai-Kumite, onde \u00e9 poss\u00edvel apreciar a rapidez, capacidade de rea\u00e7\u00e3o\/ antecipa\u00e7\u00e3o e amplitude de movimentos dos Karatecas, a atleta promoveu um treino t\u00e9cnico pr\u00e1tico onde habilidades mentais e f\u00edsicas puderam ser ampliadas e apuradas. A Karateca brasileira, falou sobre a sua experi\u00eancia pessoal e sua trajet\u00f3ria esportiva no tatame, no plano competitivo nacional e internacional, e destacou os resultados alcan\u00e7ados nas competi\u00e7\u00f5es pelo mundo.<\/p>\n<p>\u201cEu sou do interior de s\u00e3o Paulo e cresci em um lugar em que n\u00e3o se tinha oportunidade nem incentivo. Eu comecei o Karat\u00ea com 16 anos de idade, teoricamente velha, mas acredito que se a gente treinar forte e acreditar nos nossos sonhos a gente pode chegar onde quiser. \u00c9 preciso acreditar no sonho e trabalhar duro, em dezoito anos de trabalho consegui ser doze vezes Campe\u00e3 Brasileira, Campe\u00e3 PanAmericana e SulAmericana, Campe\u00e3 Mundial Juniores, Vice-Campe\u00e3 Mundial Adulto, Campe\u00e3 do World Games, ent\u00e3o, eu acredito que a gente pode ser tudo quiser\u201d, declarou Kumizaki.<\/p>\n<p>A atleta e Terceira Sargento do Ex\u00e9rcito Brasileiro est\u00e1 entre as tr\u00eas melhores do mundo e se prepara para disputar as olimp\u00edadas de 2020 e representar o Brasil em T\u00f3quio. Val\u00e9ria falou sobre o apoio recebido do Comit\u00ea Ol\u00edmpico e da Confedera\u00e7\u00e3o Brasileira de Karat\u00ea. \u201cO comit\u00ea Ol\u00edmpico e a CBK est\u00e1 dando todo suporte financeiro para classifica\u00e7\u00e3o ol\u00edmpica, para que possamos dar continuidade ao nosso trabalho fazendo o nome do karat\u00ea brasileiro pelo mundo\u201d.<\/p>\n<p>A organiza\u00e7\u00e3o do evento, por meio do Sensei Odilon Avelino, destacou a import\u00e2ncia das experi\u00eancias adquiridas atrav\u00e9s do trabalho desenvolvido no semin\u00e1rio, do ponto de vista t\u00e9cnico e de forma\u00e7\u00e3o integral, estimulando o aprimoramento do conhecimento e integra\u00e7\u00e3o social. Ao final do semin\u00e1rio todos os atletas foram certificados da participa\u00e7\u00e3o no curso.<\/p>\n<p>&nbsp;<\/p>\n<p>Texto: Tatiany Escari\u00e3o<\/p>\n","protected":false},"excerpt":{"rendered":"<p>A Universidade Estadual da Para\u00edba (UEPB), atrav\u00e9s do Centro de Ci\u00eancias Exatas e Sociais Aplicadas (CCEA), em parceria com a Associa\u00e7\u00e3o de Karat\u00ea Kiai (ASKAKI), e apoio das Confedera\u00e7\u00f5es Brasileira e Paraibana de karat\u00ea, realizou no \u00faltimo domingo (15), o Semin\u00e1rio de Karat\u00ea com a atleta Val\u00e9ria Kumizaki, primeira do Ranking Brasileiro de Karat\u00ea. O <a class=\"leiamais\" href=\"https:\/\/centros.uepb.edu.br\/ccea\/2018\/04\/16\/campus-vii-da-universidade-estadual-sedia-seminario-de-karate-com-a-atleta-e-campea-mundial-valeria-kumizaki\/\">Leia Mais&#8230;<\/a><\/p>\n","protected":false},"author":33,"featured_media":0,"comment_status":"closed","ping_status":"closed","sticky":false,"template":"","format":"standard","meta":{"jetpack_post_was_ever_published":false,"_jetpack_newsletter_access":"","_jetpack_dont_email_post_to_subs":false,"_jetpack_newsletter_tier_id":0,"_jetpack_memberships_contains_paywalled_content":false,"_jetpack_memberships_contains_paid_content":false,"footnotes":"","jetpack_publicize_message":"","jetpack_publicize_feature_enabled":true,"jetpack_social_post_already_shared":true,"jetpack_social_options":{"image_generator_settings":{"template":"highway","default_image_id":0,"font":"","enabled":false},"version":2}},"categories":[8,3],"tags":[],"class_list":["post-998","post","type-post","status-publish","format-standard","hentry","category-ccea","category-noticias"],"jetpack_publicize_connections":[],"jetpack_featured_media_url":"","jetpack_sharing_enabled":true,"jetpack_shortlink":"https:\/\/wp.me\/p7WTGX-g6","jetpack_likes_enabled":true,"jetpack-related-posts":[{"id":965,"url":"https:\/\/centros.uepb.edu.br\/ccea\/2018\/04\/06\/seminario-de-karate-com-valeria-kumizaki-sera-realizado-no-campus-vii-da-uepb-em-patos\/","url_meta":{"origin":998,"position":0},"title":"Semin\u00e1rio de Karat\u00ea com Val\u00e9ria Kumizaki ser\u00e1 realizado no C\u00e2mpus VII da UEPB em Patos","author":"tatiany","date":"6 de abril de 2018","format":false,"excerpt":"A Universidade Estadual da Para\u00edba (UEPB), atrav\u00e9s do Centro de Ci\u00eancias Exatas e Sociais Aplicadas (CCEA), em parceria com Associa\u00e7\u00e3o de Karat\u00ea Kiai, e apoio das Confedera\u00e7\u00f5es Brasileira e Paraibana de karat\u00ea, realiza no pr\u00f3ximo dia 15, o Semin\u00e1rio de Karat\u00ea com a atleta Val\u00e9ria Kumizaki, primeira do Ranking Brasileiro\u2026","rel":"","context":"Em &quot;CCEA&quot;","block_context":{"text":"CCEA","link":"https:\/\/centros.uepb.edu.br\/ccea\/category\/ccea\/"},"img":{"alt_text":"","src":"","width":0,"height":0},"classes":[]},{"id":552,"url":"https:\/\/centros.uepb.edu.br\/ccea\/2017\/09\/21\/campus-vii-da-universidade-estadual-da-paraiba-promovera-2a-copa-de-karate-askaki\/","url_meta":{"origin":998,"position":1},"title":"C\u00e2mpus VII da Universidade Estadual da Para\u00edba promover\u00e1 2\u00aa Copa de Karat\u00ea ASKAKI","author":"tatiana","date":"21 de setembro de 2017","format":false,"excerpt":"Com o intuito de promover a integra\u00e7\u00e3o entre institui\u00e7\u00f5es de ensino, clubes e associa\u00e7\u00f5es, al\u00e9m de fomentar o aprimoramento das habilidades t\u00e9cnicas combativas, a Associa\u00e7\u00e3o de Karate Kiai e a Universidade Estadual da Para\u00edba (UEPB) promovem, nos dias 30 de setembro e 1\u00ba de outubro, a 2\u00aa copa ASKAKI UEPB\u2026","rel":"","context":"Em &quot;CCEA&quot;","block_context":{"text":"CCEA","link":"https:\/\/centros.uepb.edu.br\/ccea\/category\/ccea\/"},"img":{"alt_text":"","src":"https:\/\/i0.wp.com\/www.uepb.edu.br\/wp-content\/uploads\/2017\/09\/COPA-ASKAKI-CARTAZ.jpg?resize=350%2C200","width":350,"height":200,"srcset":"https:\/\/i0.wp.com\/www.uepb.edu.br\/wp-content\/uploads\/2017\/09\/COPA-ASKAKI-CARTAZ.jpg?resize=350%2C200 1x, https:\/\/i0.wp.com\/www.uepb.edu.br\/wp-content\/uploads\/2017\/09\/COPA-ASKAKI-CARTAZ.jpg?resize=525%2C300 1.5x, https:\/\/i0.wp.com\/www.uepb.edu.br\/wp-content\/uploads\/2017\/09\/COPA-ASKAKI-CARTAZ.jpg?resize=700%2C400 2x"},"classes":[]},{"id":330,"url":"https:\/\/centros.uepb.edu.br\/ccea\/2016\/06\/22\/integrantes-de-projeto-de-extensao-do-campus-de-patos-conquistam-medalhas-em-campeonato-paraibano-de-karate\/","url_meta":{"origin":998,"position":2},"title":"Integrantes de projeto de extens\u00e3o do C\u00e2mpus de Patos conquistam medalhas em Campeonato Paraibano de Karat\u00ea","author":"arnaud","date":"22 de junho de 2016","format":false,"excerpt":"Oito integrantes do projeto de extens\u00e3o \u201cUtiliza\u00e7\u00e3o do Karat\u00ea como Instrumento de Inclus\u00e3o Social da Universidade Estadual da Para\u00edba\u201d, desenvolvido no C\u00e2mpus VII da Institui\u00e7\u00e3o, em Patos, conquistaram 10 medalhas no 34\u00ba Campeonato Paraibano de Karat\u00ea, realizado no \u00faltimo dia 19 de junho, na cidade de Patos. Eles competiram nas\u2026","rel":"","context":"Em &quot;CCEA&quot;","block_context":{"text":"CCEA","link":"https:\/\/centros.uepb.edu.br\/ccea\/category\/ccea\/"},"img":{"alt_text":"trofeu1","src":"https:\/\/i0.wp.com\/www.uepb.edu.br\/wp-content\/uploads\/2016\/06\/trofeu1.jpg?resize=350%2C200","width":350,"height":200,"srcset":"https:\/\/i0.wp.com\/www.uepb.edu.br\/wp-content\/uploads\/2016\/06\/trofeu1.jpg?resize=350%2C200 1x, https:\/\/i0.wp.com\/www.uepb.edu.br\/wp-content\/uploads\/2016\/06\/trofeu1.jpg?resize=525%2C300 1.5x, https:\/\/i0.wp.com\/www.uepb.edu.br\/wp-content\/uploads\/2016\/06\/trofeu1.jpg?resize=700%2C400 2x"},"classes":[]},{"id":505,"url":"https:\/\/centros.uepb.edu.br\/ccea\/2017\/09\/11\/campus-da-universidade-estadual-da-paraiba-em-patos-sedia-3o-gashuku-sertao-de-karate\/","url_meta":{"origin":998,"position":3},"title":"C\u00e2mpus da Universidade Estadual da Para\u00edba em Patos sedia 3\u00ba Gashuku Sert\u00e3o de Karat\u00ea","author":"tatiana","date":"11 de setembro de 2017","format":false,"excerpt":"Integrantes do projeto de extens\u00e3o \u201cUtiliza\u00e7\u00e3o do Karat\u00ea como Instrumento de Inclus\u00e3o Social\u201d da Universidade Estadual da Para\u00edba (UEPB), em Patos, em parceria com a Federa\u00e7\u00e3o Paraibana de Karat\u00ea e a Associa\u00e7\u00e3o de Karat\u00ea Kiai, realizaram no \u00faltimo fim de semana o 3\u00ba Gashuku Sert\u00e3o de Karat\u00ea. O evento foi\u2026","rel":"","context":"Em &quot;CCEA&quot;","block_context":{"text":"CCEA","link":"https:\/\/centros.uepb.edu.br\/ccea\/category\/ccea\/"},"img":{"alt_text":"","src":"","width":0,"height":0},"classes":[]},{"id":686,"url":"https:\/\/centros.uepb.edu.br\/ccea\/2017\/11\/08\/atletas-de-projeto-social-do-campus-vii-da-uepb-conquistam-medalhas-na-7a-edicao-da-copa-cad-de-karate\/","url_meta":{"origin":998,"position":4},"title":"Atletas de projeto social do C\u00e2mpus VII da UEPB conquistam medalhas na 7\u00aa edi\u00e7\u00e3o da Copa CAD de Karat\u00ea","author":"tatiana","date":"8 de novembro de 2017","format":false,"excerpt":"Integrantes do projeto de extens\u00e3o \u201cUtiliza\u00e7\u00e3o do Karat\u00ea como Instrumento de Inclus\u00e3o Social\u201d (UKIIS), do Centro de Ci\u00eancias Exatas e Sociais Aplicadas (CCEA) da Universidade Estadual da Para\u00edba (UEPB), em Patos, participaram da 7\u00aa edi\u00e7\u00e3o da Copa CAD de Karat\u00ea e conquistaram medalha de ouro no \u00faltimo final de semana,\u2026","rel":"","context":"Em &quot;CCEA&quot;","block_context":{"text":"CCEA","link":"https:\/\/centros.uepb.edu.br\/ccea\/category\/ccea\/"},"img":{"alt_text":"","src":"https:\/\/i0.wp.com\/www.uepb.edu.br\/wp-content\/uploads\/2017\/11\/Medalhas-CCEA.jpg?resize=350%2C200","width":350,"height":200,"srcset":"https:\/\/i0.wp.com\/www.uepb.edu.br\/wp-content\/uploads\/2017\/11\/Medalhas-CCEA.jpg?resize=350%2C200 1x, https:\/\/i0.wp.com\/www.uepb.edu.br\/wp-content\/uploads\/2017\/11\/Medalhas-CCEA.jpg?resize=525%2C300 1.5x, https:\/\/i0.wp.com\/www.uepb.edu.br\/wp-content\/uploads\/2017\/11\/Medalhas-CCEA.jpg?resize=700%2C400 2x"},"classes":[]},{"id":1162,"url":"https:\/\/centros.uepb.edu.br\/ccea\/2018\/09\/12\/centro-de-ciencias-exatas-e-sociais-aplicadas-da-universidade-estadual-sedia-3a-copa-askaki-de-karate\/","url_meta":{"origin":998,"position":5},"title":"Centro de Ci\u00eancias Exatas e Sociais Aplicadas da Universidade Estadual sedia 3\u00aa Copa ASKAKI de Karat\u00ea","author":"tatiana","date":"12 de setembro de 2018","format":false,"excerpt":"A Universidade Estadual da Para\u00edba (UEPB), atrav\u00e9s do Centro de Ci\u00eancias Exatas e Sociais Aplicadas (CCEA), da Pr\u00f3-Reitoria Estudantil (PROEST) e da Coordena\u00e7\u00e3o de Esporte e Lazer (COEL), em parceria com a Associa\u00e7\u00e3o de Karate Kiai (ASKAKI) e apoio da Confedera\u00e7\u00e3o Brasileira de Karat\u00ea e Federa\u00e7\u00e3o de Karat\u00ea da Para\u00edba,\u2026","rel":"","context":"Em &quot;CCEA&quot;","block_context":{"text":"CCEA","link":"https:\/\/centros.uepb.edu.br\/ccea\/category\/ccea\/"},"img":{"alt_text":"","src":"","width":0,"height":0},"classes":[]}],"_links":{"self":[{"href":"https:\/\/centros.uepb.edu.br\/ccea\/wp-json\/wp\/v2\/posts\/998","targetHints":{"allow":["GET"]}}],"collection":[{"href":"https:\/\/centros.uepb.edu.br\/ccea\/wp-json\/wp\/v2\/posts"}],"about":[{"href":"https:\/\/centros.uepb.edu.br\/ccea\/wp-json\/wp\/v2\/types\/post"}],"author":[{"embeddable":true,"href":"https:\/\/centros.uepb.edu.br\/ccea\/wp-json\/wp\/v2\/users\/33"}],"replies":[{"embeddable":true,"href":"https:\/\/centros.uepb.edu.br\/ccea\/wp-json\/wp\/v2\/comments?post=998"}],"version-history":[{"count":0,"href":"https:\/\/centros.uepb.edu.br\/ccea\/wp-json\/wp\/v2\/posts\/998\/revisions"}],"wp:attachment":[{"href":"https:\/\/centros.uepb.edu.br\/ccea\/wp-json\/wp\/v2\/media?parent=998"}],"wp:term":[{"taxonomy":"category","embeddable":true,"href":"https:\/\/centros.uepb.edu.br\/ccea\/wp-json\/wp\/v2\/categories?post=998"},{"taxonomy":"post_tag","embeddable":true,"href":"https:\/\/centros.uepb.edu.br\/ccea\/wp-json\/wp\/v2\/tags?post=998"}],"curies":[{"name":"wp","href":"https:\/\/api.w.org\/{rel}","templated":true}]}}