{"id":965,"date":"2018-04-06T12:20:17","date_gmt":"2018-04-06T12:20:17","guid":{"rendered":"https:\/\/centros.uepb.edu.br\/ccea\/?p=965"},"modified":"2018-04-06T12:50:19","modified_gmt":"2018-04-06T12:50:19","slug":"seminario-de-karate-com-valeria-kumizaki-sera-realizado-no-campus-vii-da-uepb-em-patos","status":"publish","type":"post","link":"https:\/\/centros.uepb.edu.br\/ccea\/2018\/04\/06\/seminario-de-karate-com-valeria-kumizaki-sera-realizado-no-campus-vii-da-uepb-em-patos\/","title":{"rendered":"Semin\u00e1rio de Karat\u00ea com Val\u00e9ria Kumizaki ser\u00e1 realizado no C\u00e2mpus VII da UEPB em Patos"},"content":{"rendered":"<p>A Universidade Estadual da Para\u00edba (UEPB), atrav\u00e9s do Centro de Ci\u00eancias Exatas e Sociais Aplicadas (CCEA), em parceria com Associa\u00e7\u00e3o de Karat\u00ea Kiai, e apoio das Confedera\u00e7\u00f5es Brasileira e Paraibana de karat\u00ea, realiza no pr\u00f3ximo dia 15, o Semin\u00e1rio de Karat\u00ea com a atleta Val\u00e9ria Kumizaki, primeira do Ranking Brasileiro de Karat\u00ea. O evento ser\u00e1 realizado nos turnos manh\u00e3 e tarde, d<span class=\"text_exposed_show\">as 8h \u00e0s 12h e das 14 \u00e0s 17h, no Audit\u00f3rio Celso Furtado, no C\u00e2mpus VII da Institui\u00e7\u00e3o, em Patos.<\/span><\/p>\n<div class=\"text_exposed_show\">\n<p>O semin\u00e1rio \u00e9 destinado ao aprimoramento t\u00e9cnico e tem como objetivo fomentar o exerc\u00edcio e os estudos cient\u00edficos acerca da modalidade esportiva visando o refinamento nas habilidades t\u00e9cnicas combativas e na forma\u00e7\u00e3o integral do ser humano. O evento \u00e9 organizado por Odilon Avelino, professor e coordenador do projeto extensionista \u201cUtiliza\u00e7\u00e3o do Karat\u00ea como Instrumento de Inclus\u00e3o Social\u201d, e Jurandir Ol\u00edmpio Alves, \u00e1rbitro da Confedera\u00e7\u00e3o Brasileira de Karat\u00ea.<\/p>\n<p>As inscri\u00e7\u00f5es para participar do semin\u00e1rio j\u00e1 est\u00e3o abertas e poder\u00e3o ser efetuadas at\u00e9 o\u00a0 dia 14 de abril. Os interessados devem entrar em contato com o professor Jurandi Ol\u00edmpio, atrav\u00e9s do telefone (83) 9 9928 2604 ou ainda atrav\u00e9s do e-mail jurandiraskaki@hotmail.com.<\/p>\n<\/div>\n<p><strong>Texto:<\/strong> Tatiany Escari\u00e3o<\/p>\n","protected":false},"excerpt":{"rendered":"<p>A Universidade Estadual da Para\u00edba (UEPB), atrav\u00e9s do Centro de Ci\u00eancias Exatas e Sociais Aplicadas (CCEA), em parceria com Associa\u00e7\u00e3o de Karat\u00ea Kiai, e apoio das Confedera\u00e7\u00f5es Brasileira e Paraibana de karat\u00ea, realiza no pr\u00f3ximo dia 15, o Semin\u00e1rio de Karat\u00ea com a atleta Val\u00e9ria Kumizaki, primeira do Ranking Brasileiro de Karat\u00ea. O evento ser\u00e1 <a class=\"leiamais\" href=\"https:\/\/centros.uepb.edu.br\/ccea\/2018\/04\/06\/seminario-de-karate-com-valeria-kumizaki-sera-realizado-no-campus-vii-da-uepb-em-patos\/\">Leia Mais&#8230;<\/a><\/p>\n","protected":false},"author":33,"featured_media":0,"comment_status":"closed","ping_status":"closed","sticky":false,"template":"","format":"standard","meta":{"jetpack_post_was_ever_published":false,"_jetpack_newsletter_access":"","_jetpack_dont_email_post_to_subs":false,"_jetpack_newsletter_tier_id":0,"_jetpack_memberships_contains_paywalled_content":false,"_jetpack_memberships_contains_paid_content":false,"footnotes":"","jetpack_publicize_message":"","jetpack_publicize_feature_enabled":true,"jetpack_social_post_already_shared":true,"jetpack_social_options":{"image_generator_settings":{"template":"highway","default_image_id":0,"font":"","enabled":false},"version":2}},"categories":[8,3],"tags":[],"class_list":["post-965","post","type-post","status-publish","format-standard","hentry","category-ccea","category-noticias"],"jetpack_publicize_connections":[],"jetpack_featured_media_url":"","jetpack_sharing_enabled":true,"jetpack_shortlink":"https:\/\/wp.me\/p7WTGX-fz","jetpack_likes_enabled":true,"jetpack-related-posts":[{"id":552,"url":"https:\/\/centros.uepb.edu.br\/ccea\/2017\/09\/21\/campus-vii-da-universidade-estadual-da-paraiba-promovera-2a-copa-de-karate-askaki\/","url_meta":{"origin":965,"position":0},"title":"C\u00e2mpus VII da Universidade Estadual da Para\u00edba promover\u00e1 2\u00aa Copa de Karat\u00ea ASKAKI","author":"tatiana","date":"21 de setembro de 2017","format":false,"excerpt":"Com o intuito de promover a integra\u00e7\u00e3o entre institui\u00e7\u00f5es de ensino, clubes e associa\u00e7\u00f5es, al\u00e9m de fomentar o aprimoramento das habilidades t\u00e9cnicas combativas, a Associa\u00e7\u00e3o de Karate Kiai e a Universidade Estadual da Para\u00edba (UEPB) promovem, nos dias 30 de setembro e 1\u00ba de outubro, a 2\u00aa copa ASKAKI UEPB\u2026","rel":"","context":"Em &quot;CCEA&quot;","block_context":{"text":"CCEA","link":"https:\/\/centros.uepb.edu.br\/ccea\/category\/ccea\/"},"img":{"alt_text":"","src":"https:\/\/i0.wp.com\/www.uepb.edu.br\/wp-content\/uploads\/2017\/09\/COPA-ASKAKI-CARTAZ.jpg?resize=350%2C200","width":350,"height":200,"srcset":"https:\/\/i0.wp.com\/www.uepb.edu.br\/wp-content\/uploads\/2017\/09\/COPA-ASKAKI-CARTAZ.jpg?resize=350%2C200 1x, https:\/\/i0.wp.com\/www.uepb.edu.br\/wp-content\/uploads\/2017\/09\/COPA-ASKAKI-CARTAZ.jpg?resize=525%2C300 1.5x, https:\/\/i0.wp.com\/www.uepb.edu.br\/wp-content\/uploads\/2017\/09\/COPA-ASKAKI-CARTAZ.jpg?resize=700%2C400 2x"},"classes":[]},{"id":998,"url":"https:\/\/centros.uepb.edu.br\/ccea\/2018\/04\/16\/campus-vii-da-universidade-estadual-sedia-seminario-de-karate-com-a-atleta-e-campea-mundial-valeria-kumizaki\/","url_meta":{"origin":965,"position":1},"title":"C\u00e2mpus VII da Universidade Estadual sedia Semin\u00e1rio de Karat\u00ea com a atleta e campe\u00e3 mundial Val\u00e9ria Kumizaki","author":"tatiany","date":"16 de abril de 2018","format":false,"excerpt":"A Universidade Estadual da Para\u00edba (UEPB), atrav\u00e9s do Centro de Ci\u00eancias Exatas e Sociais Aplicadas (CCEA), em parceria com a Associa\u00e7\u00e3o de Karat\u00ea Kiai (ASKAKI), e apoio das Confedera\u00e7\u00f5es Brasileira e Paraibana de karat\u00ea, realizou no \u00faltimo domingo (15), o Semin\u00e1rio de Karat\u00ea com a atleta Val\u00e9ria Kumizaki, primeira do\u2026","rel":"","context":"Em &quot;CCEA&quot;","block_context":{"text":"CCEA","link":"https:\/\/centros.uepb.edu.br\/ccea\/category\/ccea\/"},"img":{"alt_text":"","src":"","width":0,"height":0},"classes":[]},{"id":330,"url":"https:\/\/centros.uepb.edu.br\/ccea\/2016\/06\/22\/integrantes-de-projeto-de-extensao-do-campus-de-patos-conquistam-medalhas-em-campeonato-paraibano-de-karate\/","url_meta":{"origin":965,"position":2},"title":"Integrantes de projeto de extens\u00e3o do C\u00e2mpus de Patos conquistam medalhas em Campeonato Paraibano de Karat\u00ea","author":"arnaud","date":"22 de junho de 2016","format":false,"excerpt":"Oito integrantes do projeto de extens\u00e3o \u201cUtiliza\u00e7\u00e3o do Karat\u00ea como Instrumento de Inclus\u00e3o Social da Universidade Estadual da Para\u00edba\u201d, desenvolvido no C\u00e2mpus VII da Institui\u00e7\u00e3o, em Patos, conquistaram 10 medalhas no 34\u00ba Campeonato Paraibano de Karat\u00ea, realizado no \u00faltimo dia 19 de junho, na cidade de Patos. Eles competiram nas\u2026","rel":"","context":"Em &quot;CCEA&quot;","block_context":{"text":"CCEA","link":"https:\/\/centros.uepb.edu.br\/ccea\/category\/ccea\/"},"img":{"alt_text":"trofeu1","src":"https:\/\/i0.wp.com\/www.uepb.edu.br\/wp-content\/uploads\/2016\/06\/trofeu1.jpg?resize=350%2C200","width":350,"height":200,"srcset":"https:\/\/i0.wp.com\/www.uepb.edu.br\/wp-content\/uploads\/2016\/06\/trofeu1.jpg?resize=350%2C200 1x, https:\/\/i0.wp.com\/www.uepb.edu.br\/wp-content\/uploads\/2016\/06\/trofeu1.jpg?resize=525%2C300 1.5x, https:\/\/i0.wp.com\/www.uepb.edu.br\/wp-content\/uploads\/2016\/06\/trofeu1.jpg?resize=700%2C400 2x"},"classes":[]},{"id":686,"url":"https:\/\/centros.uepb.edu.br\/ccea\/2017\/11\/08\/atletas-de-projeto-social-do-campus-vii-da-uepb-conquistam-medalhas-na-7a-edicao-da-copa-cad-de-karate\/","url_meta":{"origin":965,"position":3},"title":"Atletas de projeto social do C\u00e2mpus VII da UEPB conquistam medalhas na 7\u00aa edi\u00e7\u00e3o da Copa CAD de Karat\u00ea","author":"tatiana","date":"8 de novembro de 2017","format":false,"excerpt":"Integrantes do projeto de extens\u00e3o \u201cUtiliza\u00e7\u00e3o do Karat\u00ea como Instrumento de Inclus\u00e3o Social\u201d (UKIIS), do Centro de Ci\u00eancias Exatas e Sociais Aplicadas (CCEA) da Universidade Estadual da Para\u00edba (UEPB), em Patos, participaram da 7\u00aa edi\u00e7\u00e3o da Copa CAD de Karat\u00ea e conquistaram medalha de ouro no \u00faltimo final de semana,\u2026","rel":"","context":"Em &quot;CCEA&quot;","block_context":{"text":"CCEA","link":"https:\/\/centros.uepb.edu.br\/ccea\/category\/ccea\/"},"img":{"alt_text":"","src":"https:\/\/i0.wp.com\/www.uepb.edu.br\/wp-content\/uploads\/2017\/11\/Medalhas-CCEA.jpg?resize=350%2C200","width":350,"height":200,"srcset":"https:\/\/i0.wp.com\/www.uepb.edu.br\/wp-content\/uploads\/2017\/11\/Medalhas-CCEA.jpg?resize=350%2C200 1x, https:\/\/i0.wp.com\/www.uepb.edu.br\/wp-content\/uploads\/2017\/11\/Medalhas-CCEA.jpg?resize=525%2C300 1.5x, https:\/\/i0.wp.com\/www.uepb.edu.br\/wp-content\/uploads\/2017\/11\/Medalhas-CCEA.jpg?resize=700%2C400 2x"},"classes":[]},{"id":1162,"url":"https:\/\/centros.uepb.edu.br\/ccea\/2018\/09\/12\/centro-de-ciencias-exatas-e-sociais-aplicadas-da-universidade-estadual-sedia-3a-copa-askaki-de-karate\/","url_meta":{"origin":965,"position":4},"title":"Centro de Ci\u00eancias Exatas e Sociais Aplicadas da Universidade Estadual sedia 3\u00aa Copa ASKAKI de Karat\u00ea","author":"tatiana","date":"12 de setembro de 2018","format":false,"excerpt":"A Universidade Estadual da Para\u00edba (UEPB), atrav\u00e9s do Centro de Ci\u00eancias Exatas e Sociais Aplicadas (CCEA), da Pr\u00f3-Reitoria Estudantil (PROEST) e da Coordena\u00e7\u00e3o de Esporte e Lazer (COEL), em parceria com a Associa\u00e7\u00e3o de Karate Kiai (ASKAKI) e apoio da Confedera\u00e7\u00e3o Brasileira de Karat\u00ea e Federa\u00e7\u00e3o de Karat\u00ea da Para\u00edba,\u2026","rel":"","context":"Em &quot;CCEA&quot;","block_context":{"text":"CCEA","link":"https:\/\/centros.uepb.edu.br\/ccea\/category\/ccea\/"},"img":{"alt_text":"","src":"","width":0,"height":0},"classes":[]},{"id":505,"url":"https:\/\/centros.uepb.edu.br\/ccea\/2017\/09\/11\/campus-da-universidade-estadual-da-paraiba-em-patos-sedia-3o-gashuku-sertao-de-karate\/","url_meta":{"origin":965,"position":5},"title":"C\u00e2mpus da Universidade Estadual da Para\u00edba em Patos sedia 3\u00ba Gashuku Sert\u00e3o de Karat\u00ea","author":"tatiana","date":"11 de setembro de 2017","format":false,"excerpt":"Integrantes do projeto de extens\u00e3o \u201cUtiliza\u00e7\u00e3o do Karat\u00ea como Instrumento de Inclus\u00e3o Social\u201d da Universidade Estadual da Para\u00edba (UEPB), em Patos, em parceria com a Federa\u00e7\u00e3o Paraibana de Karat\u00ea e a Associa\u00e7\u00e3o de Karat\u00ea Kiai, realizaram no \u00faltimo fim de semana o 3\u00ba Gashuku Sert\u00e3o de Karat\u00ea. O evento foi\u2026","rel":"","context":"Em &quot;CCEA&quot;","block_context":{"text":"CCEA","link":"https:\/\/centros.uepb.edu.br\/ccea\/category\/ccea\/"},"img":{"alt_text":"","src":"","width":0,"height":0},"classes":[]}],"_links":{"self":[{"href":"https:\/\/centros.uepb.edu.br\/ccea\/wp-json\/wp\/v2\/posts\/965","targetHints":{"allow":["GET"]}}],"collection":[{"href":"https:\/\/centros.uepb.edu.br\/ccea\/wp-json\/wp\/v2\/posts"}],"about":[{"href":"https:\/\/centros.uepb.edu.br\/ccea\/wp-json\/wp\/v2\/types\/post"}],"author":[{"embeddable":true,"href":"https:\/\/centros.uepb.edu.br\/ccea\/wp-json\/wp\/v2\/users\/33"}],"replies":[{"embeddable":true,"href":"https:\/\/centros.uepb.edu.br\/ccea\/wp-json\/wp\/v2\/comments?post=965"}],"version-history":[{"count":0,"href":"https:\/\/centros.uepb.edu.br\/ccea\/wp-json\/wp\/v2\/posts\/965\/revisions"}],"wp:attachment":[{"href":"https:\/\/centros.uepb.edu.br\/ccea\/wp-json\/wp\/v2\/media?parent=965"}],"wp:term":[{"taxonomy":"category","embeddable":true,"href":"https:\/\/centros.uepb.edu.br\/ccea\/wp-json\/wp\/v2\/categories?post=965"},{"taxonomy":"post_tag","embeddable":true,"href":"https:\/\/centros.uepb.edu.br\/ccea\/wp-json\/wp\/v2\/tags?post=965"}],"curies":[{"name":"wp","href":"https:\/\/api.w.org\/{rel}","templated":true}]}}