{"id":960,"date":"2018-04-05T11:39:55","date_gmt":"2018-04-05T11:39:55","guid":{"rendered":"https:\/\/centros.uepb.edu.br\/ccea\/?p=960"},"modified":"2018-04-12T13:10:32","modified_gmt":"2018-04-12T13:10:32","slug":"emissao-do-2o-lote-de-carteiras-de-identificacao-estudantil-do-ano-de-2018-tem-inicio-no-proximo-dia-9","status":"publish","type":"post","link":"https:\/\/centros.uepb.edu.br\/ccea\/2018\/04\/05\/emissao-do-2o-lote-de-carteiras-de-identificacao-estudantil-do-ano-de-2018-tem-inicio-no-proximo-dia-9\/","title":{"rendered":"Emiss\u00e3o do segundo lote de Carteiras de Identifica\u00e7\u00e3o Estudantil 2018 tem in\u00edcio no dia 9 de abril"},"content":{"rendered":"<p>A dire\u00e7\u00e3o do Centro de Ci\u00eancias Exatas e Sociais Aplicadas (CCEA), C\u00e2mpus VII da Universidade Estadual da Para\u00edba (UEPB), informa a toda comunidade acad\u00eamica que a partir da pr\u00f3xima segunda-feira (9), estar\u00e1 dispon\u00edvel o servi\u00e7o para emiss\u00e3o da segunda remessa das Carteiras de Identifica\u00e7\u00e3o Estudantil do ano de 2018. O servi\u00e7o ser\u00e1 realizado de 9 a 13 de abril, das 7h30 \u00e0s 1<span class=\"text_exposed_show\">1h30 e das 18h00 \u00e0s 21h30, na sala onde funcionava a Empresa J\u00fanior, no C\u00e2mpus VII. A emiss\u00e3o da Carteira Estudantil custa 20 reais e \u00e9 realizada na hora.<\/span><\/p>\n<div class=\"text_exposed_show\">\n<p>A carteira Estudantil \u00e9 um documento de identifica\u00e7\u00e3o para os alunos e garante o direito da utiliza\u00e7\u00e3o dos benef\u00edcios descritos na Lei da Meia Entrada, sendo v\u00e1lido para obten\u00e7\u00e3o de desconto de 50% em ingressos para cinemas, teatros, espet\u00e1culos musicais, eventos educativos, entre outras op\u00e7\u00f5es. Vale ressaltar que as carteiras emitidas em 2017 tem validade somente at\u00e9 o m\u00eas de mar\u00e7o deste ano e os estudantes que queiram garantir os benef\u00edcios da meia entrada devem solicitar o novo documento.<\/p>\n<p>A dire\u00e7\u00e3o esclarece, a todos os estudantes do C\u00e2mpus VII, que o processo de emiss\u00e3o da Carteira de Identifica\u00e7\u00e3o Estudantil 2018 neste C\u00e2mpus, est\u00e1 sendo realizado por representantes do Diret\u00f3rio Central dos Estudantes \u2013 DCE \u2013 CNPJ: 08.015.701\/0001-06, das Faculdades Integradas de Patos \u2013 FIP\/FADIP, CREDENCIADO pela Superintend\u00eancia do Programa de Prote\u00e7\u00e3o e Defesa do Consumidor \u2013 PROCON-PB, conforme as prescri\u00e7\u00f5es do Decreto N\u00ba. 37.210, de 17 de janeiro de 2017, do Governo do Estado da Para\u00edba, a Notifica\u00e7\u00e3o das Entidades Credenciadas para Concess\u00e3o\/Emiss\u00e3o de Carteiras de Identifica\u00e7\u00e3o Estudantil (CIE) 2018 da Chefia de Fiscaliza\u00e7\u00e3o e Autua\u00e7\u00f5es do PROCON-Patos-PB e o Of\u00edcio N\u00ba. 00007\/2018 da Presid\u00eancia do Diret\u00f3rio Central dos Estudantes das Faculdades Integradas de Patos \u2013 FIP\/FADIP.<\/p>\n<p>Outras informa\u00e7\u00f5es sobre a emiss\u00e3o da Carteira Estudantil podem ser obtidas atrav\u00e9s do telefone (83) 9 9890-4574.<\/p>\n<p>Texto : Tatiany Escari\u00e3o<\/p>\n<\/div>\n","protected":false},"excerpt":{"rendered":"<p>A dire\u00e7\u00e3o do Centro de Ci\u00eancias Exatas e Sociais Aplicadas (CCEA), C\u00e2mpus VII da Universidade Estadual da Para\u00edba (UEPB), informa a toda comunidade acad\u00eamica que a partir da pr\u00f3xima segunda-feira (9), estar\u00e1 dispon\u00edvel o servi\u00e7o para emiss\u00e3o da segunda remessa das Carteiras de Identifica\u00e7\u00e3o Estudantil do ano de 2018. O servi\u00e7o ser\u00e1 realizado de 9 <a class=\"leiamais\" href=\"https:\/\/centros.uepb.edu.br\/ccea\/2018\/04\/05\/emissao-do-2o-lote-de-carteiras-de-identificacao-estudantil-do-ano-de-2018-tem-inicio-no-proximo-dia-9\/\">Leia Mais&#8230;<\/a><\/p>\n","protected":false},"author":33,"featured_media":0,"comment_status":"closed","ping_status":"closed","sticky":false,"template":"","format":"standard","meta":{"jetpack_post_was_ever_published":false,"_jetpack_newsletter_access":"","_jetpack_dont_email_post_to_subs":false,"_jetpack_newsletter_tier_id":0,"_jetpack_memberships_contains_paywalled_content":false,"_jetpack_memberships_contains_paid_content":false,"footnotes":"","jetpack_publicize_message":"","jetpack_publicize_feature_enabled":true,"jetpack_social_post_already_shared":true,"jetpack_social_options":{"image_generator_settings":{"template":"highway","default_image_id":0,"font":"","enabled":false},"version":2}},"categories":[8,3],"tags":[],"class_list":["post-960","post","type-post","status-publish","format-standard","hentry","category-ccea","category-noticias"],"jetpack_publicize_connections":[],"jetpack_featured_media_url":"","jetpack_sharing_enabled":true,"jetpack_shortlink":"https:\/\/wp.me\/p7WTGX-fu","jetpack_likes_enabled":true,"jetpack-related-posts":[{"id":902,"url":"https:\/\/centros.uepb.edu.br\/ccea\/2018\/03\/15\/campus-vii-da-uepb-inicia-processo-de-emissao-das-carteiras-de-identificacao-estudantil-do-ano-de-2018\/","url_meta":{"origin":960,"position":0},"title":"C\u00e2mpus VII da UEPB inicia processo de emiss\u00e3o das Carteiras de Identifica\u00e7\u00e3o Estudantil do ano de 2018","author":"tatiany","date":"15 de mar\u00e7o de 2018","format":false,"excerpt":"A dire\u00e7\u00e3o do Centro de Ci\u00eancias Exatas e Sociais Aplicadas (CCEA), C\u00e2mpus VII da Universidade Estadual da Para\u00edba (UEPB), informa a toda comunidade acad\u00eamica que a partir da pr\u00f3xima segunda-feira (19), estar\u00e1 dispon\u00edvel o servi\u00e7o para emiss\u00e3o das Carteiras de Identifica\u00e7\u00e3o Estudantil do ano de 2018. O servi\u00e7o ser\u00e1 realizado\u2026","rel":"","context":"Em &quot;CCEA&quot;","block_context":{"text":"CCEA","link":"https:\/\/centros.uepb.edu.br\/ccea\/category\/ccea\/"},"img":{"alt_text":"","src":"","width":0,"height":0},"classes":[]},{"id":1361,"url":"https:\/\/centros.uepb.edu.br\/ccea\/2020\/03\/24\/setor-de-pesquisa-extensao-e-assistencia-estudantil-do-campus-vii-informa-sobre-atendimento-remoto\/","url_meta":{"origin":960,"position":1},"title":"Setor de Pesquisa, Extens\u00e3o e Assist\u00eancia Estudantil do C\u00e2mpus VII informa sobre atendimento remoto","author":"tatiana","date":"24 de mar\u00e7o de 2020","format":false,"excerpt":"O Setor de Pesquisa, Extens\u00e3o e Assist\u00eancia Estudantil do C\u00e2mpus VII da Universidade Estadual da Para\u00edba (UEPB), em Patos, informa \u00e0 comunidade acad\u00eamica e ao p\u00fablico em geral que est\u00e1 funcionando em sistema de home office, em virtude das medidas adotadas pela Administra\u00e7\u00e3o Central da Institui\u00e7\u00e3o para prevenir infec\u00e7\u00e3o pelo\u2026","rel":"","context":"Em &quot;CCEA&quot;","block_context":{"text":"CCEA","link":"https:\/\/centros.uepb.edu.br\/ccea\/category\/ccea\/"},"img":{"alt_text":"","src":"","width":0,"height":0},"classes":[]},{"id":1502,"url":"https:\/\/centros.uepb.edu.br\/ccea\/2020\/03\/24\/setor-de-pesquisa-extensao-e-assistencia-estudantil-do-campus-vii-informa-sobre-atendimento-remoto-2\/","url_meta":{"origin":960,"position":2},"title":"Setor de Pesquisa, Extens\u00e3o e Assist\u00eancia Estudantil do C\u00e2mpus VII informa sobre atendimento remoto","author":"tatiana","date":"24 de mar\u00e7o de 2020","format":false,"excerpt":"O Setor de Pesquisa, Extens\u00e3o e Assist\u00eancia Estudantil do C\u00e2mpus VII da Universidade Estadual da Para\u00edba (UEPB), em Patos, informa \u00e0 comunidade acad\u00eamica e ao p\u00fablico em geral que est\u00e1 funcionando em sistema de home office, em virtude das medidas adotadas pela Administra\u00e7\u00e3o Central da Institui\u00e7\u00e3o para prevenir infec\u00e7\u00e3o pelo\u2026","rel":"","context":"Em &quot;CCEA&quot;","block_context":{"text":"CCEA","link":"https:\/\/centros.uepb.edu.br\/ccea\/category\/ccea\/"},"img":{"alt_text":"","src":"","width":0,"height":0},"classes":[]},{"id":1055,"url":"https:\/\/centros.uepb.edu.br\/ccea\/2018\/05\/16\/pro-reitoria-estudantil-da-uepb-realiza-1o-seminario-de-saude-cultura-e-relacoes-sociais-no-campus-vii\/","url_meta":{"origin":960,"position":3},"title":"Pr\u00f3-Reitoria Estudantil da UEPB realiza 1\u00ba Semin\u00e1rio de Sa\u00fade, Cultura e Rela\u00e7\u00f5es Sociais no C\u00e2mpus VII","author":"tatiany","date":"16 de maio de 2018","format":false,"excerpt":"A Pr\u00f3-Reitoria Estudantil (PROEST) da Universidade Estadual da Para\u00edba (UEPB), com apoio das Faculdades Integradas de Patos (FIP), realizar\u00e1 na pr\u00f3xima segunda-feira (21), o 1\u00ba Semin\u00e1rio de Sa\u00fade, Cultura e Rela\u00e7\u00f5es Sociais. O evento acontecer\u00e1 \u00e0s 9h, no Audit\u00f3rio Celso Furtado, no Centro de Ci\u00eancias Exatas e sociais Aplicadas (CCEA),\u2026","rel":"","context":"Em &quot;CCEA&quot;","block_context":{"text":"CCEA","link":"https:\/\/centros.uepb.edu.br\/ccea\/category\/ccea\/"},"img":{"alt_text":"","src":"","width":0,"height":0},"classes":[]},{"id":702,"url":"https:\/\/centros.uepb.edu.br\/ccea\/2017\/11\/14\/servico-de-aconselhamento-psicologico-e-oferecido-a-comunidade-academica-do-campus-vii\/","url_meta":{"origin":960,"position":4},"title":"Servi\u00e7o de aconselhamento psicol\u00f3gico \u00e9 oferecido \u00e0 comunidade acad\u00eamica do C\u00e2mpus VII","author":"tatiana","date":"14 de novembro de 2017","format":false,"excerpt":"A Universidade Estadual da Para\u00edba (UEPB), atrav\u00e9s da Pr\u00f3-Reitoria Estudantil (PROEST), em parceria com as Faculdades Integradas de Patos (FIP), por meio do curso de Psicologia da Institui\u00e7\u00e3o, est\u00e1 oferecendo aos alunos, professores e funcion\u00e1rios do Centro de Ci\u00eancias Exatas e Sociais Aplicadas (CCEA), em Patos, uma rede local de\u2026","rel":"","context":"Em &quot;CCEA&quot;","block_context":{"text":"CCEA","link":"https:\/\/centros.uepb.edu.br\/ccea\/category\/ccea\/"},"img":{"alt_text":"","src":"","width":0,"height":0},"classes":[]},{"id":983,"url":"https:\/\/centros.uepb.edu.br\/ccea\/2018\/04\/10\/atividades-esportivas-promovidas-pela-coel-movimentam-campus-da-universidade-estadual-da-paraiba\/","url_meta":{"origin":960,"position":5},"title":"Atividades esportivas promovidas pela Coel movimentam c\u00e2mpus da Universidade Estadual da Para\u00edba","author":"tatiana","date":"10 de abril de 2018","format":false,"excerpt":"Dentro da proposta de descentralizar as atividades esportivas na Universidade Estadual da Para\u00edba (UEPB), a Pr\u00f3-Reitoria Estudantil (PROEST), atrav\u00e9s da Coordenadoria de Esportes e Lazer (COEL), est\u00e1 apoiando uma s\u00e9rie de atividades programadas para esse m\u00eas de abril em tr\u00eas c\u00e2mpus da Institui\u00e7\u00e3o. Inicialmente, a COEL incentivou a realiza\u00e7\u00e3o a\u2026","rel":"","context":"Em &quot;CCEA&quot;","block_context":{"text":"CCEA","link":"https:\/\/centros.uepb.edu.br\/ccea\/category\/ccea\/"},"img":{"alt_text":"","src":"","width":0,"height":0},"classes":[]}],"_links":{"self":[{"href":"https:\/\/centros.uepb.edu.br\/ccea\/wp-json\/wp\/v2\/posts\/960","targetHints":{"allow":["GET"]}}],"collection":[{"href":"https:\/\/centros.uepb.edu.br\/ccea\/wp-json\/wp\/v2\/posts"}],"about":[{"href":"https:\/\/centros.uepb.edu.br\/ccea\/wp-json\/wp\/v2\/types\/post"}],"author":[{"embeddable":true,"href":"https:\/\/centros.uepb.edu.br\/ccea\/wp-json\/wp\/v2\/users\/33"}],"replies":[{"embeddable":true,"href":"https:\/\/centros.uepb.edu.br\/ccea\/wp-json\/wp\/v2\/comments?post=960"}],"version-history":[{"count":0,"href":"https:\/\/centros.uepb.edu.br\/ccea\/wp-json\/wp\/v2\/posts\/960\/revisions"}],"wp:attachment":[{"href":"https:\/\/centros.uepb.edu.br\/ccea\/wp-json\/wp\/v2\/media?parent=960"}],"wp:term":[{"taxonomy":"category","embeddable":true,"href":"https:\/\/centros.uepb.edu.br\/ccea\/wp-json\/wp\/v2\/categories?post=960"},{"taxonomy":"post_tag","embeddable":true,"href":"https:\/\/centros.uepb.edu.br\/ccea\/wp-json\/wp\/v2\/tags?post=960"}],"curies":[{"name":"wp","href":"https:\/\/api.w.org\/{rel}","templated":true}]}}