{"id":96,"date":"2014-09-23T19:55:25","date_gmt":"2014-09-23T19:55:25","guid":{"rendered":"https:\/\/centros.uepb.edu.br\/ccea\/?p=96"},"modified":"2015-02-24T02:36:54","modified_gmt":"2015-02-24T02:36:54","slug":"campus-de-patos-promove-curso-sobre-elaboracao-de-redacao-cientifica-em-tempos-de-qualis","status":"publish","type":"post","link":"https:\/\/centros.uepb.edu.br\/ccea\/2014\/09\/23\/campus-de-patos-promove-curso-sobre-elaboracao-de-redacao-cientifica-em-tempos-de-qualis\/","title":{"rendered":"C\u00e2mpus de Patos promove curso sobre elabora\u00e7\u00e3o de Reda\u00e7\u00e3o Cient\u00edfica em tempos de Qualis"},"content":{"rendered":"<p>O Centro de Ci\u00eancia Exatas e Sociais Aplicadas (CCEA) da Universidade Estadual da Para\u00edba (UEPB), localizado no C\u00e2mpus de Patos, realiza nos dias 4 e 5 de setembro, o curso \u201cReda\u00e7\u00e3o Cient\u00edfica em tempos de Qualis\u201d, que ser\u00e1 ministrado pelo professor Cidoval Morais, em uma promo\u00e7\u00e3o da Editora da UEPB e dire\u00e7\u00e3o de Centro.<\/p>\n<p>A iniciativa tem como p\u00fablico alvo professores, estudantes de gradua\u00e7\u00e3o e p\u00f3s-gradua\u00e7\u00e3o, al\u00e9m de pesquisadores de diferentes \u00e1reas do conhecimento. As aulas ser\u00e3o realizadas das 14h \u00e0s 17h, no pr\u00f3prio C\u00e2mpus VII. No total est\u00e3o sendo ofertadas 50 vagas, sendo 20 vagas para os alunos matriculados nos cursos matutinos, 20 para alunos dos cursos noturnos e 10 para professores e funcion\u00e1rios. Os interessados podem fazer sua inscri\u00e7\u00e3o na Recep\u00e7\u00e3o do CCEA.<\/p>\n<p>\u201cReda\u00e7\u00e3o Cient\u00edfica em Tempos de Qualis\u201d tem como objetivo auxiliar pesquisadores e estudantes na elabora\u00e7\u00e3o de trabalhos cient\u00edficos de qualidade e de maior relev\u00e2ncia acad\u00eamica. A proposta \u00e9 oferecer subs\u00eddios relacionados \u00e0s diretrizes metodol\u00f3gicas, t\u00e9cnicas e l\u00f3gicas exigidas na elabora\u00e7\u00e3o das produ\u00e7\u00f5es cient\u00edficas.<\/p>\n","protected":false},"excerpt":{"rendered":"<p>O Centro de Ci\u00eancia Exatas e Sociais Aplicadas (CCEA) da Universidade Estadual da Para\u00edba (UEPB), localizado no C\u00e2mpus de Patos, realiza nos dias 4 e 5 de setembro, o curso \u201cReda\u00e7\u00e3o Cient\u00edfica em tempos de Qualis\u201d, que ser\u00e1 ministrado pelo professor Cidoval Morais, em uma promo\u00e7\u00e3o da Editora da UEPB e dire\u00e7\u00e3o de Centro. A <a class=\"leiamais\" href=\"https:\/\/centros.uepb.edu.br\/ccea\/2014\/09\/23\/campus-de-patos-promove-curso-sobre-elaboracao-de-redacao-cientifica-em-tempos-de-qualis\/\">Leia Mais&#8230;<\/a><\/p>\n","protected":false},"author":1,"featured_media":0,"comment_status":"open","ping_status":"open","sticky":false,"template":"","format":"standard","meta":{"jetpack_post_was_ever_published":false,"_jetpack_newsletter_access":"","_jetpack_dont_email_post_to_subs":false,"_jetpack_newsletter_tier_id":0,"_jetpack_memberships_contains_paywalled_content":false,"_jetpack_memberships_contains_paid_content":false,"footnotes":"","jetpack_publicize_message":"","jetpack_publicize_feature_enabled":true,"jetpack_social_post_already_shared":false,"jetpack_social_options":{"image_generator_settings":{"template":"highway","default_image_id":0,"font":"","enabled":false},"version":2}},"categories":[3],"tags":[],"class_list":["post-96","post","type-post","status-publish","format-standard","hentry","category-noticias"],"jetpack_publicize_connections":[],"jetpack_featured_media_url":"","jetpack_sharing_enabled":true,"jetpack_shortlink":"https:\/\/wp.me\/p7WTGX-1y","jetpack_likes_enabled":true,"jetpack-related-posts":[{"id":563,"url":"https:\/\/centros.uepb.edu.br\/ccea\/2017\/09\/26\/uepb-promove-curso-de-redacao-cientifica-no-centro-de-ciencias-exatas-e-sociais-aplicadas\/","url_meta":{"origin":96,"position":0},"title":"UEPB promove curso de Reda\u00e7\u00e3o Cient\u00edfica no Centro de Ci\u00eancias Exatas e Sociais Aplicadas","author":"tatiana","date":"26 de setembro de 2017","format":false,"excerpt":"A Universidade Estadual da Para\u00edba (UEPB), com apoio da Dire\u00e7\u00e3o do Centro de Ci\u00eancias Exatas e Sociais Aplicadas (CCEA), iniciou nesta segunda-feira (25), no C\u00e2mpus VII da Institui\u00e7\u00e3o, em Patos, o Curso \u201cReda\u00e7\u00e3o Cient\u00edfica em Tempos de Qualis\u201d, ministrado pelo professor Cidoval Morais de Sousa. Com o objetivo de aprimorar\u2026","rel":"","context":"Em &quot;CCEA&quot;","block_context":{"text":"CCEA","link":"https:\/\/centros.uepb.edu.br\/ccea\/category\/ccea\/"},"img":{"alt_text":"","src":"","width":0,"height":0},"classes":[]},{"id":1969,"url":"https:\/\/centros.uepb.edu.br\/ccea\/2022\/09\/23\/inscricoes-abertas-para-os-cursos-iniciacao-ao-violao-e-musicalizacao-infantil-do-nucleo-de-arte-e-cultura-do-ccea\/","url_meta":{"origin":96,"position":1},"title":"Inscri\u00e7\u00f5es abertas para os cursos Inicia\u00e7\u00e3o ao Viol\u00e3o e Musicaliza\u00e7\u00e3o Infantil do N\u00facleo de Arte e Cultura do CCEA","author":"olivio","date":"23 de setembro de 2022","format":false,"excerpt":"O N\u00facleo de Arte e Cultura do C\u00e2mpus VII \u2013 NArC da Universidade Estadual da Para\u00edba \u2013 UEPB, em Patos, est\u00e1 com inscri\u00e7\u00f5es abertas para os cursos de \"Inicia\u00e7\u00e3o ao Viol\u00e3o\" e \"Musicaliza\u00e7\u00e3o Infantil\", voltados \u00e0 comunidade acad\u00eamica e a sociedade em geral. As inscri\u00e7\u00f5es est\u00e3o sendo realizadas at\u00e9 o\u2026","rel":"","context":"Em &quot;Agend Not\u00edcias Destaque&quot;","block_context":{"text":"Agend Not\u00edcias Destaque","link":"https:\/\/centros.uepb.edu.br\/ccea\/category\/agend-noticias-destaque\/"},"img":{"alt_text":"","src":"https:\/\/i0.wp.com\/centros.uepb.edu.br\/ccea\/files\/2022\/09\/banner_narc-300x300.png?resize=350%2C200&ssl=1","width":350,"height":200},"classes":[]},{"id":343,"url":"https:\/\/centros.uepb.edu.br\/ccea\/2016\/08\/26\/campus-de-patos-promove-curso-de-capacitacao-para-professores-de-fisica-do-ensino-medio-da-rede-publica\/","url_meta":{"origin":96,"position":2},"title":"C\u00e2mpus de Patos promove curso de capacita\u00e7\u00e3o para professores de F\u00edsica do Ensino M\u00e9dio da rede p\u00fablica","author":"tatiana","date":"26 de agosto de 2016","format":false,"excerpt":"Ser\u00e1 realizado durante os dias 9 e 10 de setembro, no Centro de Ci\u00eancias Exatas e Sociais Aplicadas (CCEA) da Universidade Estadual da Para\u00edba (UEPB), C\u00e2mpus VII, localizado na cidade de Patos, o curso de capacita\u00e7\u00e3o para professores de F\u00edsica das Escolas P\u00fablicas da Para\u00edba lotadas na 6\u00aa Regional de\u2026","rel":"","context":"Em &quot;CCEA&quot;","block_context":{"text":"CCEA","link":"https:\/\/centros.uepb.edu.br\/ccea\/category\/ccea\/"},"img":{"alt_text":"","src":"","width":0,"height":0},"classes":[]},{"id":1216,"url":"https:\/\/centros.uepb.edu.br\/ccea\/2018\/12\/20\/campus-de-patos-forma-alunos-dos-cursos-de-administracao-ciencia-da-computacao-fisica-e-matematica\/","url_meta":{"origin":96,"position":3},"title":"C\u00e2mpus de Patos forma alunos dos cursos de Administra\u00e7\u00e3o, Ci\u00eancia da Computa\u00e7\u00e3o, F\u00edsica e Matem\u00e1tica","author":"tatiana","date":"20 de dezembro de 2018","format":false,"excerpt":"A solenidade de Cola\u00e7\u00e3o de Grau do Centro de Ci\u00eancias Exatas e Sociais Aplicadas (CCEA) da Universidade Estadual da Para\u00edba (UEPB) foi realizada na tarde desta quarta-feira (19), no Gin\u00e1sio de Esportes do C\u00e2mpus VII, em Patos, e marcou a formatura dos alunos dos cursos de Bacharelado em Administra\u00e7\u00e3o, Bacharelado\u2026","rel":"","context":"Em &quot;CCEA&quot;","block_context":{"text":"CCEA","link":"https:\/\/centros.uepb.edu.br\/ccea\/category\/ccea\/"},"img":{"alt_text":"","src":"","width":0,"height":0},"classes":[]},{"id":1178,"url":"https:\/\/centros.uepb.edu.br\/ccea\/2018\/09\/19\/campus-de-patos-promove-debate-com-candidatos-a-direcao-de-centro-e-coordenacoes-de-cursos-do-ccea\/","url_meta":{"origin":96,"position":4},"title":"C\u00e2mpus de Patos promove debate com candidatos a Dire\u00e7\u00e3o de Centro e Coordena\u00e7\u00f5es de Cursos do CCEA","author":"tatiana","date":"19 de setembro de 2018","format":false,"excerpt":"Na \u00faltima segunda-feira (17), foi realizado debate com os candidatos a diretor e diretor adjunto do Centro de Ci\u00eancias Exatas e Sociais Aplicadas (CCEA) da Universidade Estadual da Para\u00edba, bem como com os candidatos a coordenadores e coordenadores adjuntos dos cursos que comp\u00f5em o C\u00e2mpus VII da Institui\u00e7\u00e3o, localizado em\u2026","rel":"","context":"Em &quot;CCEA&quot;","block_context":{"text":"CCEA","link":"https:\/\/centros.uepb.edu.br\/ccea\/category\/ccea\/"},"img":{"alt_text":"","src":"https:\/\/i0.wp.com\/centros.uepb.edu.br\/ccea\/files\/2018\/09\/Debate-Patos-1.jpg?resize=350%2C200&ssl=1","width":350,"height":200,"srcset":"https:\/\/i0.wp.com\/centros.uepb.edu.br\/ccea\/files\/2018\/09\/Debate-Patos-1.jpg?resize=350%2C200&ssl=1 1x, https:\/\/i0.wp.com\/centros.uepb.edu.br\/ccea\/files\/2018\/09\/Debate-Patos-1.jpg?resize=525%2C300&ssl=1 1.5x, https:\/\/i0.wp.com\/centros.uepb.edu.br\/ccea\/files\/2018\/09\/Debate-Patos-1.jpg?resize=700%2C400&ssl=1 2x, https:\/\/i0.wp.com\/centros.uepb.edu.br\/ccea\/files\/2018\/09\/Debate-Patos-1.jpg?resize=1050%2C600&ssl=1 3x"},"classes":[]},{"id":702,"url":"https:\/\/centros.uepb.edu.br\/ccea\/2017\/11\/14\/servico-de-aconselhamento-psicologico-e-oferecido-a-comunidade-academica-do-campus-vii\/","url_meta":{"origin":96,"position":5},"title":"Servi\u00e7o de aconselhamento psicol\u00f3gico \u00e9 oferecido \u00e0 comunidade acad\u00eamica do C\u00e2mpus VII","author":"tatiana","date":"14 de novembro de 2017","format":false,"excerpt":"A Universidade Estadual da Para\u00edba (UEPB), atrav\u00e9s da Pr\u00f3-Reitoria Estudantil (PROEST), em parceria com as Faculdades Integradas de Patos (FIP), por meio do curso de Psicologia da Institui\u00e7\u00e3o, est\u00e1 oferecendo aos alunos, professores e funcion\u00e1rios do Centro de Ci\u00eancias Exatas e Sociais Aplicadas (CCEA), em Patos, uma rede local de\u2026","rel":"","context":"Em &quot;CCEA&quot;","block_context":{"text":"CCEA","link":"https:\/\/centros.uepb.edu.br\/ccea\/category\/ccea\/"},"img":{"alt_text":"","src":"","width":0,"height":0},"classes":[]}],"_links":{"self":[{"href":"https:\/\/centros.uepb.edu.br\/ccea\/wp-json\/wp\/v2\/posts\/96","targetHints":{"allow":["GET"]}}],"collection":[{"href":"https:\/\/centros.uepb.edu.br\/ccea\/wp-json\/wp\/v2\/posts"}],"about":[{"href":"https:\/\/centros.uepb.edu.br\/ccea\/wp-json\/wp\/v2\/types\/post"}],"author":[{"embeddable":true,"href":"https:\/\/centros.uepb.edu.br\/ccea\/wp-json\/wp\/v2\/users\/1"}],"replies":[{"embeddable":true,"href":"https:\/\/centros.uepb.edu.br\/ccea\/wp-json\/wp\/v2\/comments?post=96"}],"version-history":[{"count":0,"href":"https:\/\/centros.uepb.edu.br\/ccea\/wp-json\/wp\/v2\/posts\/96\/revisions"}],"wp:attachment":[{"href":"https:\/\/centros.uepb.edu.br\/ccea\/wp-json\/wp\/v2\/media?parent=96"}],"wp:term":[{"taxonomy":"category","embeddable":true,"href":"https:\/\/centros.uepb.edu.br\/ccea\/wp-json\/wp\/v2\/categories?post=96"},{"taxonomy":"post_tag","embeddable":true,"href":"https:\/\/centros.uepb.edu.br\/ccea\/wp-json\/wp\/v2\/tags?post=96"}],"curies":[{"name":"wp","href":"https:\/\/api.w.org\/{rel}","templated":true}]}}