{"id":954,"date":"2018-04-03T21:38:07","date_gmt":"2018-04-03T21:38:07","guid":{"rendered":"https:\/\/centros.uepb.edu.br\/ccea\/?p=954"},"modified":"2018-04-03T21:44:58","modified_gmt":"2018-04-03T21:44:58","slug":"debate-sobre-economia-solidaria-e-realizado-no-campus-vii-da-universidade-estadual-da-paraiba","status":"publish","type":"post","link":"https:\/\/centros.uepb.edu.br\/ccea\/2018\/04\/03\/debate-sobre-economia-solidaria-e-realizado-no-campus-vii-da-universidade-estadual-da-paraiba\/","title":{"rendered":"Debate sobre Economia solid\u00e1ria \u00e9 realizado no C\u00e2mpus VII da Universidade Estadual da Para\u00edba"},"content":{"rendered":"<p>O Centro de Ci\u00eancias Exatas e Sociais Aplicadas (CCEA), da Universidade Estadual da Para\u00edba (UEPB), atrav\u00e9s do curso de bacharelado em Administra\u00e7\u00e3o, realizou ontem (02), o debate sobre Economia Solid\u00e1ria. A atividade foi realizada no audit\u00f3rio Celso Furtado, no C\u00e2mpus VII da UEPB, em Patos e faz parte das pr\u00e1ticas da disciplina Economia Solid\u00e1ria, ministrada pelo professor Cidoval Morais de Sousa.<\/p>\n<p>O evento constitui-se como um espa\u00e7o de articula\u00e7\u00e3o e di\u00e1logo entre m\u00faltiplos atores sociais acerca de um modelo alternativo de empreendimento econ\u00f4mico solid\u00e1rio que propicia a inclus\u00e3o e o resgate da cidadania, e se contrap\u00f5e ao modelo capitalista vigorante, proporcionando o desenvolvimento do pa\u00eds e a constru\u00e7\u00e3o de uma sociedade mais justa e igualit\u00e1ria.<\/p>\n<p>Durante o debate os participantes da atividade puderam refletir sobre a import\u00e2ncia de alternativas que auxiliam na gera\u00e7\u00e3o de condi\u00e7\u00f5es mais favor\u00e1veis no setor socioecon\u00f4mico e, tamb\u00e9m, na melhoria de vida e na constru\u00e7\u00e3o de regimes de bem estar social.<\/p>\n<p>O debate contou com a presen\u00e7a de Jos\u00e9 Anchieta de Assis, representante do F\u00f3rum Estadual de Economia Solid\u00e1ria, Jos\u00e9 Pereira e Danilo Lopes, integrantes da experi\u00eancia com a moeda social Margarida, empreendida na cidade de Pombal, e Jos\u00e9 Nilson da Silva, representante da comunidade quilombola Os Rufinos, situada na zona rural da cidade.<\/p>\n<p>Jos\u00e9 Anchieta abriu o debate fazendo uma abordagem do panorama geral da estrutura funcional dos empreendimentos de economia solid\u00e1ria no pa\u00eds, ressalvando suas dimens\u00f5es organizadoras, socioecon\u00f4mica e pol\u00edtica, e apontando os aspectos de distin\u00e7\u00e3o dos elementos essenciais que caracterizam esse tipo de empreendimento. Anchieta analisou ainda os avan\u00e7os na constru\u00e7\u00e3o de pol\u00edticas de economia solid\u00e1ria no Brasil e os desafios e limites que cercam a sua pr\u00e1tica na atual conjuntura do pa\u00eds.<\/p>\n<p>Durante a atividade foi apresentado ao p\u00fablico um relato da experi\u00eancia solid\u00e1ria empreendida na cidade de Pombal, sert\u00e3o da Para\u00edba, atrav\u00e9s da implementa\u00e7\u00e3o do Banco Comunit\u00e1rio de Desenvolvimento Maring\u00e1 e a moeda social Margarida. Jos\u00e9 Pereira e Danilo Lopes, Educadores Sociais do Centro de Educa\u00e7\u00e3o Integral Margarida Pereira da Silva (CEMAR), e agentes de cr\u00e9dito do Banco Comunit\u00e1rio de Desenvolvimento Maring\u00e1, ressaltaram a import\u00e2ncia da constru\u00e7\u00e3o do banco comunit\u00e1rio e da moeda social para a cidade.<\/p>\n<p>Numa perspectiva fundamentada nos princ\u00edpios de autogest\u00e3o, coopera\u00e7\u00e3o, solidariedade e compromisso social, Jos\u00e9 Pereira e Danilo Lopes, discorreram acerca do sistema econ\u00f4mico de empreendimento solid\u00e1rio autossustent\u00e1vel, que surge como uma alternativa distinta da l\u00f3gica mercantil capitalista apontando um novo caminho para a gera\u00e7\u00e3o de trabalho e renda, e favorecendo o desenvolvimento local e a melhoria das condi\u00e7\u00f5es de vida da popula\u00e7\u00e3o.<\/p>\n<p>O artes\u00e3o Jos\u00e9 Nilson encerrou as atividades com a exposi\u00e7\u00e3o do artesanato em barro, produzido por artes\u00e3os da comunidade quilombola Os Rufinos e, com o relato das tradi\u00e7\u00f5es e pr\u00e1ticas culturais destes povos, remeteu os presentes \u00e0 ancestralidade, e impeliu a (re)constru\u00e7\u00e3o de olhares sobre a hist\u00f3ria e a vida cotidiana dos remanescentes quilombolas. Todas as pe\u00e7as em exposi\u00e7\u00e3o foram comercializadas difundindo uma aut\u00eantica express\u00e3o da cultura local e as ra\u00edzes de um povo.<\/p>\n<p>&nbsp;<\/p>\n<p>Texto: Tatiany Escari\u00e3o<\/p>\n","protected":false},"excerpt":{"rendered":"<p>O Centro de Ci\u00eancias Exatas e Sociais Aplicadas (CCEA), da Universidade Estadual da Para\u00edba (UEPB), atrav\u00e9s do curso de bacharelado em Administra\u00e7\u00e3o, realizou ontem (02), o debate sobre Economia Solid\u00e1ria. A atividade foi realizada no audit\u00f3rio Celso Furtado, no C\u00e2mpus VII da UEPB, em Patos e faz parte das pr\u00e1ticas da disciplina Economia Solid\u00e1ria, ministrada <a class=\"leiamais\" href=\"https:\/\/centros.uepb.edu.br\/ccea\/2018\/04\/03\/debate-sobre-economia-solidaria-e-realizado-no-campus-vii-da-universidade-estadual-da-paraiba\/\">Leia Mais&#8230;<\/a><\/p>\n","protected":false},"author":33,"featured_media":0,"comment_status":"closed","ping_status":"closed","sticky":false,"template":"","format":"standard","meta":{"jetpack_post_was_ever_published":false,"_jetpack_newsletter_access":"","_jetpack_dont_email_post_to_subs":false,"_jetpack_newsletter_tier_id":0,"_jetpack_memberships_contains_paywalled_content":false,"_jetpack_memberships_contains_paid_content":false,"footnotes":"","jetpack_publicize_message":"","jetpack_publicize_feature_enabled":true,"jetpack_social_post_already_shared":true,"jetpack_social_options":{"image_generator_settings":{"template":"highway","default_image_id":0,"font":"","enabled":false},"version":2}},"categories":[8,3],"tags":[],"class_list":["post-954","post","type-post","status-publish","format-standard","hentry","category-ccea","category-noticias"],"jetpack_publicize_connections":[],"jetpack_featured_media_url":"","jetpack_sharing_enabled":true,"jetpack_shortlink":"https:\/\/wp.me\/p7WTGX-fo","jetpack_likes_enabled":true,"jetpack-related-posts":[{"id":1067,"url":"https:\/\/centros.uepb.edu.br\/ccea\/2018\/06\/04\/feira-da-economia-solidaria-sera-realizada-no-campus-vii-da-universidade-estadual-da-paraiba\/","url_meta":{"origin":954,"position":0},"title":"Feira da Economia Solid\u00e1ria ser\u00e1 realizada no C\u00e2mpus VII da Universidade Estadual da Para\u00edba","author":"tatiany","date":"4 de junho de 2018","format":false,"excerpt":"A Universidade Estadual da Para\u00edba (UEPB), atrav\u00e9s do Centro de Ci\u00eancias Exatas e Sociais Aplicadas (CCEA), em parceria com o Governo do Estado, F\u00f3rum Estadual de Economia Solid\u00e1ria e A\u00e7\u00e3o Social Diocesana de Patos, promove a Feira da Economia Solid\u00e1ria. O evento acontece no dia 13 de junho, das 8h\u2026","rel":"","context":"Em &quot;CCEA&quot;","block_context":{"text":"CCEA","link":"https:\/\/centros.uepb.edu.br\/ccea\/category\/ccea\/"},"img":{"alt_text":"","src":"","width":0,"height":0},"classes":[]},{"id":1205,"url":"https:\/\/centros.uepb.edu.br\/ccea\/2018\/11\/22\/centro-de-ciencias-exatas-e-sociais-aplicadas-da-uepb-promove-2a-feira-da-economia-solidaria-em-patos\/","url_meta":{"origin":954,"position":1},"title":"Centro de Ci\u00eancias Exatas e Sociais Aplicadas da UEPB promove 2\u00aa Feira da Economia Solid\u00e1ria em Patos","author":"tatiana","date":"22 de novembro de 2018","format":false,"excerpt":"\u201cCultura popular\u201d, \u201cconsumismo sustent\u00e1vel\u201d e \u201cdiversidade de produtos\u201d. Como parte do projeto Univer-Cidade, concebido atrav\u00e9s do Mestrado em Desenvolvimento Regional da Universidade Estadual da Para\u00edba (UEPB), ser\u00e1 realizada, no pr\u00f3ximo dia 28 de novembro, a 2\u00aa Feira da Economia Solid\u00e1ria do Centro de Ci\u00eancias Exatas e Sociais Aplicadas (CCEA), C\u00e2mpus\u2026","rel":"","context":"Em &quot;CCEA&quot;","block_context":{"text":"CCEA","link":"https:\/\/centros.uepb.edu.br\/ccea\/category\/ccea\/"},"img":{"alt_text":"","src":"https:\/\/i0.wp.com\/www.uepb.edu.br\/wp-content\/uploads\/2018\/11\/CCEA-Feira.jpg?resize=350%2C200","width":350,"height":200},"classes":[]},{"id":1264,"url":"https:\/\/centros.uepb.edu.br\/ccea\/2019\/05\/24\/centro-de-ciencias-exatas-e-sociais-aplicadas-promove-mais-uma-edicao-feira-da-economia-solidaria\/","url_meta":{"origin":954,"position":2},"title":"Centro de Ci\u00eancias Exatas e Sociais Aplicadas promove mais uma edi\u00e7\u00e3o Feira da Economia Solid\u00e1ria","author":"tatiana","date":"24 de maio de 2019","format":false,"excerpt":"Cultura popular, consumo sustent\u00e1vel e diversidade de produtos. Com o tema \u201cCompartilhando as trilhas do bem viver\u201d, ser\u00e1 realizada, no pr\u00f3ximo dia 5 de junho, mais uma edi\u00e7\u00e3o da Feira da Economia Solid\u00e1ria, promovida pelo Centro de Ci\u00eancias Exatas e Sociais Aplicadas (CCEA) da Universidade Estadual da Para\u00edba (UEPB), C\u00e2mpus\u2026","rel":"","context":"Em &quot;CCEA&quot;","block_context":{"text":"CCEA","link":"https:\/\/centros.uepb.edu.br\/ccea\/category\/ccea\/"},"img":{"alt_text":"","src":"","width":0,"height":0},"classes":[]},{"id":647,"url":"https:\/\/centros.uepb.edu.br\/ccea\/2017\/10\/19\/universidade-estadual-da-paraiba-lamenta-falecimento-de-aluno-do-curso-de-computacao-do-campus-vii\/","url_meta":{"origin":954,"position":3},"title":"Universidade Estadual da Para\u00edba lamenta falecimento de aluno do curso de Computa\u00e7\u00e3o do C\u00e2mpus VII","author":"tatiana","date":"19 de outubro de 2017","format":false,"excerpt":"A Administra\u00e7\u00e3o Central da Universidade Estadual da Para\u00edba (UEPB), juntamente com a Dire\u00e7\u00e3o do Centro de Ci\u00eancias Exatas e Sociais Aplicadas (CCEA) e com a Coordena\u00e7\u00e3o do Curso de Bacharelado em Ci\u00eancias da Computa\u00e7\u00e3o, do C\u00e2mpus VII, em Patos, lamenta com profundo pesar, em nome de toda a comunidade acad\u00eamica,\u2026","rel":"","context":"Em &quot;CCEA&quot;","block_context":{"text":"CCEA","link":"https:\/\/centros.uepb.edu.br\/ccea\/category\/ccea\/"},"img":{"alt_text":"","src":"https:\/\/i0.wp.com\/www.uepb.edu.br\/wp-content\/uploads\/2017\/10\/Geovane-CCEA-252x300.jpg?resize=350%2C200","width":350,"height":200},"classes":[]},{"id":1312,"url":"https:\/\/centros.uepb.edu.br\/ccea\/2019\/10\/22\/campus-vii-da-universidade-estadual-da-paraiba-em-patos-realiza-1a-semana-de-administracao\/","url_meta":{"origin":954,"position":4},"title":"C\u00e2mpus VII da Universidade Estadual da Para\u00edba, em Patos, realiza 1\u00aa Semana de Administra\u00e7\u00e3o","author":"tatiana","date":"22 de outubro de 2019","format":false,"excerpt":"Entre os dias 15 e 18 de outubro, a Coordena\u00e7\u00e3o do Curso de Administra\u00e7\u00e3o do C\u00e2mpus VII da Universidade Estadual da Para\u00edba (UEPB) e professores realizaram a primeira edi\u00e7\u00e3o da Semana de Administra\u00e7\u00e3o (SEMAD). O evento, sediado no Centro de Ci\u00eancias Exatas e Sociais Aplicadas (CCEA), abordou os desafios das\u2026","rel":"","context":"Em &quot;CCEA&quot;","block_context":{"text":"CCEA","link":"https:\/\/centros.uepb.edu.br\/ccea\/category\/ccea\/"},"img":{"alt_text":"","src":"","width":0,"height":0},"classes":[]},{"id":1188,"url":"https:\/\/centros.uepb.edu.br\/ccea\/2018\/09\/20\/campus-vii-da-universidade-estadual-da-paraiba-e-selecionado-para-participar-do-projeto-cartografia-de-imagens\/","url_meta":{"origin":954,"position":5},"title":"C\u00e2mpus VII da Universidade Estadual da Para\u00edba \u00e9 selecionado para participar do projeto\u00a0\u201cCartografia de imagens\u201d","author":"tatiana","date":"20 de setembro de 2018","format":false,"excerpt":"O Centro de Ci\u00eancias Exatas e Sociais Aplicadas (CCEA), localizado no C\u00e2mpus VII da Universidade Estadual da Para\u00edba (UEPB), em Patos, foi selecionado atrav\u00e9s do Edital para Implementa\u00e7\u00e3o de Escolas Experimentais de Cinema em Institui\u00e7\u00f5es de Ensino e ONGs da Para\u00edba, para participar do projeto \u201cCartografia de imagens: filme carta,\u2026","rel":"","context":"Em &quot;CCEA&quot;","block_context":{"text":"CCEA","link":"https:\/\/centros.uepb.edu.br\/ccea\/category\/ccea\/"},"img":{"alt_text":"","src":"https:\/\/i0.wp.com\/www.uepb.edu.br\/wp-content\/uploads\/2018\/09\/Banner_ComunicadoEdital_Semente-1024x599.jpg?resize=350%2C200","width":350,"height":200,"srcset":"https:\/\/i0.wp.com\/www.uepb.edu.br\/wp-content\/uploads\/2018\/09\/Banner_ComunicadoEdital_Semente-1024x599.jpg?resize=350%2C200 1x, https:\/\/i0.wp.com\/www.uepb.edu.br\/wp-content\/uploads\/2018\/09\/Banner_ComunicadoEdital_Semente-1024x599.jpg?resize=525%2C300 1.5x, https:\/\/i0.wp.com\/www.uepb.edu.br\/wp-content\/uploads\/2018\/09\/Banner_ComunicadoEdital_Semente-1024x599.jpg?resize=700%2C400 2x"},"classes":[]}],"_links":{"self":[{"href":"https:\/\/centros.uepb.edu.br\/ccea\/wp-json\/wp\/v2\/posts\/954","targetHints":{"allow":["GET"]}}],"collection":[{"href":"https:\/\/centros.uepb.edu.br\/ccea\/wp-json\/wp\/v2\/posts"}],"about":[{"href":"https:\/\/centros.uepb.edu.br\/ccea\/wp-json\/wp\/v2\/types\/post"}],"author":[{"embeddable":true,"href":"https:\/\/centros.uepb.edu.br\/ccea\/wp-json\/wp\/v2\/users\/33"}],"replies":[{"embeddable":true,"href":"https:\/\/centros.uepb.edu.br\/ccea\/wp-json\/wp\/v2\/comments?post=954"}],"version-history":[{"count":0,"href":"https:\/\/centros.uepb.edu.br\/ccea\/wp-json\/wp\/v2\/posts\/954\/revisions"}],"wp:attachment":[{"href":"https:\/\/centros.uepb.edu.br\/ccea\/wp-json\/wp\/v2\/media?parent=954"}],"wp:term":[{"taxonomy":"category","embeddable":true,"href":"https:\/\/centros.uepb.edu.br\/ccea\/wp-json\/wp\/v2\/categories?post=954"},{"taxonomy":"post_tag","embeddable":true,"href":"https:\/\/centros.uepb.edu.br\/ccea\/wp-json\/wp\/v2\/tags?post=954"}],"curies":[{"name":"wp","href":"https:\/\/api.w.org\/{rel}","templated":true}]}}