{"id":947,"date":"2018-03-28T17:19:13","date_gmt":"2018-03-28T17:19:13","guid":{"rendered":"https:\/\/centros.uepb.edu.br\/ccea\/?p=947"},"modified":"2018-03-28T17:20:19","modified_gmt":"2018-03-28T17:20:19","slug":"robotica-educacional-e-tema-de-minicurso-realizado-no-campus-vii-da-universidade-estadual-em-patos","status":"publish","type":"post","link":"https:\/\/centros.uepb.edu.br\/ccea\/2018\/03\/28\/robotica-educacional-e-tema-de-minicurso-realizado-no-campus-vii-da-universidade-estadual-em-patos\/","title":{"rendered":"Rob\u00f3tica Educacional \u00e9 tema de minicurso realizado no C\u00e2mpus VII da Universidade Estadual em Patos"},"content":{"rendered":"<p>O Centro de Ci\u00eancias Exatas e Sociais Aplicadas (CCEA), da Universidade Estadual da Para\u00edba (UEPB), atrav\u00e9s do curso de Licenciatura em F\u00edsica da Institui\u00e7\u00e3o, e parceria com a Secretaria de Estado da Educa\u00e7\u00e3o, realizou na noite desta ter\u00e7a-feira (27), a aula inaugural da 2\u00aa edi\u00e7\u00e3o do minicurso intitulado Rob\u00f3tica Educacional, coordenado e ministrado pelos professores Valdeci Mestre e L\u00e1zaro Rodrigues. A atividade aconteceu no laborat\u00f3rio de F\u00edsica do C\u00e2mpus VII, em Patos.<\/p>\n<p>Nesta edi\u00e7\u00e3o, o minicurso \u00e9 voltado para alunos do curso de Licenciatura em F\u00edsica do CCEA e aborda aspectos te\u00f3ricos, pr\u00e1ticos e observacionais da rob\u00f3tica e objetiva instrumentar a utiliza\u00e7\u00e3o de kits educacional e auxiliar na constru\u00e7\u00e3o de projetos e programa\u00e7\u00e3o de rob\u00f4s, utilizando a Rob\u00f3tica como elemento diferencial de inclus\u00e3o cient\u00edfica e tecnol\u00f3gica no \u00e2mbito educacional da rede de ensino estadual da Para\u00edba.<\/p>\n<p>Al\u00e9m de fomentar a investiga\u00e7\u00e3o e materializa\u00e7\u00e3o dos conceitos aprendidos no conte\u00fado curricular com a experimenta\u00e7\u00e3o pr\u00e1tica e proporcionar o desenvolvimento da capacidade de pensar e achar solu\u00e7\u00f5es aos desafios propostos, mediante o trabalho colaborativo, o curso auxilia no processo educacional, estimulando a criatividade e o desenvolvimento do racioc\u00ednio, envolvendo o aluno em uma significativa viv\u00eancia interdisciplinar.<\/p>\n<p>O curso foi montado em uma sequ\u00eancia de cinco encontros, que ser\u00e3o realizados a cada quinze dias, nos quais ser\u00e3o dadas no\u00e7\u00f5es te\u00f3ricas da rob\u00f3tica e forma\u00e7\u00e3o pr\u00e1tica empregando fun\u00e7\u00f5es pedag\u00f3gicas as ferramentas tecnol\u00f3gicas dispon\u00edveis. A forma\u00e7\u00e3o \u00e9 presencial e tem carga hor\u00e1ria de 20h\/ aulas. O curso \u00e9 gratuito e as aulas ser\u00e3o realizadas sempre \u00e0s ter\u00e7as-feiras, das 18h30 \u00e0s 21h30, no laborat\u00f3rio de F\u00edsica do C\u00e2mpus VII.<\/p>\n<p>De acordo com o professor Valdeci, novas turmas est\u00e3o previstas para ter in\u00edcio no m\u00eas de junho, e os interessados em participar das atividades devem entrar em contato com a coordena\u00e7\u00e3o do curso, atrav\u00e9s do e-mail: valdecijunior2004@yahoo.com.br<\/p>\n<p>O professor salientou ainda que, ap\u00f3s a finaliza\u00e7\u00e3o do curso na UEPB, as aulas ser\u00e3o ministradas nas escolas estaduais do munic\u00edpio de Patos, iniciando as atividades pela Escola Jos\u00e9 Gomes Alves, situada no bairro do Jatob\u00e1, e contemplar\u00e1 24 estudante que ter\u00e3o a oportunidade de fazer uso da tecnologia no ambiente escolar como ferramenta para potencializar a aprendizagem.<\/p>\n<p>&nbsp;<\/p>\n<p><strong>Texto<\/strong>: Tatiany Escari\u00e3o<\/p>\n","protected":false},"excerpt":{"rendered":"<p>O Centro de Ci\u00eancias Exatas e Sociais Aplicadas (CCEA), da Universidade Estadual da Para\u00edba (UEPB), atrav\u00e9s do curso de Licenciatura em F\u00edsica da Institui\u00e7\u00e3o, e parceria com a Secretaria de Estado da Educa\u00e7\u00e3o, realizou na noite desta ter\u00e7a-feira (27), a aula inaugural da 2\u00aa edi\u00e7\u00e3o do minicurso intitulado Rob\u00f3tica Educacional, coordenado e ministrado pelos professores <a class=\"leiamais\" href=\"https:\/\/centros.uepb.edu.br\/ccea\/2018\/03\/28\/robotica-educacional-e-tema-de-minicurso-realizado-no-campus-vii-da-universidade-estadual-em-patos\/\">Leia Mais&#8230;<\/a><\/p>\n","protected":false},"author":33,"featured_media":0,"comment_status":"closed","ping_status":"closed","sticky":false,"template":"","format":"standard","meta":{"jetpack_post_was_ever_published":false,"_jetpack_newsletter_access":"","_jetpack_dont_email_post_to_subs":false,"_jetpack_newsletter_tier_id":0,"_jetpack_memberships_contains_paywalled_content":false,"_jetpack_memberships_contains_paid_content":false,"footnotes":"","jetpack_publicize_message":"","jetpack_publicize_feature_enabled":true,"jetpack_social_post_already_shared":true,"jetpack_social_options":{"image_generator_settings":{"template":"highway","default_image_id":0,"font":"","enabled":false},"version":2}},"categories":[8,3],"tags":[],"class_list":["post-947","post","type-post","status-publish","format-standard","hentry","category-ccea","category-noticias"],"jetpack_publicize_connections":[],"jetpack_featured_media_url":"","jetpack_sharing_enabled":true,"jetpack_shortlink":"https:\/\/wp.me\/p7WTGX-fh","jetpack_likes_enabled":true,"jetpack-related-posts":[{"id":1506,"url":"https:\/\/centros.uepb.edu.br\/ccea\/2020\/03\/13\/laboratorio-3d-da-uepb-desenvolve-tecnologia-voltada-para-educacao-e-desenvolvimento-tecnologico-regional-2\/","url_meta":{"origin":947,"position":0},"title":"Laborat\u00f3rio 3D da UEPB desenvolve tecnologia voltada para educa\u00e7\u00e3o e desenvolvimento tecnol\u00f3gico regional","author":"tatiana","date":"13 de mar\u00e7o de 2020","format":false,"excerpt":"Em tempos que a impress\u00e3o 3D promete revolucionar o modelo de fabrica\u00e7\u00e3o do mundo e impulsionar a automa\u00e7\u00e3o industrial, um laborat\u00f3rio instalado no Centro de Ci\u00eancias Exatas e Sociais Aplicadas (CCEA) da Universidade Estadual da Para\u00edba (UEPB), localizado no C\u00e2mpus de Patos, mostra o potencial tecnol\u00f3gico da Institui\u00e7\u00e3o nesse campo.\u2026","rel":"","context":"Em &quot;CCEA&quot;","block_context":{"text":"CCEA","link":"https:\/\/centros.uepb.edu.br\/ccea\/category\/ccea\/"},"img":{"alt_text":"","src":"https:\/\/i0.wp.com\/www.interno.uepb.edu.br\/wp-content\/uploads\/2020\/03\/Protolab-1.jpg?resize=350%2C200&ssl=1","width":350,"height":200,"srcset":"https:\/\/i0.wp.com\/www.interno.uepb.edu.br\/wp-content\/uploads\/2020\/03\/Protolab-1.jpg?resize=350%2C200&ssl=1 1x, https:\/\/i0.wp.com\/www.interno.uepb.edu.br\/wp-content\/uploads\/2020\/03\/Protolab-1.jpg?resize=525%2C300&ssl=1 1.5x, https:\/\/i0.wp.com\/www.interno.uepb.edu.br\/wp-content\/uploads\/2020\/03\/Protolab-1.jpg?resize=700%2C400&ssl=1 2x"},"classes":[]},{"id":343,"url":"https:\/\/centros.uepb.edu.br\/ccea\/2016\/08\/26\/campus-de-patos-promove-curso-de-capacitacao-para-professores-de-fisica-do-ensino-medio-da-rede-publica\/","url_meta":{"origin":947,"position":1},"title":"C\u00e2mpus de Patos promove curso de capacita\u00e7\u00e3o para professores de F\u00edsica do Ensino M\u00e9dio da rede p\u00fablica","author":"tatiana","date":"26 de agosto de 2016","format":false,"excerpt":"Ser\u00e1 realizado durante os dias 9 e 10 de setembro, no Centro de Ci\u00eancias Exatas e Sociais Aplicadas (CCEA) da Universidade Estadual da Para\u00edba (UEPB), C\u00e2mpus VII, localizado na cidade de Patos, o curso de capacita\u00e7\u00e3o para professores de F\u00edsica das Escolas P\u00fablicas da Para\u00edba lotadas na 6\u00aa Regional de\u2026","rel":"","context":"Em &quot;CCEA&quot;","block_context":{"text":"CCEA","link":"https:\/\/centros.uepb.edu.br\/ccea\/category\/ccea\/"},"img":{"alt_text":"","src":"","width":0,"height":0},"classes":[]},{"id":962,"url":"https:\/\/centros.uepb.edu.br\/ccea\/2018\/04\/05\/campeonato-de-xadrez-sera-realizado-no-campus-vii-da-universidade-estadual-no-proximo-dia-19\/","url_meta":{"origin":947,"position":2},"title":"Campeonato de Xadrez ser\u00e1 realizado no C\u00e2mpus VII da Universidade Estadual no pr\u00f3ximo dia 19","author":"tatiany","date":"5 de abril de 2018","format":false,"excerpt":"O Centro de Ci\u00eancias Exatas e Sociais Aplicadas (CCEA), da Universidade Estadual da Para\u00edba (UEPB), em parceria com Coordenadoria de Esportes e Lazer (COEL) da Institui\u00e7\u00e3o e o Clube de Xadrez Jos\u00e9 Amarante, realizar\u00e1 no pr\u00f3ximo dia 19, o Campeonato de Xadrez da UEPB-Patos. O evento acontecer\u00e1 no audit\u00f3rio Celso\u2026","rel":"","context":"Em &quot;CCEA&quot;","block_context":{"text":"CCEA","link":"https:\/\/centros.uepb.edu.br\/ccea\/category\/ccea\/"},"img":{"alt_text":"","src":"","width":0,"height":0},"classes":[]},{"id":1312,"url":"https:\/\/centros.uepb.edu.br\/ccea\/2019\/10\/22\/campus-vii-da-universidade-estadual-da-paraiba-em-patos-realiza-1a-semana-de-administracao\/","url_meta":{"origin":947,"position":3},"title":"C\u00e2mpus VII da Universidade Estadual da Para\u00edba, em Patos, realiza 1\u00aa Semana de Administra\u00e7\u00e3o","author":"tatiana","date":"22 de outubro de 2019","format":false,"excerpt":"Entre os dias 15 e 18 de outubro, a Coordena\u00e7\u00e3o do Curso de Administra\u00e7\u00e3o do C\u00e2mpus VII da Universidade Estadual da Para\u00edba (UEPB) e professores realizaram a primeira edi\u00e7\u00e3o da Semana de Administra\u00e7\u00e3o (SEMAD). O evento, sediado no Centro de Ci\u00eancias Exatas e Sociais Aplicadas (CCEA), abordou os desafios das\u2026","rel":"","context":"Em &quot;CCEA&quot;","block_context":{"text":"CCEA","link":"https:\/\/centros.uepb.edu.br\/ccea\/category\/ccea\/"},"img":{"alt_text":"","src":"","width":0,"height":0},"classes":[]},{"id":1351,"url":"https:\/\/centros.uepb.edu.br\/ccea\/2020\/03\/13\/laboratorio-3d-da-uepb-desenvolve-tecnologia-voltada-para-educacao-e-desenvolvimento-tecnologico-regional\/","url_meta":{"origin":947,"position":4},"title":"Laborat\u00f3rio 3D da UEPB desenvolve tecnologia voltada para educa\u00e7\u00e3o e desenvolvimento tecnol\u00f3gico regional","author":"tatiana","date":"13 de mar\u00e7o de 2020","format":false,"excerpt":"Em tempos que a impress\u00e3o 3D promete revolucionar o modelo de fabrica\u00e7\u00e3o do mundo e impulsionar a automa\u00e7\u00e3o industrial, um laborat\u00f3rio instalado no Centro de Ci\u00eancias Exatas e Sociais Aplicadas (CCEA) da Universidade Estadual da Para\u00edba (UEPB), localizado no C\u00e2mpus de Patos, mostra o potencial tecnol\u00f3gico da Institui\u00e7\u00e3o nesse campo.\u2026","rel":"","context":"Em &quot;CCEA&quot;","block_context":{"text":"CCEA","link":"https:\/\/centros.uepb.edu.br\/ccea\/category\/ccea\/"},"img":{"alt_text":"","src":"https:\/\/i1.wp.com\/www.uepb.edu.br\/wp-content\/uploads\/2020\/03\/Protolab-1.jpg?resize=350%2C200","width":350,"height":200,"srcset":"https:\/\/i1.wp.com\/www.uepb.edu.br\/wp-content\/uploads\/2020\/03\/Protolab-1.jpg?resize=350%2C200 1x, https:\/\/i1.wp.com\/www.uepb.edu.br\/wp-content\/uploads\/2020\/03\/Protolab-1.jpg?resize=525%2C300 1.5x, https:\/\/i1.wp.com\/www.uepb.edu.br\/wp-content\/uploads\/2020\/03\/Protolab-1.jpg?resize=700%2C400 2x"},"classes":[]},{"id":1016,"url":"https:\/\/centros.uepb.edu.br\/ccea\/2018\/05\/07\/2o-escola-patoense-de-fisica-sera-realizada-no-campus-vii-da-universidade-estadual-da-paraiba\/","url_meta":{"origin":947,"position":5},"title":"2\u00ba Escola Patoense de F\u00edsica ser\u00e1 realizada no C\u00e2mpus VII da Universidade Estadual da Para\u00edba","author":"tatiany","date":"7 de maio de 2018","format":false,"excerpt":"O Centro de Ci\u00eancias Exatas e Sociais Aplicadas (CCEA), da Universidade Estadual da Para\u00edba (UEPB), com apoio e patroc\u00ednio da Funda\u00e7\u00e3o de Apoio a Pesquisa do Estado da Para\u00edba (FAPESQ-PB), promove a 2\u00aa Escola Patoense de F\u00edsica. O evento ser\u00e1 realizado no per\u00edodo de 7 a 18 de maio e\u2026","rel":"","context":"Em &quot;CCEA&quot;","block_context":{"text":"CCEA","link":"https:\/\/centros.uepb.edu.br\/ccea\/category\/ccea\/"},"img":{"alt_text":"","src":"","width":0,"height":0},"classes":[]}],"_links":{"self":[{"href":"https:\/\/centros.uepb.edu.br\/ccea\/wp-json\/wp\/v2\/posts\/947","targetHints":{"allow":["GET"]}}],"collection":[{"href":"https:\/\/centros.uepb.edu.br\/ccea\/wp-json\/wp\/v2\/posts"}],"about":[{"href":"https:\/\/centros.uepb.edu.br\/ccea\/wp-json\/wp\/v2\/types\/post"}],"author":[{"embeddable":true,"href":"https:\/\/centros.uepb.edu.br\/ccea\/wp-json\/wp\/v2\/users\/33"}],"replies":[{"embeddable":true,"href":"https:\/\/centros.uepb.edu.br\/ccea\/wp-json\/wp\/v2\/comments?post=947"}],"version-history":[{"count":0,"href":"https:\/\/centros.uepb.edu.br\/ccea\/wp-json\/wp\/v2\/posts\/947\/revisions"}],"wp:attachment":[{"href":"https:\/\/centros.uepb.edu.br\/ccea\/wp-json\/wp\/v2\/media?parent=947"}],"wp:term":[{"taxonomy":"category","embeddable":true,"href":"https:\/\/centros.uepb.edu.br\/ccea\/wp-json\/wp\/v2\/categories?post=947"},{"taxonomy":"post_tag","embeddable":true,"href":"https:\/\/centros.uepb.edu.br\/ccea\/wp-json\/wp\/v2\/tags?post=947"}],"curies":[{"name":"wp","href":"https:\/\/api.w.org\/{rel}","templated":true}]}}