{"id":930,"date":"2018-03-21T17:40:36","date_gmt":"2018-03-21T17:40:36","guid":{"rendered":"https:\/\/centros.uepb.edu.br\/ccea\/?p=930"},"modified":"2018-03-21T17:46:05","modified_gmt":"2018-03-21T17:46:05","slug":"direcao-do-ccea-informa-comunidade-academica-sobre-a-manutencao-do-expediente-em-funcionamento-normal-no-proximo-dia-22","status":"publish","type":"post","link":"https:\/\/centros.uepb.edu.br\/ccea\/2018\/03\/21\/direcao-do-ccea-informa-comunidade-academica-sobre-a-manutencao-do-expediente-em-funcionamento-normal-no-proximo-dia-22\/","title":{"rendered":"Dire\u00e7\u00e3o do CCEA informa sobre a manuten\u00e7\u00e3o do expediente normal para o pr\u00f3ximo dia 22"},"content":{"rendered":"<p>A Dire\u00e7\u00e3o do Centro de Ci\u00eancias Exatas e Sociais Aplicadas (CCEA) da Universidade Estadual da Para\u00edba (UEPB), em Patos, informa a comunidade universit\u00e1ria que amanh\u00e3 (22) as atividades acad\u00eamicas e administrativas no C\u00e2mpus VII ser\u00e3o mantidas em funcionamento normal, n\u00e3o havendo, at\u00e9 o momento, nenhuma previs\u00e3o de paralisa\u00e7\u00e3o sindical.<\/p>\n<p>A dire\u00e7\u00e3o esclarece que o que est\u00e1 previsto de fato, para acontecer amanh\u00e3, \u00e9 a realiza\u00e7\u00e3o de uma Assembleia docente, em Campina Grande, e apenas os professores filiados a ADUEPB participar\u00e3o desta Assembleia Geral.<\/p>\n<p>A dire\u00e7\u00e3o comunica ainda que somente ap\u00f3s a realiza\u00e7\u00e3o desta Assembleia, onde os docentes aprovar\u00e3o ou n\u00e3o um calend\u00e1rio e definir\u00e3o os dias das mobiliza\u00e7\u00f5es, poder\u00e1 informar a todos sobre as decis\u00f5es tomadas na Assembleia.<\/p>\n","protected":false},"excerpt":{"rendered":"<p>A Dire\u00e7\u00e3o do Centro de Ci\u00eancias Exatas e Sociais Aplicadas (CCEA) da Universidade Estadual da Para\u00edba (UEPB), em Patos, informa a comunidade universit\u00e1ria que amanh\u00e3 (22) as atividades acad\u00eamicas e administrativas no C\u00e2mpus VII ser\u00e3o mantidas em funcionamento normal, n\u00e3o havendo, at\u00e9 o momento, nenhuma previs\u00e3o de paralisa\u00e7\u00e3o sindical. A dire\u00e7\u00e3o esclarece que o que <a class=\"leiamais\" href=\"https:\/\/centros.uepb.edu.br\/ccea\/2018\/03\/21\/direcao-do-ccea-informa-comunidade-academica-sobre-a-manutencao-do-expediente-em-funcionamento-normal-no-proximo-dia-22\/\">Leia Mais&#8230;<\/a><\/p>\n","protected":false},"author":33,"featured_media":0,"comment_status":"closed","ping_status":"closed","sticky":false,"template":"","format":"standard","meta":{"jetpack_post_was_ever_published":false,"_jetpack_newsletter_access":"","_jetpack_dont_email_post_to_subs":false,"_jetpack_newsletter_tier_id":0,"_jetpack_memberships_contains_paywalled_content":false,"_jetpack_memberships_contains_paid_content":false,"footnotes":"","jetpack_publicize_message":"","jetpack_publicize_feature_enabled":true,"jetpack_social_post_already_shared":true,"jetpack_social_options":{"image_generator_settings":{"template":"highway","default_image_id":0,"font":"","enabled":false},"version":2}},"categories":[8,3],"tags":[],"class_list":["post-930","post","type-post","status-publish","format-standard","hentry","category-ccea","category-noticias"],"jetpack_publicize_connections":[],"jetpack_featured_media_url":"","jetpack_sharing_enabled":true,"jetpack_shortlink":"https:\/\/wp.me\/p7WTGX-f0","jetpack_likes_enabled":true,"jetpack-related-posts":[{"id":1974,"url":"https:\/\/centros.uepb.edu.br\/ccea\/2022\/10\/03\/as-atividades-academicas-do-ccea-serao-suspensas-no-turno-noturno-desta-segunda-feira\/","url_meta":{"origin":930,"position":0},"title":"As atividades acad\u00eamicas do CCEA ser\u00e3o suspensas no turno noturno desta segunda-feira","author":"olivio","date":"3 de outubro de 2022","format":false,"excerpt":"Em virtude dos in\u00fameros comunicados emitidos pelas prefeituras das cidades circunvizinhas, informando sobre a impossibilidade de disponibiliza\u00e7\u00e3o de transporte para os estudantes nesta segunda-feira (03\/10\/2022), e para que n\u00e3o haja preju\u00edzo aos discentes residentes nessas localidades, a Dire\u00e7\u00e3o do Centro de Ci\u00eancias Exatas e Sociais Aplicadas (CCEA \u2013 Campus VII),\u2026","rel":"","context":"Em &quot;Agend Not\u00edcias Destaque&quot;","block_context":{"text":"Agend Not\u00edcias Destaque","link":"https:\/\/centros.uepb.edu.br\/ccea\/category\/agend-noticias-destaque\/"},"img":{"alt_text":"","src":"","width":0,"height":0},"classes":[]},{"id":675,"url":"https:\/\/centros.uepb.edu.br\/ccea\/2017\/10\/27\/direcao-do-ccea-informa-sobre-expediente-durante-o-1o-seminario-interinstitucional-de-diversidade\/","url_meta":{"origin":930,"position":1},"title":"Dire\u00e7\u00e3o do CCEA informa sobre expediente durante o 1\u00ba Semin\u00e1rio Interinstitucional de Diversidade","author":"tatiana","date":"27 de outubro de 2017","format":false,"excerpt":"A Dire\u00e7\u00e3o do Centro de Ci\u00eancias Exatas e Sociais Aplicadas (CCEA) da Universidade Estadual da Para\u00edba (UEPB), em Patos, informa a comunidade acad\u00eamica do C\u00e2mpus VII que nos dias 30 e 31 de outubro e 1\u00ba de novembro, per\u00edodo no qual estar\u00e1 sendo realizado o 1\u00ba Semin\u00e1rio Interinstitucional de Diversidade\u2026","rel":"","context":"Em &quot;CCEA&quot;","block_context":{"text":"CCEA","link":"https:\/\/centros.uepb.edu.br\/ccea\/category\/ccea\/"},"img":{"alt_text":"","src":"","width":0,"height":0},"classes":[]},{"id":653,"url":"https:\/\/centros.uepb.edu.br\/ccea\/2017\/10\/20\/direcao-do-ccea-informa-sobre-atividades-academicas-no-campus-vii-da-uepb-entre-os-dias-23-e-25-de-outubro\/","url_meta":{"origin":930,"position":2},"title":"Dire\u00e7\u00e3o do CCEA informa sobre atividades acad\u00eamicas no C\u00e2mpus VII da UEPB entre os dias 23 e 25\/10","author":"tatiana","date":"20 de outubro de 2017","format":false,"excerpt":"A Dire\u00e7\u00e3o do Centro de Ci\u00eancias Exatas e Sociais Aplicadas (CCEA) da Universidade Estadual da Para\u00edba (UEPB) informa a toda comunidade universit\u00e1ria que as atividades acad\u00eamicas e administrativas no C\u00e2mpus VII ser\u00e3o normais na pr\u00f3xima segunda-feira (23). Apenas na ter\u00e7a-feira (24) haver\u00e1 suspens\u00e3o do expediente na unidade, em virtude do\u2026","rel":"","context":"Em &quot;CCEA&quot;","block_context":{"text":"CCEA","link":"https:\/\/centros.uepb.edu.br\/ccea\/category\/ccea\/"},"img":{"alt_text":"","src":"","width":0,"height":0},"classes":[]},{"id":1069,"url":"https:\/\/centros.uepb.edu.br\/ccea\/2018\/06\/05\/direcao-do-ccea-emite-nota-sobre-problemas-tecnicos-na-central-telefonica-do-campus-vii-da-uepb\/","url_meta":{"origin":930,"position":3},"title":"Dire\u00e7\u00e3o do CCEA emite nota sobre problemas t\u00e9cnicos na central telef\u00f4nica do C\u00e2mpus VII da UEPB","author":"tatiany","date":"5 de junho de 2018","format":false,"excerpt":"A dire\u00e7\u00e3o do Centro de Ci\u00eancias Exatas e Sociais Aplicadas (CCEA), da Universidade Estadual da Para\u00edba (UEPB), informa a toda comunidade que, em decorr\u00eancia de problemas t\u00e9cnicos na central telef\u00f4nica do C\u00e2mpus VII, o n\u00famero (83) 3421 1475 est\u00e1 temporariamente indispon\u00edvel. Diante disso, solicita que os contatos sejam feitos atrav\u00e9s\u2026","rel":"","context":"Em &quot;CCEA&quot;","block_context":{"text":"CCEA","link":"https:\/\/centros.uepb.edu.br\/ccea\/category\/ccea\/"},"img":{"alt_text":"","src":"","width":0,"height":0},"classes":[]},{"id":811,"url":"https:\/\/centros.uepb.edu.br\/ccea\/2018\/02\/22\/direcao-do-ccea-informa-sobre-abertura-de-inscricoes-para-as-atividades-esportivas-no-campus-vii\/","url_meta":{"origin":930,"position":4},"title":"Dire\u00e7\u00e3o do CCEA informa sobre abertura de inscri\u00e7\u00f5es para as atividades esportivas no C\u00e2mpus VII","author":"tatiany","date":"22 de fevereiro de 2018","format":false,"excerpt":"A Dire\u00e7\u00e3o do Centro de Ci\u00eancias Exatas e Sociais Aplicadas (CCEA), C\u00e2mpus VII da Universidade Estadual da Para\u00edba (UEPB) informa, a toda comunidade acad\u00eamica, que j\u00e1 se encontram abertas as inscri\u00e7\u00f5es para as atividades das modalidades esportivas oferecidas pela Coordenadoria de Esporte e Lazer do Centro. Para se inscrever em\u2026","rel":"","context":"Em &quot;CCEA&quot;","block_context":{"text":"CCEA","link":"https:\/\/centros.uepb.edu.br\/ccea\/category\/ccea\/"},"img":{"alt_text":"","src":"","width":0,"height":0},"classes":[]},{"id":900,"url":"https:\/\/centros.uepb.edu.br\/ccea\/2018\/03\/13\/direcao-do-ccea-informa-sobre-o-inicio-das-inscricoes-para-o-curso-futuro-da-democracia-brasileira\/","url_meta":{"origin":930,"position":5},"title":"Dire\u00e7\u00e3o do CCEA informa sobre o in\u00edcio das inscri\u00e7\u00f5es para o curso \u201cFuturo da Democracia Brasileira\u201d","author":"tatiany","date":"13 de mar\u00e7o de 2018","format":false,"excerpt":"A dire\u00e7\u00e3o do Centro de Ci\u00eancias Exatas e Sociais Aplicadas (CCEA), C\u00e2mpus VII da Universidade Estadual da Para\u00edba (UEPB), informa a toda comunidade acad\u00eamica que j\u00e1 est\u00e3o abertas as inscri\u00e7\u00f5es para o curso \u201cFuturo da Democracia Brasileira\u201d, coordenado pelo professor Cidoval Morais de Sousa. As aulas come\u00e7am no dia 19\u2026","rel":"","context":"Em &quot;CCEA&quot;","block_context":{"text":"CCEA","link":"https:\/\/centros.uepb.edu.br\/ccea\/category\/ccea\/"},"img":{"alt_text":"","src":"","width":0,"height":0},"classes":[]}],"_links":{"self":[{"href":"https:\/\/centros.uepb.edu.br\/ccea\/wp-json\/wp\/v2\/posts\/930","targetHints":{"allow":["GET"]}}],"collection":[{"href":"https:\/\/centros.uepb.edu.br\/ccea\/wp-json\/wp\/v2\/posts"}],"about":[{"href":"https:\/\/centros.uepb.edu.br\/ccea\/wp-json\/wp\/v2\/types\/post"}],"author":[{"embeddable":true,"href":"https:\/\/centros.uepb.edu.br\/ccea\/wp-json\/wp\/v2\/users\/33"}],"replies":[{"embeddable":true,"href":"https:\/\/centros.uepb.edu.br\/ccea\/wp-json\/wp\/v2\/comments?post=930"}],"version-history":[{"count":0,"href":"https:\/\/centros.uepb.edu.br\/ccea\/wp-json\/wp\/v2\/posts\/930\/revisions"}],"wp:attachment":[{"href":"https:\/\/centros.uepb.edu.br\/ccea\/wp-json\/wp\/v2\/media?parent=930"}],"wp:term":[{"taxonomy":"category","embeddable":true,"href":"https:\/\/centros.uepb.edu.br\/ccea\/wp-json\/wp\/v2\/categories?post=930"},{"taxonomy":"post_tag","embeddable":true,"href":"https:\/\/centros.uepb.edu.br\/ccea\/wp-json\/wp\/v2\/tags?post=930"}],"curies":[{"name":"wp","href":"https:\/\/api.w.org\/{rel}","templated":true}]}}