{"id":911,"date":"2018-03-15T16:54:56","date_gmt":"2018-03-15T16:54:56","guid":{"rendered":"https:\/\/centros.uepb.edu.br\/ccea\/?p=911"},"modified":"2018-03-15T16:58:27","modified_gmt":"2018-03-15T16:58:27","slug":"coordenacao-de-monitoria-e-estagio-do-ccea-divulga-resultado-final-da-selecao-de-monitores-2017-2","status":"publish","type":"post","link":"https:\/\/centros.uepb.edu.br\/ccea\/2018\/03\/15\/coordenacao-de-monitoria-e-estagio-do-ccea-divulga-resultado-final-da-selecao-de-monitores-2017-2\/","title":{"rendered":"Coordena\u00e7\u00e3o de Monitoria e Est\u00e1gio do CCEA divulga resultado final da Sele\u00e7\u00e3o de Monitores 2017.2"},"content":{"rendered":"<p>A Coordena\u00e7\u00e3o de Monitoria e Est\u00e1gio divulgou, na manh\u00e3 de hoje (15), o resultado final do Processo Seletivo de Monitores para o per\u00edodo letivo 2017.2.<\/p>\n<p><strong>Acesse:<\/strong><\/p>\n<p>&#8211; <a href=\"https:\/\/drive.google.com\/file\/d\/1z0OO2gvFbmYRdsnMOlk33-eC29kDISlt\/view?usp=sharing\">Resultado Final Administra\u00e7\u00e3o<\/a><\/p>\n<p>&#8211; <a href=\"https:\/\/drive.google.com\/file\/d\/10mu1S90dVG-XbLcduXES_xMdP7z9kjM5\/view?usp=sharing\">Resultado Final F\u00edsica<\/a><\/p>\n<p>&#8211; <a href=\"https:\/\/drive.google.com\/file\/d\/1NispsIVHw-GpiP57pRCaTVAxbre6IBKm\/view?usp=sharing\">Resultado Final Computa\u00e7\u00e3o<\/a><\/p>\n<p>&#8211; <a href=\"https:\/\/drive.google.com\/file\/d\/1SY_hcOw9OYNhPDh4YUp3D9yKqWKBGf4O\/view?usp=sharing\">Resultado Final Matem\u00e1tica<\/a><\/p>\n","protected":false},"excerpt":{"rendered":"<p>A Coordena\u00e7\u00e3o de Monitoria e Est\u00e1gio divulgou, na manh\u00e3 de hoje (15), o resultado final do Processo Seletivo de Monitores para o per\u00edodo letivo 2017.2. Acesse: &#8211; Resultado Final Administra\u00e7\u00e3o &#8211; Resultado Final F\u00edsica &#8211; Resultado Final Computa\u00e7\u00e3o &#8211; Resultado Final Matem\u00e1tica<\/p>\n","protected":false},"author":33,"featured_media":0,"comment_status":"closed","ping_status":"closed","sticky":false,"template":"","format":"standard","meta":{"jetpack_post_was_ever_published":false,"_jetpack_newsletter_access":"","_jetpack_dont_email_post_to_subs":false,"_jetpack_newsletter_tier_id":0,"_jetpack_memberships_contains_paywalled_content":false,"_jetpack_memberships_contains_paid_content":false,"footnotes":"","jetpack_publicize_message":"","jetpack_publicize_feature_enabled":true,"jetpack_social_post_already_shared":true,"jetpack_social_options":{"image_generator_settings":{"template":"highway","default_image_id":0,"font":"","enabled":false},"version":2}},"categories":[8,3],"tags":[],"class_list":["post-911","post","type-post","status-publish","format-standard","hentry","category-ccea","category-noticias"],"jetpack_publicize_connections":[],"jetpack_featured_media_url":"","jetpack_sharing_enabled":true,"jetpack_shortlink":"https:\/\/wp.me\/p7WTGX-eH","jetpack_likes_enabled":true,"jetpack-related-posts":[{"id":916,"url":"https:\/\/centros.uepb.edu.br\/ccea\/2018\/03\/19\/coordenacao-de-monitoria-e-estagio-do-ccea-retificou-o-resultado-final-da-selecao-de-monitores-2017-2\/","url_meta":{"origin":911,"position":0},"title":"Coordena\u00e7\u00e3o de Monitoria e Est\u00e1gio do CCEA retifica resultado final da Sele\u00e7\u00e3o de Monitores 2017.2","author":"tatiany","date":"19 de mar\u00e7o de 2018","format":false,"excerpt":"A Coordena\u00e7\u00e3o de Monitoria e Est\u00e1gio retificou o resultado final do Processo Seletivo de Monitores para o per\u00edodo letivo 2017.2, dos cursos de Administra\u00e7\u00e3o e Matem\u00e1tica, divulgado na \u00faltima sexta-feira (16). Acesse: Resultado Final Retificado Administra\u00e7\u00e3o Resultado Final Retificado Matem\u00e1tica \u00a0","rel":"","context":"Em &quot;CCEA&quot;","block_context":{"text":"CCEA","link":"https:\/\/centros.uepb.edu.br\/ccea\/category\/ccea\/"},"img":{"alt_text":"","src":"","width":0,"height":0},"classes":[]},{"id":856,"url":"https:\/\/centros.uepb.edu.br\/ccea\/2018\/03\/05\/coordenacao-de-monitoria-e-estagio-divulga-resultado-da-selecao-interna-para-estagiario-do-curso-de-administracao\/","url_meta":{"origin":911,"position":1},"title":"Coordena\u00e7\u00e3o de Monitoria e Est\u00e1gio divulga resultado da sele\u00e7\u00e3o interna para Estagi\u00e1rio de Administra\u00e7\u00e3o","author":"tatiany","date":"5 de mar\u00e7o de 2018","format":false,"excerpt":"A Coordena\u00e7\u00e3o de Monitoria e Est\u00e1gio divulgou na manh\u00e3 desta segunda-feira (05), o resultado da sele\u00e7\u00e3o interna para aluno estagi\u00e1rio do curso de Administra\u00e7\u00e3o 2017.2. Confira o resultado AQUI. \u00a0","rel":"","context":"Em &quot;CCEA&quot;","block_context":{"text":"CCEA","link":"https:\/\/centros.uepb.edu.br\/ccea\/category\/ccea\/"},"img":{"alt_text":"","src":"","width":0,"height":0},"classes":[]},{"id":864,"url":"https:\/\/centros.uepb.edu.br\/ccea\/2018\/03\/06\/coordenacao-de-monitoria-e-estagio-do-ccea-divulga-concorrencia-para-a-selecao-de-monitores-2017-2\/","url_meta":{"origin":911,"position":2},"title":"Coordena\u00e7\u00e3o de Monitoria e Est\u00e1gio do CCEA divulga concorr\u00eancia para a Sele\u00e7\u00e3o de Monitores 2017.2","author":"tatiany","date":"6 de mar\u00e7o de 2018","format":false,"excerpt":"A Coordena\u00e7\u00e3o de Monitoria e Est\u00e1gio divulgou, na \u00faltima segunda-feira (05), a concorr\u00eancia do Processo Seletivo de Monitores 2017.2. O quadro com o n\u00famero de inscritos e a concorr\u00eancia por componentes curriculares pode ser conferido no endere\u00e7o eletr\u00f4nico https:\/\/docs.google.com\/document\/d\/1OmhJRzDWFSdsk_idrZBODYTmxfQVYn7vsVI4YB3CXZE\/edit?usp=sharing","rel":"","context":"Em &quot;CCEA&quot;","block_context":{"text":"CCEA","link":"https:\/\/centros.uepb.edu.br\/ccea\/category\/ccea\/"},"img":{"alt_text":"","src":"","width":0,"height":0},"classes":[]},{"id":533,"url":"https:\/\/centros.uepb.edu.br\/ccea\/2017\/09\/19\/divulgado-resultado-da-selecao-de-monitores-dos-cursos-de-administracao-computacao-fisica-e-matematica-do-ccea\/","url_meta":{"origin":911,"position":3},"title":"Divulgado resultado da sele\u00e7\u00e3o de monitores dos cursos de Administra\u00e7\u00e3o, Computa\u00e7\u00e3o, F\u00edsica e Matem\u00e1tica","author":"tatiana","date":"19 de setembro de 2017","format":false,"excerpt":"A Coordena\u00e7\u00e3o de Monitoria e Est\u00e1gio da Universidade Estadual da Para\u00edba (UEPB) divulgou nesta ter\u00e7a-feira (19) o resultado da sele\u00e7\u00e3o de monitores dos cursos de Administra\u00e7\u00e3o, Computa\u00e7\u00e3o, F\u00edsica e Matem\u00e1tica do Centro de Ci\u00eancias Exatas e Sociais Aplicadas (CCEA) da Institui\u00e7\u00e3o. Confira os resultados nos links abaixo: - [wpfilebase tag=fileurl\u2026","rel":"","context":"Em &quot;CCEA&quot;","block_context":{"text":"CCEA","link":"https:\/\/centros.uepb.edu.br\/ccea\/category\/ccea\/"},"img":{"alt_text":"","src":"","width":0,"height":0},"classes":[]},{"id":499,"url":"https:\/\/centros.uepb.edu.br\/ccea\/2017\/08\/30\/ccea-realiza-inscricoes-para-selecao-de-monitores-para-os-periodos-2017-1-e-2017-2-ate-o-dia-8-de-setembro\/","url_meta":{"origin":911,"position":4},"title":"CCEA realiza inscri\u00e7\u00f5es para sele\u00e7\u00e3o de monitores para os per\u00edodos 2017.1 e 2017.2 at\u00e9 o dia 8 de setembro","author":"tatiana","date":"30 de agosto de 2017","format":false,"excerpt":"A Sele\u00e7\u00e3o de Monitores no CCEA ocorrer\u00e1 de 30 de agosto a 8 de setembro, conforme quadro de vagas informado. A novidade esse semestre \u00e9 que as inscri\u00e7\u00f5es ocorrer\u00e3o exclusivamente por meio de formul\u00e1rio online, dispon\u00edvel durante todo o per\u00edodo, inclusive em feriados. Ser\u00e3o disponibilizadas tr\u00eas bolsas no valor de\u2026","rel":"","context":"Em &quot;CCEA&quot;","block_context":{"text":"CCEA","link":"https:\/\/centros.uepb.edu.br\/ccea\/category\/ccea\/"},"img":{"alt_text":"","src":"","width":0,"height":0},"classes":[]},{"id":778,"url":"https:\/\/centros.uepb.edu.br\/ccea\/2018\/02\/07\/a-coordenacao-de-estagios-e-monitoria-do-campus-vii-da-uepb-abre-selecao-interna-com-vagas-de-estagio-para-curso-de-administracao\/","url_meta":{"origin":911,"position":5},"title":"A Coordena\u00e7\u00e3o de Est\u00e1gios e Monitoria do C\u00e2mpus VII da UEPB abre sele\u00e7\u00e3o interna com vaga para est\u00e1gio","author":"tatiany","date":"7 de fevereiro de 2018","format":false,"excerpt":"A Coordena\u00e7\u00e3o de Est\u00e1gios e Monitoria do Centro de Ci\u00eancias Exatas e Sociais Aplicadas (CCEA), C\u00e2mpus VII da Universidade Estadual da Para\u00edba (UEPB), abre sele\u00e7\u00e3o interna para alunos interessados em estagiar no curso de Administra\u00e7\u00e3o. Ao todo, est\u00e3o sendo oferecidas 02 vagas, sendo uma no per\u00edodo diurno e outra no\u2026","rel":"","context":"Em &quot;CCEA&quot;","block_context":{"text":"CCEA","link":"https:\/\/centros.uepb.edu.br\/ccea\/category\/ccea\/"},"img":{"alt_text":"","src":"","width":0,"height":0},"classes":[]}],"_links":{"self":[{"href":"https:\/\/centros.uepb.edu.br\/ccea\/wp-json\/wp\/v2\/posts\/911","targetHints":{"allow":["GET"]}}],"collection":[{"href":"https:\/\/centros.uepb.edu.br\/ccea\/wp-json\/wp\/v2\/posts"}],"about":[{"href":"https:\/\/centros.uepb.edu.br\/ccea\/wp-json\/wp\/v2\/types\/post"}],"author":[{"embeddable":true,"href":"https:\/\/centros.uepb.edu.br\/ccea\/wp-json\/wp\/v2\/users\/33"}],"replies":[{"embeddable":true,"href":"https:\/\/centros.uepb.edu.br\/ccea\/wp-json\/wp\/v2\/comments?post=911"}],"version-history":[{"count":0,"href":"https:\/\/centros.uepb.edu.br\/ccea\/wp-json\/wp\/v2\/posts\/911\/revisions"}],"wp:attachment":[{"href":"https:\/\/centros.uepb.edu.br\/ccea\/wp-json\/wp\/v2\/media?parent=911"}],"wp:term":[{"taxonomy":"category","embeddable":true,"href":"https:\/\/centros.uepb.edu.br\/ccea\/wp-json\/wp\/v2\/categories?post=911"},{"taxonomy":"post_tag","embeddable":true,"href":"https:\/\/centros.uepb.edu.br\/ccea\/wp-json\/wp\/v2\/tags?post=911"}],"curies":[{"name":"wp","href":"https:\/\/api.w.org\/{rel}","templated":true}]}}