{"id":900,"date":"2018-03-13T16:27:24","date_gmt":"2018-03-13T16:27:24","guid":{"rendered":"https:\/\/centros.uepb.edu.br\/ccea\/?p=900"},"modified":"2018-03-13T16:27:24","modified_gmt":"2018-03-13T16:27:24","slug":"direcao-do-ccea-informa-sobre-o-inicio-das-inscricoes-para-o-curso-futuro-da-democracia-brasileira","status":"publish","type":"post","link":"https:\/\/centros.uepb.edu.br\/ccea\/2018\/03\/13\/direcao-do-ccea-informa-sobre-o-inicio-das-inscricoes-para-o-curso-futuro-da-democracia-brasileira\/","title":{"rendered":"Dire\u00e7\u00e3o do CCEA informa sobre o in\u00edcio das inscri\u00e7\u00f5es para o curso \u201cFuturo da Democracia Brasileira\u201d"},"content":{"rendered":"<p>A dire\u00e7\u00e3o do Centro de Ci\u00eancias Exatas e Sociais Aplicadas (CCEA), C\u00e2mpus VII da Universidade Estadual da Para\u00edba (UEPB), informa a toda comunidade acad\u00eamica que j\u00e1 est\u00e3o abertas as inscri\u00e7\u00f5es para o curso \u201cFuturo da Democracia Brasileira\u201d, coordenado pelo professor Cidoval Morais de Sousa. As aulas come\u00e7am no dia 19 de mar\u00e7o, e acontecer\u00e3o \u00e0s segundas-feiras, das 14 \u00e0s 17h, no C\u00e2mpus VII da UEPB, em Patos.<\/p>\n<p>Para a atividade est\u00e3o sendo oferecidas 40 vagas e o curso tem como p\u00fablico-alvo a comunidade acad\u00eamica e todos os cidad\u00e3os que se interessem pelo debate em quest\u00e3o. A previs\u00e3o \u00e9 de que sejam realizados entre 15 e 18 encontros, somando uma carga hor\u00e1ria total de 60 horas. As aulas ministradas no curso se alinham em favor da liberdade, da democracia e da justi\u00e7a social, sem dispensar o rigor cient\u00edfico ou aderir a qualquer tipo de dogmatismo. A disciplina \u00e9 facultativa e n\u00e3o integra a grade obrigat\u00f3ria de nenhum curso. No entanto, o curso poder\u00e1 ser contado como extens\u00e3o ou disciplina eletiva para gradua\u00e7\u00e3o e p\u00f3s-gradua\u00e7\u00e3o.<\/p>\n<p>Em conformidade com a ementa que resume o conte\u00fado conceitual, o curso conta com tr\u00eas objetivos complementares que s\u00e3o entender os elementos de fragilidade do sistema pol\u00edtico brasileiro que permitiram a ruptura democr\u00e1tica de maio e agosto de 2016, com a deposi\u00e7\u00e3o da presidente Dilma Rousseff; analisar o governo presidido por Michel Temer e investigar o que sua agenda de retrocesso nos direitos e restri\u00e7\u00e3o \u00e0s liberdades diz sobre a rela\u00e7\u00e3o entre as desigualdades sociais e o sistema pol\u00edtico no Brasil; perscrutar os desdobramentos da crise em curso e as possibilidades de refor\u00e7o da resist\u00eancia popular e de restabelecimento do Estado de direito e da democracia pol\u00edtica no Brasil.<\/p>\n<p>Al\u00e9m de perfilar \u00e0 proposta do professor Lu\u00eds Felipe, da Universidade de Bras\u00edlia (UnB), o curso inclui ainda tr\u00eas importantes quest\u00f5es ao programa que s\u00e3o o balan\u00e7o das repercuss\u00f5es internacionais em v\u00e1rios setores; o debate sobre o golpe e as pol\u00edticas de desenvolvimento regional\/ local\/ territorial e urbanas; e o debate acerca das pol\u00edticas p\u00fablicas de Ci\u00eancia, Tecnologia e Inova\u00e7\u00e3o.<\/p>\n<p>De acordo com o professor Cidoval, para o curso espec\u00edfico a ser ministrado no c\u00e2mpus de Patos, foram articulados e mobilizados pesquisadores de hist\u00f3ria, ci\u00eancia pol\u00edtica, direito, sociologia, economia pol\u00edtica, administra\u00e7\u00e3o p\u00fablica, e tem como colaboradores os professores Dr. Antonio Guedes Rangel Junior (UEPB); Prof. Me. Adriano Homero (UEPB); Prof. Dr. Luciano Albino; Prof. Me. Gilbergues Santos Soares (UEPB); Prof. Dr. Luciano do Nascimento Silva (UEPB); Prof. Me. Hip\u00f3lito de Sousa Lucena (UEPB); Hermano Nepomuceno (UFCG); Valmir Pereira (UEPB); Geraldo Medeiros (UEPB); Ivo Theis (FURB &#8211; SC); Carlos Brand\u00e3o (UFRJ); Jo\u00e3o Morais de Sousa (UFRPE); Jess\u00e9 Souza (UFABC), al\u00e9m de dois colaboradores internacionais Pedro Andrade, de Portugal; e Jos\u00e9 Esteban Castro, da Argentina.<\/p>\n<p>Os interessados podem efetuar a inscri\u00e7\u00e3o nas secretarias dos cursos que comp\u00f5em o Centro de Ci\u00eancias Exatas e Sociais Aplicadas ou por meio do preenchimento do formul\u00e1rio online dispon\u00edvel no endere\u00e7o <a href=\"https:\/\/docs.google.com\/forms\/d\/e\/1FAIpQLSeLbGwf8oYg8Cd1rf2qj0EL4XvhaSnHtJ7OHclrqoreVd8mRA\/viewform\">https:\/\/docs.google.com\/forms\/d\/e\/1FAIpQLSeLbGwf8oYg8Cd1rf2qj0EL4XvhaSnHtJ7OHclrqoreVd8mRA\/viewform<\/a><\/p>\n<p>&nbsp;<\/p>\n<p>Texto: Tatiany Escari\u00e3o<\/p>\n","protected":false},"excerpt":{"rendered":"<p>A dire\u00e7\u00e3o do Centro de Ci\u00eancias Exatas e Sociais Aplicadas (CCEA), C\u00e2mpus VII da Universidade Estadual da Para\u00edba (UEPB), informa a toda comunidade acad\u00eamica que j\u00e1 est\u00e3o abertas as inscri\u00e7\u00f5es para o curso \u201cFuturo da Democracia Brasileira\u201d, coordenado pelo professor Cidoval Morais de Sousa. As aulas come\u00e7am no dia 19 de mar\u00e7o, e acontecer\u00e3o \u00e0s <a class=\"leiamais\" href=\"https:\/\/centros.uepb.edu.br\/ccea\/2018\/03\/13\/direcao-do-ccea-informa-sobre-o-inicio-das-inscricoes-para-o-curso-futuro-da-democracia-brasileira\/\">Leia Mais&#8230;<\/a><\/p>\n","protected":false},"author":33,"featured_media":0,"comment_status":"closed","ping_status":"closed","sticky":false,"template":"","format":"standard","meta":{"jetpack_post_was_ever_published":false,"_jetpack_newsletter_access":"","_jetpack_dont_email_post_to_subs":false,"_jetpack_newsletter_tier_id":0,"_jetpack_memberships_contains_paywalled_content":false,"_jetpack_memberships_contains_paid_content":false,"footnotes":"","jetpack_publicize_message":"","jetpack_publicize_feature_enabled":true,"jetpack_social_post_already_shared":true,"jetpack_social_options":{"image_generator_settings":{"template":"highway","default_image_id":0,"font":"","enabled":false},"version":2}},"categories":[8,3],"tags":[],"class_list":["post-900","post","type-post","status-publish","format-standard","hentry","category-ccea","category-noticias"],"jetpack_publicize_connections":[],"jetpack_featured_media_url":"","jetpack_sharing_enabled":true,"jetpack_shortlink":"https:\/\/wp.me\/p7WTGX-ew","jetpack_likes_enabled":true,"jetpack-related-posts":[{"id":811,"url":"https:\/\/centros.uepb.edu.br\/ccea\/2018\/02\/22\/direcao-do-ccea-informa-sobre-abertura-de-inscricoes-para-as-atividades-esportivas-no-campus-vii\/","url_meta":{"origin":900,"position":0},"title":"Dire\u00e7\u00e3o do CCEA informa sobre abertura de inscri\u00e7\u00f5es para as atividades esportivas no C\u00e2mpus VII","author":"tatiany","date":"22 de fevereiro de 2018","format":false,"excerpt":"A Dire\u00e7\u00e3o do Centro de Ci\u00eancias Exatas e Sociais Aplicadas (CCEA), C\u00e2mpus VII da Universidade Estadual da Para\u00edba (UEPB) informa, a toda comunidade acad\u00eamica, que j\u00e1 se encontram abertas as inscri\u00e7\u00f5es para as atividades das modalidades esportivas oferecidas pela Coordenadoria de Esporte e Lazer do Centro. Para se inscrever em\u2026","rel":"","context":"Em &quot;CCEA&quot;","block_context":{"text":"CCEA","link":"https:\/\/centros.uepb.edu.br\/ccea\/category\/ccea\/"},"img":{"alt_text":"","src":"","width":0,"height":0},"classes":[]},{"id":647,"url":"https:\/\/centros.uepb.edu.br\/ccea\/2017\/10\/19\/universidade-estadual-da-paraiba-lamenta-falecimento-de-aluno-do-curso-de-computacao-do-campus-vii\/","url_meta":{"origin":900,"position":1},"title":"Universidade Estadual da Para\u00edba lamenta falecimento de aluno do curso de Computa\u00e7\u00e3o do C\u00e2mpus VII","author":"tatiana","date":"19 de outubro de 2017","format":false,"excerpt":"A Administra\u00e7\u00e3o Central da Universidade Estadual da Para\u00edba (UEPB), juntamente com a Dire\u00e7\u00e3o do Centro de Ci\u00eancias Exatas e Sociais Aplicadas (CCEA) e com a Coordena\u00e7\u00e3o do Curso de Bacharelado em Ci\u00eancias da Computa\u00e7\u00e3o, do C\u00e2mpus VII, em Patos, lamenta com profundo pesar, em nome de toda a comunidade acad\u00eamica,\u2026","rel":"","context":"Em &quot;CCEA&quot;","block_context":{"text":"CCEA","link":"https:\/\/centros.uepb.edu.br\/ccea\/category\/ccea\/"},"img":{"alt_text":"","src":"https:\/\/i0.wp.com\/www.uepb.edu.br\/wp-content\/uploads\/2017\/10\/Geovane-CCEA-252x300.jpg?resize=350%2C200","width":350,"height":200},"classes":[]},{"id":1245,"url":"https:\/\/centros.uepb.edu.br\/ccea\/2019\/03\/11\/nucleo-de-arte-e-cultura-do-campus-vii-inscreve-para-cursos-de-violao-teoria-musical-e-canto\/","url_meta":{"origin":900,"position":2},"title":"N\u00facleo de Arte e Cultura do C\u00e2mpus VII inscreve para cursos de Viol\u00e3o, Teoria Musical e Canto","author":"tatiana","date":"11 de mar\u00e7o de 2019","format":false,"excerpt":"O N\u00facleo de Arte e Cultura do C\u00e2mpus VII (NarC7) do Centro de Ci\u00eancias Exatas e Sociais Aplicadas (CCEA) da Universidade Estadual da Para\u00edba (UEPB), em Patos, est\u00e1 com inscri\u00e7\u00f5es abertas para os cursos de Inicia\u00e7\u00e3o ao Viol\u00e3o, Teoria Musical e Inicia\u00e7\u00e3o ao Canto, voltados \u00e0 comunidade acad\u00eamica e a\u2026","rel":"","context":"Em &quot;CCEA&quot;","block_context":{"text":"CCEA","link":"https:\/\/centros.uepb.edu.br\/ccea\/category\/ccea\/"},"img":{"alt_text":"","src":"","width":0,"height":0},"classes":[]},{"id":1365,"url":"https:\/\/centros.uepb.edu.br\/ccea\/2020\/03\/26\/ccea-informa-sobre-canais-de-atendimento-remoto-durante-periodo-de-isolamento-social\/","url_meta":{"origin":900,"position":3},"title":"CCEA informa sobre canais de atendimento remoto durante per\u00edodo de isolamento social","author":"tatiana","date":"26 de mar\u00e7o de 2020","format":false,"excerpt":"O Centro de Ci\u00eancias Exatas e Sociais Aplicadas (CCEA) da Universidade Estadual da Para\u00edba (UEPB), localizado no C\u00e2mpus VII, em Patos, informa \u00e0 comunidade acad\u00eamica e ao p\u00fablico geral que, em face \u00e0s medidas adotadas pela Administra\u00e7\u00e3o Central da Institui\u00e7\u00e3o como forma preventiva \u00e0 infec\u00e7\u00e3o pelo novo coronav\u00edrus, os setores\u2026","rel":"","context":"Em &quot;CCEA&quot;","block_context":{"text":"CCEA","link":"https:\/\/centros.uepb.edu.br\/ccea\/category\/ccea\/"},"img":{"alt_text":"","src":"","width":0,"height":0},"classes":[]},{"id":1498,"url":"https:\/\/centros.uepb.edu.br\/ccea\/2020\/03\/26\/ccea-informa-sobre-canais-de-atendimento-remoto-durante-periodo-de-isolamento-social-2\/","url_meta":{"origin":900,"position":4},"title":"CCEA informa sobre canais de atendimento remoto durante per\u00edodo de isolamento social","author":"tatiana","date":"26 de mar\u00e7o de 2020","format":false,"excerpt":"O Centro de Ci\u00eancias Exatas e Sociais Aplicadas (CCEA) da Universidade Estadual da Para\u00edba (UEPB), localizado no C\u00e2mpus VII, em Patos, informa \u00e0 comunidade acad\u00eamica e ao p\u00fablico geral que, em face \u00e0s medidas adotadas pela Administra\u00e7\u00e3o Central da Institui\u00e7\u00e3o como forma preventiva \u00e0 infec\u00e7\u00e3o pelo novo coronav\u00edrus, os setores\u2026","rel":"","context":"Em &quot;CCEA&quot;","block_context":{"text":"CCEA","link":"https:\/\/centros.uepb.edu.br\/ccea\/category\/ccea\/"},"img":{"alt_text":"","src":"","width":0,"height":0},"classes":[]},{"id":846,"url":"https:\/\/centros.uepb.edu.br\/ccea\/2018\/03\/05\/direcao-do-centro-de-ciencias-exatas-e-sociais-aplicadas-da-uepb-emite-nota-de-pesar-pelo-falecimento-de-aluno-do-curso-de-fisica\/","url_meta":{"origin":900,"position":5},"title":"Dire\u00e7\u00e3o do CCEA emite nota de pesar pelo falecimento de aluno do curso de F\u00edsica do C\u00e2mpus VII","author":"tatiany","date":"5 de mar\u00e7o de 2018","format":false,"excerpt":"A Dire\u00e7\u00e3o do Centro de Ci\u00eancias Exatas e Sociais Aplicadas (CCEA), da Universidade Estadual da Para\u00edba (UEPB), juntamente com a Coordena\u00e7\u00e3o do Curso de Licenciatura em F\u00edsica, do C\u00e2mpus VII, e em nome de toda a comunidade acad\u00eamica, lamenta com o mais profundo pesar o falecimento do estudante Davi Pereira\u2026","rel":"","context":"Em &quot;CCEA&quot;","block_context":{"text":"CCEA","link":"https:\/\/centros.uepb.edu.br\/ccea\/category\/ccea\/"},"img":{"alt_text":"","src":"https:\/\/i0.wp.com\/centros.uepb.edu.br\/ccea\/files\/2018\/03\/IMG-20180305-WA0000.jpg?resize=350%2C200&ssl=1","width":350,"height":200,"srcset":"https:\/\/i0.wp.com\/centros.uepb.edu.br\/ccea\/files\/2018\/03\/IMG-20180305-WA0000.jpg?resize=350%2C200&ssl=1 1x, https:\/\/i0.wp.com\/centros.uepb.edu.br\/ccea\/files\/2018\/03\/IMG-20180305-WA0000.jpg?resize=525%2C300&ssl=1 1.5x"},"classes":[]}],"_links":{"self":[{"href":"https:\/\/centros.uepb.edu.br\/ccea\/wp-json\/wp\/v2\/posts\/900","targetHints":{"allow":["GET"]}}],"collection":[{"href":"https:\/\/centros.uepb.edu.br\/ccea\/wp-json\/wp\/v2\/posts"}],"about":[{"href":"https:\/\/centros.uepb.edu.br\/ccea\/wp-json\/wp\/v2\/types\/post"}],"author":[{"embeddable":true,"href":"https:\/\/centros.uepb.edu.br\/ccea\/wp-json\/wp\/v2\/users\/33"}],"replies":[{"embeddable":true,"href":"https:\/\/centros.uepb.edu.br\/ccea\/wp-json\/wp\/v2\/comments?post=900"}],"version-history":[{"count":0,"href":"https:\/\/centros.uepb.edu.br\/ccea\/wp-json\/wp\/v2\/posts\/900\/revisions"}],"wp:attachment":[{"href":"https:\/\/centros.uepb.edu.br\/ccea\/wp-json\/wp\/v2\/media?parent=900"}],"wp:term":[{"taxonomy":"category","embeddable":true,"href":"https:\/\/centros.uepb.edu.br\/ccea\/wp-json\/wp\/v2\/categories?post=900"},{"taxonomy":"post_tag","embeddable":true,"href":"https:\/\/centros.uepb.edu.br\/ccea\/wp-json\/wp\/v2\/tags?post=900"}],"curies":[{"name":"wp","href":"https:\/\/api.w.org\/{rel}","templated":true}]}}