{"id":871,"date":"2018-03-08T11:36:27","date_gmt":"2018-03-08T11:36:27","guid":{"rendered":"https:\/\/centros.uepb.edu.br\/ccea\/?p=871"},"modified":"2018-03-08T13:11:00","modified_gmt":"2018-03-08T13:11:00","slug":"1a-edicao-do-cine-debate-sera-realizado-no-campus-vii-da-universidade-estadual-em-homenagem-ao-dia-internacional-da-mulher","status":"publish","type":"post","link":"https:\/\/centros.uepb.edu.br\/ccea\/2018\/03\/08\/1a-edicao-do-cine-debate-sera-realizado-no-campus-vii-da-universidade-estadual-em-homenagem-ao-dia-internacional-da-mulher\/","title":{"rendered":"C\u00e2mpus VII realiza 1\u00aa edi\u00e7\u00e3o do Cine Debate em homenagem ao Dia Internacional da Mulher"},"content":{"rendered":"<p><img loading=\"lazy\" decoding=\"async\" class=\"aligncenter  wp-image-891 img-responsive\" src=\"https:\/\/centros.uepb.edu.br\/ccea\/files\/2018\/03\/Cine-Debate-1024x647.jpg\" alt=\"\" width=\"820\" height=\"518\" srcset=\"https:\/\/centros.uepb.edu.br\/ccea\/files\/2018\/03\/Cine-Debate-1024x647.jpg 1024w, https:\/\/centros.uepb.edu.br\/ccea\/files\/2018\/03\/Cine-Debate-300x190.jpg 300w, https:\/\/centros.uepb.edu.br\/ccea\/files\/2018\/03\/Cine-Debate-768x485.jpg 768w, https:\/\/centros.uepb.edu.br\/ccea\/files\/2018\/03\/Cine-Debate-370x234.jpg 370w, https:\/\/centros.uepb.edu.br\/ccea\/files\/2018\/03\/Cine-Debate-840x531.jpg 840w, https:\/\/centros.uepb.edu.br\/ccea\/files\/2018\/03\/Cine-Debate.jpg 1280w\" sizes=\"auto, (max-width: 820px) 100vw, 820px\" \/><\/p>\n<p>Os cursos de Bacharelado em Administra\u00e7\u00e3o e Bacharelado em Ci\u00eancias da Computa\u00e7\u00e3o, do Centro de Ci\u00eancias Exatas e Sociais Aplicadas (CCEA), C\u00e2mpus VII da Universidade Estadual da Para\u00edba (UEPB), atrav\u00e9s da professora Susi Resende e do professor Jefferson Felipe, promovem a 1\u00aa edi\u00e7\u00e3o do Cine Debate e convida toda a comunidade acad\u00eamica para uma sess\u00e3o de cinema com exibi\u00e7\u00e3o comentada do filme \u201cEstrelas Al\u00e9m do Tempo\u201d, uma homenagem ao Dia Internacional da Mulher. O evento acontece na noite desta quinta-feira (08), \u00e0s 19h, no Audit\u00f3rio Celso Furtado, no C\u00e2mpus VII da UEPB, em Patos.<\/p>\n<p>\u201cEstrelas Al\u00e9m do Tempo\u201d, dirigido por Theodore Melfi, \u00e9 um filme de longa-metragem adaptado da proposta liter\u00e1ria de Marggot Lee Shetterly, \u201cHidden Figures: The Story of the African American Women Who Helped Win the Space Race\u201d (Figuras Escondidas: a hist\u00f3ria das mulheres negras americanas que ajudaram na corrida espacial dos EUA), retrata a hist\u00f3ria real de uma equipe de cientistas da NASA, formada por mulheres afro-americanas, que no auge da corrida espacial entre os Estados Unidos e a R\u00fassia, em 1960, quando as leis de segrega\u00e7\u00e3o racial ainda estavam em vigor nos Estados Unidos, lutaram contra todos os preconceitos e lideraram uma das maiores opera\u00e7\u00f5es tecnol\u00f3gicas registradas na hist\u00f3ria americana, mudando a hist\u00f3ria do pa\u00eds\u00a0 ao tornarem poss\u00edvel o lan\u00e7amento do astronauta John Glenn para o espa\u00e7o.<\/p>\n<p>O evento constitui-se como espa\u00e7o de discuss\u00e3o e an\u00e1lise reflexiva acerca do papel da mulher na sociedade, o enfrentamento dos limites impostos por todos os tipos de preconceito e a luta por reconhecimento e direitos igualit\u00e1rios. O evento \u00e9 gratuito e aberto ao p\u00fablico.<\/p>\n<p>&nbsp;<\/p>\n<p><em><strong>Texto:<\/strong> Tatiany Escari\u00e3o<\/em><\/p>\n","protected":false},"excerpt":{"rendered":"<p>Os cursos de Bacharelado em Administra\u00e7\u00e3o e Bacharelado em Ci\u00eancias da Computa\u00e7\u00e3o, do Centro de Ci\u00eancias Exatas e Sociais Aplicadas (CCEA), C\u00e2mpus VII da Universidade Estadual da Para\u00edba (UEPB), atrav\u00e9s da professora Susi Resende e do professor Jefferson Felipe, promovem a 1\u00aa edi\u00e7\u00e3o do Cine Debate e convida toda a comunidade acad\u00eamica para uma sess\u00e3o <a class=\"leiamais\" href=\"https:\/\/centros.uepb.edu.br\/ccea\/2018\/03\/08\/1a-edicao-do-cine-debate-sera-realizado-no-campus-vii-da-universidade-estadual-em-homenagem-ao-dia-internacional-da-mulher\/\">Leia Mais&#8230;<\/a><\/p>\n","protected":false},"author":33,"featured_media":0,"comment_status":"closed","ping_status":"closed","sticky":false,"template":"","format":"standard","meta":{"jetpack_post_was_ever_published":false,"_jetpack_newsletter_access":"","_jetpack_dont_email_post_to_subs":false,"_jetpack_newsletter_tier_id":0,"_jetpack_memberships_contains_paywalled_content":false,"_jetpack_memberships_contains_paid_content":false,"footnotes":"","jetpack_publicize_message":"","jetpack_publicize_feature_enabled":true,"jetpack_social_post_already_shared":true,"jetpack_social_options":{"image_generator_settings":{"template":"highway","default_image_id":0,"font":"","enabled":false},"version":2}},"categories":[8,3],"tags":[],"class_list":["post-871","post","type-post","status-publish","format-standard","hentry","category-ccea","category-noticias"],"jetpack_publicize_connections":[],"jetpack_featured_media_url":"","jetpack_sharing_enabled":true,"jetpack_shortlink":"https:\/\/wp.me\/p7WTGX-e3","jetpack_likes_enabled":true,"jetpack-related-posts":[{"id":690,"url":"https:\/\/centros.uepb.edu.br\/ccea\/2017\/11\/13\/bacharelado-em-ciencias-da-computacao-promove-palestra-sobre-ciencia-de-dados-no-campus-vii\/","url_meta":{"origin":871,"position":0},"title":"Bacharelado em Ci\u00eancias da Computa\u00e7\u00e3o promove palestra sobre Ci\u00eancia de Dados no C\u00e2mpus VII","author":"tatiana","date":"13 de novembro de 2017","format":false,"excerpt":"O curso de Bacharelado em Computa\u00e7\u00e3o, do Centro de Ci\u00eancias Exatas e Sociais Aplicadas (CCEA) da Universidade Estadual da Para\u00edba (UEPB), promove no pr\u00f3ximo dia 22 de novembro a palestra \u201cComo iniciar no mundo da ci\u00eancia de dados\u201d, a ser ministrada pelo professor Adriano Ara\u00fajo Santos. O evento \u00e9 gratuito\u2026","rel":"","context":"Em &quot;CCEA&quot;","block_context":{"text":"CCEA","link":"https:\/\/centros.uepb.edu.br\/ccea\/category\/ccea\/"},"img":{"alt_text":"","src":"https:\/\/i0.wp.com\/www.uepb.edu.br\/wp-content\/uploads\/2017\/11\/Computa%C3%A7%C3%A3o-CCEA.jpg?resize=350%2C200","width":350,"height":200,"srcset":"https:\/\/i0.wp.com\/www.uepb.edu.br\/wp-content\/uploads\/2017\/11\/Computa%C3%A7%C3%A3o-CCEA.jpg?resize=350%2C200 1x, https:\/\/i0.wp.com\/www.uepb.edu.br\/wp-content\/uploads\/2017\/11\/Computa%C3%A7%C3%A3o-CCEA.jpg?resize=525%2C300 1.5x, https:\/\/i0.wp.com\/www.uepb.edu.br\/wp-content\/uploads\/2017\/11\/Computa%C3%A7%C3%A3o-CCEA.jpg?resize=700%2C400 2x"},"classes":[]},{"id":1312,"url":"https:\/\/centros.uepb.edu.br\/ccea\/2019\/10\/22\/campus-vii-da-universidade-estadual-da-paraiba-em-patos-realiza-1a-semana-de-administracao\/","url_meta":{"origin":871,"position":1},"title":"C\u00e2mpus VII da Universidade Estadual da Para\u00edba, em Patos, realiza 1\u00aa Semana de Administra\u00e7\u00e3o","author":"tatiana","date":"22 de outubro de 2019","format":false,"excerpt":"Entre os dias 15 e 18 de outubro, a Coordena\u00e7\u00e3o do Curso de Administra\u00e7\u00e3o do C\u00e2mpus VII da Universidade Estadual da Para\u00edba (UEPB) e professores realizaram a primeira edi\u00e7\u00e3o da Semana de Administra\u00e7\u00e3o (SEMAD). O evento, sediado no Centro de Ci\u00eancias Exatas e Sociais Aplicadas (CCEA), abordou os desafios das\u2026","rel":"","context":"Em &quot;CCEA&quot;","block_context":{"text":"CCEA","link":"https:\/\/centros.uepb.edu.br\/ccea\/category\/ccea\/"},"img":{"alt_text":"","src":"","width":0,"height":0},"classes":[]},{"id":647,"url":"https:\/\/centros.uepb.edu.br\/ccea\/2017\/10\/19\/universidade-estadual-da-paraiba-lamenta-falecimento-de-aluno-do-curso-de-computacao-do-campus-vii\/","url_meta":{"origin":871,"position":2},"title":"Universidade Estadual da Para\u00edba lamenta falecimento de aluno do curso de Computa\u00e7\u00e3o do C\u00e2mpus VII","author":"tatiana","date":"19 de outubro de 2017","format":false,"excerpt":"A Administra\u00e7\u00e3o Central da Universidade Estadual da Para\u00edba (UEPB), juntamente com a Dire\u00e7\u00e3o do Centro de Ci\u00eancias Exatas e Sociais Aplicadas (CCEA) e com a Coordena\u00e7\u00e3o do Curso de Bacharelado em Ci\u00eancias da Computa\u00e7\u00e3o, do C\u00e2mpus VII, em Patos, lamenta com profundo pesar, em nome de toda a comunidade acad\u00eamica,\u2026","rel":"","context":"Em &quot;CCEA&quot;","block_context":{"text":"CCEA","link":"https:\/\/centros.uepb.edu.br\/ccea\/category\/ccea\/"},"img":{"alt_text":"","src":"https:\/\/i0.wp.com\/www.uepb.edu.br\/wp-content\/uploads\/2017\/10\/Geovane-CCEA-252x300.jpg?resize=350%2C200","width":350,"height":200},"classes":[]},{"id":1720,"url":"https:\/\/centros.uepb.edu.br\/ccea\/2022\/05\/17\/prograd-divulga-resultado-da-selecao-de-estudantes-para-o-curso-de-bacharelado-em-administracao\/","url_meta":{"origin":871,"position":3},"title":"PROGRAD divulga resultado da sele\u00e7\u00e3o de estudantes para o curso de Bacharelado em Administra\u00e7\u00e3o","author":"Givaldo","date":"17 de maio de 2022","format":false,"excerpt":"A Pr\u00f3-Reitoria de Gradua\u00e7\u00e3o (PROGRAD) da Universidade Estadual da Para\u00edba (UEPB) divulgou o resultado da sele\u00e7\u00e3o para estudantes do curso de Bacharelado em Administra\u00e7\u00e3o do Centro de Ci\u00eancias Exatas e Sociais Aplicadas (CCEA), C\u00e2mpus VII, localizado na cidade de Patos. Os candidatos convocados para a matr\u00edcula ter\u00e3o sua matr\u00edcula realizada\u2026","rel":"","context":"Em &quot;CCEA&quot;","block_context":{"text":"CCEA","link":"https:\/\/centros.uepb.edu.br\/ccea\/category\/ccea\/"},"img":{"alt_text":"","src":"","width":0,"height":0},"classes":[]},{"id":1520,"url":"https:\/\/centros.uepb.edu.br\/ccea\/2019\/10\/22\/campus-vii-da-universidade-estadual-da-paraiba-em-patos-realiza-1a-semana-de-administracao-2\/","url_meta":{"origin":871,"position":4},"title":"C\u00e2mpus VII da Universidade Estadual da Para\u00edba, em Patos, realiza 1\u00aa Semana de Administra\u00e7\u00e3o","author":"tatiana","date":"22 de outubro de 2019","format":false,"excerpt":"Entre os dias 15 e 18 de outubro, a Coordena\u00e7\u00e3o do Curso de Administra\u00e7\u00e3o do C\u00e2mpus VII da Universidade Estadual da Para\u00edba (UEPB) e professores realizaram a primeira edi\u00e7\u00e3o da Semana de Administra\u00e7\u00e3o (SEMAD). O evento, sediado no Centro de Ci\u00eancias Exatas e Sociais Aplicadas (CCEA), abordou os desafios das\u2026","rel":"","context":"Em &quot;CCEA&quot;","block_context":{"text":"CCEA","link":"https:\/\/centros.uepb.edu.br\/ccea\/category\/ccea\/"},"img":{"alt_text":"","src":"https:\/\/i0.wp.com\/www.interno.uepb.edu.br\/wp-content\/uploads\/2019\/10\/Patos-2.jpg?resize=350%2C200&ssl=1","width":350,"height":200,"srcset":"https:\/\/i0.wp.com\/www.interno.uepb.edu.br\/wp-content\/uploads\/2019\/10\/Patos-2.jpg?resize=350%2C200&ssl=1 1x, https:\/\/i0.wp.com\/www.interno.uepb.edu.br\/wp-content\/uploads\/2019\/10\/Patos-2.jpg?resize=525%2C300&ssl=1 1.5x, https:\/\/i0.wp.com\/www.interno.uepb.edu.br\/wp-content\/uploads\/2019\/10\/Patos-2.jpg?resize=700%2C400&ssl=1 2x"},"classes":[]},{"id":559,"url":"https:\/\/centros.uepb.edu.br\/ccea\/2017\/09\/22\/centro-de-ciencias-exatas-e-sociais-aplicadas-reliza-1a-edicao-da-gincana-didatico-pedagogica\/","url_meta":{"origin":871,"position":5},"title":"Centro de Ci\u00eancias Exatas e Sociais Aplicadas reliza 1\u00aa edi\u00e7\u00e3o da Gincana Did\u00e1tico-Pedag\u00f3gica","author":"tatiana","date":"22 de setembro de 2017","format":false,"excerpt":"Com o objetivo de impulsionar a curiosidade dos licenciandos em analisar o trabalho docente, em especial os diferentes m\u00e9todos e t\u00e9cnicas de ensino e aprendizagem, ser\u00e1 realizada pelo Centro de Ci\u00eancias Exatas e Sociais Aplicadas (CCEA), em Patos, a 1\u00aa Gincana Did\u00e1tico-Pedag\u00f3gica da Universidade Estadual da Para\u00edba (UEPB). A atividade\u2026","rel":"","context":"Em &quot;CCEA&quot;","block_context":{"text":"CCEA","link":"https:\/\/centros.uepb.edu.br\/ccea\/category\/ccea\/"},"img":{"alt_text":"","src":"","width":0,"height":0},"classes":[]}],"_links":{"self":[{"href":"https:\/\/centros.uepb.edu.br\/ccea\/wp-json\/wp\/v2\/posts\/871","targetHints":{"allow":["GET"]}}],"collection":[{"href":"https:\/\/centros.uepb.edu.br\/ccea\/wp-json\/wp\/v2\/posts"}],"about":[{"href":"https:\/\/centros.uepb.edu.br\/ccea\/wp-json\/wp\/v2\/types\/post"}],"author":[{"embeddable":true,"href":"https:\/\/centros.uepb.edu.br\/ccea\/wp-json\/wp\/v2\/users\/33"}],"replies":[{"embeddable":true,"href":"https:\/\/centros.uepb.edu.br\/ccea\/wp-json\/wp\/v2\/comments?post=871"}],"version-history":[{"count":0,"href":"https:\/\/centros.uepb.edu.br\/ccea\/wp-json\/wp\/v2\/posts\/871\/revisions"}],"wp:attachment":[{"href":"https:\/\/centros.uepb.edu.br\/ccea\/wp-json\/wp\/v2\/media?parent=871"}],"wp:term":[{"taxonomy":"category","embeddable":true,"href":"https:\/\/centros.uepb.edu.br\/ccea\/wp-json\/wp\/v2\/categories?post=871"},{"taxonomy":"post_tag","embeddable":true,"href":"https:\/\/centros.uepb.edu.br\/ccea\/wp-json\/wp\/v2\/tags?post=871"}],"curies":[{"name":"wp","href":"https:\/\/api.w.org\/{rel}","templated":true}]}}