{"id":856,"date":"2018-03-05T13:55:39","date_gmt":"2018-03-05T13:55:39","guid":{"rendered":"https:\/\/centros.uepb.edu.br\/ccea\/?p=856"},"modified":"2018-03-06T11:06:14","modified_gmt":"2018-03-06T11:06:14","slug":"coordenacao-de-monitoria-e-estagio-divulga-resultado-da-selecao-interna-para-estagiario-do-curso-de-administracao","status":"publish","type":"post","link":"https:\/\/centros.uepb.edu.br\/ccea\/2018\/03\/05\/coordenacao-de-monitoria-e-estagio-divulga-resultado-da-selecao-interna-para-estagiario-do-curso-de-administracao\/","title":{"rendered":"Coordena\u00e7\u00e3o de Monitoria e Est\u00e1gio divulga resultado da sele\u00e7\u00e3o interna para Estagi\u00e1rio de Administra\u00e7\u00e3o"},"content":{"rendered":"<p>A Coordena\u00e7\u00e3o de Monitoria e Est\u00e1gio divulgou na manh\u00e3 desta segunda-feira (05), o resultado da sele\u00e7\u00e3o interna para aluno estagi\u00e1rio do curso de Administra\u00e7\u00e3o 2017.2. Confira o resultado <a href=\"https:\/\/docs.google.com\/document\/d\/17qj-cq41IMotlZ9DM77uEqndwT4Z0f2NmU-cpflpz6Y\/edit\">AQUI.<\/a><\/p>\n<p>&nbsp;<\/p>\n","protected":false},"excerpt":{"rendered":"<p>A Coordena\u00e7\u00e3o de Monitoria e Est\u00e1gio divulgou na manh\u00e3 desta segunda-feira (05), o resultado da sele\u00e7\u00e3o interna para aluno estagi\u00e1rio do curso de Administra\u00e7\u00e3o 2017.2. Confira o resultado AQUI. &nbsp;<\/p>\n","protected":false},"author":33,"featured_media":0,"comment_status":"closed","ping_status":"closed","sticky":false,"template":"","format":"standard","meta":{"jetpack_post_was_ever_published":false,"_jetpack_newsletter_access":"","_jetpack_dont_email_post_to_subs":false,"_jetpack_newsletter_tier_id":0,"_jetpack_memberships_contains_paywalled_content":false,"_jetpack_memberships_contains_paid_content":false,"footnotes":"","jetpack_publicize_message":"","jetpack_publicize_feature_enabled":true,"jetpack_social_post_already_shared":true,"jetpack_social_options":{"image_generator_settings":{"template":"highway","default_image_id":0,"font":"","enabled":false},"version":2}},"categories":[8,3],"tags":[],"class_list":["post-856","post","type-post","status-publish","format-standard","hentry","category-ccea","category-noticias"],"jetpack_publicize_connections":[],"jetpack_featured_media_url":"","jetpack_sharing_enabled":true,"jetpack_shortlink":"https:\/\/wp.me\/p7WTGX-dO","jetpack_likes_enabled":true,"jetpack-related-posts":[{"id":778,"url":"https:\/\/centros.uepb.edu.br\/ccea\/2018\/02\/07\/a-coordenacao-de-estagios-e-monitoria-do-campus-vii-da-uepb-abre-selecao-interna-com-vagas-de-estagio-para-curso-de-administracao\/","url_meta":{"origin":856,"position":0},"title":"A Coordena\u00e7\u00e3o de Est\u00e1gios e Monitoria do C\u00e2mpus VII da UEPB abre sele\u00e7\u00e3o interna com vaga para est\u00e1gio","author":"tatiany","date":"7 de fevereiro de 2018","format":false,"excerpt":"A Coordena\u00e7\u00e3o de Est\u00e1gios e Monitoria do Centro de Ci\u00eancias Exatas e Sociais Aplicadas (CCEA), C\u00e2mpus VII da Universidade Estadual da Para\u00edba (UEPB), abre sele\u00e7\u00e3o interna para alunos interessados em estagiar no curso de Administra\u00e7\u00e3o. Ao todo, est\u00e3o sendo oferecidas 02 vagas, sendo uma no per\u00edodo diurno e outra no\u2026","rel":"","context":"Em &quot;CCEA&quot;","block_context":{"text":"CCEA","link":"https:\/\/centros.uepb.edu.br\/ccea\/category\/ccea\/"},"img":{"alt_text":"","src":"","width":0,"height":0},"classes":[]},{"id":916,"url":"https:\/\/centros.uepb.edu.br\/ccea\/2018\/03\/19\/coordenacao-de-monitoria-e-estagio-do-ccea-retificou-o-resultado-final-da-selecao-de-monitores-2017-2\/","url_meta":{"origin":856,"position":1},"title":"Coordena\u00e7\u00e3o de Monitoria e Est\u00e1gio do CCEA retifica resultado final da Sele\u00e7\u00e3o de Monitores 2017.2","author":"tatiany","date":"19 de mar\u00e7o de 2018","format":false,"excerpt":"A Coordena\u00e7\u00e3o de Monitoria e Est\u00e1gio retificou o resultado final do Processo Seletivo de Monitores para o per\u00edodo letivo 2017.2, dos cursos de Administra\u00e7\u00e3o e Matem\u00e1tica, divulgado na \u00faltima sexta-feira (16). Acesse: Resultado Final Retificado Administra\u00e7\u00e3o Resultado Final Retificado Matem\u00e1tica \u00a0","rel":"","context":"Em &quot;CCEA&quot;","block_context":{"text":"CCEA","link":"https:\/\/centros.uepb.edu.br\/ccea\/category\/ccea\/"},"img":{"alt_text":"","src":"","width":0,"height":0},"classes":[]},{"id":911,"url":"https:\/\/centros.uepb.edu.br\/ccea\/2018\/03\/15\/coordenacao-de-monitoria-e-estagio-do-ccea-divulga-resultado-final-da-selecao-de-monitores-2017-2\/","url_meta":{"origin":856,"position":2},"title":"Coordena\u00e7\u00e3o de Monitoria e Est\u00e1gio do CCEA divulga resultado final da Sele\u00e7\u00e3o de Monitores 2017.2","author":"tatiany","date":"15 de mar\u00e7o de 2018","format":false,"excerpt":"A Coordena\u00e7\u00e3o de Monitoria e Est\u00e1gio divulgou, na manh\u00e3 de hoje (15), o resultado final do Processo Seletivo de Monitores para o per\u00edodo letivo 2017.2. Acesse: - Resultado Final Administra\u00e7\u00e3o - Resultado Final F\u00edsica - Resultado Final Computa\u00e7\u00e3o - Resultado Final Matem\u00e1tica","rel":"","context":"Em &quot;CCEA&quot;","block_context":{"text":"CCEA","link":"https:\/\/centros.uepb.edu.br\/ccea\/category\/ccea\/"},"img":{"alt_text":"","src":"","width":0,"height":0},"classes":[]},{"id":533,"url":"https:\/\/centros.uepb.edu.br\/ccea\/2017\/09\/19\/divulgado-resultado-da-selecao-de-monitores-dos-cursos-de-administracao-computacao-fisica-e-matematica-do-ccea\/","url_meta":{"origin":856,"position":3},"title":"Divulgado resultado da sele\u00e7\u00e3o de monitores dos cursos de Administra\u00e7\u00e3o, Computa\u00e7\u00e3o, F\u00edsica e Matem\u00e1tica","author":"tatiana","date":"19 de setembro de 2017","format":false,"excerpt":"A Coordena\u00e7\u00e3o de Monitoria e Est\u00e1gio da Universidade Estadual da Para\u00edba (UEPB) divulgou nesta ter\u00e7a-feira (19) o resultado da sele\u00e7\u00e3o de monitores dos cursos de Administra\u00e7\u00e3o, Computa\u00e7\u00e3o, F\u00edsica e Matem\u00e1tica do Centro de Ci\u00eancias Exatas e Sociais Aplicadas (CCEA) da Institui\u00e7\u00e3o. Confira os resultados nos links abaixo: - [wpfilebase tag=fileurl\u2026","rel":"","context":"Em &quot;CCEA&quot;","block_context":{"text":"CCEA","link":"https:\/\/centros.uepb.edu.br\/ccea\/category\/ccea\/"},"img":{"alt_text":"","src":"","width":0,"height":0},"classes":[]},{"id":864,"url":"https:\/\/centros.uepb.edu.br\/ccea\/2018\/03\/06\/coordenacao-de-monitoria-e-estagio-do-ccea-divulga-concorrencia-para-a-selecao-de-monitores-2017-2\/","url_meta":{"origin":856,"position":4},"title":"Coordena\u00e7\u00e3o de Monitoria e Est\u00e1gio do CCEA divulga concorr\u00eancia para a Sele\u00e7\u00e3o de Monitores 2017.2","author":"tatiany","date":"6 de mar\u00e7o de 2018","format":false,"excerpt":"A Coordena\u00e7\u00e3o de Monitoria e Est\u00e1gio divulgou, na \u00faltima segunda-feira (05), a concorr\u00eancia do Processo Seletivo de Monitores 2017.2. O quadro com o n\u00famero de inscritos e a concorr\u00eancia por componentes curriculares pode ser conferido no endere\u00e7o eletr\u00f4nico https:\/\/docs.google.com\/document\/d\/1OmhJRzDWFSdsk_idrZBODYTmxfQVYn7vsVI4YB3CXZE\/edit?usp=sharing","rel":"","context":"Em &quot;CCEA&quot;","block_context":{"text":"CCEA","link":"https:\/\/centros.uepb.edu.br\/ccea\/category\/ccea\/"},"img":{"alt_text":"","src":"","width":0,"height":0},"classes":[]},{"id":262,"url":"https:\/\/centros.uepb.edu.br\/ccea\/2015\/03\/03\/edital-de-monitoria-2015-1\/","url_meta":{"origin":856,"position":5},"title":"Disponibilizado o edital de monitoria 2015.1 para diversas disciplinas do Campus VII","author":"direcao","date":"3 de mar\u00e7o de 2015","format":false,"excerpt":"A Coordena\u00e7\u00e3o de Monitoria e Est\u00e1gio do CCEA\u00a0comunica aos interessados, que estar\u00e3o abertas as inscri\u00e7\u00f5es para Sele\u00e7\u00e3o de Monitores, na Coordena\u00e7\u00e3o de Est\u00e1gio e Monitoria, no per\u00edodo de 02 a 10 de mar\u00e7o de 2015, no hor\u00e1rio de 7h \u00e0s 11h30; 13h00 \u00e0s 17h; 18h30 \u00e0s 21h00 Devido \u00e0 paralisa\u00e7\u00e3o\u2026","rel":"","context":"Em &quot;Not\u00edcias&quot;","block_context":{"text":"Not\u00edcias","link":"https:\/\/centros.uepb.edu.br\/ccea\/category\/noticias\/"},"img":{"alt_text":"","src":"","width":0,"height":0},"classes":[]}],"_links":{"self":[{"href":"https:\/\/centros.uepb.edu.br\/ccea\/wp-json\/wp\/v2\/posts\/856","targetHints":{"allow":["GET"]}}],"collection":[{"href":"https:\/\/centros.uepb.edu.br\/ccea\/wp-json\/wp\/v2\/posts"}],"about":[{"href":"https:\/\/centros.uepb.edu.br\/ccea\/wp-json\/wp\/v2\/types\/post"}],"author":[{"embeddable":true,"href":"https:\/\/centros.uepb.edu.br\/ccea\/wp-json\/wp\/v2\/users\/33"}],"replies":[{"embeddable":true,"href":"https:\/\/centros.uepb.edu.br\/ccea\/wp-json\/wp\/v2\/comments?post=856"}],"version-history":[{"count":0,"href":"https:\/\/centros.uepb.edu.br\/ccea\/wp-json\/wp\/v2\/posts\/856\/revisions"}],"wp:attachment":[{"href":"https:\/\/centros.uepb.edu.br\/ccea\/wp-json\/wp\/v2\/media?parent=856"}],"wp:term":[{"taxonomy":"category","embeddable":true,"href":"https:\/\/centros.uepb.edu.br\/ccea\/wp-json\/wp\/v2\/categories?post=856"},{"taxonomy":"post_tag","embeddable":true,"href":"https:\/\/centros.uepb.edu.br\/ccea\/wp-json\/wp\/v2\/tags?post=856"}],"curies":[{"name":"wp","href":"https:\/\/api.w.org\/{rel}","templated":true}]}}