{"id":846,"date":"2018-03-05T10:40:12","date_gmt":"2018-03-05T10:40:12","guid":{"rendered":"https:\/\/centros.uepb.edu.br\/ccea\/?p=846"},"modified":"2018-03-05T13:46:04","modified_gmt":"2018-03-05T13:46:04","slug":"direcao-do-centro-de-ciencias-exatas-e-sociais-aplicadas-da-uepb-emite-nota-de-pesar-pelo-falecimento-de-aluno-do-curso-de-fisica","status":"publish","type":"post","link":"https:\/\/centros.uepb.edu.br\/ccea\/2018\/03\/05\/direcao-do-centro-de-ciencias-exatas-e-sociais-aplicadas-da-uepb-emite-nota-de-pesar-pelo-falecimento-de-aluno-do-curso-de-fisica\/","title":{"rendered":"Dire\u00e7\u00e3o do CCEA emite nota de pesar pelo falecimento de aluno do curso de F\u00edsica do C\u00e2mpus VII"},"content":{"rendered":"<p><img loading=\"lazy\" decoding=\"async\" class=\"alignleft wp-image-853 img-responsive\" src=\"https:\/\/centros.uepb.edu.br\/ccea\/files\/2018\/03\/IMG-20180305-WA0000.jpg\" alt=\"\" width=\"271\" height=\"271\" srcset=\"https:\/\/centros.uepb.edu.br\/ccea\/files\/2018\/03\/IMG-20180305-WA0000.jpg 540w, https:\/\/centros.uepb.edu.br\/ccea\/files\/2018\/03\/IMG-20180305-WA0000-150x150.jpg 150w, https:\/\/centros.uepb.edu.br\/ccea\/files\/2018\/03\/IMG-20180305-WA0000-300x300.jpg 300w, https:\/\/centros.uepb.edu.br\/ccea\/files\/2018\/03\/IMG-20180305-WA0000-370x370.jpg 370w\" sizes=\"auto, (max-width: 271px) 100vw, 271px\" \/>A Dire\u00e7\u00e3o do Centro de Ci\u00eancias Exatas e Sociais Aplicadas (CCEA), da Universidade Estadual da Para\u00edba (UEPB), juntamente com a Coordena\u00e7\u00e3o do Curso de Licenciatura em F\u00edsica, do C\u00e2mpus VII, e em nome de toda a comunidade acad\u00eamica, lamenta com o mais profundo pesar o falecimento do estudante Davi Pereira Lima, ocorrido neste domingo (04), na cidade de Malta.<\/p>\n<p>Ao mesmo tempo em que a Institui\u00e7\u00e3o presta condol\u00eancias a familiares e amigos enlutados por t\u00e3o dolorosa e prematura perda, informamos que o vel\u00f3rio do estudante ser\u00e1 realizado pr\u00f3ximo ao novo f\u00f3rum da cidade de Malta, onde residia. O sepultamento est\u00e1 marcado para acontecer \u00e0 tarde, na cidade de Cajazeiras.<\/p>\n<p>Informamos ainda que, em respeito \u00e0 mem\u00f3ria do estudante, as aulas do curso de F\u00edsica do CCEA foram suspensas nesta segunda-feira, 05 de mar\u00e7o.<\/p>\n","protected":false},"excerpt":{"rendered":"<p>A Dire\u00e7\u00e3o do Centro de Ci\u00eancias Exatas e Sociais Aplicadas (CCEA), da Universidade Estadual da Para\u00edba (UEPB), juntamente com a Coordena\u00e7\u00e3o do Curso de Licenciatura em F\u00edsica, do C\u00e2mpus VII, e em nome de toda a comunidade acad\u00eamica, lamenta com o mais profundo pesar o falecimento do estudante Davi Pereira Lima, ocorrido neste domingo (04), <a class=\"leiamais\" href=\"https:\/\/centros.uepb.edu.br\/ccea\/2018\/03\/05\/direcao-do-centro-de-ciencias-exatas-e-sociais-aplicadas-da-uepb-emite-nota-de-pesar-pelo-falecimento-de-aluno-do-curso-de-fisica\/\">Leia Mais&#8230;<\/a><\/p>\n","protected":false},"author":33,"featured_media":0,"comment_status":"closed","ping_status":"closed","sticky":false,"template":"","format":"standard","meta":{"jetpack_post_was_ever_published":false,"_jetpack_newsletter_access":"","_jetpack_dont_email_post_to_subs":false,"_jetpack_newsletter_tier_id":0,"_jetpack_memberships_contains_paywalled_content":false,"_jetpack_memberships_contains_paid_content":false,"footnotes":"","jetpack_publicize_message":"","jetpack_publicize_feature_enabled":true,"jetpack_social_post_already_shared":true,"jetpack_social_options":{"image_generator_settings":{"template":"highway","default_image_id":0,"font":"","enabled":false},"version":2}},"categories":[8,3],"tags":[],"class_list":["post-846","post","type-post","status-publish","format-standard","hentry","category-ccea","category-noticias"],"jetpack_publicize_connections":[],"jetpack_featured_media_url":"","jetpack_sharing_enabled":true,"jetpack_shortlink":"https:\/\/wp.me\/p7WTGX-dE","jetpack_likes_enabled":true,"jetpack-related-posts":[{"id":647,"url":"https:\/\/centros.uepb.edu.br\/ccea\/2017\/10\/19\/universidade-estadual-da-paraiba-lamenta-falecimento-de-aluno-do-curso-de-computacao-do-campus-vii\/","url_meta":{"origin":846,"position":0},"title":"Universidade Estadual da Para\u00edba lamenta falecimento de aluno do curso de Computa\u00e7\u00e3o do C\u00e2mpus VII","author":"tatiana","date":"19 de outubro de 2017","format":false,"excerpt":"A Administra\u00e7\u00e3o Central da Universidade Estadual da Para\u00edba (UEPB), juntamente com a Dire\u00e7\u00e3o do Centro de Ci\u00eancias Exatas e Sociais Aplicadas (CCEA) e com a Coordena\u00e7\u00e3o do Curso de Bacharelado em Ci\u00eancias da Computa\u00e7\u00e3o, do C\u00e2mpus VII, em Patos, lamenta com profundo pesar, em nome de toda a comunidade acad\u00eamica,\u2026","rel":"","context":"Em &quot;CCEA&quot;","block_context":{"text":"CCEA","link":"https:\/\/centros.uepb.edu.br\/ccea\/category\/ccea\/"},"img":{"alt_text":"","src":"https:\/\/i0.wp.com\/www.uepb.edu.br\/wp-content\/uploads\/2017\/10\/Geovane-CCEA-252x300.jpg?resize=350%2C200","width":350,"height":200},"classes":[]},{"id":356,"url":"https:\/\/centros.uepb.edu.br\/ccea\/2016\/10\/18\/universidade-estadual-da-paraiba-lamenta-falecimento-de-estudante-do-curso-de-computacao-do-campus-vii\/","url_meta":{"origin":846,"position":1},"title":"Universidade Estadual da Para\u00edba lamenta falecimento de estudante do Curso de Computa\u00e7\u00e3o do C\u00e2mpus VII","author":"tatiana","date":"18 de outubro de 2016","format":false,"excerpt":"A Administra\u00e7\u00e3o Central da Universidade Estadual da Para\u00edba (UEPB), em nome de toda a comunidade acad\u00eamica, lamenta com o mais profundo pesar o falecimento do estudante do Curso de Computa\u00e7\u00e3o do C\u00e2mpus VII, Rafael Lucena Soares, ocorrido nesta ter\u00e7a-feira (18). Ao mesmo tempo, a Institui\u00e7\u00e3o presta condol\u00eancias a familiares e\u2026","rel":"","context":"Em &quot;CCEA&quot;","block_context":{"text":"CCEA","link":"https:\/\/centros.uepb.edu.br\/ccea\/category\/ccea\/"},"img":{"alt_text":"","src":"","width":0,"height":0},"classes":[]},{"id":1266,"url":"https:\/\/centros.uepb.edu.br\/ccea\/2019\/06\/03\/universidade-estadual-da-paraiba-lamenta-falecimento-de-estudante-do-curso-de-pedagogia-parfor-polo-patos\/","url_meta":{"origin":846,"position":2},"title":"Universidade Estadual da Para\u00edba lamenta falecimento de estudante do Curso de Pedagogia\/PARFOR \u2013 Polo Patos","author":"tatiana","date":"3 de junho de 2019","format":false,"excerpt":"A Administra\u00e7\u00e3o Central da Universidade Estadual da Para\u00edba (UEPB), juntamente com a dire\u00e7\u00e3o do C\u00e2mpus VII e coordena\u00e7\u00e3o geral do Programa Nacional de Forma\u00e7\u00e3o de Professores da Educa\u00e7\u00e3o B\u00e1sica (PARFOR), lamenta com profundo pesar o falecimento do estudante Jos\u00e9 Geraldo da Silva, do Curso de Pedagogia \u2013 Polo Patos, ocorrido\u2026","rel":"","context":"Em &quot;CCEA&quot;","block_context":{"text":"CCEA","link":"https:\/\/centros.uepb.edu.br\/ccea\/category\/ccea\/"},"img":{"alt_text":"","src":"","width":0,"height":0},"classes":[]},{"id":2033,"url":"https:\/\/centros.uepb.edu.br\/ccea\/2023\/03\/23\/nota-de-pesar-o-ccea-lamenta-o-falecimento-do-estudante-yvo-ferreira-da-silva\/","url_meta":{"origin":846,"position":3},"title":"Nota de Pesar &#8211; o CCEA lamenta o falecimento do estudante Yvo Ferreira da Silva","author":"olivio","date":"23 de mar\u00e7o de 2023","format":false,"excerpt":"\u00c9 com profundo pesar que o Centro de Ci\u00eancias Exatas e Sociais Aplicadas lamenta o falecimento do nosso aluno Yvo Ferreira da Silva, estudante do curso de Licenciatura em F\u00edsica. Em respeito \u00e0 dor da fam\u00edlia pela precoce partida de Yvo, a Dire\u00e7\u00e3o de Centro decreta a suspens\u00e3o das aulas\u2026","rel":"","context":"Em &quot;Agend Not\u00edcias Destaque&quot;","block_context":{"text":"Agend Not\u00edcias Destaque","link":"https:\/\/centros.uepb.edu.br\/ccea\/category\/agend-noticias-destaque\/"},"img":{"alt_text":"","src":"https:\/\/i0.wp.com\/centros.uepb.edu.br\/ccea\/files\/2023\/03\/PHOTO-2023-03-23-16-31-31-300x293.png?resize=350%2C200&ssl=1","width":350,"height":200},"classes":[]},{"id":1186,"url":"https:\/\/centros.uepb.edu.br\/ccea\/2018\/09\/20\/universidade-estadual-da-paraiba-lamenta-falecimento-de-professora-de-matematica-do-campus-de-patos\/","url_meta":{"origin":846,"position":4},"title":"Universidade Estadual da Para\u00edba lamenta falecimento de professora de Matem\u00e1tica do C\u00e2mpus de Patos","author":"tatiana","date":"20 de setembro de 2018","format":false,"excerpt":"A Administra\u00e7\u00e3o Central da Universidade Estadual da Para\u00edba (UEPB), em nome de toda a comunidade acad\u00eamica, e a dire\u00e7\u00e3o do Centro de Ci\u00eancias Exatas e Sociais Aplicadas (CCEA) lamentam, com profundo pesar, o falecimento da professora Tatiana Rocha de Souza, do curso de Licenciatura em Matem\u00e1tica do C\u00e2mpus de Patos,\u2026","rel":"","context":"Em &quot;CCEA&quot;","block_context":{"text":"CCEA","link":"https:\/\/centros.uepb.edu.br\/ccea\/category\/ccea\/"},"img":{"alt_text":"","src":"https:\/\/i0.wp.com\/www.uepb.edu.br\/wp-content\/uploads\/2018\/09\/Tatiana-Rocha.jpg?resize=350%2C200","width":350,"height":200},"classes":[]},{"id":1456,"url":"https:\/\/centros.uepb.edu.br\/ccea\/2020\/12\/19\/nova-composicao-da-direcao-de-centro-e-da-coordenacao-do-curso-de-matematica-do-ccea\/","url_meta":{"origin":846,"position":5},"title":"Nova composi\u00e7\u00e3o da Dire\u00e7\u00e3o de Centro e da Coordena\u00e7\u00e3o do Curso de Matem\u00e1tica do CCEA","author":"olivio","date":"19 de dezembro de 2020","format":false,"excerpt":"Na esperan\u00e7a de que estejam todos(as) bem, informamos a comunidade acad\u00eamica do Campus VII que, conforme disciplina o Artigo 1\u00ba, Inciso III, da RESOLU\u00c7\u00c3O\/UEPB\/CONSUNI\/022\/2013, que normatiza procedimentos para escolha de Adjunto ou Vice, em caso de vac\u00e2ncia, o Conselho de Centro reuniu-se no \u00faltimo dia 15\/12\/20 (ter\u00e7a-feira) e decidiu, por\u2026","rel":"","context":"Em &quot;CCEA&quot;","block_context":{"text":"CCEA","link":"https:\/\/centros.uepb.edu.br\/ccea\/category\/ccea\/"},"img":{"alt_text":"","src":"","width":0,"height":0},"classes":[]}],"_links":{"self":[{"href":"https:\/\/centros.uepb.edu.br\/ccea\/wp-json\/wp\/v2\/posts\/846","targetHints":{"allow":["GET"]}}],"collection":[{"href":"https:\/\/centros.uepb.edu.br\/ccea\/wp-json\/wp\/v2\/posts"}],"about":[{"href":"https:\/\/centros.uepb.edu.br\/ccea\/wp-json\/wp\/v2\/types\/post"}],"author":[{"embeddable":true,"href":"https:\/\/centros.uepb.edu.br\/ccea\/wp-json\/wp\/v2\/users\/33"}],"replies":[{"embeddable":true,"href":"https:\/\/centros.uepb.edu.br\/ccea\/wp-json\/wp\/v2\/comments?post=846"}],"version-history":[{"count":0,"href":"https:\/\/centros.uepb.edu.br\/ccea\/wp-json\/wp\/v2\/posts\/846\/revisions"}],"wp:attachment":[{"href":"https:\/\/centros.uepb.edu.br\/ccea\/wp-json\/wp\/v2\/media?parent=846"}],"wp:term":[{"taxonomy":"category","embeddable":true,"href":"https:\/\/centros.uepb.edu.br\/ccea\/wp-json\/wp\/v2\/categories?post=846"},{"taxonomy":"post_tag","embeddable":true,"href":"https:\/\/centros.uepb.edu.br\/ccea\/wp-json\/wp\/v2\/tags?post=846"}],"curies":[{"name":"wp","href":"https:\/\/api.w.org\/{rel}","templated":true}]}}