{"id":841,"date":"2018-02-28T12:57:15","date_gmt":"2018-02-28T12:57:15","guid":{"rendered":"https:\/\/centros.uepb.edu.br\/ccea\/?p=841"},"modified":"2018-02-28T18:17:55","modified_gmt":"2018-02-28T18:17:55","slug":"campus-vii-da-universidade-estadual-da-paraiba-adere-a-campanha-para-custear-o-tratamento-da-pequena-manuela","status":"publish","type":"post","link":"https:\/\/centros.uepb.edu.br\/ccea\/2018\/02\/28\/campus-vii-da-universidade-estadual-da-paraiba-adere-a-campanha-para-custear-o-tratamento-da-pequena-manuela\/","title":{"rendered":"C\u00e2mpus VII da Universidade Estadual da Para\u00edba adere \u00e0 campanha para custear o tratamento da pequena Manuela"},"content":{"rendered":"<p><img loading=\"lazy\" decoding=\"async\" class=\"alignleft  wp-image-844 img-responsive\" src=\"https:\/\/centros.uepb.edu.br\/ccea\/files\/2018\/02\/Manu.jpg\" alt=\"\" width=\"360\" height=\"387\" srcset=\"https:\/\/centros.uepb.edu.br\/ccea\/files\/2018\/02\/Manu.jpg 465w, https:\/\/centros.uepb.edu.br\/ccea\/files\/2018\/02\/Manu-279x300.jpg 279w, https:\/\/centros.uepb.edu.br\/ccea\/files\/2018\/02\/Manu-370x398.jpg 370w\" sizes=\"auto, (max-width: 360px) 100vw, 360px\" \/>A Dire\u00e7\u00e3o do Centro de Ci\u00eancias Exatas e Sociais Aplicadas (CCEA), C\u00e2mpus VII da Universidade Estadual da Para\u00edba (UEPB), em Patos, sensibilizada com o caso da pequena Manuela, de apenas 5 anos, filha do casal Gabriela e Dyego Ramalho, que foi diagnosticada com um tumor no c\u00e9rebro, adere a campanha social para custear o seu tratamento que custa cerca de 35 mil reais ao m\u00eas e convida toda a comunidade acad\u00eamica a se engajar nesse ato de solidariedade.<\/p>\n<p>A fam\u00edlia de Manu est\u00e1 precisando da nossa colabora\u00e7\u00e3o para custear seu tratamento, que est\u00e1 sendo realizado no Real Hospital Portugu\u00eas, em Recife-PE, e para isso, est\u00e1 sorteando a quantia de R$ 200,00 (Duzentos Reais). Os bilhetes podem ser adquiridos na Secretaria da Dire\u00e7\u00e3o do CCEA, C\u00e2mpus VII da UEPB, ao pre\u00e7o de R$ 2,00 (Dois Reais).<\/p>\n<p>Comovido pela batalha enfrentada por Manu e as dificuldades enfrentadas pela fam\u00edlia, diante do alto custo do tratamento, o secret\u00e1rio do Curso de Administra\u00e7\u00e3o do CCEA, Claudiano Brito, tamb\u00e9m aderiu \u00e0 campanha e est\u00e1 realizando uma rifa, de forma independente, de um ensaio fotogr\u00e1fico que ser\u00e1 realizado por ele. Os interessados, podem adquirir os bilhetes ao pre\u00e7o de R$ 2,00 (Dois Reais), na Secretaria Integrada do CCEA.<\/p>\n<p>Informamos, ainda, que aqueles que desejarem realizar uma doa\u00e7\u00e3o, a fam\u00edlia disponibilizou duas contas banc\u00e1rias, abaixo indicadas. Fa\u00e7a a sua doa\u00e7\u00e3o e ajude a pequena Manu. A sua contribui\u00e7\u00e3o \u00e9 muito importante.<\/p>\n<p>&nbsp;<\/p>\n<p><strong>CAIXA ECON\u00d4MICA FEDERAL <\/strong><\/p>\n<p>Ag: 0043<\/p>\n<p>Op: 023<\/p>\n<p>Poup: 9743-1<\/p>\n<p>Titular: Maria Ven\u00e2ncio Ramalho (av\u00f3)<\/p>\n<p>&nbsp;<\/p>\n<p><strong>BANCO DO BRASIL <\/strong><\/p>\n<p>Ag: 151-1<\/p>\n<p>Cc: 34.732-9<\/p>\n<p>Titular: Dyego Trajano Ramalho (pai)<\/p>\n<p>&nbsp;<\/p>\n<p><strong>Texto<\/strong>: Tatiany Escari\u00e3o<\/p>\n","protected":false},"excerpt":{"rendered":"<p>A Dire\u00e7\u00e3o do Centro de Ci\u00eancias Exatas e Sociais Aplicadas (CCEA), C\u00e2mpus VII da Universidade Estadual da Para\u00edba (UEPB), em Patos, sensibilizada com o caso da pequena Manuela, de apenas 5 anos, filha do casal Gabriela e Dyego Ramalho, que foi diagnosticada com um tumor no c\u00e9rebro, adere a campanha social para custear o seu <a class=\"leiamais\" href=\"https:\/\/centros.uepb.edu.br\/ccea\/2018\/02\/28\/campus-vii-da-universidade-estadual-da-paraiba-adere-a-campanha-para-custear-o-tratamento-da-pequena-manuela\/\">Leia Mais&#8230;<\/a><\/p>\n","protected":false},"author":33,"featured_media":0,"comment_status":"closed","ping_status":"closed","sticky":false,"template":"","format":"standard","meta":{"jetpack_post_was_ever_published":false,"_jetpack_newsletter_access":"","_jetpack_dont_email_post_to_subs":false,"_jetpack_newsletter_tier_id":0,"_jetpack_memberships_contains_paywalled_content":false,"_jetpack_memberships_contains_paid_content":false,"footnotes":"","jetpack_publicize_message":"","jetpack_publicize_feature_enabled":true,"jetpack_social_post_already_shared":true,"jetpack_social_options":{"image_generator_settings":{"template":"highway","default_image_id":0,"font":"","enabled":false},"version":2}},"categories":[8,3],"tags":[],"class_list":["post-841","post","type-post","status-publish","format-standard","hentry","category-ccea","category-noticias"],"jetpack_publicize_connections":[],"jetpack_featured_media_url":"","jetpack_sharing_enabled":true,"jetpack_shortlink":"https:\/\/wp.me\/p7WTGX-dz","jetpack_likes_enabled":true,"jetpack-related-posts":[{"id":1186,"url":"https:\/\/centros.uepb.edu.br\/ccea\/2018\/09\/20\/universidade-estadual-da-paraiba-lamenta-falecimento-de-professora-de-matematica-do-campus-de-patos\/","url_meta":{"origin":841,"position":0},"title":"Universidade Estadual da Para\u00edba lamenta falecimento de professora de Matem\u00e1tica do C\u00e2mpus de Patos","author":"tatiana","date":"20 de setembro de 2018","format":false,"excerpt":"A Administra\u00e7\u00e3o Central da Universidade Estadual da Para\u00edba (UEPB), em nome de toda a comunidade acad\u00eamica, e a dire\u00e7\u00e3o do Centro de Ci\u00eancias Exatas e Sociais Aplicadas (CCEA) lamentam, com profundo pesar, o falecimento da professora Tatiana Rocha de Souza, do curso de Licenciatura em Matem\u00e1tica do C\u00e2mpus de Patos,\u2026","rel":"","context":"Em &quot;CCEA&quot;","block_context":{"text":"CCEA","link":"https:\/\/centros.uepb.edu.br\/ccea\/category\/ccea\/"},"img":{"alt_text":"","src":"https:\/\/i0.wp.com\/www.uepb.edu.br\/wp-content\/uploads\/2018\/09\/Tatiana-Rocha.jpg?resize=350%2C200","width":350,"height":200},"classes":[]},{"id":647,"url":"https:\/\/centros.uepb.edu.br\/ccea\/2017\/10\/19\/universidade-estadual-da-paraiba-lamenta-falecimento-de-aluno-do-curso-de-computacao-do-campus-vii\/","url_meta":{"origin":841,"position":1},"title":"Universidade Estadual da Para\u00edba lamenta falecimento de aluno do curso de Computa\u00e7\u00e3o do C\u00e2mpus VII","author":"tatiana","date":"19 de outubro de 2017","format":false,"excerpt":"A Administra\u00e7\u00e3o Central da Universidade Estadual da Para\u00edba (UEPB), juntamente com a Dire\u00e7\u00e3o do Centro de Ci\u00eancias Exatas e Sociais Aplicadas (CCEA) e com a Coordena\u00e7\u00e3o do Curso de Bacharelado em Ci\u00eancias da Computa\u00e7\u00e3o, do C\u00e2mpus VII, em Patos, lamenta com profundo pesar, em nome de toda a comunidade acad\u00eamica,\u2026","rel":"","context":"Em &quot;CCEA&quot;","block_context":{"text":"CCEA","link":"https:\/\/centros.uepb.edu.br\/ccea\/category\/ccea\/"},"img":{"alt_text":"","src":"https:\/\/i0.wp.com\/www.uepb.edu.br\/wp-content\/uploads\/2017\/10\/Geovane-CCEA-252x300.jpg?resize=350%2C200","width":350,"height":200},"classes":[]},{"id":356,"url":"https:\/\/centros.uepb.edu.br\/ccea\/2016\/10\/18\/universidade-estadual-da-paraiba-lamenta-falecimento-de-estudante-do-curso-de-computacao-do-campus-vii\/","url_meta":{"origin":841,"position":2},"title":"Universidade Estadual da Para\u00edba lamenta falecimento de estudante do Curso de Computa\u00e7\u00e3o do C\u00e2mpus VII","author":"tatiana","date":"18 de outubro de 2016","format":false,"excerpt":"A Administra\u00e7\u00e3o Central da Universidade Estadual da Para\u00edba (UEPB), em nome de toda a comunidade acad\u00eamica, lamenta com o mais profundo pesar o falecimento do estudante do Curso de Computa\u00e7\u00e3o do C\u00e2mpus VII, Rafael Lucena Soares, ocorrido nesta ter\u00e7a-feira (18). Ao mesmo tempo, a Institui\u00e7\u00e3o presta condol\u00eancias a familiares e\u2026","rel":"","context":"Em &quot;CCEA&quot;","block_context":{"text":"CCEA","link":"https:\/\/centros.uepb.edu.br\/ccea\/category\/ccea\/"},"img":{"alt_text":"","src":"","width":0,"height":0},"classes":[]},{"id":1069,"url":"https:\/\/centros.uepb.edu.br\/ccea\/2018\/06\/05\/direcao-do-ccea-emite-nota-sobre-problemas-tecnicos-na-central-telefonica-do-campus-vii-da-uepb\/","url_meta":{"origin":841,"position":3},"title":"Dire\u00e7\u00e3o do CCEA emite nota sobre problemas t\u00e9cnicos na central telef\u00f4nica do C\u00e2mpus VII da UEPB","author":"tatiany","date":"5 de junho de 2018","format":false,"excerpt":"A dire\u00e7\u00e3o do Centro de Ci\u00eancias Exatas e Sociais Aplicadas (CCEA), da Universidade Estadual da Para\u00edba (UEPB), informa a toda comunidade que, em decorr\u00eancia de problemas t\u00e9cnicos na central telef\u00f4nica do C\u00e2mpus VII, o n\u00famero (83) 3421 1475 est\u00e1 temporariamente indispon\u00edvel. Diante disso, solicita que os contatos sejam feitos atrav\u00e9s\u2026","rel":"","context":"Em &quot;CCEA&quot;","block_context":{"text":"CCEA","link":"https:\/\/centros.uepb.edu.br\/ccea\/category\/ccea\/"},"img":{"alt_text":"","src":"","width":0,"height":0},"classes":[]},{"id":653,"url":"https:\/\/centros.uepb.edu.br\/ccea\/2017\/10\/20\/direcao-do-ccea-informa-sobre-atividades-academicas-no-campus-vii-da-uepb-entre-os-dias-23-e-25-de-outubro\/","url_meta":{"origin":841,"position":4},"title":"Dire\u00e7\u00e3o do CCEA informa sobre atividades acad\u00eamicas no C\u00e2mpus VII da UEPB entre os dias 23 e 25\/10","author":"tatiana","date":"20 de outubro de 2017","format":false,"excerpt":"A Dire\u00e7\u00e3o do Centro de Ci\u00eancias Exatas e Sociais Aplicadas (CCEA) da Universidade Estadual da Para\u00edba (UEPB) informa a toda comunidade universit\u00e1ria que as atividades acad\u00eamicas e administrativas no C\u00e2mpus VII ser\u00e3o normais na pr\u00f3xima segunda-feira (23). Apenas na ter\u00e7a-feira (24) haver\u00e1 suspens\u00e3o do expediente na unidade, em virtude do\u2026","rel":"","context":"Em &quot;CCEA&quot;","block_context":{"text":"CCEA","link":"https:\/\/centros.uepb.edu.br\/ccea\/category\/ccea\/"},"img":{"alt_text":"","src":"","width":0,"height":0},"classes":[]},{"id":962,"url":"https:\/\/centros.uepb.edu.br\/ccea\/2018\/04\/05\/campeonato-de-xadrez-sera-realizado-no-campus-vii-da-universidade-estadual-no-proximo-dia-19\/","url_meta":{"origin":841,"position":5},"title":"Campeonato de Xadrez ser\u00e1 realizado no C\u00e2mpus VII da Universidade Estadual no pr\u00f3ximo dia 19","author":"tatiany","date":"5 de abril de 2018","format":false,"excerpt":"O Centro de Ci\u00eancias Exatas e Sociais Aplicadas (CCEA), da Universidade Estadual da Para\u00edba (UEPB), em parceria com Coordenadoria de Esportes e Lazer (COEL) da Institui\u00e7\u00e3o e o Clube de Xadrez Jos\u00e9 Amarante, realizar\u00e1 no pr\u00f3ximo dia 19, o Campeonato de Xadrez da UEPB-Patos. O evento acontecer\u00e1 no audit\u00f3rio Celso\u2026","rel":"","context":"Em &quot;CCEA&quot;","block_context":{"text":"CCEA","link":"https:\/\/centros.uepb.edu.br\/ccea\/category\/ccea\/"},"img":{"alt_text":"","src":"","width":0,"height":0},"classes":[]}],"_links":{"self":[{"href":"https:\/\/centros.uepb.edu.br\/ccea\/wp-json\/wp\/v2\/posts\/841","targetHints":{"allow":["GET"]}}],"collection":[{"href":"https:\/\/centros.uepb.edu.br\/ccea\/wp-json\/wp\/v2\/posts"}],"about":[{"href":"https:\/\/centros.uepb.edu.br\/ccea\/wp-json\/wp\/v2\/types\/post"}],"author":[{"embeddable":true,"href":"https:\/\/centros.uepb.edu.br\/ccea\/wp-json\/wp\/v2\/users\/33"}],"replies":[{"embeddable":true,"href":"https:\/\/centros.uepb.edu.br\/ccea\/wp-json\/wp\/v2\/comments?post=841"}],"version-history":[{"count":0,"href":"https:\/\/centros.uepb.edu.br\/ccea\/wp-json\/wp\/v2\/posts\/841\/revisions"}],"wp:attachment":[{"href":"https:\/\/centros.uepb.edu.br\/ccea\/wp-json\/wp\/v2\/media?parent=841"}],"wp:term":[{"taxonomy":"category","embeddable":true,"href":"https:\/\/centros.uepb.edu.br\/ccea\/wp-json\/wp\/v2\/categories?post=841"},{"taxonomy":"post_tag","embeddable":true,"href":"https:\/\/centros.uepb.edu.br\/ccea\/wp-json\/wp\/v2\/tags?post=841"}],"curies":[{"name":"wp","href":"https:\/\/api.w.org\/{rel}","templated":true}]}}