{"id":836,"date":"2018-02-27T13:19:19","date_gmt":"2018-02-27T13:19:19","guid":{"rendered":"https:\/\/centros.uepb.edu.br\/ccea\/?p=836"},"modified":"2018-02-27T13:19:19","modified_gmt":"2018-02-27T13:19:19","slug":"dia-da-saude-sera-realizado-no-campus-vii-da-uepb-com-acoes-de-prevencao-de-doencas-e-promocao-da-saude","status":"publish","type":"post","link":"https:\/\/centros.uepb.edu.br\/ccea\/2018\/02\/27\/dia-da-saude-sera-realizado-no-campus-vii-da-uepb-com-acoes-de-prevencao-de-doencas-e-promocao-da-saude\/","title":{"rendered":"Dia da Sa\u00fade ser\u00e1 realizado no C\u00e2mpus VII da UEPB com a\u00e7\u00f5es de preven\u00e7\u00e3o de doen\u00e7as e promo\u00e7\u00e3o da Sa\u00fade"},"content":{"rendered":"<p>A Universidade Estadual da Para\u00edba (UEPB), por meio do Centro de Ci\u00eancias Exatas e Sociais Aplicadas (CCEA), em parceria com a Coordenadoria de Esportes e Lazer (COEL) da Institui\u00e7\u00e3o, Prefeitura Municipal de Patos, atrav\u00e9s do N\u00facleo de Apoio a Sa\u00fade da Fam\u00edlia (NASF), e apoio de Hidelberto Duarte Personal Trainer, promove, no pr\u00f3ximo dia 07, o Dia da Sa\u00fade UEPB. O evento ser\u00e1 realizado no Audit\u00f3rio Celso Furtado, no C\u00e2mpus VII da Universidade Estadual, em Patos, das 8h \u00e0s 12h, e contar\u00e1 com uma s\u00e9rie de atividades de preven\u00e7\u00e3o de doen\u00e7as e de promo\u00e7\u00e3o da sa\u00fade.<\/p>\n<p>A a\u00e7\u00e3o \u00e9 uma atividade alusiva ao Dia Mundial da Sa\u00fade, comemorado em todo pa\u00eds, no dia 7 de abril, que este ano tem como tema, definido pela Organiza\u00e7\u00e3o Mundial da Sa\u00fade (OMS), \u201cSa\u00fade para Todos\u201d, e tem como objetivo alertar a comunidade para temas que afetam a sa\u00fade da popula\u00e7\u00e3o e desenvolver atividades com vista \u00e0 promo\u00e7\u00e3o da sa\u00fade e bem-estar social, tal como a promo\u00e7\u00e3o de h\u00e1bitos de vida saud\u00e1veis.<\/p>\n<p>Tendo em vista a aten\u00e7\u00e3o \u00e0 sa\u00fade da popula\u00e7\u00e3o e a import\u00e2ncia da sua preserva\u00e7\u00e3o para melhoria da qualidade de vida, o professor F\u00e1bio Lira, ministrar\u00e1 palestra sobre benef\u00edcios da atividade f\u00edsica e alimenta\u00e7\u00e3o, e um grupo de profissionais do NASF municipal, realizar\u00e1, durante todo o evento, uma s\u00e9rie de atividades e servi\u00e7os de sa\u00fade como avalia\u00e7\u00e3o f\u00edsica e nutricional, exames de glicemia e aferi\u00e7\u00e3o de press\u00e3o arterial, classifica\u00e7\u00e3o sangu\u00ednea, al\u00e9m de orienta\u00e7\u00e3o \u00e0 popula\u00e7\u00e3o e encaminhamento dos casos alterados para acompanhamento.<\/p>\n<p>No circuito da sa\u00fade haver\u00e1 ainda atividade f\u00edsica aer\u00f3bica coletiva com aul\u00e3o de mixdance, com a Personal trainer Bruna Lima. O evento ser\u00e1 aberto para toda a comunidade.<\/p>\n<p><strong>Texto<\/strong>: Tatiany Escari\u00e3o<\/p>\n","protected":false},"excerpt":{"rendered":"<p>A Universidade Estadual da Para\u00edba (UEPB), por meio do Centro de Ci\u00eancias Exatas e Sociais Aplicadas (CCEA), em parceria com a Coordenadoria de Esportes e Lazer (COEL) da Institui\u00e7\u00e3o, Prefeitura Municipal de Patos, atrav\u00e9s do N\u00facleo de Apoio a Sa\u00fade da Fam\u00edlia (NASF), e apoio de Hidelberto Duarte Personal Trainer, promove, no pr\u00f3ximo dia 07, <a class=\"leiamais\" href=\"https:\/\/centros.uepb.edu.br\/ccea\/2018\/02\/27\/dia-da-saude-sera-realizado-no-campus-vii-da-uepb-com-acoes-de-prevencao-de-doencas-e-promocao-da-saude\/\">Leia Mais&#8230;<\/a><\/p>\n","protected":false},"author":33,"featured_media":0,"comment_status":"closed","ping_status":"closed","sticky":false,"template":"","format":"standard","meta":{"jetpack_post_was_ever_published":false,"_jetpack_newsletter_access":"","_jetpack_dont_email_post_to_subs":false,"_jetpack_newsletter_tier_id":0,"_jetpack_memberships_contains_paywalled_content":false,"_jetpack_memberships_contains_paid_content":false,"footnotes":"","jetpack_publicize_message":"","jetpack_publicize_feature_enabled":true,"jetpack_social_post_already_shared":true,"jetpack_social_options":{"image_generator_settings":{"template":"highway","default_image_id":0,"font":"","enabled":false},"version":2}},"categories":[8,3],"tags":[],"class_list":["post-836","post","type-post","status-publish","format-standard","hentry","category-ccea","category-noticias"],"jetpack_publicize_connections":[],"jetpack_featured_media_url":"","jetpack_sharing_enabled":true,"jetpack_shortlink":"https:\/\/wp.me\/p7WTGX-du","jetpack_likes_enabled":true,"jetpack-related-posts":[{"id":868,"url":"https:\/\/centros.uepb.edu.br\/ccea\/2018\/03\/08\/dia-da-saude-uepb-e-realizado-no-campus-vii-com-atividades-voltadas-a-prevencao-de-doencas\/","url_meta":{"origin":836,"position":0},"title":"\u201cDia da Sa\u00fade UEPB\u201d \u00e9 realizado no C\u00e2mpus VII com atividades voltadas \u00e0 preven\u00e7\u00e3o de doen\u00e7as","author":"tatiany","date":"8 de mar\u00e7o de 2018","format":false,"excerpt":"A Universidade Estadual da Para\u00edba (UEPB), por meio do Centro de Ci\u00eancias Exatas e Sociais Aplicadas (CCEA), em parceria com a Coordenadoria de Esportes e Lazer (COEL) da Institui\u00e7\u00e3o, Prefeitura Municipal de Patos, atrav\u00e9s do N\u00facleo de Apoio a Sa\u00fade da Fam\u00edlia (NASF), e apoio de Hidelberto Duarte Personal Trainer,\u2026","rel":"","context":"Em &quot;CCEA&quot;","block_context":{"text":"CCEA","link":"https:\/\/centros.uepb.edu.br\/ccea\/category\/ccea\/"},"img":{"alt_text":"","src":"https:\/\/i0.wp.com\/centros.uepb.edu.br\/ccea\/files\/2018\/03\/Dia-da-Sa%C3%BAde-7.jpg?resize=350%2C200&ssl=1","width":350,"height":200,"srcset":"https:\/\/i0.wp.com\/centros.uepb.edu.br\/ccea\/files\/2018\/03\/Dia-da-Sa%C3%BAde-7.jpg?resize=350%2C200&ssl=1 1x, https:\/\/i0.wp.com\/centros.uepb.edu.br\/ccea\/files\/2018\/03\/Dia-da-Sa%C3%BAde-7.jpg?resize=525%2C300&ssl=1 1.5x, https:\/\/i0.wp.com\/centros.uepb.edu.br\/ccea\/files\/2018\/03\/Dia-da-Sa%C3%BAde-7.jpg?resize=700%2C400&ssl=1 2x"},"classes":[]},{"id":1055,"url":"https:\/\/centros.uepb.edu.br\/ccea\/2018\/05\/16\/pro-reitoria-estudantil-da-uepb-realiza-1o-seminario-de-saude-cultura-e-relacoes-sociais-no-campus-vii\/","url_meta":{"origin":836,"position":1},"title":"Pr\u00f3-Reitoria Estudantil da UEPB realiza 1\u00ba Semin\u00e1rio de Sa\u00fade, Cultura e Rela\u00e7\u00f5es Sociais no C\u00e2mpus VII","author":"tatiany","date":"16 de maio de 2018","format":false,"excerpt":"A Pr\u00f3-Reitoria Estudantil (PROEST) da Universidade Estadual da Para\u00edba (UEPB), com apoio das Faculdades Integradas de Patos (FIP), realizar\u00e1 na pr\u00f3xima segunda-feira (21), o 1\u00ba Semin\u00e1rio de Sa\u00fade, Cultura e Rela\u00e7\u00f5es Sociais. O evento acontecer\u00e1 \u00e0s 9h, no Audit\u00f3rio Celso Furtado, no Centro de Ci\u00eancias Exatas e sociais Aplicadas (CCEA),\u2026","rel":"","context":"Em &quot;CCEA&quot;","block_context":{"text":"CCEA","link":"https:\/\/centros.uepb.edu.br\/ccea\/category\/ccea\/"},"img":{"alt_text":"","src":"","width":0,"height":0},"classes":[]},{"id":742,"url":"https:\/\/centros.uepb.edu.br\/ccea\/2017\/12\/21\/seminario-no-campus-vii-da-uepb-discute-formacao-para-promocao-da-saude-no-contexto-das-arboviroses\/","url_meta":{"origin":836,"position":2},"title":"Semin\u00e1rio no C\u00e3mpus VII da UEPB discute forma\u00e7\u00e3o para promo\u00e7\u00e3o da sa\u00fade no contexto das arboviroses","author":"tatiana","date":"21 de dezembro de 2017","format":false,"excerpt":"A Universidade Estadual da Para\u00edba (UEPB), por meio do Centro de Ci\u00eancias Exatas e Sociais Aplicadas (CCEA), em parceria com a Secretaria de Sa\u00fade do Estado e 6\u00aa Ger\u00eancia Regional de Sa\u00fade, e apoio da Funda\u00e7\u00e3o Oswaldo Cruz (Fiocruz), Minist\u00e9rio da Sa\u00fade, Conselho Nacional de Desenvolvimento Cient\u00edfico e Tecnol\u00f3gico (CNPq),\u2026","rel":"","context":"Em &quot;CCEA&quot;","block_context":{"text":"CCEA","link":"https:\/\/centros.uepb.edu.br\/ccea\/category\/ccea\/"},"img":{"alt_text":"","src":"","width":0,"height":0},"classes":[]},{"id":983,"url":"https:\/\/centros.uepb.edu.br\/ccea\/2018\/04\/10\/atividades-esportivas-promovidas-pela-coel-movimentam-campus-da-universidade-estadual-da-paraiba\/","url_meta":{"origin":836,"position":3},"title":"Atividades esportivas promovidas pela Coel movimentam c\u00e2mpus da Universidade Estadual da Para\u00edba","author":"tatiana","date":"10 de abril de 2018","format":false,"excerpt":"Dentro da proposta de descentralizar as atividades esportivas na Universidade Estadual da Para\u00edba (UEPB), a Pr\u00f3-Reitoria Estudantil (PROEST), atrav\u00e9s da Coordenadoria de Esportes e Lazer (COEL), est\u00e1 apoiando uma s\u00e9rie de atividades programadas para esse m\u00eas de abril em tr\u00eas c\u00e2mpus da Institui\u00e7\u00e3o. Inicialmente, a COEL incentivou a realiza\u00e7\u00e3o a\u2026","rel":"","context":"Em &quot;CCEA&quot;","block_context":{"text":"CCEA","link":"https:\/\/centros.uepb.edu.br\/ccea\/category\/ccea\/"},"img":{"alt_text":"","src":"","width":0,"height":0},"classes":[]},{"id":1071,"url":"https:\/\/centros.uepb.edu.br\/ccea\/2018\/06\/05\/1o-congresso-paraibano-de-inclusao-sera-realizado-no-campus-vii-da-universidade-estadual-da-paraiba\/","url_meta":{"origin":836,"position":4},"title":"1\u00ba Congresso Paraibano de Inclus\u00e3o ser\u00e1 realizado no C\u00e2mpus VII da Universidade Estadual da Para\u00edba","author":"tatiany","date":"5 de junho de 2018","format":false,"excerpt":"Na busca de ampliar o debate e a luta no contexto da Inclus\u00e3o na Para\u00edba, a Podium Cursos e Assessoria, em parceria com a Universidade de Uberaba (Uniube), com patroc\u00ednio do Col\u00e9gio Fera GEO e apoio da Universidade Estadual da Para\u00edba (UEPB), Instituto Federal da Para\u00edba (IFPB) e Col\u00e9gio Cristo\u2026","rel":"","context":"Em &quot;CCEA&quot;","block_context":{"text":"CCEA","link":"https:\/\/centros.uepb.edu.br\/ccea\/category\/ccea\/"},"img":{"alt_text":"","src":"","width":0,"height":0},"classes":[]},{"id":1010,"url":"https:\/\/centros.uepb.edu.br\/ccea\/2018\/05\/07\/ccea-firma-parceria-com-academia-de-ginastica-e-amplia-oferta-de-atividades-de-promocao-da-saude-para-comunidade-universitaria\/","url_meta":{"origin":836,"position":5},"title":"CCEA firma parceria com academia de gin\u00e1stica e amplia oferta de atividades de promo\u00e7\u00e3o da sa\u00fade","author":"tatiany","date":"7 de maio de 2018","format":false,"excerpt":"A dire\u00e7\u00e3o do Centro de Ci\u00eancias Exatas e Sociais Aplicadas (CCEA), da Universidade Estadual da Para\u00edba (UEPB), e a Coordenadoria de Esporte e Lazer da Institui\u00e7\u00e3o, com intuito de ampliar o acesso \u00e0s atividades de promo\u00e7\u00e3o da sa\u00fade que o Centro oferece, atrav\u00e9s das pr\u00e1ticas realizadas pela sua academia de\u2026","rel":"","context":"Em &quot;CCEA&quot;","block_context":{"text":"CCEA","link":"https:\/\/centros.uepb.edu.br\/ccea\/category\/ccea\/"},"img":{"alt_text":"","src":"","width":0,"height":0},"classes":[]}],"_links":{"self":[{"href":"https:\/\/centros.uepb.edu.br\/ccea\/wp-json\/wp\/v2\/posts\/836","targetHints":{"allow":["GET"]}}],"collection":[{"href":"https:\/\/centros.uepb.edu.br\/ccea\/wp-json\/wp\/v2\/posts"}],"about":[{"href":"https:\/\/centros.uepb.edu.br\/ccea\/wp-json\/wp\/v2\/types\/post"}],"author":[{"embeddable":true,"href":"https:\/\/centros.uepb.edu.br\/ccea\/wp-json\/wp\/v2\/users\/33"}],"replies":[{"embeddable":true,"href":"https:\/\/centros.uepb.edu.br\/ccea\/wp-json\/wp\/v2\/comments?post=836"}],"version-history":[{"count":0,"href":"https:\/\/centros.uepb.edu.br\/ccea\/wp-json\/wp\/v2\/posts\/836\/revisions"}],"wp:attachment":[{"href":"https:\/\/centros.uepb.edu.br\/ccea\/wp-json\/wp\/v2\/media?parent=836"}],"wp:term":[{"taxonomy":"category","embeddable":true,"href":"https:\/\/centros.uepb.edu.br\/ccea\/wp-json\/wp\/v2\/categories?post=836"},{"taxonomy":"post_tag","embeddable":true,"href":"https:\/\/centros.uepb.edu.br\/ccea\/wp-json\/wp\/v2\/tags?post=836"}],"curies":[{"name":"wp","href":"https:\/\/api.w.org\/{rel}","templated":true}]}}