{"id":832,"date":"2018-02-26T19:33:13","date_gmt":"2018-02-26T19:33:13","guid":{"rendered":"https:\/\/centros.uepb.edu.br\/ccea\/?p=832"},"modified":"2018-02-26T19:36:18","modified_gmt":"2018-02-26T19:36:18","slug":"programa-de-nivelamento-em-matematica-basica-e-oferecido-aos-ingressantes-do-curso-de-matematica-e-computacao-do-campus-vii","status":"publish","type":"post","link":"https:\/\/centros.uepb.edu.br\/ccea\/2018\/02\/26\/programa-de-nivelamento-em-matematica-basica-e-oferecido-aos-ingressantes-do-curso-de-matematica-e-computacao-do-campus-vii\/","title":{"rendered":"Nivelamento em Matem\u00e1tica \u00e9 oferecido aos ingressantes dos Cursos de Matem\u00e1tica e Computa\u00e7\u00e3o do CCEA"},"content":{"rendered":"<p>A Coordena\u00e7\u00e3o do Curso de Licenciatura em Matem\u00e1tica, do Centro de Ci\u00eancias Exatas e Sociais Aplicadas (CCEA), C\u00e2mpus VII da Universidade Estadual da Para\u00edba (UEPB), est\u00e1 realizando, entre os dias 26 de fevereiro e 2 de mar\u00e7o, nos turnos manh\u00e3 e noite, o Programa de Nivelamento em Matem\u00e1tica B\u00e1sica.<\/p>\n<p>A a\u00e7\u00e3o \u00e9 voltada aos alunos ingressantes da Licenciatura em Matem\u00e1tica e do curso de Bacharelado em Ci\u00eancias da Computa\u00e7\u00e3o do C\u00e2mpus VII da UEPB e objetiva melhorar o \u00edndice de aproveitamento dos acad\u00eamicos nas disciplinas que envolvem conceitos de matem\u00e1tica, resgatando o desejo do aluno em superar as dificuldades e o medo da ci\u00eancia do racioc\u00ednio l\u00f3gico e abstrato, desmistificando a vis\u00e3o distorcida de como muitos a veem, proporcionando, deste modo, uma nova forma de conhecimento na \u00e1rea, melhorando a compreens\u00e3o na resolu\u00e7\u00e3o de problemas do cotidiano e criando modelos matem\u00e1ticos que possam ajudar nas fun\u00e7\u00f5es do dia-a-dia e no trabalho.<\/p>\n<p>O Mutir\u00e3o ser\u00e1 o primeiro contato do ingressante com entraves na \u00e1rea de conhecimento para alavancar os estudos afins no n\u00edvel superior e homogeneizar estes conhecimentos no contexto de uma turma, minimizando assim grandes disparidades de desempenho e tornando o processo de ensino e aprendizagem mais produtivo.<\/p>\n<p>Durante dez semanas, ap\u00f3s o t\u00e9rmino do evento, os alunos ter\u00e3o atendimento personalizado, online e\/ou presencialmente, com os tutores que acompanhar\u00e3o o seu desempenho em atividades vinculadas aos conte\u00fados vistos em cada m\u00f3dulo e ser\u00e3o submetidos, semanalmente, a participar de um instrumento de avalia\u00e7\u00e3o dessas habilidades que servir\u00e3o como par\u00e2metro para uma an\u00e1lise do aproveitamento do curso pelos alunos ingressantes, sendo todas as atividades realizadas registradas no Google Classroom.<\/p>\n<p>\u200b\u00c9 importante ressaltar que os alunos dever\u00e3o compulsoriamente est\u00e1 inscritos no Programa, de acordo com Moran (1994), um curso livre a dist\u00e2ncia, isto \u00e9, referente \u00e0 atualiza\u00e7\u00e3o do aluno ingressante, com direito a certifica\u00e7\u00e3o. O participante do Programa que completar 75% das atividades propostas receber\u00e1 certifica\u00e7\u00e3o.<\/p>\n<p>O Mutir\u00e3o \u00e9 coordenado pelos professores Arlandson Matheus e Juc\u00e9lio Santos, e conta ainda com a participa\u00e7\u00e3o de 14 professores vinculados a Institui\u00e7\u00e3o e 10 alunos tutores do curso de matem\u00e1tica.<\/p>\n<p>Para maiores informa\u00e7\u00f5es os interessados poder\u00e3o acessar a p\u00e1gina do evento na internet <a href=\"https:\/\/nivelamentomatemat.wixsite.com\/mutirao\/mutirao\">https:\/\/nivelamentomatemat.wixsite.com\/mutirao\/mutirao<\/a> ou ainda entrar em contato com os organizadores atrav\u00e9s do e-mail <a href=\"mailto:nivelamentomatematicauepb@gmail.com\">nivelamentomatematicauepb@gmail.com<\/a>.<\/p>\n<p>&nbsp;<\/p>\n<p><strong>Texto<\/strong>: Tatiany Escari\u00e3o<\/p>\n","protected":false},"excerpt":{"rendered":"<p>A Coordena\u00e7\u00e3o do Curso de Licenciatura em Matem\u00e1tica, do Centro de Ci\u00eancias Exatas e Sociais Aplicadas (CCEA), C\u00e2mpus VII da Universidade Estadual da Para\u00edba (UEPB), est\u00e1 realizando, entre os dias 26 de fevereiro e 2 de mar\u00e7o, nos turnos manh\u00e3 e noite, o Programa de Nivelamento em Matem\u00e1tica B\u00e1sica. A a\u00e7\u00e3o \u00e9 voltada aos alunos <a class=\"leiamais\" href=\"https:\/\/centros.uepb.edu.br\/ccea\/2018\/02\/26\/programa-de-nivelamento-em-matematica-basica-e-oferecido-aos-ingressantes-do-curso-de-matematica-e-computacao-do-campus-vii\/\">Leia Mais&#8230;<\/a><\/p>\n","protected":false},"author":33,"featured_media":0,"comment_status":"closed","ping_status":"closed","sticky":false,"template":"","format":"standard","meta":{"jetpack_post_was_ever_published":false,"_jetpack_newsletter_access":"","_jetpack_dont_email_post_to_subs":false,"_jetpack_newsletter_tier_id":0,"_jetpack_memberships_contains_paywalled_content":false,"_jetpack_memberships_contains_paid_content":false,"footnotes":"","jetpack_publicize_message":"","jetpack_publicize_feature_enabled":true,"jetpack_social_post_already_shared":true,"jetpack_social_options":{"image_generator_settings":{"template":"highway","default_image_id":0,"font":"","enabled":false},"version":2}},"categories":[8,3],"tags":[],"class_list":["post-832","post","type-post","status-publish","format-standard","hentry","category-ccea","category-noticias"],"jetpack_publicize_connections":[],"jetpack_featured_media_url":"","jetpack_sharing_enabled":true,"jetpack_shortlink":"https:\/\/wp.me\/p7WTGX-dq","jetpack_likes_enabled":true,"jetpack-related-posts":[{"id":1229,"url":"https:\/\/centros.uepb.edu.br\/ccea\/2019\/02\/20\/centro-de-ciencias-exatas-e-sociais-aplicadas-promove-atividade-de-recepcao-aos-alunos-novatos\/","url_meta":{"origin":832,"position":0},"title":"Centro de Ci\u00eancias Exatas e Sociais Aplicadas promove atividade de recep\u00e7\u00e3o aos alunos novatos","author":"tatiana","date":"20 de fevereiro de 2019","format":false,"excerpt":"A Dire\u00e7\u00e3o do Centro de Ci\u00eancias Exatas e Sociais Aplicadas (CCEA) da Universidade Estadual da Para\u00edba (UEPB), localizado na cidade de Patos, no Sert\u00e3o do Estado, em parceria com as coordena\u00e7\u00f5es dos cursos de Licenciatura em Matem\u00e1tica e em F\u00edsica, al\u00e9m dos bacharelados em Ci\u00eancia da Computa\u00e7\u00e3o e Administra\u00e7\u00e3o, realizou\u2026","rel":"","context":"Em &quot;CCEA&quot;","block_context":{"text":"CCEA","link":"https:\/\/centros.uepb.edu.br\/ccea\/category\/ccea\/"},"img":{"alt_text":"","src":"","width":0,"height":0},"classes":[]},{"id":1186,"url":"https:\/\/centros.uepb.edu.br\/ccea\/2018\/09\/20\/universidade-estadual-da-paraiba-lamenta-falecimento-de-professora-de-matematica-do-campus-de-patos\/","url_meta":{"origin":832,"position":1},"title":"Universidade Estadual da Para\u00edba lamenta falecimento de professora de Matem\u00e1tica do C\u00e2mpus de Patos","author":"tatiana","date":"20 de setembro de 2018","format":false,"excerpt":"A Administra\u00e7\u00e3o Central da Universidade Estadual da Para\u00edba (UEPB), em nome de toda a comunidade acad\u00eamica, e a dire\u00e7\u00e3o do Centro de Ci\u00eancias Exatas e Sociais Aplicadas (CCEA) lamentam, com profundo pesar, o falecimento da professora Tatiana Rocha de Souza, do curso de Licenciatura em Matem\u00e1tica do C\u00e2mpus de Patos,\u2026","rel":"","context":"Em &quot;CCEA&quot;","block_context":{"text":"CCEA","link":"https:\/\/centros.uepb.edu.br\/ccea\/category\/ccea\/"},"img":{"alt_text":"","src":"https:\/\/i0.wp.com\/www.uepb.edu.br\/wp-content\/uploads\/2018\/09\/Tatiana-Rocha.jpg?resize=350%2C200","width":350,"height":200},"classes":[]},{"id":2525,"url":"https:\/\/centros.uepb.edu.br\/ccea\/2025\/08\/07\/coordenacao-do-curso-de-licenciatura-em-matematica-abre-selecao-publica-para-contratacao-de-professor-substituto-2\/","url_meta":{"origin":832,"position":2},"title":"Coordena\u00e7\u00e3o do Curso de Licenciatura em Matem\u00e1tica abre sele\u00e7\u00e3o p\u00fablica para contrata\u00e7\u00e3o de professor substituto","author":"olivio","date":"7 de agosto de 2025","format":false,"excerpt":"A Coordena\u00e7\u00e3o do Curso de Licenciatura em Matem\u00e1tica do Centro de Ci\u00eancias Exatas e Sociais Aplicadas (CCEA), abre sele\u00e7\u00e3o p\u00fablica para contrata\u00e7\u00e3o de professor substituto. Est\u00e1 sendo oferecida 1 (uma) vaga para a \u00e1rea de Matem\u00e1tica Discreta e C\u00e1lculo Num\u00e9rico, com regime de trabalho T40. Os interessados em participar da\u2026","rel":"","context":"Em &quot;Agend Not\u00edcias Destaque&quot;","block_context":{"text":"Agend Not\u00edcias Destaque","link":"https:\/\/centros.uepb.edu.br\/ccea\/category\/agend-noticias-destaque\/"},"img":{"alt_text":"","src":"https:\/\/i0.wp.com\/centros.uepb.edu.br\/ccea\/files\/2025\/08\/artes_campus_feed_mat3_25-300x300.png?resize=350%2C200&ssl=1","width":350,"height":200},"classes":[]},{"id":1102,"url":"https:\/\/centros.uepb.edu.br\/ccea\/2018\/06\/08\/coordenacao-de-tcc-do-curso-de-matematica-do-campus-vii-informa-sobre-cronograma-de-atividades-do-semestre-letivo-2017-2\/","url_meta":{"origin":832,"position":3},"title":"Coordena\u00e7\u00e3o de TCC de Matem\u00e1tica do C\u00e2mpus VII informa sobre cronograma de atividades do semestre 2017.2","author":"tatiany","date":"8 de junho de 2018","format":false,"excerpt":"A Coordena\u00e7\u00e3o do Curso de Licenciatura em Matem\u00e1tica do Centro de Ci\u00eancias Exatas e Sociais Aplicadas, da Universidade Estadual da Para\u00edba (UEPB), atrav\u00e9s da coordenadoria dos Trabalhos de Conclus\u00e3o de Curso (TCC), torna p\u00fablicas as datas e hor\u00e1rios em que ocorrer\u00e3o as defesas dos trabalhos do semestre letivo 2017.2. A\u2026","rel":"","context":"Em &quot;CCEA&quot;","block_context":{"text":"CCEA","link":"https:\/\/centros.uepb.edu.br\/ccea\/category\/ccea\/"},"img":{"alt_text":"","src":"","width":0,"height":0},"classes":[]},{"id":2076,"url":"https:\/\/centros.uepb.edu.br\/ccea\/2023\/05\/09\/resultado-oficial-da-votacao-do-ccea-e-divulgado\/","url_meta":{"origin":832,"position":4},"title":"Resultado oficial da vota\u00e7\u00e3o do CCEA \u00e9 divulgado","author":"olivio","date":"9 de maio de 2023","format":false,"excerpt":"O dia de ontem (09\/05), foi marcado pela realiza\u00e7\u00e3o da Elei\u00e7\u00e3o do Centro de Ci\u00eancias Exatas e Sociais Aplicadas - CCEA da Universidade Estadual da Para\u00edba - UEPB. Estiveram em disputa a Gest\u00e3o do Campus VII e das Coordena\u00e7\u00f5es dos Cursos de Bacharelado em Administra\u00e7\u00e3o, Bacharelado em Ci\u00eancia da Computa\u00e7\u00e3o,\u2026","rel":"","context":"Em &quot;Agend Not\u00edcias Destaque&quot;","block_context":{"text":"Agend Not\u00edcias Destaque","link":"https:\/\/centros.uepb.edu.br\/ccea\/category\/agend-noticias-destaque\/"},"img":{"alt_text":"","src":"https:\/\/i0.wp.com\/centros.uepb.edu.br\/ccea\/files\/2023\/05\/resul-300x163.png?resize=350%2C200&ssl=1","width":350,"height":200},"classes":[]},{"id":1216,"url":"https:\/\/centros.uepb.edu.br\/ccea\/2018\/12\/20\/campus-de-patos-forma-alunos-dos-cursos-de-administracao-ciencia-da-computacao-fisica-e-matematica\/","url_meta":{"origin":832,"position":5},"title":"C\u00e2mpus de Patos forma alunos dos cursos de Administra\u00e7\u00e3o, Ci\u00eancia da Computa\u00e7\u00e3o, F\u00edsica e Matem\u00e1tica","author":"tatiana","date":"20 de dezembro de 2018","format":false,"excerpt":"A solenidade de Cola\u00e7\u00e3o de Grau do Centro de Ci\u00eancias Exatas e Sociais Aplicadas (CCEA) da Universidade Estadual da Para\u00edba (UEPB) foi realizada na tarde desta quarta-feira (19), no Gin\u00e1sio de Esportes do C\u00e2mpus VII, em Patos, e marcou a formatura dos alunos dos cursos de Bacharelado em Administra\u00e7\u00e3o, Bacharelado\u2026","rel":"","context":"Em &quot;CCEA&quot;","block_context":{"text":"CCEA","link":"https:\/\/centros.uepb.edu.br\/ccea\/category\/ccea\/"},"img":{"alt_text":"","src":"","width":0,"height":0},"classes":[]}],"_links":{"self":[{"href":"https:\/\/centros.uepb.edu.br\/ccea\/wp-json\/wp\/v2\/posts\/832","targetHints":{"allow":["GET"]}}],"collection":[{"href":"https:\/\/centros.uepb.edu.br\/ccea\/wp-json\/wp\/v2\/posts"}],"about":[{"href":"https:\/\/centros.uepb.edu.br\/ccea\/wp-json\/wp\/v2\/types\/post"}],"author":[{"embeddable":true,"href":"https:\/\/centros.uepb.edu.br\/ccea\/wp-json\/wp\/v2\/users\/33"}],"replies":[{"embeddable":true,"href":"https:\/\/centros.uepb.edu.br\/ccea\/wp-json\/wp\/v2\/comments?post=832"}],"version-history":[{"count":0,"href":"https:\/\/centros.uepb.edu.br\/ccea\/wp-json\/wp\/v2\/posts\/832\/revisions"}],"wp:attachment":[{"href":"https:\/\/centros.uepb.edu.br\/ccea\/wp-json\/wp\/v2\/media?parent=832"}],"wp:term":[{"taxonomy":"category","embeddable":true,"href":"https:\/\/centros.uepb.edu.br\/ccea\/wp-json\/wp\/v2\/categories?post=832"},{"taxonomy":"post_tag","embeddable":true,"href":"https:\/\/centros.uepb.edu.br\/ccea\/wp-json\/wp\/v2\/tags?post=832"}],"curies":[{"name":"wp","href":"https:\/\/api.w.org\/{rel}","templated":true}]}}