{"id":817,"date":"2018-02-26T11:15:31","date_gmt":"2018-02-26T11:15:31","guid":{"rendered":"https:\/\/centros.uepb.edu.br\/ccea\/?p=817"},"modified":"2018-02-26T13:50:51","modified_gmt":"2018-02-26T13:50:51","slug":"grupo-de-brincantes-realiza-sarau-poetico-no-campus-vii-da-uepb-e-direcao-convida-comunidade-academica-a-participar-do-evento","status":"publish","type":"post","link":"https:\/\/centros.uepb.edu.br\/ccea\/2018\/02\/26\/grupo-de-brincantes-realiza-sarau-poetico-no-campus-vii-da-uepb-e-direcao-convida-comunidade-academica-a-participar-do-evento\/","title":{"rendered":"Grupo de brincantes realiza apresenta\u00e7\u00e3o no C\u00e2mpus VII e dire\u00e7\u00e3o convida acad\u00eamicos para o evento"},"content":{"rendered":"<p><img loading=\"lazy\" decoding=\"async\" class=\"aligncenter size-full wp-image-825 img-responsive\" src=\"https:\/\/centros.uepb.edu.br\/ccea\/files\/2018\/02\/7-bocas-de-luz-1.jpg\" alt=\"\" width=\"840\" height=\"454\" srcset=\"https:\/\/centros.uepb.edu.br\/ccea\/files\/2018\/02\/7-bocas-de-luz-1.jpg 840w, https:\/\/centros.uepb.edu.br\/ccea\/files\/2018\/02\/7-bocas-de-luz-1-300x162.jpg 300w, https:\/\/centros.uepb.edu.br\/ccea\/files\/2018\/02\/7-bocas-de-luz-1-768x415.jpg 768w, https:\/\/centros.uepb.edu.br\/ccea\/files\/2018\/02\/7-bocas-de-luz-1-370x200.jpg 370w\" sizes=\"auto, (max-width: 840px) 100vw, 840px\" \/><\/p>\n<p>A Dire\u00e7\u00e3o do Centro de Ci\u00eancias Exatas e Sociais Aplicadas (CCEA), da Universidade Estadual da Para\u00edba (UEPB), convida toda a comunidade acad\u00eamica a participar da apresenta\u00e7\u00e3o cultural com grupo \u201c7 Bocas de Luz\u201d que ser\u00e1 realizada no dia 09 de mar\u00e7o, no audit\u00f3rio Celso Furtado,\u00a0 C\u00e2mpus VII, em Patos.<\/p>\n<p>Abra\u00e7ando m\u00fasica e poesia, o grupo de brincantes, sens\u00edvel \u00e0s causas sociais, ministrar\u00e1 \u00e0s 16h a palestra intitulada &#8220;Acerca do que somos&#8221; &#8211; Um olhar sobre nossas heran\u00e7as gen\u00e9ticas. Nossas origens e costumes, e abordar\u00e1, atrav\u00e9s da valoriza\u00e7\u00e3o das singularidades e do espa\u00e7o sociocultural, em que as diferentes identidades se encontram e se constituem, o processo de constru\u00e7\u00e3o identit\u00e1ria brasileira.<\/p>\n<p>A noite, \u00e0s 19h30, o p\u00fablico poder\u00e1 desfrutar de uma apresenta\u00e7\u00e3o que aquilata o sentimento pela terra com a apresenta\u00e7\u00e3o do Sarau Po\u00e9tico que enaltece a m\u00fasica e a poesia autoral e exala manifesta\u00e7\u00f5es profundamente regionalista.<\/p>\n<p>A atividade \u00e9 gratuita e aberta para todos e contar\u00e1 com a participa\u00e7\u00e3o dos poetas e musicistas Pedro Soares, Roberto Caj\u00e1, Civaldo Andrade, Chico Viola, Marco di Aur\u00e9lio, Haid\u00e9e Camelo, Carlos Ara\u00fajo, Joca da Costa, Oct\u00e1vio Ca\u00famo, Carlos Per\u00ea, Fernando Pintassilgo, Jo\u00e3o Nicodemos.<\/p>\n<p><strong>Texto<\/strong>: Tatiany Escari\u00e3o<\/p>\n<p>&nbsp;<\/p>\n","protected":false},"excerpt":{"rendered":"<p>A Dire\u00e7\u00e3o do Centro de Ci\u00eancias Exatas e Sociais Aplicadas (CCEA), da Universidade Estadual da Para\u00edba (UEPB), convida toda a comunidade acad\u00eamica a participar da apresenta\u00e7\u00e3o cultural com grupo \u201c7 Bocas de Luz\u201d que ser\u00e1 realizada no dia 09 de mar\u00e7o, no audit\u00f3rio Celso Furtado,\u00a0 C\u00e2mpus VII, em Patos. Abra\u00e7ando m\u00fasica e poesia, o grupo <a class=\"leiamais\" href=\"https:\/\/centros.uepb.edu.br\/ccea\/2018\/02\/26\/grupo-de-brincantes-realiza-sarau-poetico-no-campus-vii-da-uepb-e-direcao-convida-comunidade-academica-a-participar-do-evento\/\">Leia Mais&#8230;<\/a><\/p>\n","protected":false},"author":33,"featured_media":0,"comment_status":"closed","ping_status":"closed","sticky":false,"template":"","format":"standard","meta":{"jetpack_post_was_ever_published":false,"_jetpack_newsletter_access":"","_jetpack_dont_email_post_to_subs":false,"_jetpack_newsletter_tier_id":0,"_jetpack_memberships_contains_paywalled_content":false,"_jetpack_memberships_contains_paid_content":false,"footnotes":"","jetpack_publicize_message":"","jetpack_publicize_feature_enabled":true,"jetpack_social_post_already_shared":true,"jetpack_social_options":{"image_generator_settings":{"template":"highway","default_image_id":0,"font":"","enabled":false},"version":2}},"categories":[8,3],"tags":[],"class_list":["post-817","post","type-post","status-publish","format-standard","hentry","category-ccea","category-noticias"],"jetpack_publicize_connections":[],"jetpack_featured_media_url":"","jetpack_sharing_enabled":true,"jetpack_shortlink":"https:\/\/wp.me\/p7WTGX-db","jetpack_likes_enabled":true,"jetpack-related-posts":[{"id":811,"url":"https:\/\/centros.uepb.edu.br\/ccea\/2018\/02\/22\/direcao-do-ccea-informa-sobre-abertura-de-inscricoes-para-as-atividades-esportivas-no-campus-vii\/","url_meta":{"origin":817,"position":0},"title":"Dire\u00e7\u00e3o do CCEA informa sobre abertura de inscri\u00e7\u00f5es para as atividades esportivas no C\u00e2mpus VII","author":"tatiany","date":"22 de fevereiro de 2018","format":false,"excerpt":"A Dire\u00e7\u00e3o do Centro de Ci\u00eancias Exatas e Sociais Aplicadas (CCEA), C\u00e2mpus VII da Universidade Estadual da Para\u00edba (UEPB) informa, a toda comunidade acad\u00eamica, que j\u00e1 se encontram abertas as inscri\u00e7\u00f5es para as atividades das modalidades esportivas oferecidas pela Coordenadoria de Esporte e Lazer do Centro. Para se inscrever em\u2026","rel":"","context":"Em &quot;CCEA&quot;","block_context":{"text":"CCEA","link":"https:\/\/centros.uepb.edu.br\/ccea\/category\/ccea\/"},"img":{"alt_text":"","src":"","width":0,"height":0},"classes":[]},{"id":675,"url":"https:\/\/centros.uepb.edu.br\/ccea\/2017\/10\/27\/direcao-do-ccea-informa-sobre-expediente-durante-o-1o-seminario-interinstitucional-de-diversidade\/","url_meta":{"origin":817,"position":1},"title":"Dire\u00e7\u00e3o do CCEA informa sobre expediente durante o 1\u00ba Semin\u00e1rio Interinstitucional de Diversidade","author":"tatiana","date":"27 de outubro de 2017","format":false,"excerpt":"A Dire\u00e7\u00e3o do Centro de Ci\u00eancias Exatas e Sociais Aplicadas (CCEA) da Universidade Estadual da Para\u00edba (UEPB), em Patos, informa a comunidade acad\u00eamica do C\u00e2mpus VII que nos dias 30 e 31 de outubro e 1\u00ba de novembro, per\u00edodo no qual estar\u00e1 sendo realizado o 1\u00ba Semin\u00e1rio Interinstitucional de Diversidade\u2026","rel":"","context":"Em &quot;CCEA&quot;","block_context":{"text":"CCEA","link":"https:\/\/centros.uepb.edu.br\/ccea\/category\/ccea\/"},"img":{"alt_text":"","src":"","width":0,"height":0},"classes":[]},{"id":939,"url":"https:\/\/centros.uepb.edu.br\/ccea\/2018\/03\/22\/ginastica-laboral-e-oferecida-aos-servidores-do-centro-de-ciencias-exatas-e-sociais-aplicadas\/","url_meta":{"origin":817,"position":2},"title":"Gin\u00e1stica laboral \u00e9 oferecida aos servidores do Centro de Ci\u00eancias Exatas e Sociais Aplicadas","author":"tatiana","date":"22 de mar\u00e7o de 2018","format":false,"excerpt":"Preocupada com o bem-estar de professores e t\u00e9cnicos administrativos, e com a preven\u00e7\u00e3o de doen\u00e7as ocupacionais como dores e inc\u00f4modos que ocorrem devido \u00e0s atividades cotidianas de um ambiente de trabalho, a dire\u00e7\u00e3o do Centro de Ci\u00eancias Exatas e Sociais Aplicadas (CCEA), da Universidade Estadual da Para\u00edba (UEPB), por meio\u2026","rel":"","context":"Em &quot;CCEA&quot;","block_context":{"text":"CCEA","link":"https:\/\/centros.uepb.edu.br\/ccea\/category\/ccea\/"},"img":{"alt_text":"","src":"","width":0,"height":0},"classes":[]},{"id":1069,"url":"https:\/\/centros.uepb.edu.br\/ccea\/2018\/06\/05\/direcao-do-ccea-emite-nota-sobre-problemas-tecnicos-na-central-telefonica-do-campus-vii-da-uepb\/","url_meta":{"origin":817,"position":3},"title":"Dire\u00e7\u00e3o do CCEA emite nota sobre problemas t\u00e9cnicos na central telef\u00f4nica do C\u00e2mpus VII da UEPB","author":"tatiany","date":"5 de junho de 2018","format":false,"excerpt":"A dire\u00e7\u00e3o do Centro de Ci\u00eancias Exatas e Sociais Aplicadas (CCEA), da Universidade Estadual da Para\u00edba (UEPB), informa a toda comunidade que, em decorr\u00eancia de problemas t\u00e9cnicos na central telef\u00f4nica do C\u00e2mpus VII, o n\u00famero (83) 3421 1475 est\u00e1 temporariamente indispon\u00edvel. Diante disso, solicita que os contatos sejam feitos atrav\u00e9s\u2026","rel":"","context":"Em &quot;CCEA&quot;","block_context":{"text":"CCEA","link":"https:\/\/centros.uepb.edu.br\/ccea\/category\/ccea\/"},"img":{"alt_text":"","src":"","width":0,"height":0},"classes":[]},{"id":841,"url":"https:\/\/centros.uepb.edu.br\/ccea\/2018\/02\/28\/campus-vii-da-universidade-estadual-da-paraiba-adere-a-campanha-para-custear-o-tratamento-da-pequena-manuela\/","url_meta":{"origin":817,"position":4},"title":"C\u00e2mpus VII da Universidade Estadual da Para\u00edba adere \u00e0 campanha para custear o tratamento da pequena Manuela","author":"tatiany","date":"28 de fevereiro de 2018","format":false,"excerpt":"A Dire\u00e7\u00e3o do Centro de Ci\u00eancias Exatas e Sociais Aplicadas (CCEA), C\u00e2mpus VII da Universidade Estadual da Para\u00edba (UEPB), em Patos, sensibilizada com o caso da pequena Manuela, de apenas 5 anos, filha do casal Gabriela e Dyego Ramalho, que foi diagnosticada com um tumor no c\u00e9rebro, adere a campanha\u2026","rel":"","context":"Em &quot;CCEA&quot;","block_context":{"text":"CCEA","link":"https:\/\/centros.uepb.edu.br\/ccea\/category\/ccea\/"},"img":{"alt_text":"","src":"https:\/\/i0.wp.com\/centros.uepb.edu.br\/ccea\/files\/2018\/02\/Manu.jpg?resize=350%2C200&ssl=1","width":350,"height":200},"classes":[]},{"id":653,"url":"https:\/\/centros.uepb.edu.br\/ccea\/2017\/10\/20\/direcao-do-ccea-informa-sobre-atividades-academicas-no-campus-vii-da-uepb-entre-os-dias-23-e-25-de-outubro\/","url_meta":{"origin":817,"position":5},"title":"Dire\u00e7\u00e3o do CCEA informa sobre atividades acad\u00eamicas no C\u00e2mpus VII da UEPB entre os dias 23 e 25\/10","author":"tatiana","date":"20 de outubro de 2017","format":false,"excerpt":"A Dire\u00e7\u00e3o do Centro de Ci\u00eancias Exatas e Sociais Aplicadas (CCEA) da Universidade Estadual da Para\u00edba (UEPB) informa a toda comunidade universit\u00e1ria que as atividades acad\u00eamicas e administrativas no C\u00e2mpus VII ser\u00e3o normais na pr\u00f3xima segunda-feira (23). Apenas na ter\u00e7a-feira (24) haver\u00e1 suspens\u00e3o do expediente na unidade, em virtude do\u2026","rel":"","context":"Em &quot;CCEA&quot;","block_context":{"text":"CCEA","link":"https:\/\/centros.uepb.edu.br\/ccea\/category\/ccea\/"},"img":{"alt_text":"","src":"","width":0,"height":0},"classes":[]}],"_links":{"self":[{"href":"https:\/\/centros.uepb.edu.br\/ccea\/wp-json\/wp\/v2\/posts\/817","targetHints":{"allow":["GET"]}}],"collection":[{"href":"https:\/\/centros.uepb.edu.br\/ccea\/wp-json\/wp\/v2\/posts"}],"about":[{"href":"https:\/\/centros.uepb.edu.br\/ccea\/wp-json\/wp\/v2\/types\/post"}],"author":[{"embeddable":true,"href":"https:\/\/centros.uepb.edu.br\/ccea\/wp-json\/wp\/v2\/users\/33"}],"replies":[{"embeddable":true,"href":"https:\/\/centros.uepb.edu.br\/ccea\/wp-json\/wp\/v2\/comments?post=817"}],"version-history":[{"count":0,"href":"https:\/\/centros.uepb.edu.br\/ccea\/wp-json\/wp\/v2\/posts\/817\/revisions"}],"wp:attachment":[{"href":"https:\/\/centros.uepb.edu.br\/ccea\/wp-json\/wp\/v2\/media?parent=817"}],"wp:term":[{"taxonomy":"category","embeddable":true,"href":"https:\/\/centros.uepb.edu.br\/ccea\/wp-json\/wp\/v2\/categories?post=817"},{"taxonomy":"post_tag","embeddable":true,"href":"https:\/\/centros.uepb.edu.br\/ccea\/wp-json\/wp\/v2\/tags?post=817"}],"curies":[{"name":"wp","href":"https:\/\/api.w.org\/{rel}","templated":true}]}}