{"id":811,"date":"2018-02-22T14:05:19","date_gmt":"2018-02-22T14:05:19","guid":{"rendered":"https:\/\/centros.uepb.edu.br\/ccea\/?p=811"},"modified":"2018-02-22T14:05:19","modified_gmt":"2018-02-22T14:05:19","slug":"direcao-do-ccea-informa-sobre-abertura-de-inscricoes-para-as-atividades-esportivas-no-campus-vii","status":"publish","type":"post","link":"https:\/\/centros.uepb.edu.br\/ccea\/2018\/02\/22\/direcao-do-ccea-informa-sobre-abertura-de-inscricoes-para-as-atividades-esportivas-no-campus-vii\/","title":{"rendered":"Dire\u00e7\u00e3o do CCEA informa sobre abertura de inscri\u00e7\u00f5es para as atividades esportivas no C\u00e2mpus VII"},"content":{"rendered":"<p>A Dire\u00e7\u00e3o do Centro de Ci\u00eancias Exatas e Sociais Aplicadas (CCEA), C\u00e2mpus VII da Universidade Estadual da Para\u00edba (UEPB) informa, a toda comunidade acad\u00eamica, que j\u00e1 se encontram abertas as inscri\u00e7\u00f5es para as atividades das modalidades esportivas oferecidas pela Coordenadoria de Esporte e Lazer do Centro.<\/p>\n<p>Para se inscrever em uma das modalidades ofertadas, \u00e9 f\u00e1cil! Os interessados devem procurar Digliemo Ant\u00f4nio, Coordenador de Esporte e Lazer do CCEA, na Academia do C\u00e2mpus VII, das 8h \u00e0s 12h e de 14 \u00e0s 18h. A inscri\u00e7\u00e3o \u00e9 gratuita, sendo exigida apenas, no ato da inscri\u00e7\u00e3o, a apresenta\u00e7\u00e3o dos documentos de Identidade, CPF, Registro de Matr\u00edcula e Laudo M\u00e9dico que comprove a aptid\u00e3o para a pr\u00e1tica de exerc\u00edcio f\u00edsico.<\/p>\n<p>O in\u00edcio das aulas est\u00e1 previsto para a pr\u00f3xima segunda-feira (26). Disponibilizamos, abaixo, a rela\u00e7\u00e3o das modalidades esportivas ofertadas e os hor\u00e1rios de cada uma delas. Consulte as atividades dispon\u00edveis e fa\u00e7a a sua inscri\u00e7\u00e3o. N\u00e3o perca esta oportunidade.<\/p>\n<p>&nbsp;<\/p>\n<p><strong>Acad\u00eamia<\/strong><\/p>\n<p>De segunda a sexta-feira \u2013 8h \u00e0s 12 e 14h \u00e0s 18h<\/p>\n<p><strong>Karat\u00ea<\/strong><\/p>\n<p>Segundas, quartas e sextas-feiras \u2013 20h \u00e0s 22h<\/p>\n<p><strong>Capoeira<\/strong><\/p>\n<p>Ter\u00e7as e quintas-feiras \u2013 18h \u00e0s 20h<\/p>\n<p><strong>Equipe Futsal<\/strong><\/p>\n<p>Ter\u00e7as e quintas-feiras \u2013 20h \u00e0s 22h<\/p>\n<p><strong>Funcional<\/strong><\/p>\n<p>Quartas e sextas-feiras \u2013 17h \u00e0s 18h<\/p>\n<p><strong>Dan\u00e7a<\/strong><\/p>\n<p>Ter\u00e7as e quintas-feiras \u2013 17h \u00e0s 18h<\/p>\n<p>&nbsp;<\/p>\n<p>Texto: Tatiany Escari\u00e3o<\/p>\n","protected":false},"excerpt":{"rendered":"<p>A Dire\u00e7\u00e3o do Centro de Ci\u00eancias Exatas e Sociais Aplicadas (CCEA), C\u00e2mpus VII da Universidade Estadual da Para\u00edba (UEPB) informa, a toda comunidade acad\u00eamica, que j\u00e1 se encontram abertas as inscri\u00e7\u00f5es para as atividades das modalidades esportivas oferecidas pela Coordenadoria de Esporte e Lazer do Centro. Para se inscrever em uma das modalidades ofertadas, \u00e9 <a class=\"leiamais\" href=\"https:\/\/centros.uepb.edu.br\/ccea\/2018\/02\/22\/direcao-do-ccea-informa-sobre-abertura-de-inscricoes-para-as-atividades-esportivas-no-campus-vii\/\">Leia Mais&#8230;<\/a><\/p>\n","protected":false},"author":33,"featured_media":0,"comment_status":"closed","ping_status":"closed","sticky":false,"template":"","format":"standard","meta":{"jetpack_post_was_ever_published":false,"_jetpack_newsletter_access":"","_jetpack_dont_email_post_to_subs":false,"_jetpack_newsletter_tier_id":0,"_jetpack_memberships_contains_paywalled_content":false,"_jetpack_memberships_contains_paid_content":false,"footnotes":"","jetpack_publicize_message":"","jetpack_publicize_feature_enabled":true,"jetpack_social_post_already_shared":true,"jetpack_social_options":{"image_generator_settings":{"template":"highway","default_image_id":0,"font":"","enabled":false},"version":2}},"categories":[8,3],"tags":[],"class_list":["post-811","post","type-post","status-publish","format-standard","hentry","category-ccea","category-noticias"],"jetpack_publicize_connections":[],"jetpack_featured_media_url":"","jetpack_sharing_enabled":true,"jetpack_shortlink":"https:\/\/wp.me\/p7WTGX-d5","jetpack_likes_enabled":true,"jetpack-related-posts":[{"id":987,"url":"https:\/\/centros.uepb.edu.br\/ccea\/2018\/04\/11\/coordenadoria-de-esporte-do-ccea-informa-novo-horario-de-funcionamento-da-academia-e-a-abertura-de-inscricoes-para-atividades-no-campus-vii\/","url_meta":{"origin":811,"position":0},"title":"Coordenadoria de Esporte informa novo hor\u00e1rio de funcionamento da academia no C\u00e2mpus VII","author":"tatiany","date":"11 de abril de 2018","format":false,"excerpt":"A Coordenadoria de Esporte e Lazer do Centro de Ci\u00eancias Exatas e Sociais Aplicadas (CCEA), C\u00e2mpus VII da Universidade Estadual da Para\u00edba (UEPB) informa, a toda comunidade acad\u00eamica, o novo hor\u00e1rio de funcionamento da academia do CCEA e a abertura de inscri\u00e7\u00f5es para forma\u00e7\u00e3o de novas turmas para aulas de\u2026","rel":"","context":"Em &quot;CCEA&quot;","block_context":{"text":"CCEA","link":"https:\/\/centros.uepb.edu.br\/ccea\/category\/ccea\/"},"img":{"alt_text":"","src":"","width":0,"height":0},"classes":[]},{"id":983,"url":"https:\/\/centros.uepb.edu.br\/ccea\/2018\/04\/10\/atividades-esportivas-promovidas-pela-coel-movimentam-campus-da-universidade-estadual-da-paraiba\/","url_meta":{"origin":811,"position":1},"title":"Atividades esportivas promovidas pela Coel movimentam c\u00e2mpus da Universidade Estadual da Para\u00edba","author":"tatiana","date":"10 de abril de 2018","format":false,"excerpt":"Dentro da proposta de descentralizar as atividades esportivas na Universidade Estadual da Para\u00edba (UEPB), a Pr\u00f3-Reitoria Estudantil (PROEST), atrav\u00e9s da Coordenadoria de Esportes e Lazer (COEL), est\u00e1 apoiando uma s\u00e9rie de atividades programadas para esse m\u00eas de abril em tr\u00eas c\u00e2mpus da Institui\u00e7\u00e3o. Inicialmente, a COEL incentivou a realiza\u00e7\u00e3o a\u2026","rel":"","context":"Em &quot;CCEA&quot;","block_context":{"text":"CCEA","link":"https:\/\/centros.uepb.edu.br\/ccea\/category\/ccea\/"},"img":{"alt_text":"","src":"","width":0,"height":0},"classes":[]},{"id":1010,"url":"https:\/\/centros.uepb.edu.br\/ccea\/2018\/05\/07\/ccea-firma-parceria-com-academia-de-ginastica-e-amplia-oferta-de-atividades-de-promocao-da-saude-para-comunidade-universitaria\/","url_meta":{"origin":811,"position":2},"title":"CCEA firma parceria com academia de gin\u00e1stica e amplia oferta de atividades de promo\u00e7\u00e3o da sa\u00fade","author":"tatiany","date":"7 de maio de 2018","format":false,"excerpt":"A dire\u00e7\u00e3o do Centro de Ci\u00eancias Exatas e Sociais Aplicadas (CCEA), da Universidade Estadual da Para\u00edba (UEPB), e a Coordenadoria de Esporte e Lazer da Institui\u00e7\u00e3o, com intuito de ampliar o acesso \u00e0s atividades de promo\u00e7\u00e3o da sa\u00fade que o Centro oferece, atrav\u00e9s das pr\u00e1ticas realizadas pela sua academia de\u2026","rel":"","context":"Em &quot;CCEA&quot;","block_context":{"text":"CCEA","link":"https:\/\/centros.uepb.edu.br\/ccea\/category\/ccea\/"},"img":{"alt_text":"","src":"","width":0,"height":0},"classes":[]},{"id":653,"url":"https:\/\/centros.uepb.edu.br\/ccea\/2017\/10\/20\/direcao-do-ccea-informa-sobre-atividades-academicas-no-campus-vii-da-uepb-entre-os-dias-23-e-25-de-outubro\/","url_meta":{"origin":811,"position":3},"title":"Dire\u00e7\u00e3o do CCEA informa sobre atividades acad\u00eamicas no C\u00e2mpus VII da UEPB entre os dias 23 e 25\/10","author":"tatiana","date":"20 de outubro de 2017","format":false,"excerpt":"A Dire\u00e7\u00e3o do Centro de Ci\u00eancias Exatas e Sociais Aplicadas (CCEA) da Universidade Estadual da Para\u00edba (UEPB) informa a toda comunidade universit\u00e1ria que as atividades acad\u00eamicas e administrativas no C\u00e2mpus VII ser\u00e3o normais na pr\u00f3xima segunda-feira (23). Apenas na ter\u00e7a-feira (24) haver\u00e1 suspens\u00e3o do expediente na unidade, em virtude do\u2026","rel":"","context":"Em &quot;CCEA&quot;","block_context":{"text":"CCEA","link":"https:\/\/centros.uepb.edu.br\/ccea\/category\/ccea\/"},"img":{"alt_text":"","src":"","width":0,"height":0},"classes":[]},{"id":962,"url":"https:\/\/centros.uepb.edu.br\/ccea\/2018\/04\/05\/campeonato-de-xadrez-sera-realizado-no-campus-vii-da-universidade-estadual-no-proximo-dia-19\/","url_meta":{"origin":811,"position":4},"title":"Campeonato de Xadrez ser\u00e1 realizado no C\u00e2mpus VII da Universidade Estadual no pr\u00f3ximo dia 19","author":"tatiany","date":"5 de abril de 2018","format":false,"excerpt":"O Centro de Ci\u00eancias Exatas e Sociais Aplicadas (CCEA), da Universidade Estadual da Para\u00edba (UEPB), em parceria com Coordenadoria de Esportes e Lazer (COEL) da Institui\u00e7\u00e3o e o Clube de Xadrez Jos\u00e9 Amarante, realizar\u00e1 no pr\u00f3ximo dia 19, o Campeonato de Xadrez da UEPB-Patos. O evento acontecer\u00e1 no audit\u00f3rio Celso\u2026","rel":"","context":"Em &quot;CCEA&quot;","block_context":{"text":"CCEA","link":"https:\/\/centros.uepb.edu.br\/ccea\/category\/ccea\/"},"img":{"alt_text":"","src":"","width":0,"height":0},"classes":[]},{"id":1490,"url":"https:\/\/centros.uepb.edu.br\/ccea\/2021\/03\/16\/divulgado-edital-de-eleicao-do-ccea-para-escolha-de-nova-direcao-de-centro-e-coordenacao-de-cursos-2\/","url_meta":{"origin":811,"position":5},"title":"Divulgado edital de elei\u00e7\u00e3o do CCEA para escolha de nova Dire\u00e7\u00e3o de Centro e Coordena\u00e7\u00e3o de Cursos","author":"Givaldo","date":"16 de mar\u00e7o de 2021","format":false,"excerpt":"A Comiss\u00e3o Eleitoral do Centro de Ci\u00eancias Exatas e Sociais Aplicadas (CCEA) da Universidade Estadual da Para\u00edba (UEPB), C\u00e2mpus VII, localizado no munic\u00edpio de Patos, realizar\u00e1 elei\u00e7\u00f5es para nova Dire\u00e7\u00e3o de Centro e Coordena\u00e7\u00e3o de Cursos, com os respectivos adjuntos. As inscri\u00e7\u00f5es de chapas estar\u00e3o abertas at\u00e9 26 de mar\u00e7o,\u2026","rel":"","context":"Em &quot;CCEA&quot;","block_context":{"text":"CCEA","link":"https:\/\/centros.uepb.edu.br\/ccea\/category\/ccea\/"},"img":{"alt_text":"","src":"","width":0,"height":0},"classes":[]}],"_links":{"self":[{"href":"https:\/\/centros.uepb.edu.br\/ccea\/wp-json\/wp\/v2\/posts\/811","targetHints":{"allow":["GET"]}}],"collection":[{"href":"https:\/\/centros.uepb.edu.br\/ccea\/wp-json\/wp\/v2\/posts"}],"about":[{"href":"https:\/\/centros.uepb.edu.br\/ccea\/wp-json\/wp\/v2\/types\/post"}],"author":[{"embeddable":true,"href":"https:\/\/centros.uepb.edu.br\/ccea\/wp-json\/wp\/v2\/users\/33"}],"replies":[{"embeddable":true,"href":"https:\/\/centros.uepb.edu.br\/ccea\/wp-json\/wp\/v2\/comments?post=811"}],"version-history":[{"count":0,"href":"https:\/\/centros.uepb.edu.br\/ccea\/wp-json\/wp\/v2\/posts\/811\/revisions"}],"wp:attachment":[{"href":"https:\/\/centros.uepb.edu.br\/ccea\/wp-json\/wp\/v2\/media?parent=811"}],"wp:term":[{"taxonomy":"category","embeddable":true,"href":"https:\/\/centros.uepb.edu.br\/ccea\/wp-json\/wp\/v2\/categories?post=811"},{"taxonomy":"post_tag","embeddable":true,"href":"https:\/\/centros.uepb.edu.br\/ccea\/wp-json\/wp\/v2\/tags?post=811"}],"curies":[{"name":"wp","href":"https:\/\/api.w.org\/{rel}","templated":true}]}}