{"id":805,"date":"2018-02-19T14:09:27","date_gmt":"2018-02-19T14:09:27","guid":{"rendered":"https:\/\/centros.uepb.edu.br\/ccea\/?p=805"},"modified":"2018-02-22T13:19:45","modified_gmt":"2018-02-22T13:19:45","slug":"direcao-do-ccea-realiza-recepcao-a-comunidade-academica-e-inicia-oficialmente-o-periodo-letivo-2017-2","status":"publish","type":"post","link":"https:\/\/centros.uepb.edu.br\/ccea\/2018\/02\/19\/direcao-do-ccea-realiza-recepcao-a-comunidade-academica-e-inicia-oficialmente-o-periodo-letivo-2017-2\/","title":{"rendered":"Dire\u00e7\u00e3o do CCEA realiza recep\u00e7\u00e3o \u00e0 comunidade acad\u00eamica e inicia oficialmente o per\u00edodo letivo 2017.2"},"content":{"rendered":"<p>O Centro de Ci\u00eancias Exatas e Sociais Aplicadas, C\u00e2mpus VII da Universidade Estadual da Para\u00edba (UEPB), realizou hoje (19), uma atividade de recep\u00e7\u00e3o \u00e0 comunidade acad\u00eamica e iniciou oficialmente o per\u00edodo letivo 2017.2.<\/p>\n<p>O clima do primeiro dia de aula foi de muita expectativa e novidade. A alegria dos veteranos em reencontrar os amigos estava pelos quatro cantos da Universidade e os novatos n\u00e3o escondiam a ansiedade da nova jornada marcada pelo in\u00edcio oficial do per\u00edodo letivo.<\/p>\n<p>Renata N\u00f3brega, aluna do 7\u00ba per\u00edodo de Administra\u00e7\u00e3o, falou sobre a sensa\u00e7\u00e3o em voltar \u00e0s aulas. \u201c\u00c9 uma grande alegria retomar as aulas, pois de certa forma, a gente consegue vislumbrar o final do curso e a concretiza\u00e7\u00e3o de um sonho. A sensa\u00e7\u00e3o \u00e9 \u00f3tima. \u00c9 uma grande alegria estar de volta!\u201d, afirmou Renata.<\/p>\n<p>De forma acolhedora, os alunos foram recepcionados no audit\u00f3rio Celso Furtado pelos diretores do CCEA, Adriano Homero e Odilon Avelino, que fizeram uma breve apresenta\u00e7\u00e3o Institucional aos estudantes e saudaram os presentes desejando boas-vindas a todos. Durante a recep\u00e7\u00e3o, foram apresentadas ainda as equipes t\u00e9cnico administrativa e acad\u00eamica do Centro, que acompanhar\u00e3o toda a vida estudantil dos alunos ao longo do curso.<\/p>\n<p>A iniciativa parte da inten\u00e7\u00e3o de promover uma intera\u00e7\u00e3o entre a comunidade acad\u00eamica e ao mesmo tempo apresentar servi\u00e7os e oportunidades que a universidade oferece aos novos estudantes.<\/p>\n<p>Texto: Tatiany Escari\u00e3o<\/p>\n","protected":false},"excerpt":{"rendered":"<p>O Centro de Ci\u00eancias Exatas e Sociais Aplicadas, C\u00e2mpus VII da Universidade Estadual da Para\u00edba (UEPB), realizou hoje (19), uma atividade de recep\u00e7\u00e3o \u00e0 comunidade acad\u00eamica e iniciou oficialmente o per\u00edodo letivo 2017.2. O clima do primeiro dia de aula foi de muita expectativa e novidade. A alegria dos veteranos em reencontrar os amigos estava <a class=\"leiamais\" href=\"https:\/\/centros.uepb.edu.br\/ccea\/2018\/02\/19\/direcao-do-ccea-realiza-recepcao-a-comunidade-academica-e-inicia-oficialmente-o-periodo-letivo-2017-2\/\">Leia Mais&#8230;<\/a><\/p>\n","protected":false},"author":33,"featured_media":0,"comment_status":"closed","ping_status":"closed","sticky":false,"template":"","format":"standard","meta":{"jetpack_post_was_ever_published":false,"_jetpack_newsletter_access":"","_jetpack_dont_email_post_to_subs":false,"_jetpack_newsletter_tier_id":0,"_jetpack_memberships_contains_paywalled_content":false,"_jetpack_memberships_contains_paid_content":false,"footnotes":"","jetpack_publicize_message":"","jetpack_publicize_feature_enabled":true,"jetpack_social_post_already_shared":true,"jetpack_social_options":{"image_generator_settings":{"template":"highway","default_image_id":0,"font":"","enabled":false},"version":2}},"categories":[8,3],"tags":[],"class_list":["post-805","post","type-post","status-publish","format-standard","hentry","category-ccea","category-noticias"],"jetpack_publicize_connections":[],"jetpack_featured_media_url":"","jetpack_sharing_enabled":true,"jetpack_shortlink":"https:\/\/wp.me\/p7WTGX-cZ","jetpack_likes_enabled":true,"jetpack-related-posts":[{"id":466,"url":"https:\/\/centros.uepb.edu.br\/ccea\/2017\/08\/21\/centro-de-ciencias-exatas-e-sociais-aplicadas-da-uepb-promove-atividade-de-recepcao-aos-alunos-novatos\/","url_meta":{"origin":805,"position":0},"title":"Centro de Ci\u00eancias Exatas e Sociais Aplicadas da UEPB promove atividade de recep\u00e7\u00e3o aos alunos novatos","author":"tatiana","date":"21 de agosto de 2017","format":false,"excerpt":"A Dire\u00e7\u00e3o do Centro de Ci\u00eancias Exatas e Sociais Aplicadas (CCEA) da Universidade Estadual da Para\u00edba (UEPB), localizado na cidade de Patos, no Sert\u00e3o do Estado, realizou nesta segunda-feira (21) uma atividade de recep\u00e7\u00e3o aos alunos novatos do per\u00edodo letivo 2017.1 do C\u00e2mpus VII. Durante a recep\u00e7\u00e3o aos \u201cferas\u201d, foram\u2026","rel":"","context":"Em &quot;CCEA&quot;","block_context":{"text":"CCEA","link":"https:\/\/centros.uepb.edu.br\/ccea\/category\/ccea\/"},"img":{"alt_text":"","src":"","width":0,"height":0},"classes":[]},{"id":783,"url":"https:\/\/centros.uepb.edu.br\/ccea\/2018\/02\/07\/inscricoes-abertas-para-selecao-de-monitores-do-periodo-letivo-2017-2-do-campus-vii-da-universidade-estadual-da-paraiba\/","url_meta":{"origin":805,"position":1},"title":"Inscri\u00e7\u00f5es abertas para sele\u00e7\u00e3o de monitores do per\u00edodo letivo 2017.2 do C\u00e2mpus VII da UEPB","author":"tatiany","date":"7 de fevereiro de 2018","format":false,"excerpt":"A Pr\u00f3-Reitoria de Gradua\u00e7\u00e3o (PROGRAD) da Universidade Estadual da Para\u00edba (UEPB), conforme determina a Resolu\u00e7\u00e3o UEPB\/CONSEPE\/020\/2007, comunica aos interessados, que estar\u00e3o abertas, no per\u00edodo de 23 de fevereiro a 02 de mar\u00e7o de 2018, as inscri\u00e7\u00f5es para Sele\u00e7\u00e3o de Monitores, per\u00edodo letivo 2017.2 do Centro de Ci\u00eancias Exatas e Sociais\u2026","rel":"","context":"Em &quot;CCEA&quot;","block_context":{"text":"CCEA","link":"https:\/\/centros.uepb.edu.br\/ccea\/category\/ccea\/"},"img":{"alt_text":"","src":"","width":0,"height":0},"classes":[]},{"id":1229,"url":"https:\/\/centros.uepb.edu.br\/ccea\/2019\/02\/20\/centro-de-ciencias-exatas-e-sociais-aplicadas-promove-atividade-de-recepcao-aos-alunos-novatos\/","url_meta":{"origin":805,"position":2},"title":"Centro de Ci\u00eancias Exatas e Sociais Aplicadas promove atividade de recep\u00e7\u00e3o aos alunos novatos","author":"tatiana","date":"20 de fevereiro de 2019","format":false,"excerpt":"A Dire\u00e7\u00e3o do Centro de Ci\u00eancias Exatas e Sociais Aplicadas (CCEA) da Universidade Estadual da Para\u00edba (UEPB), localizado na cidade de Patos, no Sert\u00e3o do Estado, em parceria com as coordena\u00e7\u00f5es dos cursos de Licenciatura em Matem\u00e1tica e em F\u00edsica, al\u00e9m dos bacharelados em Ci\u00eancia da Computa\u00e7\u00e3o e Administra\u00e7\u00e3o, realizou\u2026","rel":"","context":"Em &quot;CCEA&quot;","block_context":{"text":"CCEA","link":"https:\/\/centros.uepb.edu.br\/ccea\/category\/ccea\/"},"img":{"alt_text":"","src":"","width":0,"height":0},"classes":[]},{"id":379,"url":"https:\/\/centros.uepb.edu.br\/ccea\/2016\/11\/11\/prograd-informa-sobre-adiamento-no-inicio-das-aulas-do-periodo-2016-2-e-em-prazo-de-matriculas-dos-veteranos-2\/","url_meta":{"origin":805,"position":3},"title":"PROGRAD informa sobre adiamento no in\u00edcio das aulas do per\u00edodo 2016.2 e em prazo de matr\u00edculas dos veteranos","author":"arnaud","date":"11 de novembro de 2016","format":false,"excerpt":"A Pr\u00f3-Reitoria de Gradua\u00e7\u00e3o (PROGRAD) da Universidade Estadual da Para\u00edba (UEPB) informa \u00e0 comunidade acad\u00eamica em geral que o in\u00edcio das aulas do per\u00edodo letivo 2016.2 foi adiado para o dia 28 de novembro e o prazo para a matr\u00edcula online dos alunos veteranos foi alterado para o per\u00edodo de\u2026","rel":"","context":"Em &quot;CCAA&quot;","block_context":{"text":"CCAA","link":"https:\/\/centros.uepb.edu.br\/ccea\/category\/ccaa\/"},"img":{"alt_text":"","src":"","width":0,"height":0},"classes":[]},{"id":1231,"url":"https:\/\/centros.uepb.edu.br\/ccea\/2019\/02\/20\/equipes-administrativa-e-academica-do-campus-de-patos-participam-de-planejamento-para-o-periodo-2019-1\/","url_meta":{"origin":805,"position":4},"title":"Equipes administrativa e acad\u00eamica do C\u00e2mpus de Patos participam de planejamento para o per\u00edodo 2019.1","author":"tatiana","date":"20 de fevereiro de 2019","format":false,"excerpt":"O Centro de Ci\u00eancias Exatas e Sociais Aplicadas (CCEA) da Universidade Estadual da Para\u00edba (UEPB) realizou, nos dias 14 e 15 de fevereiro, o planejamento acad\u00eamico e pedag\u00f3gico para o per\u00edodo letivo 2019\/1. As atividades tiveram in\u00edcio com a palestra \u201cDi\u00e1logos sobre a Pr\u00e1tica Pedag\u00f3gica Docente no Contexto do Ensino\u2026","rel":"","context":"Em &quot;CCEA&quot;","block_context":{"text":"CCEA","link":"https:\/\/centros.uepb.edu.br\/ccea\/category\/ccea\/"},"img":{"alt_text":"","src":"","width":0,"height":0},"classes":[]},{"id":1102,"url":"https:\/\/centros.uepb.edu.br\/ccea\/2018\/06\/08\/coordenacao-de-tcc-do-curso-de-matematica-do-campus-vii-informa-sobre-cronograma-de-atividades-do-semestre-letivo-2017-2\/","url_meta":{"origin":805,"position":5},"title":"Coordena\u00e7\u00e3o de TCC de Matem\u00e1tica do C\u00e2mpus VII informa sobre cronograma de atividades do semestre 2017.2","author":"tatiany","date":"8 de junho de 2018","format":false,"excerpt":"A Coordena\u00e7\u00e3o do Curso de Licenciatura em Matem\u00e1tica do Centro de Ci\u00eancias Exatas e Sociais Aplicadas, da Universidade Estadual da Para\u00edba (UEPB), atrav\u00e9s da coordenadoria dos Trabalhos de Conclus\u00e3o de Curso (TCC), torna p\u00fablicas as datas e hor\u00e1rios em que ocorrer\u00e3o as defesas dos trabalhos do semestre letivo 2017.2. A\u2026","rel":"","context":"Em &quot;CCEA&quot;","block_context":{"text":"CCEA","link":"https:\/\/centros.uepb.edu.br\/ccea\/category\/ccea\/"},"img":{"alt_text":"","src":"","width":0,"height":0},"classes":[]}],"_links":{"self":[{"href":"https:\/\/centros.uepb.edu.br\/ccea\/wp-json\/wp\/v2\/posts\/805","targetHints":{"allow":["GET"]}}],"collection":[{"href":"https:\/\/centros.uepb.edu.br\/ccea\/wp-json\/wp\/v2\/posts"}],"about":[{"href":"https:\/\/centros.uepb.edu.br\/ccea\/wp-json\/wp\/v2\/types\/post"}],"author":[{"embeddable":true,"href":"https:\/\/centros.uepb.edu.br\/ccea\/wp-json\/wp\/v2\/users\/33"}],"replies":[{"embeddable":true,"href":"https:\/\/centros.uepb.edu.br\/ccea\/wp-json\/wp\/v2\/comments?post=805"}],"version-history":[{"count":0,"href":"https:\/\/centros.uepb.edu.br\/ccea\/wp-json\/wp\/v2\/posts\/805\/revisions"}],"wp:attachment":[{"href":"https:\/\/centros.uepb.edu.br\/ccea\/wp-json\/wp\/v2\/media?parent=805"}],"wp:term":[{"taxonomy":"category","embeddable":true,"href":"https:\/\/centros.uepb.edu.br\/ccea\/wp-json\/wp\/v2\/categories?post=805"},{"taxonomy":"post_tag","embeddable":true,"href":"https:\/\/centros.uepb.edu.br\/ccea\/wp-json\/wp\/v2\/tags?post=805"}],"curies":[{"name":"wp","href":"https:\/\/api.w.org\/{rel}","templated":true}]}}