{"id":778,"date":"2018-02-07T17:28:50","date_gmt":"2018-02-07T17:28:50","guid":{"rendered":"https:\/\/centros.uepb.edu.br\/ccea\/?p=778"},"modified":"2018-02-07T17:33:07","modified_gmt":"2018-02-07T17:33:07","slug":"a-coordenacao-de-estagios-e-monitoria-do-campus-vii-da-uepb-abre-selecao-interna-com-vagas-de-estagio-para-curso-de-administracao","status":"publish","type":"post","link":"https:\/\/centros.uepb.edu.br\/ccea\/2018\/02\/07\/a-coordenacao-de-estagios-e-monitoria-do-campus-vii-da-uepb-abre-selecao-interna-com-vagas-de-estagio-para-curso-de-administracao\/","title":{"rendered":"A Coordena\u00e7\u00e3o de Est\u00e1gios e Monitoria do C\u00e2mpus VII da UEPB abre sele\u00e7\u00e3o interna com vaga para est\u00e1gio"},"content":{"rendered":"<p>A Coordena\u00e7\u00e3o de Est\u00e1gios e Monitoria do Centro de Ci\u00eancias Exatas e Sociais Aplicadas (CCEA), C\u00e2mpus VII da Universidade Estadual da Para\u00edba (UEPB), abre sele\u00e7\u00e3o interna para alunos interessados em estagiar no curso de Administra\u00e7\u00e3o. Ao todo, est\u00e3o sendo oferecidas 02 vagas, sendo uma no per\u00edodo diurno e outra no per\u00edodo noturno.<\/p>\n<p>As inscri\u00e7\u00f5es ser\u00e3o realizadas at\u00e9 02 de mar\u00e7o, \u00faltimo dia do ajuste de matr\u00edculas, estando os alunos interessados em estagiar, at\u00e9 a data final do reajuste, devidamente matriculados no componente de est\u00e1gio do curso. Vale ressaltar que, o candidato n\u00e3o dever\u00e1 estar realizando nenhum outro est\u00e1gio simultaneamente.<\/p>\n<p>Os interessados devem enviar curr\u00edculo e hist\u00f3rico escolar atualizado, com efetiva\u00e7\u00e3o da matr\u00edcula em est\u00e1gio obrigat\u00f3rio, para o e-mail <a href=\"mailto:uepbrodrigo@gmail.com\">uepbrodrigo@gmail.com<\/a>. No ato da submiss\u00e3o dos documentos, faz-se necess\u00e1rio ainda, o aluno candidato a vaga de est\u00e1gio, informar o seu interesse para qual vaga\/ turno deseja concorrer.<\/p>\n<p>As atividades de est\u00e1gio est\u00e3o previstas para iniciar no dia 12 de mar\u00e7o, com encerramento no \u00faltimo dia letivo do calend\u00e1rio 2017.2. \u00a0A carga hor\u00e1ria ser\u00e1 de 04 a 06 horas semanais, podendo sofrer altera\u00e7\u00f5es, a depender das necessidades do curso.<\/p>\n<p>\u00c9 importante salientar que n\u00e3o ser\u00e1 concedido ao estagi\u00e1rio nenhum tipo de bolsa ou contrapresta\u00e7\u00e3o, servindo a atividade como experi\u00eancia e cumprimento da componente de est\u00e1gio obrigat\u00f3rio do curso.<\/p>\n<p>Texto: Tatiany Escari\u00e3o<\/p>\n","protected":false},"excerpt":{"rendered":"<p>A Coordena\u00e7\u00e3o de Est\u00e1gios e Monitoria do Centro de Ci\u00eancias Exatas e Sociais Aplicadas (CCEA), C\u00e2mpus VII da Universidade Estadual da Para\u00edba (UEPB), abre sele\u00e7\u00e3o interna para alunos interessados em estagiar no curso de Administra\u00e7\u00e3o. Ao todo, est\u00e3o sendo oferecidas 02 vagas, sendo uma no per\u00edodo diurno e outra no per\u00edodo noturno. As inscri\u00e7\u00f5es ser\u00e3o <a class=\"leiamais\" href=\"https:\/\/centros.uepb.edu.br\/ccea\/2018\/02\/07\/a-coordenacao-de-estagios-e-monitoria-do-campus-vii-da-uepb-abre-selecao-interna-com-vagas-de-estagio-para-curso-de-administracao\/\">Leia Mais&#8230;<\/a><\/p>\n","protected":false},"author":33,"featured_media":0,"comment_status":"closed","ping_status":"closed","sticky":false,"template":"","format":"standard","meta":{"jetpack_post_was_ever_published":false,"_jetpack_newsletter_access":"","_jetpack_dont_email_post_to_subs":false,"_jetpack_newsletter_tier_id":0,"_jetpack_memberships_contains_paywalled_content":false,"_jetpack_memberships_contains_paid_content":false,"footnotes":"","jetpack_publicize_message":"","jetpack_publicize_feature_enabled":true,"jetpack_social_post_already_shared":true,"jetpack_social_options":{"image_generator_settings":{"template":"highway","default_image_id":0,"font":"","enabled":false},"version":2}},"categories":[8,3],"tags":[],"class_list":["post-778","post","type-post","status-publish","format-standard","hentry","category-ccea","category-noticias"],"jetpack_publicize_connections":[],"jetpack_featured_media_url":"","jetpack_sharing_enabled":true,"jetpack_shortlink":"https:\/\/wp.me\/p7WTGX-cy","jetpack_likes_enabled":true,"jetpack-related-posts":[{"id":262,"url":"https:\/\/centros.uepb.edu.br\/ccea\/2015\/03\/03\/edital-de-monitoria-2015-1\/","url_meta":{"origin":778,"position":0},"title":"Disponibilizado o edital de monitoria 2015.1 para diversas disciplinas do Campus VII","author":"direcao","date":"3 de mar\u00e7o de 2015","format":false,"excerpt":"A Coordena\u00e7\u00e3o de Monitoria e Est\u00e1gio do CCEA\u00a0comunica aos interessados, que estar\u00e3o abertas as inscri\u00e7\u00f5es para Sele\u00e7\u00e3o de Monitores, na Coordena\u00e7\u00e3o de Est\u00e1gio e Monitoria, no per\u00edodo de 02 a 10 de mar\u00e7o de 2015, no hor\u00e1rio de 7h \u00e0s 11h30; 13h00 \u00e0s 17h; 18h30 \u00e0s 21h00 Devido \u00e0 paralisa\u00e7\u00e3o\u2026","rel":"","context":"Em &quot;Not\u00edcias&quot;","block_context":{"text":"Not\u00edcias","link":"https:\/\/centros.uepb.edu.br\/ccea\/category\/noticias\/"},"img":{"alt_text":"","src":"","width":0,"height":0},"classes":[]},{"id":856,"url":"https:\/\/centros.uepb.edu.br\/ccea\/2018\/03\/05\/coordenacao-de-monitoria-e-estagio-divulga-resultado-da-selecao-interna-para-estagiario-do-curso-de-administracao\/","url_meta":{"origin":778,"position":1},"title":"Coordena\u00e7\u00e3o de Monitoria e Est\u00e1gio divulga resultado da sele\u00e7\u00e3o interna para Estagi\u00e1rio de Administra\u00e7\u00e3o","author":"tatiany","date":"5 de mar\u00e7o de 2018","format":false,"excerpt":"A Coordena\u00e7\u00e3o de Monitoria e Est\u00e1gio divulgou na manh\u00e3 desta segunda-feira (05), o resultado da sele\u00e7\u00e3o interna para aluno estagi\u00e1rio do curso de Administra\u00e7\u00e3o 2017.2. Confira o resultado AQUI. \u00a0","rel":"","context":"Em &quot;CCEA&quot;","block_context":{"text":"CCEA","link":"https:\/\/centros.uepb.edu.br\/ccea\/category\/ccea\/"},"img":{"alt_text":"","src":"","width":0,"height":0},"classes":[]},{"id":332,"url":"https:\/\/centros.uepb.edu.br\/ccea\/2016\/06\/29\/receita-federal-abre-selecao-de-estagio-voltado-para-alunos-de-administracao-computacao-contabilidade-e-direito\/","url_meta":{"origin":778,"position":2},"title":"Receita Federal abre sele\u00e7\u00e3o de est\u00e1gio voltado para alunos de Administra\u00e7\u00e3o, Computa\u00e7\u00e3o, Contabilidade e Direito","author":"tatiana","date":"29 de junho de 2016","format":false,"excerpt":"A Delegacia da Receita Federal do Brasil em Campina Grande abriu inscri\u00e7\u00f5es para processo seletivo de estagi\u00e1rios, com vagas destinadas para alunos dos cursos de Administra\u00e7\u00e3o, Computa\u00e7\u00e3o, Contabilidade e Direito, para atua\u00e7\u00e3o em Campina Grande e ag\u00eancias jurisdicionadas de Patos, Sousa e Cajazeiras. Os graduandos da UEPB interessados em participar\u2026","rel":"","context":"Em &quot;CCEA&quot;","block_context":{"text":"CCEA","link":"https:\/\/centros.uepb.edu.br\/ccea\/category\/ccea\/"},"img":{"alt_text":"","src":"","width":0,"height":0},"classes":[]},{"id":911,"url":"https:\/\/centros.uepb.edu.br\/ccea\/2018\/03\/15\/coordenacao-de-monitoria-e-estagio-do-ccea-divulga-resultado-final-da-selecao-de-monitores-2017-2\/","url_meta":{"origin":778,"position":3},"title":"Coordena\u00e7\u00e3o de Monitoria e Est\u00e1gio do CCEA divulga resultado final da Sele\u00e7\u00e3o de Monitores 2017.2","author":"tatiany","date":"15 de mar\u00e7o de 2018","format":false,"excerpt":"A Coordena\u00e7\u00e3o de Monitoria e Est\u00e1gio divulgou, na manh\u00e3 de hoje (15), o resultado final do Processo Seletivo de Monitores para o per\u00edodo letivo 2017.2. Acesse: - Resultado Final Administra\u00e7\u00e3o - Resultado Final F\u00edsica - Resultado Final Computa\u00e7\u00e3o - Resultado Final Matem\u00e1tica","rel":"","context":"Em &quot;CCEA&quot;","block_context":{"text":"CCEA","link":"https:\/\/centros.uepb.edu.br\/ccea\/category\/ccea\/"},"img":{"alt_text":"","src":"","width":0,"height":0},"classes":[]},{"id":916,"url":"https:\/\/centros.uepb.edu.br\/ccea\/2018\/03\/19\/coordenacao-de-monitoria-e-estagio-do-ccea-retificou-o-resultado-final-da-selecao-de-monitores-2017-2\/","url_meta":{"origin":778,"position":4},"title":"Coordena\u00e7\u00e3o de Monitoria e Est\u00e1gio do CCEA retifica resultado final da Sele\u00e7\u00e3o de Monitores 2017.2","author":"tatiany","date":"19 de mar\u00e7o de 2018","format":false,"excerpt":"A Coordena\u00e7\u00e3o de Monitoria e Est\u00e1gio retificou o resultado final do Processo Seletivo de Monitores para o per\u00edodo letivo 2017.2, dos cursos de Administra\u00e7\u00e3o e Matem\u00e1tica, divulgado na \u00faltima sexta-feira (16). Acesse: Resultado Final Retificado Administra\u00e7\u00e3o Resultado Final Retificado Matem\u00e1tica \u00a0","rel":"","context":"Em &quot;CCEA&quot;","block_context":{"text":"CCEA","link":"https:\/\/centros.uepb.edu.br\/ccea\/category\/ccea\/"},"img":{"alt_text":"","src":"","width":0,"height":0},"classes":[]},{"id":2118,"url":"https:\/\/centros.uepb.edu.br\/ccea\/2023\/07\/13\/coordenacao-do-curso-de-licenciatura-em-matematica-abre-selecao-publica-para-professor-substituto\/","url_meta":{"origin":778,"position":5},"title":"Coordena\u00e7\u00e3o do Curso de Licenciatura em Matem\u00e1tica abre sele\u00e7\u00e3o p\u00fablica para professor substituto","author":"olivio","date":"13 de julho de 2023","format":false,"excerpt":"A Coordena\u00e7\u00e3o do Curso de Licenciatura em Matem\u00e1tica do Centro de Ci\u00eancias Exatas e Sociais Aplicadas \u2013 CCEA, est\u00e1 com sele\u00e7\u00e3o p\u00fablica aberta para contrata\u00e7\u00e3o de professor substituto. Est\u00e1 sendo ofertada 1 (uma) vaga, sendo para a \u00e1rea de Pedagogia com regime de trabalho T40. Os interessados em participar da\u2026","rel":"","context":"Em &quot;Agend Not\u00edcias Destaque&quot;","block_context":{"text":"Agend Not\u00edcias Destaque","link":"https:\/\/centros.uepb.edu.br\/ccea\/category\/agend-noticias-destaque\/"},"img":{"alt_text":"","src":"https:\/\/i0.wp.com\/centros.uepb.edu.br\/ccea\/files\/2023\/07\/artes_campus_feed_edital0123_mat-300x300.png?resize=350%2C200&ssl=1","width":350,"height":200},"classes":[]}],"_links":{"self":[{"href":"https:\/\/centros.uepb.edu.br\/ccea\/wp-json\/wp\/v2\/posts\/778","targetHints":{"allow":["GET"]}}],"collection":[{"href":"https:\/\/centros.uepb.edu.br\/ccea\/wp-json\/wp\/v2\/posts"}],"about":[{"href":"https:\/\/centros.uepb.edu.br\/ccea\/wp-json\/wp\/v2\/types\/post"}],"author":[{"embeddable":true,"href":"https:\/\/centros.uepb.edu.br\/ccea\/wp-json\/wp\/v2\/users\/33"}],"replies":[{"embeddable":true,"href":"https:\/\/centros.uepb.edu.br\/ccea\/wp-json\/wp\/v2\/comments?post=778"}],"version-history":[{"count":0,"href":"https:\/\/centros.uepb.edu.br\/ccea\/wp-json\/wp\/v2\/posts\/778\/revisions"}],"wp:attachment":[{"href":"https:\/\/centros.uepb.edu.br\/ccea\/wp-json\/wp\/v2\/media?parent=778"}],"wp:term":[{"taxonomy":"category","embeddable":true,"href":"https:\/\/centros.uepb.edu.br\/ccea\/wp-json\/wp\/v2\/categories?post=778"},{"taxonomy":"post_tag","embeddable":true,"href":"https:\/\/centros.uepb.edu.br\/ccea\/wp-json\/wp\/v2\/tags?post=778"}],"curies":[{"name":"wp","href":"https:\/\/api.w.org\/{rel}","templated":true}]}}