{"id":742,"date":"2017-12-21T21:46:41","date_gmt":"2017-12-21T21:46:41","guid":{"rendered":"http:\/\/www.uepb.edu.br\/?p=38044"},"modified":"2017-12-21T21:46:41","modified_gmt":"2017-12-21T21:46:41","slug":"seminario-no-campus-vii-da-uepb-discute-formacao-para-promocao-da-saude-no-contexto-das-arboviroses","status":"publish","type":"post","link":"https:\/\/centros.uepb.edu.br\/ccea\/2017\/12\/21\/seminario-no-campus-vii-da-uepb-discute-formacao-para-promocao-da-saude-no-contexto-das-arboviroses\/","title":{"rendered":"Semin\u00e1rio no C\u00e3mpus VII da UEPB discute forma\u00e7\u00e3o para promo\u00e7\u00e3o da sa\u00fade no contexto das arboviroses"},"content":{"rendered":"<p><a href=\"http:\/\/www.uepb.edu.br\/seminario-no-campus-vii-da-uepb-discute-formacao-para-promocao-da-saude-no-contexto-das-arboviroses\/#gallery-38044-1-slideshow\">Clique para exibir o slide.<\/a><\/p>\n<p>A Universidade Estadual da Para\u00edba (UEPB), por meio do Centro de Ci\u00eancias Exatas e Sociais Aplicadas (CCEA), em parceria com a Secretaria de Sa\u00fade do Estado e 6\u00aa Ger\u00eancia Regional de Sa\u00fade, e apoio da Funda\u00e7\u00e3o Oswaldo Cruz (Fiocruz), Minist\u00e9rio da Sa\u00fade, Conselho Nacional de Desenvolvimento Cient\u00edfico e Tecnol\u00f3gico (CNPq), Coordena\u00e7\u00e3o de Aperfei\u00e7oamento de Pessoal de N\u00edvel Superior (Capes), Waterlat-Gobacit, Universidade Federal de Campina Grande (UFCG) e Instituto Federal da Para\u00edba (IFPB), realizou na \u00faltima ter\u00e7a-feira (19), no Audit\u00f3rio Celso Furtado, no C\u00e2mpus VII da UEPB, em Patos, o semin\u00e1rio \u201cForma\u00e7\u00e3o para a promo\u00e7\u00e3o da sa\u00fade no contexto das arboviroses dengue, zika e chikungunya\u201d.<\/p>\n<p>O evento marcou um ano do Projeto Zika, desenvolvido pela UEPB, e teve como objetivo promover o di\u00e1logo entre alunos, professores, pesquisadores, autoridades governamentais e de sa\u00fade p\u00fablica, representantes dos 48 munic\u00edpios que comp\u00f5em a 3\u00aa Macrorregional de Sa\u00fade e a sociedade civil, sobre a ascend\u00eancia e dissemina\u00e7\u00e3o de doen\u00e7as infecciosas humanas transmitidas por mosquitos vetores, a exemplo da dengue, zika e chikungunya, com enfoque nos desafios para a sa\u00fade p\u00fablica, apresentando proposi\u00e7\u00f5es acerca dessa tr\u00edplice epidemia, a fim de direcionar m\u00e9todos de enfrentamento, controle e preven\u00e7\u00e3o dessas arboviroses.<\/p>\n<p>A solenidade de abertura do evento foi coordenada pelo professor Cidoval Morais de Sousa, que convidou a compor a mesa de autoridades Adriano Homero Vital Pereira, diretor do CCEA; Geraldo Moreira, representante da Secretaria de Sa\u00fade do Estado; Jos\u00e9 Leudo de Farias, Gerente Regional do 6\u00ba N\u00facleo de Sa\u00fade e representante da Macrorregional de Sa\u00fade no evento; e Andr\u00e9 Monteiro Costa, representante da Fiocruz.<\/p>\n<p>O diretor do CCEA, Adriano Homero deu as boas-vindas a todos e parabenizou a organiza\u00e7\u00e3o do evento, destacando a figura do professor Cidoval pelo comprometimento e contribui\u00e7\u00e3o social que vem realizando junto a Universidade. Adriano agradeceu aos parceiros e arguiu sobre a import\u00e2ncia da reflex\u00e3o sobre os determinantes das arboviroses e as interse\u00e7\u00f5es que interferem nos aspectos sociais ligados \u00e0 tr\u00edplice epidemia.<\/p>\n<p>Adriano ressaltou a import\u00e2ncia da contribui\u00e7\u00e3o que o grupo de pesquisa vem dando nas estrat\u00e9gias de a\u00e7\u00e3o e elabora\u00e7\u00e3o de novas ferramentas no \u00e2mbito das pol\u00edticas p\u00fablicas, e o empenho da Universidade no que diz respeito ao processo de interlocu\u00e7\u00e3o dessas pr\u00e1ticas, levando \u00e0 sociedade as demandas apontadas, gerando uma maior e mais aprofundada compreens\u00e3o dos desafios colocados pelas epidemias, al\u00e9m da necessidade de mobiliza\u00e7\u00e3o social para o enfrentamento e controle dessas doen\u00e7as.<\/p>\n<p>Geraldo Moreira, representante da Secretaria de Sa\u00fade do Estado, falou sobre o preocupante aumento nos \u00edndices da dengue, zika e chikungunya no Estado, ressaltando a relev\u00e2ncia do processo de mobiliza\u00e7\u00e3o social para a intensifica\u00e7\u00e3o das a\u00e7\u00f5es de preven\u00e7\u00e3o e controle dessas arboviroses.<\/p>\n<p>O representante da Fiocruz, Andr\u00e9 Monteiro, saudou aos presentes em nome da Presidente da Funda\u00e7\u00e3o, N\u00edsia Trindade, e falou sobre a import\u00e2ncia de se refletir e discutir as a\u00e7\u00f5es de controle vetorial das arboviroses emergentes, principalmente daquelas causadas pelo mosquito Aedes Aegypti, e as estrat\u00e9gias que possa fazer frente aos novos desafios para a sa\u00fade p\u00fablica nacional.<\/p>\n<p>Jos\u00e9 Leudo de Farias, gerente regional do 6\u00ba N\u00facleo de Sa\u00fade e representante da Macrorregional de Sa\u00fade no evento, enalteceu o trabalho desenvolvido na Universidade Estadual da Para\u00edba e o comprometimento social da Institui\u00e7\u00e3o com a realiza\u00e7\u00e3o de a\u00e7\u00f5es educativas, de promo\u00e7\u00e3o, comunica\u00e7\u00e3o e mobiliza\u00e7\u00e3o para a dissemina\u00e7\u00e3o de boas pr\u00e1ticas em toda \u00e0 sociedade.<\/p>\n<p>Leudo agradeceu ainda a todos os munic\u00edpios que atenderam ao convite para participar do evento e alertou a todos para o aumento expressivo no n\u00famero de focos e de munic\u00edpios infestados pelo mosquito no Estado, ressaltando a import\u00e2ncia da integra\u00e7\u00e3o e mobiliza\u00e7\u00e3o coletiva e a implementa\u00e7\u00e3o de novas a\u00e7\u00f5es de enfrentamento e controle do vetor das arboviroses amplamente disseminadas no Estado.<\/p>\n<p>O professor Cidoval falou sobre a realiza\u00e7\u00e3o do evento e a pesquisa sobre os determinantes sociais das arboviroses que vem sendo desenvolvida no Estado. O professor arguiu sobre o cen\u00e1rio sociocultural da epidemia, dos aspectos relacionados \u00e0 gest\u00e3o e efetiva\u00e7\u00e3o de a\u00e7\u00f5es relacionadas \u00e0 preven\u00e7\u00e3o e ao controle das arboviroses e demonstrou grande preocupa\u00e7\u00e3o frente ao elevado \u00edndice de infesta\u00e7\u00e3o e a propaga\u00e7\u00e3o das doen\u00e7as transmitidas pelo Aedes Aegypti na Para\u00edba.<\/p>\n<p>O antrop\u00f3logo, Jos\u00e9 Luciano Albino Barbosa, do Projeto Zika, proferiu a confer\u00eancia \u201cConjuntura Nacional: desafios e perspectivas\u201d, discorrendo acerca do contexto pol\u00edtico, econ\u00f4mico e social da atual conjuntura nacional, promovendo reflex\u00f5es sobre a crise contempor\u00e2nea e a fal\u00e1cia do desenvolvimento econ\u00f4mico, possibilitando, aos atores sociais, maior compreens\u00e3o do contexto hist\u00f3rico do pa\u00eds, para que possam subsidiar a\u00e7\u00f5es e estrat\u00e9gia mais eficazes e inclusivas no \u00e2mbito das pol\u00edticas p\u00fablicas.<\/p>\n<p>A palestra de abertura, \u201cControle vetorial e ambiental de arboviroses\u201d, foi ministrada por Andr\u00e9 Monteiro, representante da Fiocruz, que fez um breve relato sobre o contexto hist\u00f3rico das arboviroses no pa\u00eds, com \u00eanfase na integra\u00e7\u00e3o de diferentes estrat\u00e9gias e a ado\u00e7\u00e3o de um conjunto adequado de medidas de controle vetorial, considerando as caracter\u00edsticas socioambientais espec\u00edficas e as tecnologias dispon\u00edveis para a redu\u00e7\u00e3o da infesta\u00e7\u00e3o dos mosquitos vetores e a incid\u00eancia das arboviroses transmitidas por eles.<\/p>\n<p>A professora Weruska Brasileiro, integrante do Projeto Zika UEPB, ministrou a palestra \u201cSaneamento, Desenvolvimento e Sa\u00fade\u201d e discutiu a rela\u00e7\u00e3o entre sa\u00fade e saneamento, situando-a no contexto do processo de desenvolvimento social. Ela apresentou o modelo de pol\u00edtica nacional de saneamento b\u00e1sico, seus objetivos e diretrizes, como garantia de direito fundamental da pessoa humana e fez uma an\u00e1lise das condi\u00e7\u00f5es em que se encontram a infraestrutura e instala\u00e7\u00f5es operacionais de esgotamento sanit\u00e1rio, drenagem e limpeza urbana, e o manejo dos res\u00edduos s\u00f3lidos, sua interfer\u00eancia direta na qualidade das \u00e1guas, e como isso influencia na qualidade de vida da popula\u00e7\u00e3o nacional e no desenvolvimento da sociedade.<\/p>\n<p>Integrante do Projeto Educa\u00e7\u00e3o e Sa\u00fade da UEPB, a professora Lidiane Rodrigues Silva ministrou a palestra \u201cEduca\u00e7\u00e3o e Sa\u00fade: interlocu\u00e7\u00e3o poss\u00edvel\u201d e fez uma ampla explana\u00e7\u00e3o sobre as contribui\u00e7\u00f5es da educa\u00e7\u00e3o no processo de promo\u00e7\u00e3o a sa\u00fade. Lidiane abordou as mudan\u00e7as paradigm\u00e1ticas contempor\u00e2neas no contexto brasileiro, na perspectiva interdisciplinar, para melhor responder as necessidades intersetoriais da sa\u00fade e educa\u00e7\u00e3o, onde ambos se assumem como copart\u00edcipes do processo de desenvolvimento social.<\/p>\n<p>A tarde, a palestra \u201cConjuntura Regional: Desafios e Perspectivas\u201d, foi ministrada por Luiz Francisco de Almeida, Chefe do N\u00facleo de Fatores Biol\u00f3gicos, da Secretaria de Sa\u00fade da Para\u00edba, que discorreu sobre o contexto atual do cen\u00e1rio nacional e os desafios voltados a elabora\u00e7\u00e3o participativa de uma nova pol\u00edtica regional, relacionada \u00e0 gest\u00e3o ambiental, com proposi\u00e7\u00f5es amplas e intersetoriais, no tocante a implementa\u00e7\u00e3o de novas a\u00e7\u00f5es de monitoramento e controle ao mosquito Aedes Aegypti e enfrentamento da tr\u00edplice epidemia causada por ele.<\/p>\n<p>A \u201cSa\u00fade de quem trabalha com sa\u00fade: desafios no contexto das arboviroses\u201d foi debatida por Shirleyde Santos, do Projeto Zika UEPB, que abordou os riscos \u00e0 sa\u00fade do trabalhador da \u00e1rea de sa\u00fade e os impactos das arboviroses \u00e0 sa\u00fade, ao bem-estar e a qualidade de vida de toda a popula\u00e7\u00e3o. Shirleyde discorreu ainda sobre os danos ao ambiente e \u00e0 sa\u00fade humana, decorrentes do uso de produtos qu\u00edmicos no controle vetorial, e os efeitos nocivos do uso desses produtos, sabidamente t\u00f3xicos, no surgimento de outras patologias.<\/p>\n<p>O professor Wellington Candeia, integrante do projeto Zika, UEPB, encerrou o ciclo de palestras falando sobre as \u201cT\u00e9cnicas de Big data para mapeamento da incid\u00eancia do Aedes Aegypti no semi\u00e1rido brasileiro (balan\u00e7o das expectativas em curso)\u201d. O professor arguiu sobre a realiza\u00e7\u00e3o da an\u00e1lise dos dados com base no mapeamento dos fatores socioambientais e clim\u00e1ticos na incid\u00eancia e prolifera\u00e7\u00e3o do mosquito vetor da dengue, zika e chikungunya, a fim de direcionar m\u00e9todos de controle e preven\u00e7\u00e3o contra essas arboviroses no pa\u00eds.<\/p>\n<p>Ao final do ciclo de palestras, os presentes participaram ainda de uma mesa redonda para discuss\u00e3o dos aspectos pol\u00edtico-social, vigil\u00e2ncia epidemiol\u00f3gica e combate ao vetor, saneamento ambiental e aten\u00e7\u00e3o b\u00e1sica, educa\u00e7\u00e3o e sa\u00fade, comunica\u00e7\u00e3o e mobiliza\u00e7\u00e3o social no contexto das arboviroses.<\/p>\n<p>Cidoval agradeceu o empenho e a presen\u00e7a de todos no evento e prop\u00f4s a sociedade civil, profissionais de sa\u00fade e gestores pol\u00edticos presentes no evento, a elabora\u00e7\u00e3o de novos mecanismos que possam subsidiar as a\u00e7\u00f5es e estrat\u00e9gia no \u00e2mbito das pol\u00edticas p\u00fablicas para melhorar os aspectos identificados como problem\u00e1ticos. O evento foi encerrado com um caf\u00e9 regional, servido aos participantes do evento, nas instala\u00e7\u00f5es do C\u00e2mpus VII.<\/p>\n<p>&nbsp;<\/p>\n<p><em><strong>Texto e fotos:<\/strong> Tatiany Escari\u00e3o<\/em><\/p>\n<p>O post <a rel=\"nofollow\" href=\"http:\/\/www.uepb.edu.br\/seminario-no-campus-vii-da-uepb-discute-formacao-para-promocao-da-saude-no-contexto-das-arboviroses\/\">Semin\u00e1rio no C\u00e3mpus VII da UEPB discute forma\u00e7\u00e3o para promo\u00e7\u00e3o da sa\u00fade no contexto das arboviroses<\/a> apareceu primeiro em <a rel=\"nofollow\" href=\"http:\/\/www.uepb.edu.br\/\">UEPB<\/a>.<\/p>\n","protected":false},"excerpt":{"rendered":"<p>A Universidade Estadual da Para&iacute;ba (UEPB), por meio do Centro de Ci&ecirc;ncias Exatas e Sociais Aplicadas (CCEA), em parceria com a Secretaria de Sa&uacute;de do Estado e 6&ordf; Ger&ecirc;ncia Regional de Sa&uacute;de, e apoio da Funda&ccedil;&atilde;o Oswaldo Cruz (Fiocruz), Minist&eacute;rio da Sa&uacute;de, Conselho Nacional de Desenvolvimento Cient&iacute;fico e Tecnol&oacute;gico (CNPq), Coordena&ccedil;&atilde;o de Aperfei&ccedil;oamento de Pessoal <a href=\"http:\/\/www.uepb.edu.br\/seminario-no-campus-vii-da-uepb-discute-formacao-para-promocao-da-saude-no-contexto-das-arboviroses\/\">Leia Mais&#8230;<\/a><\/p>\n<p>O post <a rel=\"nofollow\" href=\"http:\/\/www.uepb.edu.br\/seminario-no-campus-vii-da-uepb-discute-formacao-para-promocao-da-saude-no-contexto-das-arboviroses\/\">Semin&aacute;rio no C&atilde;mpus VII da UEPB discute forma&ccedil;&atilde;o para promo&ccedil;&atilde;o da sa&uacute;de no contexto das arboviroses<\/a> apareceu primeiro em <a rel=\"nofollow\" href=\"http:\/\/www.uepb.edu.br\/\">UEPB<\/a>.<\/p>\n","protected":false},"author":25,"featured_media":0,"comment_status":"closed","ping_status":"closed","sticky":false,"template":"","format":"standard","meta":{"jetpack_post_was_ever_published":false,"_jetpack_newsletter_access":"","_jetpack_dont_email_post_to_subs":false,"_jetpack_newsletter_tier_id":0,"_jetpack_memberships_contains_paywalled_content":false,"_jetpack_memberships_contains_paid_content":false,"footnotes":"","jetpack_publicize_message":"","jetpack_publicize_feature_enabled":true,"jetpack_social_post_already_shared":true,"jetpack_social_options":{"image_generator_settings":{"template":"highway","default_image_id":0,"font":"","enabled":false},"version":2}},"categories":[8,3],"tags":[],"class_list":["post-742","post","type-post","status-publish","format-standard","hentry","category-ccea","category-noticias"],"jetpack_publicize_connections":[],"jetpack_featured_media_url":"","jetpack_sharing_enabled":true,"jetpack_shortlink":"https:\/\/wp.me\/p7WTGX-bY","jetpack_likes_enabled":true,"jetpack-related-posts":[{"id":328,"url":"https:\/\/centros.uepb.edu.br\/ccea\/2016\/06\/16\/seminario-aborda-planejamento-e-troca-de-experiencias-no-combate-a-dengue-zika-e-chikungunya\/","url_meta":{"origin":742,"position":0},"title":"Semin\u00e1rio aborda planejamento e troca de experi\u00eancias no combate a dengue, zika e chikungunya","author":"arnaud","date":"16 de junho de 2016","format":false,"excerpt":"Realizado nesta quarta-feira (15), na unidade do Sebrae, na cidade de Patos, o semin\u00e1rio com o tema \u201cDetermina\u00e7\u00e3o social das arboviroses provocadas pelo Aedes Aegypit e suas consequ\u00eancias\u201d, foi mais uma a\u00e7\u00e3o do projeto UNIVER-CIDADE da Universidade Estadual da Para\u00edba (UEPB), onde se reuniram professores, pesquisadores e gestores da Sa\u00fade\u2026","rel":"","context":"Em &quot;CCEA&quot;","block_context":{"text":"CCEA","link":"https:\/\/centros.uepb.edu.br\/ccea\/category\/ccea\/"},"img":{"alt_text":"univerzika2","src":"https:\/\/i0.wp.com\/www.uepb.edu.br\/wp-content\/uploads\/2016\/06\/univerzika2.jpg?resize=350%2C200","width":350,"height":200,"srcset":"https:\/\/i0.wp.com\/www.uepb.edu.br\/wp-content\/uploads\/2016\/06\/univerzika2.jpg?resize=350%2C200 1x, https:\/\/i0.wp.com\/www.uepb.edu.br\/wp-content\/uploads\/2016\/06\/univerzika2.jpg?resize=525%2C300 1.5x, https:\/\/i0.wp.com\/www.uepb.edu.br\/wp-content\/uploads\/2016\/06\/univerzika2.jpg?resize=700%2C400 2x"},"classes":[]},{"id":323,"url":"https:\/\/centros.uepb.edu.br\/ccea\/2016\/06\/01\/projeto-univer-cidade-debatera-sobre-determinacao-social-das-arboviroses-causadas-pelo-aedes-aegypti\/","url_meta":{"origin":742,"position":1},"title":"Projeto Univer-Cidade debater\u00e1 sobre determina\u00e7\u00e3o social das arboviroses causadas pelo aedes aegypti","author":"tatiana","date":"1 de junho de 2016","format":false,"excerpt":"A Universidade Estadual da Para\u00edba (UEPB), atrav\u00e9s do projeto Univer-Cidade, realiza no pr\u00f3ximo dia 15 de junho, no Audit\u00f3rio do Sebrae, em Patos, um semin\u00e1rio com o tema \u201cDetermina\u00e7\u00e3o social das arboviroses provocadas pelo Aedes Aegypit e suas consequ\u00eancias\u201d. A iniciativa ser\u00e1 desenvolvida em parceria com o Governo do Estado,\u2026","rel":"","context":"Em &quot;CCEA&quot;","block_context":{"text":"CCEA","link":"https:\/\/centros.uepb.edu.br\/ccea\/category\/ccea\/"},"img":{"alt_text":"","src":"","width":0,"height":0},"classes":[]},{"id":836,"url":"https:\/\/centros.uepb.edu.br\/ccea\/2018\/02\/27\/dia-da-saude-sera-realizado-no-campus-vii-da-uepb-com-acoes-de-prevencao-de-doencas-e-promocao-da-saude\/","url_meta":{"origin":742,"position":2},"title":"Dia da Sa\u00fade ser\u00e1 realizado no C\u00e2mpus VII da UEPB com a\u00e7\u00f5es de preven\u00e7\u00e3o de doen\u00e7as e promo\u00e7\u00e3o da Sa\u00fade","author":"tatiany","date":"27 de fevereiro de 2018","format":false,"excerpt":"A Universidade Estadual da Para\u00edba (UEPB), por meio do Centro de Ci\u00eancias Exatas e Sociais Aplicadas (CCEA), em parceria com a Coordenadoria de Esportes e Lazer (COEL) da Institui\u00e7\u00e3o, Prefeitura Municipal de Patos, atrav\u00e9s do N\u00facleo de Apoio a Sa\u00fade da Fam\u00edlia (NASF), e apoio de Hidelberto Duarte Personal Trainer,\u2026","rel":"","context":"Em &quot;CCEA&quot;","block_context":{"text":"CCEA","link":"https:\/\/centros.uepb.edu.br\/ccea\/category\/ccea\/"},"img":{"alt_text":"","src":"","width":0,"height":0},"classes":[]},{"id":334,"url":"https:\/\/centros.uepb.edu.br\/ccea\/2016\/07\/18\/pos-graduacao-em-desenvolvimento-regional-e-projeto-univer-cidade-realizam-curso-sobre-ecologia-politica\/","url_meta":{"origin":742,"position":3},"title":"P\u00f3s-Gradua\u00e7\u00e3o em Desenvolvimento Regional e Projeto Univer-Cidade realizam curso sobre ecologia pol\u00edtica","author":"tatiana","date":"18 de julho de 2016","format":false,"excerpt":"Dentro das a\u00e7\u00f5es de conscientiza\u00e7\u00e3o de combate ao mosquito Aedes Aegypti, transmissor da dengue, zika e chikungunya, a Universidade Estadual da Para\u00edba (UEPB), atrav\u00e9s do projeto Univer-Cidade e do Programa de P\u00f3s-Gradua\u00e7\u00e3o em Desenvolvimento Regional, realiza no de 8 a 12 de agosto, o curso \u201cEcologia Pol\u00edtica no contexto do\u2026","rel":"","context":"Em &quot;CCEA&quot;","block_context":{"text":"CCEA","link":"https:\/\/centros.uepb.edu.br\/ccea\/category\/ccea\/"},"img":{"alt_text":"","src":"","width":0,"height":0},"classes":[]},{"id":1055,"url":"https:\/\/centros.uepb.edu.br\/ccea\/2018\/05\/16\/pro-reitoria-estudantil-da-uepb-realiza-1o-seminario-de-saude-cultura-e-relacoes-sociais-no-campus-vii\/","url_meta":{"origin":742,"position":4},"title":"Pr\u00f3-Reitoria Estudantil da UEPB realiza 1\u00ba Semin\u00e1rio de Sa\u00fade, Cultura e Rela\u00e7\u00f5es Sociais no C\u00e2mpus VII","author":"tatiany","date":"16 de maio de 2018","format":false,"excerpt":"A Pr\u00f3-Reitoria Estudantil (PROEST) da Universidade Estadual da Para\u00edba (UEPB), com apoio das Faculdades Integradas de Patos (FIP), realizar\u00e1 na pr\u00f3xima segunda-feira (21), o 1\u00ba Semin\u00e1rio de Sa\u00fade, Cultura e Rela\u00e7\u00f5es Sociais. O evento acontecer\u00e1 \u00e0s 9h, no Audit\u00f3rio Celso Furtado, no Centro de Ci\u00eancias Exatas e sociais Aplicadas (CCEA),\u2026","rel":"","context":"Em &quot;CCEA&quot;","block_context":{"text":"CCEA","link":"https:\/\/centros.uepb.edu.br\/ccea\/category\/ccea\/"},"img":{"alt_text":"","src":"","width":0,"height":0},"classes":[]},{"id":1071,"url":"https:\/\/centros.uepb.edu.br\/ccea\/2018\/06\/05\/1o-congresso-paraibano-de-inclusao-sera-realizado-no-campus-vii-da-universidade-estadual-da-paraiba\/","url_meta":{"origin":742,"position":5},"title":"1\u00ba Congresso Paraibano de Inclus\u00e3o ser\u00e1 realizado no C\u00e2mpus VII da Universidade Estadual da Para\u00edba","author":"tatiany","date":"5 de junho de 2018","format":false,"excerpt":"Na busca de ampliar o debate e a luta no contexto da Inclus\u00e3o na Para\u00edba, a Podium Cursos e Assessoria, em parceria com a Universidade de Uberaba (Uniube), com patroc\u00ednio do Col\u00e9gio Fera GEO e apoio da Universidade Estadual da Para\u00edba (UEPB), Instituto Federal da Para\u00edba (IFPB) e Col\u00e9gio Cristo\u2026","rel":"","context":"Em &quot;CCEA&quot;","block_context":{"text":"CCEA","link":"https:\/\/centros.uepb.edu.br\/ccea\/category\/ccea\/"},"img":{"alt_text":"","src":"","width":0,"height":0},"classes":[]}],"_links":{"self":[{"href":"https:\/\/centros.uepb.edu.br\/ccea\/wp-json\/wp\/v2\/posts\/742","targetHints":{"allow":["GET"]}}],"collection":[{"href":"https:\/\/centros.uepb.edu.br\/ccea\/wp-json\/wp\/v2\/posts"}],"about":[{"href":"https:\/\/centros.uepb.edu.br\/ccea\/wp-json\/wp\/v2\/types\/post"}],"author":[{"embeddable":true,"href":"https:\/\/centros.uepb.edu.br\/ccea\/wp-json\/wp\/v2\/users\/25"}],"replies":[{"embeddable":true,"href":"https:\/\/centros.uepb.edu.br\/ccea\/wp-json\/wp\/v2\/comments?post=742"}],"version-history":[{"count":0,"href":"https:\/\/centros.uepb.edu.br\/ccea\/wp-json\/wp\/v2\/posts\/742\/revisions"}],"wp:attachment":[{"href":"https:\/\/centros.uepb.edu.br\/ccea\/wp-json\/wp\/v2\/media?parent=742"}],"wp:term":[{"taxonomy":"category","embeddable":true,"href":"https:\/\/centros.uepb.edu.br\/ccea\/wp-json\/wp\/v2\/categories?post=742"},{"taxonomy":"post_tag","embeddable":true,"href":"https:\/\/centros.uepb.edu.br\/ccea\/wp-json\/wp\/v2\/tags?post=742"}],"curies":[{"name":"wp","href":"https:\/\/api.w.org\/{rel}","templated":true}]}}