{"id":621,"date":"2017-10-09T14:56:15","date_gmt":"2017-10-09T14:56:15","guid":{"rendered":"http:\/\/www.uepb.edu.br\/?p=36058"},"modified":"2017-10-09T14:56:15","modified_gmt":"2017-10-09T14:56:15","slug":"feminismo-e-empoderamento-feminino-sao-temas-de-palestra-realizada-no-campus-de-patos","status":"publish","type":"post","link":"https:\/\/centros.uepb.edu.br\/ccea\/2017\/10\/09\/feminismo-e-empoderamento-feminino-sao-temas-de-palestra-realizada-no-campus-de-patos\/","title":{"rendered":"Feminismo e empoderamento feminino s\u00e3o temas de palestra realizada no C\u00e2mpus de Patos"},"content":{"rendered":"<p><a href=\"http:\/\/www.uepb.edu.br\/feminismo-e-empoderamento-feminino-sao-temas-de-palestra-realizada-no-campus-de-patos\/#gallery-36058-1-slideshow\">Clique para exibir o slide.<\/a><\/p>\n<p>A Universidade Estadual da Para\u00edba (UEPB), atrav\u00e9s do Centro de Ci\u00eancias Exatas e Sociais Aplicadas (CCEA), em parceria com o Rotaract Club de Patos, realizou na \u00faltima quinta-feira (5), a palestra \u201cFeminismo e Empoderamento Feminino\u201d, ministrada por Francicleia Lopes, graduanda em Psicologia e com especializa\u00e7\u00e3o em Avalia\u00e7\u00e3o Psicol\u00f3gica. O evento marcou o in\u00edcio das a\u00e7\u00f5es voltadas \u00e0 campanha Outubro Rosa na Universidade.<\/p>\n<p>Com o objetivo de refor\u00e7ar para a comunidade acad\u00eamica o papel da mulher na sociedade e abrir novos horizontes para o fortalecimento feminino e a busca pelos direitos igualit\u00e1rios, a graduanda contextualizou o surgimento do Movimento Feminista no Brasil, discorrendo acerca das mais expressivas conquistas femininas ao longo dos \u00faltimos anos, al\u00e9m de abordar os atuais desafios da mulher na luta pela conquista de direitos na sociedade e o empoderamento como consequ\u00eancia desse movimento.<\/p>\n<p>Francicleia abordou a falta de representatividade feminina nos espa\u00e7os decisivos da sociedade, colocando em contexto as desigualdades de classe, etnia e g\u00eanero impostas aos grupos minorit\u00e1rios, e discutiu o papel do Estado e o investimento em pol\u00edticas p\u00fablicas voltadas \u00e0 emancipa\u00e7\u00e3o pol\u00edtica e social da mulher com total equidade de g\u00eanero e direito, instigando a busca feminina pelo protagonismo nessa luta e a quebra dos modelos e padr\u00f5es que a sociedade machista e patriarcal imp\u00f5e.<\/p>\n<p>A palestra foi realizada no Audit\u00f3rio Celso Furtado e contou com a participa\u00e7\u00e3o do corpo discente, ativistas e simpatizantes da causa em conson\u00e2ncia com o movimento feminista e a luta pelo empoderamento da mulher.<\/p>\n<p>&nbsp;<\/p>\n<p><em><strong>Texto e fotos:<\/strong> Tatiany Escari\u00e3o<\/em><\/p>\n<p>O post <a rel=\"nofollow\" href=\"http:\/\/www.uepb.edu.br\/feminismo-e-empoderamento-feminino-sao-temas-de-palestra-realizada-no-campus-de-patos\/\">Feminismo e empoderamento feminino s\u00e3o temas de palestra realizada no C\u00e2mpus de Patos<\/a> apareceu primeiro em <a rel=\"nofollow\" href=\"http:\/\/www.uepb.edu.br\/\">UEPB<\/a>.<\/p>\n","protected":false},"excerpt":{"rendered":"<p>A Universidade Estadual da Para&iacute;ba (UEPB), atrav&eacute;s do Centro de Ci&ecirc;ncias Exatas e Sociais Aplicadas (CCEA), em parceria com o Rotaract Club de Patos, realizou na &uacute;ltima quinta-feira (5), a palestra &ldquo;Feminismo e Empoderamento Feminino&rdquo;, ministrada por Francicleia Lopes, graduanda em Psicologia e com especializa&ccedil;&atilde;o em Avalia&ccedil;&atilde;o Psicol&oacute;gica. O evento marcou o in&iacute;cio das a&ccedil;&otilde;es <a href=\"http:\/\/www.uepb.edu.br\/feminismo-e-empoderamento-feminino-sao-temas-de-palestra-realizada-no-campus-de-patos\/\">Leia Mais&#8230;<\/a><\/p>\n<p>O post <a rel=\"nofollow\" href=\"http:\/\/www.uepb.edu.br\/feminismo-e-empoderamento-feminino-sao-temas-de-palestra-realizada-no-campus-de-patos\/\">Feminismo e empoderamento feminino s&atilde;o temas de palestra realizada no C&acirc;mpus de Patos<\/a> apareceu primeiro em <a rel=\"nofollow\" href=\"http:\/\/www.uepb.edu.br\/\">UEPB<\/a>.<\/p>\n","protected":false},"author":25,"featured_media":0,"comment_status":"closed","ping_status":"closed","sticky":false,"template":"","format":"standard","meta":{"jetpack_post_was_ever_published":false,"_jetpack_newsletter_access":"","_jetpack_dont_email_post_to_subs":false,"_jetpack_newsletter_tier_id":0,"_jetpack_memberships_contains_paywalled_content":false,"_jetpack_memberships_contains_paid_content":false,"footnotes":"","jetpack_publicize_message":"","jetpack_publicize_feature_enabled":true,"jetpack_social_post_already_shared":true,"jetpack_social_options":{"image_generator_settings":{"template":"highway","default_image_id":0,"font":"","enabled":false},"version":2}},"categories":[8,3],"tags":[],"class_list":["post-621","post","type-post","status-publish","format-standard","hentry","category-ccea","category-noticias"],"jetpack_publicize_connections":[],"jetpack_featured_media_url":"","jetpack_sharing_enabled":true,"jetpack_shortlink":"https:\/\/wp.me\/p7WTGX-a1","jetpack_likes_enabled":true,"jetpack-related-posts":[{"id":1123,"url":"https:\/\/centros.uepb.edu.br\/ccea\/2018\/05\/18\/palestra-promovida-pelo-ccea-debatera-desafios-e-perspectivas-da-gestao-publica-na-atual-conjuntura-nacional\/","url_meta":{"origin":621,"position":0},"title":"Palestra promovida pelo CCEA debater\u00e1 desafios e perspectivas da gest\u00e3o p\u00fablica na atual conjuntura nacional","author":"M\u00e1rcia Dias","date":"18 de maio de 2018","format":false,"excerpt":"O Centro de Ci\u00eancias Exatas e Sociais Aplicadas (CCEA) da Universidade Estadual da Para\u00edba (UEPB) realiza, na pr\u00f3xima segunda-feira (21), a palestra \u201cDesafios e Perspectivas da Gest\u00e3o P\u00fablica\u201d. O evento acontecer\u00e1 \u00e0s 19h, no Audit\u00f3rio Celso Furtado, C\u00e2mpus VII da Institui\u00e7\u00e3o, em Patos. A atividade tem como objetivo propiciar um\u2026","rel":"","context":"Em &quot;CCEA&quot;","block_context":{"text":"CCEA","link":"https:\/\/centros.uepb.edu.br\/ccea\/category\/ccea\/"},"img":{"alt_text":"","src":"","width":0,"height":0},"classes":[]},{"id":1711,"url":"https:\/\/centros.uepb.edu.br\/ccea\/2022\/05\/04\/solenidade-de-colacao-de-grau-dos-campus-de-catole-do-rocha-e-patos-encerra-semestre-letivo-2021-2\/","url_meta":{"origin":621,"position":1},"title":"Solenidade de Cola\u00e7\u00e3o de Grau dos c\u00e2mpus de Catol\u00e9 do Rocha e Patos encerra semestre letivo 2021.2","author":"Givaldo","date":"4 de maio de 2022","format":false,"excerpt":"Uma tarde de sonhos, realiza\u00e7\u00f5es e celebra\u00e7\u00e3o. Momento para exaltar a perseveran\u00e7a e a resili\u00eancia dos formandos e celebrar a conquista do curso superior no Sert\u00e3o paraibano. O Centro de Ci\u00eancias Exatas e Sociais Aplicadas (CCEA), da Universidade Estadual da Para\u00edba (UEPB), C\u00e2mpus VII de Patos, e o Centro de\u2026","rel":"","context":"Em &quot;CCEA&quot;","block_context":{"text":"CCEA","link":"https:\/\/centros.uepb.edu.br\/ccea\/category\/ccea\/"},"img":{"alt_text":"","src":"https:\/\/i0.wp.com\/interno.uepb.edu.br\/wp-content\/uploads\/2022\/05\/colacao-de-grau-Patos-e-Catole-01.jpg?fit=276%2C300&ssl=1&resize=350%2C200","width":350,"height":200},"classes":[]},{"id":718,"url":"https:\/\/centros.uepb.edu.br\/ccea\/2017\/11\/23\/palestra-sobre-ciencia-de-dados-e-realizada-no-centro-de-ciencias-exatas-e-sociais-aplicadas-da-uepb\/","url_meta":{"origin":621,"position":2},"title":"Palestra sobre Ci\u00eancia de Dados \u00e9 realizada no Centro de Ci\u00eancias Exatas e Sociais Aplicadas da UEPB","author":"tatiana","date":"23 de novembro de 2017","format":false,"excerpt":"O curso de Bacharelado em Ci\u00eancia da Computa\u00e7\u00e3o, do Centro de Ci\u00eancias Exatas e Sociais Aplicadas (CCEA) da Universidade Estadual da Para\u00edba (UEPB), realizou na noite desta quarta-feira (22), no Audit\u00f3rio Celso Furtado, C\u00e2mpus VII, em Patos, a palestra \u201cComo iniciar no mundo da ci\u00eancia de dados\u201d, ministrada pelo professor\u2026","rel":"","context":"Em &quot;CCEA&quot;","block_context":{"text":"CCEA","link":"https:\/\/centros.uepb.edu.br\/ccea\/category\/ccea\/"},"img":{"alt_text":"","src":"","width":0,"height":0},"classes":[]},{"id":343,"url":"https:\/\/centros.uepb.edu.br\/ccea\/2016\/08\/26\/campus-de-patos-promove-curso-de-capacitacao-para-professores-de-fisica-do-ensino-medio-da-rede-publica\/","url_meta":{"origin":621,"position":3},"title":"C\u00e2mpus de Patos promove curso de capacita\u00e7\u00e3o para professores de F\u00edsica do Ensino M\u00e9dio da rede p\u00fablica","author":"tatiana","date":"26 de agosto de 2016","format":false,"excerpt":"Ser\u00e1 realizado durante os dias 9 e 10 de setembro, no Centro de Ci\u00eancias Exatas e Sociais Aplicadas (CCEA) da Universidade Estadual da Para\u00edba (UEPB), C\u00e2mpus VII, localizado na cidade de Patos, o curso de capacita\u00e7\u00e3o para professores de F\u00edsica das Escolas P\u00fablicas da Para\u00edba lotadas na 6\u00aa Regional de\u2026","rel":"","context":"Em &quot;CCEA&quot;","block_context":{"text":"CCEA","link":"https:\/\/centros.uepb.edu.br\/ccea\/category\/ccea\/"},"img":{"alt_text":"","src":"","width":0,"height":0},"classes":[]},{"id":1522,"url":"https:\/\/centros.uepb.edu.br\/ccea\/2019\/09\/27\/campus-de-patos-recebe-atividade-sobre-divulgacao-de-propriedade-intelectual-e-inovacao-tecnologica-2\/","url_meta":{"origin":621,"position":4},"title":"C\u00e2mpus de Patos recebe atividade sobre divulga\u00e7\u00e3o de propriedade intelectual e inova\u00e7\u00e3o tecnol\u00f3gica","author":"tatiana","date":"27 de setembro de 2019","format":false,"excerpt":"Em uma a\u00e7\u00e3o que contou com o suporte do Servi\u00e7o Brasileiro de Apoio \u00e0s Micro e Pequenas Empresas (Sebrae), a Ag\u00eancia de Inova\u00e7\u00e3o Tecnol\u00f3gica (Inovatec) da Universidade Estadual da Para\u00edba (UEPB) promoveu, na noite da \u00faltima quarta-feira (25), no Centro de Ci\u00eancias Exatas e Sociais Aplicadas (CCEA), em Patos, uma\u2026","rel":"","context":"Em &quot;CCEA&quot;","block_context":{"text":"CCEA","link":"https:\/\/centros.uepb.edu.br\/ccea\/category\/ccea\/"},"img":{"alt_text":"","src":"https:\/\/i0.wp.com\/www.interno.uepb.edu.br\/wp-content\/uploads\/2019\/09\/Worktec-2.jpg?resize=350%2C200&ssl=1","width":350,"height":200,"srcset":"https:\/\/i0.wp.com\/www.interno.uepb.edu.br\/wp-content\/uploads\/2019\/09\/Worktec-2.jpg?resize=350%2C200&ssl=1 1x, https:\/\/i0.wp.com\/www.interno.uepb.edu.br\/wp-content\/uploads\/2019\/09\/Worktec-2.jpg?resize=525%2C300&ssl=1 1.5x, https:\/\/i0.wp.com\/www.interno.uepb.edu.br\/wp-content\/uploads\/2019\/09\/Worktec-2.jpg?resize=700%2C400&ssl=1 2x"},"classes":[]},{"id":1306,"url":"https:\/\/centros.uepb.edu.br\/ccea\/2019\/09\/27\/campus-de-patos-recebe-atividade-sobre-divulgacao-de-propriedade-intelectual-e-inovacao-tecnologica\/","url_meta":{"origin":621,"position":5},"title":"C\u00e2mpus de Patos recebe atividade sobre divulga\u00e7\u00e3o de propriedade intelectual e inova\u00e7\u00e3o tecnol\u00f3gica","author":"tatiana","date":"27 de setembro de 2019","format":false,"excerpt":"Em uma a\u00e7\u00e3o que contou com o suporte do Servi\u00e7o Brasileiro de Apoio \u00e0s Micro e Pequenas Empresas (Sebrae), a Ag\u00eancia de Inova\u00e7\u00e3o Tecnol\u00f3gica (Inovatec) da Universidade Estadual da Para\u00edba (UEPB) promoveu, na noite da \u00faltima quarta-feira (25), no Centro de Ci\u00eancias Exatas e Sociais Aplicadas (CCEA), em Patos, uma\u2026","rel":"","context":"Em &quot;CCEA&quot;","block_context":{"text":"CCEA","link":"https:\/\/centros.uepb.edu.br\/ccea\/category\/ccea\/"},"img":{"alt_text":"","src":"","width":0,"height":0},"classes":[]}],"_links":{"self":[{"href":"https:\/\/centros.uepb.edu.br\/ccea\/wp-json\/wp\/v2\/posts\/621","targetHints":{"allow":["GET"]}}],"collection":[{"href":"https:\/\/centros.uepb.edu.br\/ccea\/wp-json\/wp\/v2\/posts"}],"about":[{"href":"https:\/\/centros.uepb.edu.br\/ccea\/wp-json\/wp\/v2\/types\/post"}],"author":[{"embeddable":true,"href":"https:\/\/centros.uepb.edu.br\/ccea\/wp-json\/wp\/v2\/users\/25"}],"replies":[{"embeddable":true,"href":"https:\/\/centros.uepb.edu.br\/ccea\/wp-json\/wp\/v2\/comments?post=621"}],"version-history":[{"count":0,"href":"https:\/\/centros.uepb.edu.br\/ccea\/wp-json\/wp\/v2\/posts\/621\/revisions"}],"wp:attachment":[{"href":"https:\/\/centros.uepb.edu.br\/ccea\/wp-json\/wp\/v2\/media?parent=621"}],"wp:term":[{"taxonomy":"category","embeddable":true,"href":"https:\/\/centros.uepb.edu.br\/ccea\/wp-json\/wp\/v2\/categories?post=621"},{"taxonomy":"post_tag","embeddable":true,"href":"https:\/\/centros.uepb.edu.br\/ccea\/wp-json\/wp\/v2\/tags?post=621"}],"curies":[{"name":"wp","href":"https:\/\/api.w.org\/{rel}","templated":true}]}}