{"id":418,"date":"2017-02-13T13:36:18","date_gmt":"2017-02-13T13:36:18","guid":{"rendered":"http:\/\/www.uepb.edu.br\/?p=31576"},"modified":"2017-09-28T14:26:59","modified_gmt":"2017-09-28T14:26:59","slug":"abertas-inscricoes-para-interessados-em-participar-de-atividades-da-academia-de-ginastica-do-campus-vii","status":"publish","type":"post","link":"https:\/\/centros.uepb.edu.br\/ccea\/2017\/02\/13\/abertas-inscricoes-para-interessados-em-participar-de-atividades-da-academia-de-ginastica-do-campus-vii\/","title":{"rendered":"UEPB inaugura academia no C\u00e2mpus de Patos e inscreve interessados em participar das atividades de gin\u00e1stica"},"content":{"rendered":"<p><a href=\"http:\/\/www.uepb.edu.br\/uepb-inaugura-academia-no-campus-de-patos-e-inscreve-interessados-em-participar-das-atividades-de-ginastica\/#gallery-31576-1-slideshow\">Clique para exibir o slide.<\/a><\/p>\n<p>O Centro de Ci\u00eancias Exatas e Sociais Aplicadas (CCEA), localizado no C\u00e2mpus VII da Universidade Estadual da Para\u00edba (UEPB), em Patos, est\u00e1 com inscri\u00e7\u00f5es abetas para os interessados em ter acesso aos servi\u00e7os oferecidos pela Academia de Gin\u00e1stica da Institui\u00e7\u00e3o. O espa\u00e7o foi inaugurado nesta quarta-feira (15), quando foi feita ainda a entrega de kimonos aos alunos de karat\u00ea que integram projeto de extens\u00e3o coordenado pelo professor Odilon Avelino.<\/p>\n<p>Segundo o reitor Rangel Junior, que participou da inaugura\u00e7\u00e3o da academia, o espa\u00e7o \u00e9 resultado de investimento federal a partir do ingresso da UEPB no SiSU. &#8220;\u00c9 uma iniciativa singela, mas que tem um ganho importante para quem pratica atividade f\u00edsica e vai permitir que os estudantes participem dessas atividades orientados por profissionais de Educa\u00e7\u00e3o F\u00edsica e estagi\u00e1rios. Isso \u00e9 parte do que \u00e9 integrante do conjunto de atividades que uma universidade deve oferecer, n\u00e3o s\u00f3 no ensino, mas para promover qualidade de vida em todos os aspectos&#8221;, ressaltou.<\/p>\n<p>Podem se inscrever para utiliza\u00e7\u00e3o da academia os alunos, professores e t\u00e9cnicos administrativos do CCEA. As inscri\u00e7\u00f5es podem ser realizadas na pr\u00f3pria Academia de Gin\u00e1stica com o educador f\u00edsico Diglielmo Ant\u00f4nio at\u00e9 o dia 17 deste m\u00eas, nos hor\u00e1rios das 8h \u00e0s 12h e das 14h \u00e0s 18h.<\/p>\n<p>A academia funcionar\u00e1 de segunda a sexta-feira, nos turnos manh\u00e3 e tarde, realizando trabalho de musculatura. A academia comporta at\u00e9 10 pessoas por turno. Cada estudante pode passar at\u00e9 1 hora por dia utilizando o espa\u00e7o. Para se inscrever basta o interessado comparecer a Academia, informar nome, n\u00famero de matr\u00edcula e o hor\u00e1rio que pretende usar a academia.<\/p>\n<p>&nbsp;<\/p>\n<p><strong>Texto:<\/strong> Severino Lopes<\/p>\n<p><strong>Fotos:<\/strong> Airton Alves<\/p>\n<p>&nbsp;<\/p>\n","protected":false},"excerpt":{"rendered":"<p>O Centro de Ci&ecirc;ncias Exatas e Sociais Aplicadas (CCEA), localizado no C&acirc;mpus VII da Universidade Estadual da Para&iacute;ba (UEPB), em Patos, est&aacute; com inscri&ccedil;&otilde;es abetas para os interessados em ter acesso aos servi&ccedil;os oferecidos pela Academia de Gin&aacute;stica da Institui&ccedil;&atilde;o. O espa&ccedil;o foi inaugurado nesta quarta-feira (15), quando foi feita ainda a entrega de kimonos <a href=\"http:\/\/www.uepb.edu.br\/uepb-inaugura-academia-no-campus-de-patos-e-inscreve-interessados-em-participar-das-atividades-de-ginastica\/\">Leia Mais&#8230;<\/a><\/p>\n","protected":false},"author":26,"featured_media":0,"comment_status":"closed","ping_status":"closed","sticky":false,"template":"","format":"standard","meta":{"jetpack_post_was_ever_published":false,"_jetpack_newsletter_access":"","_jetpack_dont_email_post_to_subs":true,"_jetpack_newsletter_tier_id":0,"_jetpack_memberships_contains_paywalled_content":false,"_jetpack_memberships_contains_paid_content":false,"footnotes":"","jetpack_publicize_message":"","jetpack_publicize_feature_enabled":true,"jetpack_social_post_already_shared":true,"jetpack_social_options":{"image_generator_settings":{"template":"highway","default_image_id":0,"font":"","enabled":false},"version":2}},"categories":[8,3],"tags":[],"class_list":["post-418","post","type-post","status-publish","format-standard","hentry","category-ccea","category-noticias"],"jetpack_publicize_connections":[],"jetpack_featured_media_url":"","jetpack_sharing_enabled":true,"jetpack_shortlink":"https:\/\/wp.me\/p7WTGX-6K","jetpack_likes_enabled":true,"jetpack-related-posts":[{"id":939,"url":"https:\/\/centros.uepb.edu.br\/ccea\/2018\/03\/22\/ginastica-laboral-e-oferecida-aos-servidores-do-centro-de-ciencias-exatas-e-sociais-aplicadas\/","url_meta":{"origin":418,"position":0},"title":"Gin\u00e1stica laboral \u00e9 oferecida aos servidores do Centro de Ci\u00eancias Exatas e Sociais Aplicadas","author":"tatiana","date":"22 de mar\u00e7o de 2018","format":false,"excerpt":"Preocupada com o bem-estar de professores e t\u00e9cnicos administrativos, e com a preven\u00e7\u00e3o de doen\u00e7as ocupacionais como dores e inc\u00f4modos que ocorrem devido \u00e0s atividades cotidianas de um ambiente de trabalho, a dire\u00e7\u00e3o do Centro de Ci\u00eancias Exatas e Sociais Aplicadas (CCEA), da Universidade Estadual da Para\u00edba (UEPB), por meio\u2026","rel":"","context":"Em &quot;CCEA&quot;","block_context":{"text":"CCEA","link":"https:\/\/centros.uepb.edu.br\/ccea\/category\/ccea\/"},"img":{"alt_text":"","src":"","width":0,"height":0},"classes":[]},{"id":962,"url":"https:\/\/centros.uepb.edu.br\/ccea\/2018\/04\/05\/campeonato-de-xadrez-sera-realizado-no-campus-vii-da-universidade-estadual-no-proximo-dia-19\/","url_meta":{"origin":418,"position":1},"title":"Campeonato de Xadrez ser\u00e1 realizado no C\u00e2mpus VII da Universidade Estadual no pr\u00f3ximo dia 19","author":"tatiany","date":"5 de abril de 2018","format":false,"excerpt":"O Centro de Ci\u00eancias Exatas e Sociais Aplicadas (CCEA), da Universidade Estadual da Para\u00edba (UEPB), em parceria com Coordenadoria de Esportes e Lazer (COEL) da Institui\u00e7\u00e3o e o Clube de Xadrez Jos\u00e9 Amarante, realizar\u00e1 no pr\u00f3ximo dia 19, o Campeonato de Xadrez da UEPB-Patos. O evento acontecer\u00e1 no audit\u00f3rio Celso\u2026","rel":"","context":"Em &quot;CCEA&quot;","block_context":{"text":"CCEA","link":"https:\/\/centros.uepb.edu.br\/ccea\/category\/ccea\/"},"img":{"alt_text":"","src":"","width":0,"height":0},"classes":[]},{"id":1010,"url":"https:\/\/centros.uepb.edu.br\/ccea\/2018\/05\/07\/ccea-firma-parceria-com-academia-de-ginastica-e-amplia-oferta-de-atividades-de-promocao-da-saude-para-comunidade-universitaria\/","url_meta":{"origin":418,"position":2},"title":"CCEA firma parceria com academia de gin\u00e1stica e amplia oferta de atividades de promo\u00e7\u00e3o da sa\u00fade","author":"tatiany","date":"7 de maio de 2018","format":false,"excerpt":"A dire\u00e7\u00e3o do Centro de Ci\u00eancias Exatas e Sociais Aplicadas (CCEA), da Universidade Estadual da Para\u00edba (UEPB), e a Coordenadoria de Esporte e Lazer da Institui\u00e7\u00e3o, com intuito de ampliar o acesso \u00e0s atividades de promo\u00e7\u00e3o da sa\u00fade que o Centro oferece, atrav\u00e9s das pr\u00e1ticas realizadas pela sua academia de\u2026","rel":"","context":"Em &quot;CCEA&quot;","block_context":{"text":"CCEA","link":"https:\/\/centros.uepb.edu.br\/ccea\/category\/ccea\/"},"img":{"alt_text":"","src":"","width":0,"height":0},"classes":[]},{"id":1005,"url":"https:\/\/centros.uepb.edu.br\/ccea\/2018\/04\/24\/bacharelado-em-ciencia-da-computacao-promove-whoskshop-sobre-ciencia-de-dados-no-campus-vii-da-uepb\/","url_meta":{"origin":418,"position":3},"title":"Bacharelado em Ci\u00eancia da Computa\u00e7\u00e3o promove Whoskshop sobre Ci\u00eancia de Dados no C\u00e2mpus VII","author":"tatiany","date":"24 de abril de 2018","format":false,"excerpt":"A Coordena\u00e7\u00e3o do Curso de Bacharelado em Ci\u00eancia da Computa\u00e7\u00e3o, do Centro de Ci\u00eancias Exatas e Sociais Aplicadas (CCEA) da Universidade Estadual da Para\u00edba (UEPB), juntamente com o professor Jefferson Felipe de Lima, promove no pr\u00f3ximo dia 26 de abril o whorkshop intitulado \u201cMinicurso para Inicia\u00e7\u00e3o \u00e0 Ci\u00eancia de Dados\u201d,\u2026","rel":"","context":"Em &quot;CCEA&quot;","block_context":{"text":"CCEA","link":"https:\/\/centros.uepb.edu.br\/ccea\/category\/ccea\/"},"img":{"alt_text":"","src":"","width":0,"height":0},"classes":[]},{"id":345,"url":"https:\/\/centros.uepb.edu.br\/ccea\/2016\/08\/29\/centro-de-ciencias-exatas-e-sociais-aplicadas-da-uepb-promove-sarau-pedagogico-no-campus-de-patos\/","url_meta":{"origin":418,"position":4},"title":"Centro de Ci\u00eancias Exatas e Sociais Aplicadas da UEPB promove Sarau Pedag\u00f3gico no C\u00e2mpus de Patos","author":"arnaud","date":"29 de agosto de 2016","format":false,"excerpt":"O C\u00e2mpus VII da Universidade Estadual da Para\u00edba (UEPB), localizado no munic\u00edpio de Patos, no Sert\u00e3o paraibano, promove no dia 5 de setembro, a partir das 18h30, um Sarau Pedag\u00f3gico, como parte das atividades da segunda edi\u00e7\u00e3o do Semin\u00e1rio Pedag\u00f3gico das Licenciaturas (SEMPEL). O evento ser\u00e1 realizado no Centro de\u2026","rel":"","context":"Em &quot;CCEA&quot;","block_context":{"text":"CCEA","link":"https:\/\/centros.uepb.edu.br\/ccea\/category\/ccea\/"},"img":{"alt_text":"Sarau Pedag\u00f3gico","src":"https:\/\/i0.wp.com\/www.uepb.edu.br\/wp-content\/uploads\/2016\/08\/Sarau-Pedag%C3%B3gico.jpg?resize=350%2C200","width":350,"height":200,"srcset":"https:\/\/i0.wp.com\/www.uepb.edu.br\/wp-content\/uploads\/2016\/08\/Sarau-Pedag%C3%B3gico.jpg?resize=350%2C200 1x, https:\/\/i0.wp.com\/www.uepb.edu.br\/wp-content\/uploads\/2016\/08\/Sarau-Pedag%C3%B3gico.jpg?resize=525%2C300 1.5x"},"classes":[]},{"id":1123,"url":"https:\/\/centros.uepb.edu.br\/ccea\/2018\/05\/18\/palestra-promovida-pelo-ccea-debatera-desafios-e-perspectivas-da-gestao-publica-na-atual-conjuntura-nacional\/","url_meta":{"origin":418,"position":5},"title":"Palestra promovida pelo CCEA debater\u00e1 desafios e perspectivas da gest\u00e3o p\u00fablica na atual conjuntura nacional","author":"M\u00e1rcia Dias","date":"18 de maio de 2018","format":false,"excerpt":"O Centro de Ci\u00eancias Exatas e Sociais Aplicadas (CCEA) da Universidade Estadual da Para\u00edba (UEPB) realiza, na pr\u00f3xima segunda-feira (21), a palestra \u201cDesafios e Perspectivas da Gest\u00e3o P\u00fablica\u201d. O evento acontecer\u00e1 \u00e0s 19h, no Audit\u00f3rio Celso Furtado, C\u00e2mpus VII da Institui\u00e7\u00e3o, em Patos. A atividade tem como objetivo propiciar um\u2026","rel":"","context":"Em &quot;CCEA&quot;","block_context":{"text":"CCEA","link":"https:\/\/centros.uepb.edu.br\/ccea\/category\/ccea\/"},"img":{"alt_text":"","src":"","width":0,"height":0},"classes":[]}],"_links":{"self":[{"href":"https:\/\/centros.uepb.edu.br\/ccea\/wp-json\/wp\/v2\/posts\/418","targetHints":{"allow":["GET"]}}],"collection":[{"href":"https:\/\/centros.uepb.edu.br\/ccea\/wp-json\/wp\/v2\/posts"}],"about":[{"href":"https:\/\/centros.uepb.edu.br\/ccea\/wp-json\/wp\/v2\/types\/post"}],"author":[{"embeddable":true,"href":"https:\/\/centros.uepb.edu.br\/ccea\/wp-json\/wp\/v2\/users\/26"}],"replies":[{"embeddable":true,"href":"https:\/\/centros.uepb.edu.br\/ccea\/wp-json\/wp\/v2\/comments?post=418"}],"version-history":[{"count":0,"href":"https:\/\/centros.uepb.edu.br\/ccea\/wp-json\/wp\/v2\/posts\/418\/revisions"}],"wp:attachment":[{"href":"https:\/\/centros.uepb.edu.br\/ccea\/wp-json\/wp\/v2\/media?parent=418"}],"wp:term":[{"taxonomy":"category","embeddable":true,"href":"https:\/\/centros.uepb.edu.br\/ccea\/wp-json\/wp\/v2\/categories?post=418"},{"taxonomy":"post_tag","embeddable":true,"href":"https:\/\/centros.uepb.edu.br\/ccea\/wp-json\/wp\/v2\/tags?post=418"}],"curies":[{"name":"wp","href":"https:\/\/api.w.org\/{rel}","templated":true}]}}