{"id":354,"date":"2016-10-18T13:43:08","date_gmt":"2016-10-18T13:43:08","guid":{"rendered":"http:\/\/www.uepb.edu.br\/?p=29762"},"modified":"2017-09-28T14:27:58","modified_gmt":"2017-09-28T14:27:58","slug":"solenidade-marca-posse-de-nova-direcao-e-lancamento-de-selo-comemorativo-pelos-10-anos-do-ccea","status":"publish","type":"post","link":"https:\/\/centros.uepb.edu.br\/ccea\/2016\/10\/18\/solenidade-marca-posse-de-nova-direcao-e-lancamento-de-selo-comemorativo-pelos-10-anos-do-ccea\/","title":{"rendered":"Solenidade marca posse de nova dire\u00e7\u00e3o e lan\u00e7amento de selo comemorativo pelos 10 anos do CCEA"},"content":{"rendered":"<p><a href=\"http:\/\/www.uepb.edu.br\/solenidade-marca-posse-de-nova-direcao-e-lancamento-de-selo-comemorativo-pelos-10-anos-do-ccea\/#gallery-29762-1-slideshow\">Clique para exibir o slide.<\/a><\/p>\n<p style=\"text-align: justify;\">O Centro de Ci\u00eancias Exatas e Sociais Aplicadas (CCEA), localizado no C\u00e2mpus VII da Universidade Estadual da Para\u00edba (UEPB), em Patos, est\u00e1 com nova dire\u00e7\u00e3o. Os professores Adriano Homero Vital Pereira e Odilon Avelino da Cunha foram empossados como diretor e diretor adjunto do Centro, em substitui\u00e7\u00e3o as professoras Cheyenne Ribeiro Guedes Isidro Ab\u00edlio e Lidiane Rodrigues Campelo da Silva. A solenidade de posse foi presidida pelo reitor Rangel Junior e realizada na manh\u00e3 desta segunda-feira (17), no Audit\u00f3rio do Centro.<\/p>\n<p style=\"text-align: justify;\">Al\u00e9m dos diretores tamb\u00e9m tomaram posse os coordenadores e coordenadores adjuntos do\u00a0 Bacharelado em Administra\u00e7\u00e3o e das licenciaturas em Matem\u00e1tica e F\u00edsica. Foram empossados os professores Ayalla C\u00e2ndido Freire e Sibele Tha\u00edse Viana Duarte, na coordena\u00e7\u00e3o do Bacharelado de Administra\u00e7\u00e3o; Marcelo da Silva Vieira e Rodrigo C\u00e9sar Fonseca da Silva, como coordenadores do curso de F\u00edsica; e os professores Elias Dias Coelho Neto e Jos\u00e9 Ginaldo Souza Farias, como coordenadores do curso de Matem\u00e1tica.<\/p>\n<p style=\"text-align: justify;\">H\u00e1 dois anos a frente do CCEA, a professora Cheyenne Ribeiro fez um discurso de despedida. Emocionada, ela disse que dirigir o Centro foi uma experi\u00eancia enriquecedora e gratificante. Cheyenne enfatizou que mesmo em meio \u00e0s dificuldades econ\u00f4micas e financeiras, a sua gest\u00e3o, com a ajuda da Administra\u00e7\u00e3o Central, realizar algumas a\u00e7\u00f5es importantes, a exemplo da climatiza\u00e7\u00e3o de todos os espa\u00e7os do C\u00e2mpus, a conclus\u00e3o da Pra\u00e7a de Viv\u00eancia e a instala\u00e7\u00e3o da academia que, em breve, estar\u00e1 em funcionamento, al\u00e9m da instala\u00e7\u00e3o de novos computares e contrata\u00e7\u00e3o de professores.<\/p>\n<p style=\"text-align: justify;\">J\u00e1 investido do cargo de diretor, o professor Adriano Homero prometeu fazer uma gest\u00e3o participativa e compartilhada, envolvendo efetivamente os professores, t\u00e9cnicos e estudantes. Ele disse que tinha consci\u00eancia das dificuldades que ir\u00e1 enfrentar, como reflexos de um problema nacional, mas acredita que conseguir\u00e1 superar todas com a colabora\u00e7\u00e3o de todos os segmentos da institui\u00e7\u00e3o. \u201cMuitas s\u00e3o as nossas expectativas, mas temos que ser sensatos e estar cientes das nossas limita\u00e7\u00f5es. Por isso vamos fazer uma gest\u00e3o baseada em cima de dois princ\u00edpios: gest\u00e3o cooperativa e decis\u00f5es compartilhadas\u201d, afirmou.<\/p>\n<p style=\"text-align: justify;\">Presidente da solenidade, o reitor Rangel Junior desejou \u00eaxito aos diretores e destacou os desafios que os novos gestores enfrentar\u00e3o para resolver conflitos e problemas. Rangel Junior considerou importante a implanta\u00e7\u00e3o de um modelo de gest\u00e3o compartilhada, principalmente nos tempos de dificuldades. \u201cEste \u00e9 o melhor e maior aprendizado para qualquer gestor. \u00c9 importante que os gestores busquem alternativas coletivas, que busquem resolver os conflitos atrav\u00e9s do di\u00e1logo\u201d, destacou.<\/p>\n<p style=\"text-align: justify;\">Rangel enfatizou que a miss\u00e3o de eliminar os conflitos do CCEA n\u00e3o \u00e9 apenas dos gestores, mas de toda a comunidade acad\u00eamica que precisa abrir m\u00e3o das diverg\u00eancias para construir solu\u00e7\u00f5es participativas. O reitor observou ainda que os conflitos fazem parte da natureza humana, que sempre surgir\u00e3o, mas \u00e9 preciso colocar os interesses da Institui\u00e7\u00e3o acima de tudo e enfatizou que a Reitoria sempre estar\u00e1 aberta para ouvir, dialogar e, dentro das condi\u00e7\u00f5es, tentar resolver os problemas do Centro.<\/p>\n<p style=\"text-align: justify;\"><strong>Selo comemorativo<\/strong><\/p>\n<p style=\"text-align: justify;\">Durante a solenidade de posse tamb\u00e9m aconteceu o lan\u00e7amento do selo comemorativo pelos 10 anos do CCEA. O lan\u00e7amento foi feito pelo diretor dos Correios, Jos\u00e9 Bonif\u00e1cio de Medeiros, que representou o gerente regional, Jos\u00e9 Pereira da Costa Filho. As oblitera\u00e7\u00f5es foram feitas pelo reitor Rangel Junior, pelo diretor Adriano Homero, pela professora Maria Eunice Carvalho, pelo t\u00e9cnico administrativo Jean Carlos Almeida e pela estudante de F\u00edsica Aline Marques.<\/p>\n<p style=\"text-align: justify;\">O representante dos Correios fez um relato hist\u00f3rico da presen\u00e7a dos Correios no pa\u00eds e na vida do povo paraibano, destacando que o selo personalizado tem um forte significado e servir\u00e1\u00a0 como instrumento que marca a passagem dos 10 anos do C\u00e2mpus de Patos, rompendo as fronteiras do Estado. A emiss\u00e3o do Selo Personalizado, segundo ele, \u00e9 um reconhecimento dos Correios e Tel\u00e9grafos \u00e0 contribui\u00e7\u00e3o que a UEPB tem dado ao longo de 10 anos para o desenvolvimento de Patos. \u201cEssa \u00e9 uma forma de os Correios prestar uma merecida homenagem aos que fazem a UEPB na Morada do Sol\u201d, disse.<\/p>\n<p style=\"text-align: justify;\">O reitor Rangel Junior agradeceu a homenagem ao C\u00e2mpus de Patos e disse que mesmo com o advento das novas tecnologia e da internet, o selo ofertado pelos Correios ainda tem grande significado e se constitui em um instrumento de propaga\u00e7\u00e3o e conhecimentos que transp\u00f5e fronteiras. \u201cOs selos propagam hist\u00f3rias e eternizam momentos como um registro definitivo. Esse C\u00e2mpus agora passou a fazer parte da hist\u00f3ria dos Correios e Tel\u00e9grafos\u201d, frisou o reitor, prevendo que colecionadores da regi\u00e3o ir\u00e3o comprar o selo para guardar parte da hist\u00f3ria de Patos e da UEPB.<\/p>\n<p style=\"text-align: justify;\"><strong>Texto:<\/strong> Severino Lopes<br \/>\n<strong>Fotos:<\/strong> Paizinha Lemos<\/p>\n<p style=\"text-align: justify;\">\n","protected":false},"excerpt":{"rendered":"<p>O Centro de Ci&ecirc;ncias Exatas e Sociais Aplicadas (CCEA), localizado no C&acirc;mpus VII da Universidade Estadual da Para&iacute;ba (UEPB), em Patos, est&aacute; com nova dire&ccedil;&atilde;o. Os professores Adriano Homero Vital Pereira e Odilon Avelino da Cunha foram empossados como diretor e diretor adjunto do Centro, em substitui&ccedil;&atilde;o as professoras Cheyenne Ribeiro Guedes Isidro Ab&iacute;lio e <a href=\"http:\/\/www.uepb.edu.br\/solenidade-marca-posse-de-nova-direcao-e-lancamento-de-selo-comemorativo-pelos-10-anos-do-ccea\/\">Leia Mais&#8230;<\/a><\/p>\n","protected":false},"author":26,"featured_media":0,"comment_status":"closed","ping_status":"closed","sticky":false,"template":"","format":"standard","meta":{"jetpack_post_was_ever_published":false,"_jetpack_newsletter_access":"","_jetpack_dont_email_post_to_subs":false,"_jetpack_newsletter_tier_id":0,"_jetpack_memberships_contains_paywalled_content":false,"_jetpack_memberships_contains_paid_content":false,"footnotes":"","jetpack_publicize_message":"","jetpack_publicize_feature_enabled":true,"jetpack_social_post_already_shared":true,"jetpack_social_options":{"image_generator_settings":{"template":"highway","default_image_id":0,"font":"","enabled":false},"version":2}},"categories":[8,3],"tags":[],"class_list":["post-354","post","type-post","status-publish","format-standard","hentry","category-ccea","category-noticias"],"jetpack_publicize_connections":[],"jetpack_featured_media_url":"","jetpack_sharing_enabled":true,"jetpack_shortlink":"https:\/\/wp.me\/p7WTGX-5I","jetpack_likes_enabled":true,"jetpack-related-posts":[{"id":166,"url":"https:\/\/centros.uepb.edu.br\/ccea\/2014\/10\/09\/empossados-novos-diretores-e-coordenadores-de-cursos-que-compoem-o-campus-vii-da-uepb\/","url_meta":{"origin":354,"position":0},"title":"Empossados novos diretores e coordenadores de cursos que comp\u00f5em o C\u00e2mpus VII da UEPB","author":"thayamma","date":"9 de outubro de 2014","format":false,"excerpt":"\u00a0 Foram empossados na noite desta ter\u00e7a-feira (7), em solenidade presidida pelo reitor da Universidade Estadual da Para\u00edba (UEPB), professor Rangel Junior, os novos diretores do Centro de Ci\u00eancias Exatas e Sociais Aplicadas (CCEA) e coordenadores dos cursos que comp\u00f5em o C\u00e2mpus VII, com seus respectivos adjuntos. Na dire\u00e7\u00e3o do\u2026","rel":"","context":"Em &quot;Not\u00edcias&quot;","block_context":{"text":"Not\u00edcias","link":"https:\/\/centros.uepb.edu.br\/ccea\/category\/noticias\/"},"img":{"alt_text":"","src":"https:\/\/i0.wp.com\/centros.uepb.edu.br\/ccea\/files\/2014\/10\/pat1.jpg?resize=350%2C200&ssl=1","width":350,"height":200,"srcset":"https:\/\/i0.wp.com\/centros.uepb.edu.br\/ccea\/files\/2014\/10\/pat1.jpg?resize=350%2C200&ssl=1 1x, https:\/\/i0.wp.com\/centros.uepb.edu.br\/ccea\/files\/2014\/10\/pat1.jpg?resize=525%2C300&ssl=1 1.5x, https:\/\/i0.wp.com\/centros.uepb.edu.br\/ccea\/files\/2014\/10\/pat1.jpg?resize=700%2C400&ssl=1 2x"},"classes":[]},{"id":1152,"url":"https:\/\/centros.uepb.edu.br\/ccea\/2018\/09\/05\/comissao-eleitoral-unificada-divulga-homologacao-das-chapas-para-escolha-dos-novos-diretores-e-coordenadores-do-ccea-campus-vii-da-uepb\/","url_meta":{"origin":354,"position":1},"title":"Comiss\u00e3o Eleitoral divulga homologa\u00e7\u00e3o das chapas para escolha dos novos Diretores e Coordenadores do CCEA","author":"direcao","date":"5 de setembro de 2018","format":false,"excerpt":"A Comiss\u00e3o Eleitoral Unificada, composta para as elei\u00e7\u00f5es de Diretor e Diretor Adjunto de Centro, Coordenadores e Coordenadores Adjuntos dos Cursos de Bacharelado em Administra\u00e7\u00e3o, Licenciatura em Matem\u00e1tica e Licenciatura em F\u00edsica do Centro de Ci\u00eancias Exatas e Sociais Aplicadas (CCEA), Campus VII da Universidade Estadual da Para\u00edba (UEPB), divulgou,\u2026","rel":"","context":"Em &quot;Agend Not\u00edcias Destaque&quot;","block_context":{"text":"Agend Not\u00edcias Destaque","link":"https:\/\/centros.uepb.edu.br\/ccea\/category\/agend-noticias-destaque\/"},"img":{"alt_text":"","src":"","width":0,"height":0},"classes":[]},{"id":1178,"url":"https:\/\/centros.uepb.edu.br\/ccea\/2018\/09\/19\/campus-de-patos-promove-debate-com-candidatos-a-direcao-de-centro-e-coordenacoes-de-cursos-do-ccea\/","url_meta":{"origin":354,"position":2},"title":"C\u00e2mpus de Patos promove debate com candidatos a Dire\u00e7\u00e3o de Centro e Coordena\u00e7\u00f5es de Cursos do CCEA","author":"tatiana","date":"19 de setembro de 2018","format":false,"excerpt":"Na \u00faltima segunda-feira (17), foi realizado debate com os candidatos a diretor e diretor adjunto do Centro de Ci\u00eancias Exatas e Sociais Aplicadas (CCEA) da Universidade Estadual da Para\u00edba, bem como com os candidatos a coordenadores e coordenadores adjuntos dos cursos que comp\u00f5em o C\u00e2mpus VII da Institui\u00e7\u00e3o, localizado em\u2026","rel":"","context":"Em &quot;CCEA&quot;","block_context":{"text":"CCEA","link":"https:\/\/centros.uepb.edu.br\/ccea\/category\/ccea\/"},"img":{"alt_text":"","src":"https:\/\/i0.wp.com\/centros.uepb.edu.br\/ccea\/files\/2018\/09\/Debate-Patos-1.jpg?resize=350%2C200&ssl=1","width":350,"height":200,"srcset":"https:\/\/i0.wp.com\/centros.uepb.edu.br\/ccea\/files\/2018\/09\/Debate-Patos-1.jpg?resize=350%2C200&ssl=1 1x, https:\/\/i0.wp.com\/centros.uepb.edu.br\/ccea\/files\/2018\/09\/Debate-Patos-1.jpg?resize=525%2C300&ssl=1 1.5x, https:\/\/i0.wp.com\/centros.uepb.edu.br\/ccea\/files\/2018\/09\/Debate-Patos-1.jpg?resize=700%2C400&ssl=1 2x, https:\/\/i0.wp.com\/centros.uepb.edu.br\/ccea\/files\/2018\/09\/Debate-Patos-1.jpg?resize=1050%2C600&ssl=1 3x"},"classes":[]},{"id":341,"url":"https:\/\/centros.uepb.edu.br\/ccea\/2016\/08\/15\/comissao-eleitoral-divulga-edital-para-eleicao-de-novos-diretores-e-coordenadores-do-ccea\/","url_meta":{"origin":354,"position":3},"title":"Comiss\u00e3o Eleitoral divulga edital para elei\u00e7\u00e3o de novos diretores e coordenadores do CCEA","author":"tatiana","date":"15 de agosto de 2016","format":false,"excerpt":"Est\u00e3o abertas at\u00e9 o dia 26 de agosto as inscri\u00e7\u00f5es de chapas para as elei\u00e7\u00f5es do Centro de Ci\u00eancias Exatas e Sociais Aplicadas (CCEA) da Universidade Estadual da Para\u00edba (UEPB), que ir\u00e3o definir os ocupantes dos cargos de diretor e diretor adjunto de Centro, coordenadores e coordenadores adjuntos dos cursos\u2026","rel":"","context":"Em &quot;CCEA&quot;","block_context":{"text":"CCEA","link":"https:\/\/centros.uepb.edu.br\/ccea\/category\/ccea\/"},"img":{"alt_text":"","src":"","width":0,"height":0},"classes":[]},{"id":1270,"url":"https:\/\/centros.uepb.edu.br\/ccea\/2018\/08\/03\/comissao-eleitoral-do-ccea-divulga-edital-para-eleicao-que-definira-nova-gestao-do-campus-de-patos\/","url_meta":{"origin":354,"position":4},"title":"Comiss\u00e3o Eleitoral do CCEA divulga edital para elei\u00e7\u00e3o que definir\u00e1 nova gest\u00e3o do C\u00e2mpus de Patos","author":"tatiana","date":"3 de agosto de 2018","format":false,"excerpt":"A Comiss\u00e3o Eleitoral Unificada do Centro de Ci\u00eancias Exatas e Sociais Aplicadas (CCEA) da Universidade Estadual da Para\u00edba (UEPB) divulgou edital para a escolha dos cargos de diretor e diretor adjunto de Centro, bem como de coordenadores e coordenadores adjuntos dos cursos de Bacharelado em Administra\u00e7\u00e3o e das licenciaturas em\u2026","rel":"","context":"Em &quot;CCEA&quot;","block_context":{"text":"CCEA","link":"https:\/\/centros.uepb.edu.br\/ccea\/category\/ccea\/"},"img":{"alt_text":"","src":"","width":0,"height":0},"classes":[]},{"id":1133,"url":"https:\/\/centros.uepb.edu.br\/ccea\/2018\/08\/03\/comissao-eleitoral-divulga-edital-para-eleicao-de-novos-diretores-e-coordenadores-do-ccea-2\/","url_meta":{"origin":354,"position":5},"title":"Comiss\u00e3o Eleitoral divulga edital para elei\u00e7\u00e3o de novos diretores e coordenadores do CCEA","author":"tatiana","date":"3 de agosto de 2018","format":false,"excerpt":"A Comiss\u00e3o Eleitoral Unificada do Centro de Ci\u00eancias Exatas e Sociais Aplicadas (CCEA) da Universidade Estadual da Para\u00edba (UEPB) divulgou edital para a escolha dos cargos de diretor e diretor adjunto de Centro, coordenadores e coordenadores adjuntos dos cursos de Bacharelado em Administra\u00e7\u00e3o, e das licenciaturas em F\u00edsica e Matem\u00e1tica,\u2026","rel":"","context":"Em &quot;CCEA&quot;","block_context":{"text":"CCEA","link":"https:\/\/centros.uepb.edu.br\/ccea\/category\/ccea\/"},"img":{"alt_text":"","src":"","width":0,"height":0},"classes":[]}],"_links":{"self":[{"href":"https:\/\/centros.uepb.edu.br\/ccea\/wp-json\/wp\/v2\/posts\/354","targetHints":{"allow":["GET"]}}],"collection":[{"href":"https:\/\/centros.uepb.edu.br\/ccea\/wp-json\/wp\/v2\/posts"}],"about":[{"href":"https:\/\/centros.uepb.edu.br\/ccea\/wp-json\/wp\/v2\/types\/post"}],"author":[{"embeddable":true,"href":"https:\/\/centros.uepb.edu.br\/ccea\/wp-json\/wp\/v2\/users\/26"}],"replies":[{"embeddable":true,"href":"https:\/\/centros.uepb.edu.br\/ccea\/wp-json\/wp\/v2\/comments?post=354"}],"version-history":[{"count":0,"href":"https:\/\/centros.uepb.edu.br\/ccea\/wp-json\/wp\/v2\/posts\/354\/revisions"}],"wp:attachment":[{"href":"https:\/\/centros.uepb.edu.br\/ccea\/wp-json\/wp\/v2\/media?parent=354"}],"wp:term":[{"taxonomy":"category","embeddable":true,"href":"https:\/\/centros.uepb.edu.br\/ccea\/wp-json\/wp\/v2\/categories?post=354"},{"taxonomy":"post_tag","embeddable":true,"href":"https:\/\/centros.uepb.edu.br\/ccea\/wp-json\/wp\/v2\/tags?post=354"}],"curies":[{"name":"wp","href":"https:\/\/api.w.org\/{rel}","templated":true}]}}