{"id":334,"date":"2016-07-18T15:15:45","date_gmt":"2016-07-18T15:15:45","guid":{"rendered":"http:\/\/www.uepb.edu.br\/?p=27873"},"modified":"2016-07-18T15:15:45","modified_gmt":"2016-07-18T15:15:45","slug":"pos-graduacao-em-desenvolvimento-regional-e-projeto-univer-cidade-realizam-curso-sobre-ecologia-politica","status":"publish","type":"post","link":"https:\/\/centros.uepb.edu.br\/ccea\/2016\/07\/18\/pos-graduacao-em-desenvolvimento-regional-e-projeto-univer-cidade-realizam-curso-sobre-ecologia-politica\/","title":{"rendered":"P\u00f3s-Gradua\u00e7\u00e3o em Desenvolvimento Regional e Projeto Univer-Cidade realizam curso sobre ecologia pol\u00edtica"},"content":{"rendered":"<p style=\"text-align: justify;\">Dentro das a\u00e7\u00f5es de conscientiza\u00e7\u00e3o de combate ao mosquito Aedes Aegypti, transmissor da dengue, zika e chikungunya, a Universidade Estadual da Para\u00edba (UEPB), atrav\u00e9s do projeto Univer-Cidade e do Programa de P\u00f3s-Gradua\u00e7\u00e3o em Desenvolvimento Regional, realiza no de 8 a 12 de agosto, o curso \u201cEcologia Pol\u00edtica no contexto do desenvolvimento\u201d.<\/p>\n<p style=\"text-align: justify;\">A atividade ser\u00e1 realizada no C\u00e2mpus VII, sediado em Patos, no Sert\u00e3o do Estado. A abertura ser\u00e1 no Audit\u00f3rio do Sebrae, com debate sobre \u00e1gua e sa\u00fade p\u00fablica envolvendo UEPB, Secretaria de Sa\u00fade do Estado, Rede Waterlat, Universidade Federal de Campina Grande (UFCG) e Instituto Federal da Para\u00edba (IFPB).<\/p>\n<p style=\"text-align: justify;\">As inscri\u00e7\u00f5es para os interessados ser\u00e3o realizadas no per\u00edodo de 25 de julho a 5 de agosto, no site do PPGDR (http:\/\/pos-graduacao.uepb.edu.br\/ppgdr\/) e pelo email da dire\u00e7\u00e3o do C\u00e2mpus VII (direcao@ccea.uepb.edu.br). A iniciativa ter\u00e1 como pano de fundo tem\u00e1tico a determina\u00e7\u00e3o social das arboviroses (dengue, zika e chicungunya) e, al\u00e9m da parte pr\u00e1tica, contar\u00e1 com a\u00e7\u00f5es pontuais a serem realizadas em Sum\u00e9 e em Jo\u00e3o Pessoa.<\/p>\n<p style=\"text-align: justify;\">Segundo o professor Cidoval Morais, o curso oferece uma revis\u00e3o introdut\u00f3ria \u00e0 ecologia pol\u00edtica entendida como o estudo interdisciplinar dos conflitos sociais em rela\u00e7\u00e3o \u00e0 os processos ecol\u00f3gico-ambientais, no marco do debate sobre o desenvolvimento. \u201cO enfoque adotado \u00e9 o da ecologia pol\u00edtica cr\u00edtica, que procura aprofundar a coordena\u00e7\u00e3o interdisciplinar tanto ao interior das ci\u00eancias sociais, em particular a Sociologia, a Geografia, a Antropologia, a Economia Ecol\u00f3gica e a Ci\u00eancia Pol\u00edtica, assim como tamb\u00e9m entre estas e a hist\u00f3ria social e ambiental e as contribui\u00e7\u00f5es das ci\u00eancias naturais, f\u00edsicas e tecnol\u00f3gicas\u201d explicou o professor.<\/p>\n<p style=\"text-align: justify;\">O curso oferece uma revis\u00e3o introdut\u00f3ria da trajet\u00f3ria e do estado atual do campo interdisciplinar da ecologia pol\u00edtica. Est\u00e1 desenhado para prover um enfoque balanceado aos debates te\u00f3ricos centrais que t\u00eam acontecido nas \u00faltimas duas d\u00e9cadas, particularmente na Europa e Am\u00e9rica do Norte. Procura tamb\u00e9m aportar a discuss\u00e3o sobre as tend\u00eancias, possibilidades e desafios que enfrentam os pa\u00edses da Am\u00e9rica Latina em rela\u00e7\u00e3o a produ\u00e7\u00e3o de conhecimento cient\u00edfico sobre as inter-rela\u00e7\u00f5es entre os processos ecol\u00f3gicos e sociais.<\/p>\n<p style=\"text-align: justify;\">Mesmo integrando o quadro de componentes curriculares eletivos do PPGDR, o curso \u00e9 aberto a alunos de gradua\u00e7\u00e3o, agentes de sa\u00fade, vigil\u00e2ncia sanit\u00e1ria, agentes de desenvolvimento, lideran\u00e7as de movimentos sociais, pesquisadores e interessados na rela\u00e7\u00e3o sa\u00fade e desenvolvimento. Para estes ser\u00e1 emitido certificado de participa\u00e7\u00e3o. J\u00e1 para os que pretendem cursar como disciplina haver\u00e1 uma atividade extra, com trabalho de conclus\u00e3o.<\/p>\n<p style=\"text-align: justify;\">A ideia \u00e9 que o curso seja realizado nos demais c\u00e2mpus da UEPB e nas institui\u00e7\u00f5es parceiras. Um dos destaques do curso, ser\u00e1 o professor Jose Esteban Castro. Colaborador do PPGDR, ele ministrar\u00e1, ainda, palestra no dia 10 de agosto, \u00e0 noite, em Jo\u00e3o Pessoa, e realizar\u00e1 uma visita t\u00e9cnica com a equipe do Univer-Cidade \u00e0s obras de transposi\u00e7\u00e3o do Rio S\u00e3o Francisco. De 15 a 17 de agosto, ele estar\u00e1 em a\u00e7\u00e3o em Sum\u00e9, tamb\u00e9m pelo projeto, em parceria com a UFCG.<\/p>\n<p style=\"text-align: justify;\">Outras informa\u00e7\u00f5es: (83) 3421-1475 \/ 3421-3251.<\/p>\n<p style=\"text-align: justify;\">\n<p style=\"text-align: justify;\"><em><strong>Texto<\/strong>: Severino Lopes<\/em><\/p>\n<p>O post <a rel=\"nofollow\" href=\"http:\/\/www.uepb.edu.br\/pos-graduacao-em-desenvolvimento-regional-e-projeto-univer-cidade-realizam-curso-sobre-ecologia-politica\/\">P\u00f3s-Gradua\u00e7\u00e3o em Desenvolvimento Regional e Projeto Univer-Cidade realizam curso sobre ecologia pol\u00edtica<\/a> apareceu primeiro em <a rel=\"nofollow\" href=\"http:\/\/www.uepb.edu.br\/\">UEPB<\/a>.<\/p>\n","protected":false},"excerpt":{"rendered":"<p>Dentro das a&ccedil;&otilde;es de conscientiza&ccedil;&atilde;o de combate ao mosquito Aedes Aegypti, transmissor da dengue, zika e chikungunya, a Universidade Estadual da Para&iacute;ba (UEPB), atrav&eacute;s do projeto Univer-Cidade e do Programa de P&oacute;s-Gradua&ccedil;&atilde;o em Desenvolvimento Regional, realiza no de 8 a 12 de agosto, o curso &ldquo;Ecologia Pol&iacute;tica no contexto do desenvolvimento&rdquo;. A atividade ser&aacute; realizada <a href=\"http:\/\/www.uepb.edu.br\/pos-graduacao-em-desenvolvimento-regional-e-projeto-univer-cidade-realizam-curso-sobre-ecologia-politica\/\">Leia Mais&#8230;<\/a><\/p>\n<p>O post <a rel=\"nofollow\" href=\"http:\/\/www.uepb.edu.br\/pos-graduacao-em-desenvolvimento-regional-e-projeto-univer-cidade-realizam-curso-sobre-ecologia-politica\/\">P&oacute;s-Gradua&ccedil;&atilde;o em Desenvolvimento Regional e Projeto Univer-Cidade realizam curso sobre ecologia pol&iacute;tica<\/a> apareceu primeiro em <a rel=\"nofollow\" href=\"http:\/\/www.uepb.edu.br\/\">UEPB<\/a>.<\/p>\n","protected":false},"author":25,"featured_media":0,"comment_status":"closed","ping_status":"closed","sticky":false,"template":"","format":"standard","meta":{"jetpack_post_was_ever_published":false,"_jetpack_newsletter_access":"","_jetpack_dont_email_post_to_subs":false,"_jetpack_newsletter_tier_id":0,"_jetpack_memberships_contains_paywalled_content":false,"_jetpack_memberships_contains_paid_content":false,"footnotes":"","jetpack_publicize_message":"","jetpack_publicize_feature_enabled":true,"jetpack_social_post_already_shared":false,"jetpack_social_options":{"image_generator_settings":{"template":"highway","default_image_id":0,"font":"","enabled":false},"version":2}},"categories":[8,3,15,21],"tags":[],"class_list":["post-334","post","type-post","status-publish","format-standard","hentry","category-ccea","category-noticias","category-noticias-destaque","category-prpgp"],"jetpack_publicize_connections":[],"jetpack_featured_media_url":"","jetpack_sharing_enabled":true,"jetpack_shortlink":"https:\/\/wp.me\/p7WTGX-5o","jetpack_likes_enabled":true,"jetpack-related-posts":[{"id":323,"url":"https:\/\/centros.uepb.edu.br\/ccea\/2016\/06\/01\/projeto-univer-cidade-debatera-sobre-determinacao-social-das-arboviroses-causadas-pelo-aedes-aegypti\/","url_meta":{"origin":334,"position":0},"title":"Projeto Univer-Cidade debater\u00e1 sobre determina\u00e7\u00e3o social das arboviroses causadas pelo aedes aegypti","author":"tatiana","date":"1 de junho de 2016","format":false,"excerpt":"A Universidade Estadual da Para\u00edba (UEPB), atrav\u00e9s do projeto Univer-Cidade, realiza no pr\u00f3ximo dia 15 de junho, no Audit\u00f3rio do Sebrae, em Patos, um semin\u00e1rio com o tema \u201cDetermina\u00e7\u00e3o social das arboviroses provocadas pelo Aedes Aegypit e suas consequ\u00eancias\u201d. A iniciativa ser\u00e1 desenvolvida em parceria com o Governo do Estado,\u2026","rel":"","context":"Em &quot;CCEA&quot;","block_context":{"text":"CCEA","link":"https:\/\/centros.uepb.edu.br\/ccea\/category\/ccea\/"},"img":{"alt_text":"","src":"","width":0,"height":0},"classes":[]},{"id":1205,"url":"https:\/\/centros.uepb.edu.br\/ccea\/2018\/11\/22\/centro-de-ciencias-exatas-e-sociais-aplicadas-da-uepb-promove-2a-feira-da-economia-solidaria-em-patos\/","url_meta":{"origin":334,"position":1},"title":"Centro de Ci\u00eancias Exatas e Sociais Aplicadas da UEPB promove 2\u00aa Feira da Economia Solid\u00e1ria em Patos","author":"tatiana","date":"22 de novembro de 2018","format":false,"excerpt":"\u201cCultura popular\u201d, \u201cconsumismo sustent\u00e1vel\u201d e \u201cdiversidade de produtos\u201d. Como parte do projeto Univer-Cidade, concebido atrav\u00e9s do Mestrado em Desenvolvimento Regional da Universidade Estadual da Para\u00edba (UEPB), ser\u00e1 realizada, no pr\u00f3ximo dia 28 de novembro, a 2\u00aa Feira da Economia Solid\u00e1ria do Centro de Ci\u00eancias Exatas e Sociais Aplicadas (CCEA), C\u00e2mpus\u2026","rel":"","context":"Em &quot;CCEA&quot;","block_context":{"text":"CCEA","link":"https:\/\/centros.uepb.edu.br\/ccea\/category\/ccea\/"},"img":{"alt_text":"","src":"https:\/\/i0.wp.com\/www.uepb.edu.br\/wp-content\/uploads\/2018\/11\/CCEA-Feira.jpg?resize=350%2C200","width":350,"height":200},"classes":[]},{"id":328,"url":"https:\/\/centros.uepb.edu.br\/ccea\/2016\/06\/16\/seminario-aborda-planejamento-e-troca-de-experiencias-no-combate-a-dengue-zika-e-chikungunya\/","url_meta":{"origin":334,"position":2},"title":"Semin\u00e1rio aborda planejamento e troca de experi\u00eancias no combate a dengue, zika e chikungunya","author":"arnaud","date":"16 de junho de 2016","format":false,"excerpt":"Realizado nesta quarta-feira (15), na unidade do Sebrae, na cidade de Patos, o semin\u00e1rio com o tema \u201cDetermina\u00e7\u00e3o social das arboviroses provocadas pelo Aedes Aegypit e suas consequ\u00eancias\u201d, foi mais uma a\u00e7\u00e3o do projeto UNIVER-CIDADE da Universidade Estadual da Para\u00edba (UEPB), onde se reuniram professores, pesquisadores e gestores da Sa\u00fade\u2026","rel":"","context":"Em &quot;CCEA&quot;","block_context":{"text":"CCEA","link":"https:\/\/centros.uepb.edu.br\/ccea\/category\/ccea\/"},"img":{"alt_text":"univerzika2","src":"https:\/\/i0.wp.com\/www.uepb.edu.br\/wp-content\/uploads\/2016\/06\/univerzika2.jpg?resize=350%2C200","width":350,"height":200,"srcset":"https:\/\/i0.wp.com\/www.uepb.edu.br\/wp-content\/uploads\/2016\/06\/univerzika2.jpg?resize=350%2C200 1x, https:\/\/i0.wp.com\/www.uepb.edu.br\/wp-content\/uploads\/2016\/06\/univerzika2.jpg?resize=525%2C300 1.5x, https:\/\/i0.wp.com\/www.uepb.edu.br\/wp-content\/uploads\/2016\/06\/univerzika2.jpg?resize=700%2C400 2x"},"classes":[]},{"id":742,"url":"https:\/\/centros.uepb.edu.br\/ccea\/2017\/12\/21\/seminario-no-campus-vii-da-uepb-discute-formacao-para-promocao-da-saude-no-contexto-das-arboviroses\/","url_meta":{"origin":334,"position":3},"title":"Semin\u00e1rio no C\u00e3mpus VII da UEPB discute forma\u00e7\u00e3o para promo\u00e7\u00e3o da sa\u00fade no contexto das arboviroses","author":"tatiana","date":"21 de dezembro de 2017","format":false,"excerpt":"A Universidade Estadual da Para\u00edba (UEPB), por meio do Centro de Ci\u00eancias Exatas e Sociais Aplicadas (CCEA), em parceria com a Secretaria de Sa\u00fade do Estado e 6\u00aa Ger\u00eancia Regional de Sa\u00fade, e apoio da Funda\u00e7\u00e3o Oswaldo Cruz (Fiocruz), Minist\u00e9rio da Sa\u00fade, Conselho Nacional de Desenvolvimento Cient\u00edfico e Tecnol\u00f3gico (CNPq),\u2026","rel":"","context":"Em &quot;CCEA&quot;","block_context":{"text":"CCEA","link":"https:\/\/centros.uepb.edu.br\/ccea\/category\/ccea\/"},"img":{"alt_text":"","src":"","width":0,"height":0},"classes":[]},{"id":1188,"url":"https:\/\/centros.uepb.edu.br\/ccea\/2018\/09\/20\/campus-vii-da-universidade-estadual-da-paraiba-e-selecionado-para-participar-do-projeto-cartografia-de-imagens\/","url_meta":{"origin":334,"position":4},"title":"C\u00e2mpus VII da Universidade Estadual da Para\u00edba \u00e9 selecionado para participar do projeto\u00a0\u201cCartografia de imagens\u201d","author":"tatiana","date":"20 de setembro de 2018","format":false,"excerpt":"O Centro de Ci\u00eancias Exatas e Sociais Aplicadas (CCEA), localizado no C\u00e2mpus VII da Universidade Estadual da Para\u00edba (UEPB), em Patos, foi selecionado atrav\u00e9s do Edital para Implementa\u00e7\u00e3o de Escolas Experimentais de Cinema em Institui\u00e7\u00f5es de Ensino e ONGs da Para\u00edba, para participar do projeto \u201cCartografia de imagens: filme carta,\u2026","rel":"","context":"Em &quot;CCEA&quot;","block_context":{"text":"CCEA","link":"https:\/\/centros.uepb.edu.br\/ccea\/category\/ccea\/"},"img":{"alt_text":"","src":"https:\/\/i0.wp.com\/www.uepb.edu.br\/wp-content\/uploads\/2018\/09\/Banner_ComunicadoEdital_Semente-1024x599.jpg?resize=350%2C200","width":350,"height":200,"srcset":"https:\/\/i0.wp.com\/www.uepb.edu.br\/wp-content\/uploads\/2018\/09\/Banner_ComunicadoEdital_Semente-1024x599.jpg?resize=350%2C200 1x, https:\/\/i0.wp.com\/www.uepb.edu.br\/wp-content\/uploads\/2018\/09\/Banner_ComunicadoEdital_Semente-1024x599.jpg?resize=525%2C300 1.5x, https:\/\/i0.wp.com\/www.uepb.edu.br\/wp-content\/uploads\/2018\/09\/Banner_ComunicadoEdital_Semente-1024x599.jpg?resize=700%2C400 2x"},"classes":[]},{"id":1067,"url":"https:\/\/centros.uepb.edu.br\/ccea\/2018\/06\/04\/feira-da-economia-solidaria-sera-realizada-no-campus-vii-da-universidade-estadual-da-paraiba\/","url_meta":{"origin":334,"position":5},"title":"Feira da Economia Solid\u00e1ria ser\u00e1 realizada no C\u00e2mpus VII da Universidade Estadual da Para\u00edba","author":"tatiany","date":"4 de junho de 2018","format":false,"excerpt":"A Universidade Estadual da Para\u00edba (UEPB), atrav\u00e9s do Centro de Ci\u00eancias Exatas e Sociais Aplicadas (CCEA), em parceria com o Governo do Estado, F\u00f3rum Estadual de Economia Solid\u00e1ria e A\u00e7\u00e3o Social Diocesana de Patos, promove a Feira da Economia Solid\u00e1ria. O evento acontece no dia 13 de junho, das 8h\u2026","rel":"","context":"Em &quot;CCEA&quot;","block_context":{"text":"CCEA","link":"https:\/\/centros.uepb.edu.br\/ccea\/category\/ccea\/"},"img":{"alt_text":"","src":"","width":0,"height":0},"classes":[]}],"_links":{"self":[{"href":"https:\/\/centros.uepb.edu.br\/ccea\/wp-json\/wp\/v2\/posts\/334","targetHints":{"allow":["GET"]}}],"collection":[{"href":"https:\/\/centros.uepb.edu.br\/ccea\/wp-json\/wp\/v2\/posts"}],"about":[{"href":"https:\/\/centros.uepb.edu.br\/ccea\/wp-json\/wp\/v2\/types\/post"}],"author":[{"embeddable":true,"href":"https:\/\/centros.uepb.edu.br\/ccea\/wp-json\/wp\/v2\/users\/25"}],"replies":[{"embeddable":true,"href":"https:\/\/centros.uepb.edu.br\/ccea\/wp-json\/wp\/v2\/comments?post=334"}],"version-history":[{"count":0,"href":"https:\/\/centros.uepb.edu.br\/ccea\/wp-json\/wp\/v2\/posts\/334\/revisions"}],"wp:attachment":[{"href":"https:\/\/centros.uepb.edu.br\/ccea\/wp-json\/wp\/v2\/media?parent=334"}],"wp:term":[{"taxonomy":"category","embeddable":true,"href":"https:\/\/centros.uepb.edu.br\/ccea\/wp-json\/wp\/v2\/categories?post=334"},{"taxonomy":"post_tag","embeddable":true,"href":"https:\/\/centros.uepb.edu.br\/ccea\/wp-json\/wp\/v2\/tags?post=334"}],"curies":[{"name":"wp","href":"https:\/\/api.w.org\/{rel}","templated":true}]}}