{"id":328,"date":"2016-06-16T14:32:05","date_gmt":"2016-06-16T14:32:05","guid":{"rendered":"http:\/\/www.uepb.edu.br\/?p=27286"},"modified":"2017-09-28T14:28:23","modified_gmt":"2017-09-28T14:28:23","slug":"seminario-aborda-planejamento-e-troca-de-experiencias-no-combate-a-dengue-zika-e-chikungunya","status":"publish","type":"post","link":"https:\/\/centros.uepb.edu.br\/ccea\/2016\/06\/16\/seminario-aborda-planejamento-e-troca-de-experiencias-no-combate-a-dengue-zika-e-chikungunya\/","title":{"rendered":"Semin\u00e1rio aborda planejamento e troca de experi\u00eancias no combate a dengue, zika e chikungunya"},"content":{"rendered":"<p style=\"text-align: justify;\"><a href=\"http:\/\/www.uepb.edu.br\/wp-content\/uploads\/2016\/06\/univerzika2.jpg\"><img loading=\"lazy\" decoding=\"async\" class=\"aligncenter size-full wp-image-27288 img-responsive img-responsive\" src=\"http:\/\/www.uepb.edu.br\/wp-content\/uploads\/2016\/06\/univerzika2.jpg\" alt=\"univerzika2\" width=\"840\" height=\"454\" srcset=\"http:\/\/www.uepb.edu.br\/wp-content\/uploads\/2016\/06\/univerzika2.jpg 840w, http:\/\/www.uepb.edu.br\/wp-content\/uploads\/2016\/06\/univerzika2-300x162.jpg 300w, http:\/\/www.uepb.edu.br\/wp-content\/uploads\/2016\/06\/univerzika2-768x415.jpg 768w, http:\/\/www.uepb.edu.br\/wp-content\/uploads\/2016\/06\/univerzika2-370x200.jpg 370w\" sizes=\"auto, (max-width: 840px) 100vw, 840px\" \/><\/a><\/p>\n<p style=\"text-align: justify;\">Realizado nesta quarta-feira (15), na unidade do Sebrae, na cidade de Patos, o semin\u00e1rio com o tema \u201cDetermina\u00e7\u00e3o social das arboviroses provocadas pelo Aedes Aegypit e suas consequ\u00eancias\u201d, foi mais uma a\u00e7\u00e3o do projeto UNIVER-CIDADE da Universidade Estadual da Para\u00edba (UEPB), onde se reuniram professores, pesquisadores e gestores da Sa\u00fade que planejaram atividades e trocaram experi\u00eancias no combate a dengue, zika e chikungunya.<\/p>\n<p style=\"text-align: justify;\">A mesa redonda e palestras realizadas analisaram as condi\u00e7\u00f5es de desigualdade social estrutural que afetam a maioria da popula\u00e7\u00e3o nordestina, regi\u00e3o mais afetada pela tr\u00edplice epidemia, com ofertas diferentes de bens e servi\u00e7os essenciais, como o que ocorre com o saneamento b\u00e1sico. O reitor da UEPB, professor Rangel Junior, valorizou mais um passo dado pelo projeto UNIVER-CIDADE e sua contribui\u00e7\u00e3o para a melhora das condi\u00e7\u00f5es de sa\u00fade e social da popula\u00e7\u00e3o.<\/p>\n<p style=\"text-align: justify;\">\u201cEsse \u00e9 um problema grave que afeta a na\u00e7\u00e3o como um todo. A prolifera\u00e7\u00e3o do aedes e suas sequelas t\u00eam provocado danos irrevers\u00edveis \u00e0 vida das pessoas. O nosso entendimento \u00e9 que tamb\u00e9m cabe \u00e0 Universidade buscar usar o seu conhecimento e buscar agregar ainda mais, para que a Educa\u00e7\u00e3o ande lado a lado com a Sa\u00fade e a partir da\u00ed possamos aprofundar as a\u00e7\u00f5es para que essa realidade seja combatida\u201d, disse o reitor Rangel Junior.<\/p>\n<p style=\"text-align: justify;\">O coordenador do UNIVER-CIDADE, professor Cidoval Morais, destacou a import\u00e2ncia do semin\u00e1rio acontecer em mais uma cidade paraibana pela capacidade que ele tem de agregar e expandir o conhecimento a partir de pesquisas que s\u00e3o feitas nas universidades e institutos de pesquisa. \u201cEsse evento colabora com a tentativa de se enxergar e tornar mais eficaz o combate ao aedes \u00e6gypti, o que \u00e9 poss\u00edvel fazer diante dessa situa\u00e7\u00e3o e tamb\u00e9m ratificar que essa luta n\u00e3o \u00e9 s\u00f3 de uma pessoa ou institui\u00e7\u00e3o. \u00c9 uma luta que s\u00f3 \u00e9 poss\u00edvel de ser enfrentada com parcerias e a forma\u00e7\u00e3o de redes de combate\u201d, afirmou.<\/p>\n<p style=\"text-align: justify;\">Participaram no turno da manh\u00e3 como palestrantes e debatedores do semin\u00e1rio o pesquisador do instituto FioCruz, Andr\u00e9 Monteiro, o pesquisador do Instituto Nacional do Semi\u00e1rido (Insa), Leonardo Tinoco, al\u00e9m da gerente regional de Sa\u00fade, Liliane Abrantes. \u00c0 tarde foram realizadas duas mesas redondas que tiveram a participa\u00e7\u00e3o de Izabel Sarmento, gerente do N\u00facleo de Epidemiologia da Para\u00edba; Cheyenne Ribeiro, diretora do C\u00e2mpus VII da UEPB; al\u00e9m de Eug\u00eanio Oliveira, apoiador da Vigil\u00e2ncia Ambiental.<\/p>\n<p style=\"text-align: justify;\"><strong>Pesquisa em rede no combate as arboviroses<\/strong><\/p>\n<p style=\"text-align: justify;\"><a href=\"http:\/\/www.uepb.edu.br\/wp-content\/uploads\/2016\/06\/univerzika6.jpg\"><img loading=\"lazy\" decoding=\"async\" class=\"aligncenter size-full wp-image-27289 img-responsive img-responsive\" src=\"http:\/\/www.uepb.edu.br\/wp-content\/uploads\/2016\/06\/univerzika6.jpg\" alt=\"univerzika6\" width=\"840\" height=\"454\" srcset=\"http:\/\/www.uepb.edu.br\/wp-content\/uploads\/2016\/06\/univerzika6.jpg 840w, http:\/\/www.uepb.edu.br\/wp-content\/uploads\/2016\/06\/univerzika6-300x162.jpg 300w, http:\/\/www.uepb.edu.br\/wp-content\/uploads\/2016\/06\/univerzika6-768x415.jpg 768w, http:\/\/www.uepb.edu.br\/wp-content\/uploads\/2016\/06\/univerzika6-370x200.jpg 370w\" sizes=\"auto, (max-width: 840px) 100vw, 840px\" \/><\/a><\/p>\n<p style=\"text-align: justify;\">O enfrentamento para combater o avan\u00e7o da dengue, zika e chikungunya n\u00e3o tem sido f\u00e1cil. Apesar das a\u00e7\u00f5es das gest\u00f5es municipal, estadual e federal, \u00e9 crescente o n\u00famero de casos de arboviroses no Brasil nos \u00faltimos anos. Para mudar esse cen\u00e1rio, os participantes do semin\u00e1rio apontaram algumas alternativas para reverter esse quadro.<\/p>\n<p style=\"text-align: justify;\">Uma delas \u00e9 a forma\u00e7\u00e3o de uma pesquisa desenvolvida a partir de uma rede que contenha v\u00e1rios elementos contributivos para conter o desenvolvimento das doen\u00e7as causadas pelo mosquito aedes \u00e6gypti. Segundo o pesquisador do Insa, Leonardo Tinoco, quando v\u00e1rias pesquisas forem desenvolvidas com o mesmo prop\u00f3sito, ser\u00e1 poss\u00edvel atingir um n\u00famero maior de pessoas e educar de forma mais ampla a sociedade no que diz respeito ao combate a dengue, zika e chikungunya.<\/p>\n<p style=\"text-align: justify;\">\u201cA pesquisa em rede \u00e9 uma estrutura onde se tem um objetivo concreto para o desenvolvimento da pesquisa, como o enfrentamento do problema do aedes. As v\u00e1rias pesquisas que caminham nessa dire\u00e7\u00e3o uma vez aglutinadas t\u00eam a chance de formar um grande projeto de pesquisa que poder\u00e1 atuar de forma mais ampla\u201d, explicou o pesquisador.<\/p>\n<p style=\"text-align: justify;\">J\u00e1 Andr\u00e9 Monteiro, pesquisador do FioCruz, cobrou um protagonismo maior envolvendo todas as camadas sociais e de gest\u00e3o p\u00fablica, uma vez que segundo ele o mosquito aproveita as condi\u00e7\u00f5es que s\u00e3o dadas para se reproduzir. Ele enfatizou que a taxa de incid\u00eancia de dengue tem aumentando consideravelmente desde a d\u00e9cada de 1990 e agora com o advento da zika e chikungunya \u00e9 preciso repensar o modelo de combate \u00e0s essas doen\u00e7as.<\/p>\n<p style=\"text-align: justify;\">\u201cSe n\u00e3o produzirmos criadores n\u00e3o teremos incid\u00eancia para que haja doen\u00e7a. Somos n\u00f3s quem produzimos condi\u00e7\u00f5es para o mosquito se proliferar. As arboviroses n\u00e3o podem ser solucionadas apenas com a Sa\u00fade. \u00c9 preciso abordarmos um contexto social de pol\u00edticas p\u00fablicas, j\u00e1 que o mosquito aproveita as condi\u00e7\u00f5es que damos a ele. Precisamos de articula\u00e7\u00e3o dos diversos \u00f3rg\u00e3os que atuam em Sa\u00fade e Educa\u00e7\u00e3o para mudar essa realidade end\u00eamica. O UNIVER-CIDADE \u00e9 uma estrat\u00e9gia louv\u00e1vel, porque ele se prop\u00f5e a articular com as gest\u00f5es p\u00fablicas a\u00e7\u00f5es que podem mudar esse cen\u00e1rio\u201d, concluiu Andr\u00e9.<\/p>\n<p style=\"text-align: justify;\"><strong>Texto e fotos:<\/strong> Givaldo Cavalcanti<\/p>\n<p style=\"text-align: justify;\"><em>Confira mais fotos.<\/em><\/p>\n<p><a href=\"http:\/\/www.uepb.edu.br\/seminario-aborda-planejamento-e-troca-de-experiencias-no-combate-dengue-zika-e-chikungunya\/#gallery-27286-1-slideshow\">Clique para exibir o slide.<\/a><\/p>\n<p>&nbsp;<\/p>\n<p>O post <a rel=\"nofollow\" href=\"http:\/\/www.uepb.edu.br\/seminario-aborda-planejamento-e-troca-de-experiencias-no-combate-dengue-zika-e-chikungunya\/\">Semin\u00e1rio aborda planejamento e troca de experi\u00eancias no combate a dengue, zika e chikungunya<\/a> apareceu primeiro em <a rel=\"nofollow\" href=\"http:\/\/www.uepb.edu.br\/\">UEPB<\/a>.<\/p>\n","protected":false},"excerpt":{"rendered":"<p>Realizado nesta quarta-feira (15), na unidade do Sebrae, na cidade de Patos, o semin&aacute;rio com o tema &ldquo;Determina&ccedil;&atilde;o social das arboviroses provocadas pelo Aedes Aegypit e suas consequ&ecirc;ncias&rdquo;, foi mais uma a&ccedil;&atilde;o do projeto UNIVER-CIDADE da Universidade Estadual da Para&iacute;ba (UEPB), onde se reuniram professores, pesquisadores e gestores da Sa&uacute;de que planejaram atividades e trocaram <a href=\"http:\/\/www.uepb.edu.br\/seminario-aborda-planejamento-e-troca-de-experiencias-no-combate-dengue-zika-e-chikungunya\/\">Leia Mais&#8230;<\/a><\/p>\n<p>O post <a rel=\"nofollow\" href=\"http:\/\/www.uepb.edu.br\/seminario-aborda-planejamento-e-troca-de-experiencias-no-combate-dengue-zika-e-chikungunya\/\">Semin&aacute;rio aborda planejamento e troca de experi&ecirc;ncias no combate a dengue, zika e chikungunya<\/a> apareceu primeiro em <a rel=\"nofollow\" href=\"http:\/\/www.uepb.edu.br\/\">UEPB<\/a>.<\/p>\n","protected":false},"author":26,"featured_media":0,"comment_status":"closed","ping_status":"closed","sticky":false,"template":"","format":"standard","meta":{"jetpack_post_was_ever_published":false,"_jetpack_newsletter_access":"","_jetpack_dont_email_post_to_subs":false,"_jetpack_newsletter_tier_id":0,"_jetpack_memberships_contains_paywalled_content":false,"_jetpack_memberships_contains_paid_content":false,"footnotes":"","jetpack_publicize_message":"","jetpack_publicize_feature_enabled":true,"jetpack_social_post_already_shared":false,"jetpack_social_options":{"image_generator_settings":{"template":"highway","default_image_id":0,"font":"","enabled":false},"version":2}},"categories":[8,3],"tags":[],"class_list":["post-328","post","type-post","status-publish","format-standard","hentry","category-ccea","category-noticias"],"jetpack_publicize_connections":[],"jetpack_featured_media_url":"","jetpack_sharing_enabled":true,"jetpack_shortlink":"https:\/\/wp.me\/p7WTGX-5i","jetpack_likes_enabled":true,"jetpack-related-posts":[{"id":323,"url":"https:\/\/centros.uepb.edu.br\/ccea\/2016\/06\/01\/projeto-univer-cidade-debatera-sobre-determinacao-social-das-arboviroses-causadas-pelo-aedes-aegypti\/","url_meta":{"origin":328,"position":0},"title":"Projeto Univer-Cidade debater\u00e1 sobre determina\u00e7\u00e3o social das arboviroses causadas pelo aedes aegypti","author":"tatiana","date":"1 de junho de 2016","format":false,"excerpt":"A Universidade Estadual da Para\u00edba (UEPB), atrav\u00e9s do projeto Univer-Cidade, realiza no pr\u00f3ximo dia 15 de junho, no Audit\u00f3rio do Sebrae, em Patos, um semin\u00e1rio com o tema \u201cDetermina\u00e7\u00e3o social das arboviroses provocadas pelo Aedes Aegypit e suas consequ\u00eancias\u201d. A iniciativa ser\u00e1 desenvolvida em parceria com o Governo do Estado,\u2026","rel":"","context":"Em &quot;CCEA&quot;","block_context":{"text":"CCEA","link":"https:\/\/centros.uepb.edu.br\/ccea\/category\/ccea\/"},"img":{"alt_text":"","src":"","width":0,"height":0},"classes":[]},{"id":334,"url":"https:\/\/centros.uepb.edu.br\/ccea\/2016\/07\/18\/pos-graduacao-em-desenvolvimento-regional-e-projeto-univer-cidade-realizam-curso-sobre-ecologia-politica\/","url_meta":{"origin":328,"position":1},"title":"P\u00f3s-Gradua\u00e7\u00e3o em Desenvolvimento Regional e Projeto Univer-Cidade realizam curso sobre ecologia pol\u00edtica","author":"tatiana","date":"18 de julho de 2016","format":false,"excerpt":"Dentro das a\u00e7\u00f5es de conscientiza\u00e7\u00e3o de combate ao mosquito Aedes Aegypti, transmissor da dengue, zika e chikungunya, a Universidade Estadual da Para\u00edba (UEPB), atrav\u00e9s do projeto Univer-Cidade e do Programa de P\u00f3s-Gradua\u00e7\u00e3o em Desenvolvimento Regional, realiza no de 8 a 12 de agosto, o curso \u201cEcologia Pol\u00edtica no contexto do\u2026","rel":"","context":"Em &quot;CCEA&quot;","block_context":{"text":"CCEA","link":"https:\/\/centros.uepb.edu.br\/ccea\/category\/ccea\/"},"img":{"alt_text":"","src":"","width":0,"height":0},"classes":[]},{"id":1205,"url":"https:\/\/centros.uepb.edu.br\/ccea\/2018\/11\/22\/centro-de-ciencias-exatas-e-sociais-aplicadas-da-uepb-promove-2a-feira-da-economia-solidaria-em-patos\/","url_meta":{"origin":328,"position":2},"title":"Centro de Ci\u00eancias Exatas e Sociais Aplicadas da UEPB promove 2\u00aa Feira da Economia Solid\u00e1ria em Patos","author":"tatiana","date":"22 de novembro de 2018","format":false,"excerpt":"\u201cCultura popular\u201d, \u201cconsumismo sustent\u00e1vel\u201d e \u201cdiversidade de produtos\u201d. Como parte do projeto Univer-Cidade, concebido atrav\u00e9s do Mestrado em Desenvolvimento Regional da Universidade Estadual da Para\u00edba (UEPB), ser\u00e1 realizada, no pr\u00f3ximo dia 28 de novembro, a 2\u00aa Feira da Economia Solid\u00e1ria do Centro de Ci\u00eancias Exatas e Sociais Aplicadas (CCEA), C\u00e2mpus\u2026","rel":"","context":"Em &quot;CCEA&quot;","block_context":{"text":"CCEA","link":"https:\/\/centros.uepb.edu.br\/ccea\/category\/ccea\/"},"img":{"alt_text":"","src":"https:\/\/i0.wp.com\/www.uepb.edu.br\/wp-content\/uploads\/2018\/11\/CCEA-Feira.jpg?resize=350%2C200","width":350,"height":200},"classes":[]},{"id":742,"url":"https:\/\/centros.uepb.edu.br\/ccea\/2017\/12\/21\/seminario-no-campus-vii-da-uepb-discute-formacao-para-promocao-da-saude-no-contexto-das-arboviroses\/","url_meta":{"origin":328,"position":3},"title":"Semin\u00e1rio no C\u00e3mpus VII da UEPB discute forma\u00e7\u00e3o para promo\u00e7\u00e3o da sa\u00fade no contexto das arboviroses","author":"tatiana","date":"21 de dezembro de 2017","format":false,"excerpt":"A Universidade Estadual da Para\u00edba (UEPB), por meio do Centro de Ci\u00eancias Exatas e Sociais Aplicadas (CCEA), em parceria com a Secretaria de Sa\u00fade do Estado e 6\u00aa Ger\u00eancia Regional de Sa\u00fade, e apoio da Funda\u00e7\u00e3o Oswaldo Cruz (Fiocruz), Minist\u00e9rio da Sa\u00fade, Conselho Nacional de Desenvolvimento Cient\u00edfico e Tecnol\u00f3gico (CNPq),\u2026","rel":"","context":"Em &quot;CCEA&quot;","block_context":{"text":"CCEA","link":"https:\/\/centros.uepb.edu.br\/ccea\/category\/ccea\/"},"img":{"alt_text":"","src":"","width":0,"height":0},"classes":[]},{"id":343,"url":"https:\/\/centros.uepb.edu.br\/ccea\/2016\/08\/26\/campus-de-patos-promove-curso-de-capacitacao-para-professores-de-fisica-do-ensino-medio-da-rede-publica\/","url_meta":{"origin":328,"position":4},"title":"C\u00e2mpus de Patos promove curso de capacita\u00e7\u00e3o para professores de F\u00edsica do Ensino M\u00e9dio da rede p\u00fablica","author":"tatiana","date":"26 de agosto de 2016","format":false,"excerpt":"Ser\u00e1 realizado durante os dias 9 e 10 de setembro, no Centro de Ci\u00eancias Exatas e Sociais Aplicadas (CCEA) da Universidade Estadual da Para\u00edba (UEPB), C\u00e2mpus VII, localizado na cidade de Patos, o curso de capacita\u00e7\u00e3o para professores de F\u00edsica das Escolas P\u00fablicas da Para\u00edba lotadas na 6\u00aa Regional de\u2026","rel":"","context":"Em &quot;CCEA&quot;","block_context":{"text":"CCEA","link":"https:\/\/centros.uepb.edu.br\/ccea\/category\/ccea\/"},"img":{"alt_text":"","src":"","width":0,"height":0},"classes":[]},{"id":1522,"url":"https:\/\/centros.uepb.edu.br\/ccea\/2019\/09\/27\/campus-de-patos-recebe-atividade-sobre-divulgacao-de-propriedade-intelectual-e-inovacao-tecnologica-2\/","url_meta":{"origin":328,"position":5},"title":"C\u00e2mpus de Patos recebe atividade sobre divulga\u00e7\u00e3o de propriedade intelectual e inova\u00e7\u00e3o tecnol\u00f3gica","author":"tatiana","date":"27 de setembro de 2019","format":false,"excerpt":"Em uma a\u00e7\u00e3o que contou com o suporte do Servi\u00e7o Brasileiro de Apoio \u00e0s Micro e Pequenas Empresas (Sebrae), a Ag\u00eancia de Inova\u00e7\u00e3o Tecnol\u00f3gica (Inovatec) da Universidade Estadual da Para\u00edba (UEPB) promoveu, na noite da \u00faltima quarta-feira (25), no Centro de Ci\u00eancias Exatas e Sociais Aplicadas (CCEA), em Patos, uma\u2026","rel":"","context":"Em &quot;CCEA&quot;","block_context":{"text":"CCEA","link":"https:\/\/centros.uepb.edu.br\/ccea\/category\/ccea\/"},"img":{"alt_text":"","src":"https:\/\/i0.wp.com\/www.interno.uepb.edu.br\/wp-content\/uploads\/2019\/09\/Worktec-2.jpg?resize=350%2C200&ssl=1","width":350,"height":200,"srcset":"https:\/\/i0.wp.com\/www.interno.uepb.edu.br\/wp-content\/uploads\/2019\/09\/Worktec-2.jpg?resize=350%2C200&ssl=1 1x, https:\/\/i0.wp.com\/www.interno.uepb.edu.br\/wp-content\/uploads\/2019\/09\/Worktec-2.jpg?resize=525%2C300&ssl=1 1.5x, https:\/\/i0.wp.com\/www.interno.uepb.edu.br\/wp-content\/uploads\/2019\/09\/Worktec-2.jpg?resize=700%2C400&ssl=1 2x"},"classes":[]}],"_links":{"self":[{"href":"https:\/\/centros.uepb.edu.br\/ccea\/wp-json\/wp\/v2\/posts\/328","targetHints":{"allow":["GET"]}}],"collection":[{"href":"https:\/\/centros.uepb.edu.br\/ccea\/wp-json\/wp\/v2\/posts"}],"about":[{"href":"https:\/\/centros.uepb.edu.br\/ccea\/wp-json\/wp\/v2\/types\/post"}],"author":[{"embeddable":true,"href":"https:\/\/centros.uepb.edu.br\/ccea\/wp-json\/wp\/v2\/users\/26"}],"replies":[{"embeddable":true,"href":"https:\/\/centros.uepb.edu.br\/ccea\/wp-json\/wp\/v2\/comments?post=328"}],"version-history":[{"count":0,"href":"https:\/\/centros.uepb.edu.br\/ccea\/wp-json\/wp\/v2\/posts\/328\/revisions"}],"wp:attachment":[{"href":"https:\/\/centros.uepb.edu.br\/ccea\/wp-json\/wp\/v2\/media?parent=328"}],"wp:term":[{"taxonomy":"category","embeddable":true,"href":"https:\/\/centros.uepb.edu.br\/ccea\/wp-json\/wp\/v2\/categories?post=328"},{"taxonomy":"post_tag","embeddable":true,"href":"https:\/\/centros.uepb.edu.br\/ccea\/wp-json\/wp\/v2\/tags?post=328"}],"curies":[{"name":"wp","href":"https:\/\/api.w.org\/{rel}","templated":true}]}}