{"id":325,"date":"2016-06-07T14:50:44","date_gmt":"2016-06-07T14:50:44","guid":{"rendered":"http:\/\/www.uepb.edu.br\/?p=27015"},"modified":"2017-09-28T14:28:42","modified_gmt":"2017-09-28T14:28:42","slug":"concluintes-de-ciencias-exatas-administracao-administracao-publica-e-matematica-do-campus-vii-colam-grau","status":"publish","type":"post","link":"https:\/\/centros.uepb.edu.br\/ccea\/2016\/06\/07\/concluintes-de-ciencias-exatas-administracao-administracao-publica-e-matematica-do-campus-vii-colam-grau\/","title":{"rendered":"Concluintes de Ci\u00eancias Exatas, Administra\u00e7\u00e3o, Administra\u00e7\u00e3o P\u00fablica e Matem\u00e1tica do C\u00e2mpus VII colam grau"},"content":{"rendered":"<p style=\"text-align: justify;\"><a href=\"http:\/\/www.uepb.edu.br\/wp-content\/uploads\/2016\/06\/Cola%C3%A7%C3%A3o-2015.2-Patos-7.jpg\"><img loading=\"lazy\" decoding=\"async\" class=\"aligncenter size-full wp-image-27019 img-responsive img-responsive\" src=\"http:\/\/www.uepb.edu.br\/wp-content\/uploads\/2016\/06\/Cola%C3%A7%C3%A3o-2015.2-Patos-7.jpg\" alt=\"Cola\u00e7\u00e3o 2015.2 Patos (7)\" width=\"840\" height=\"454\" srcset=\"http:\/\/www.uepb.edu.br\/wp-content\/uploads\/2016\/06\/Cola\u00e7\u00e3o-2015.2-Patos-7.jpg 840w, http:\/\/www.uepb.edu.br\/wp-content\/uploads\/2016\/06\/Cola\u00e7\u00e3o-2015.2-Patos-7-300x162.jpg 300w, http:\/\/www.uepb.edu.br\/wp-content\/uploads\/2016\/06\/Cola\u00e7\u00e3o-2015.2-Patos-7-768x415.jpg 768w, http:\/\/www.uepb.edu.br\/wp-content\/uploads\/2016\/06\/Cola\u00e7\u00e3o-2015.2-Patos-7-370x200.jpg 370w\" sizes=\"auto, (max-width: 840px) 100vw, 840px\" \/><\/a><\/p>\n<p style=\"text-align: justify;\">Novos profissionais das \u00e1reas de Ci\u00eancias Exatas, Administra\u00e7\u00e3o, Administra\u00e7\u00e3o P\u00fablica e Matem\u00e1tica foram colocados no mercado de trabalho pelo C\u00e2mpus VII da Universidade Estadual da Para\u00edba (UEPB), em Patos, com a solenidade de Cola\u00e7\u00e3o de Grau das turmas concluintes 2015.2 da Institui\u00e7\u00e3o. A cerim\u00f4nia foi realizada na noite desta segunda-feira (6), no Audit\u00f3rio do Centro de Ci\u00eancias Exatas e Sociais Aplicadas (CCEA), sob a presid\u00eancia do reitor Rangel Junior.<\/p>\n<p style=\"text-align: justify;\">O evento foi prestigiado por amigos e familiares dos formandos, que fizeram quest\u00e3o de estarem presentes no momento mais importante da vida dos concluintes. A Paraninfa Geral das turmas foi a professora Cheyenne Ribeiro, diretora do CCEA. O juramentista foi o formando Thadeu L\u00facio da Silva, do curso de Licenciatura em Matem\u00e1tica. A Oradora Oficial foi a concluinte Amanda da N\u00f3brega Medeiros, do Curso de Administra\u00e7\u00e3o.<\/p>\n<p style=\"text-align: justify;\">Amanda recordou os momentos em sala de aula ao longo da jornada acad\u00eamica, falou sobre realiza\u00e7\u00e3o de sonhos, amizades, companheirismo e fez um agradecimento especial aos professores, que transmitiram conhecimento e sempre deram conselhos a todos os alunos para se tornarem profissionais qualificados e seres humanos comprometidos com a sociedade na qual est\u00e3o inseridos. Ela tamb\u00e9m destacou o papel da UEPB, que impulsionou cada estudante no sentido de buscarem ser a transforma\u00e7\u00e3o que esperam para o mundo.<\/p>\n<p style=\"text-align: justify;\">A professora Cheyenne, homenageada pelas turmas concluintes, falou sobre a satisfa\u00e7\u00e3o em ser lembrada pelos formandos e destacou que ser paraninfa era um momento especial, que a deixava feliz por representar o reconhecimento do trabalho feito no dia a dia. Em seu discurso, ela frisou que a vida n\u00e3o \u00e9 um bolo, para o qual existe uma receita, mas deixou alguns conselhos que, segundo ela, norteiam sua conduta de vida e lhe ajudam a ser uma pessoa feliz.<\/p>\n<p style=\"text-align: justify;\">\u201cDesenvolvam a toler\u00e2ncia. Tentem entender que as pessoas s\u00e3o diferentes de n\u00f3s e isso n\u00e3o quer dizer que estejam erradas. N\u00e3o julguem e n\u00e3o agridam as pessoas por elas serem diferentes de voc\u00eas. N\u00e3o abram espa\u00e7o para o \u00f3dio. Procurem dialogar com o mundo para criar ambientes com mais amor. Deem mais import\u00e2ncia para as pessoas do que para as coisas. N\u00e3o adianta ter tudo e ser sozinho. Mais vale ter menos e ser mais amor. Busquem melhores condi\u00e7\u00f5es de vida, mas n\u00e3o ignorem as pessoas ao seu redor. N\u00e3o queiram atrair as pessoas por status. Busquem ser justos e \u00e9ticos. Como dizia Emanuel Kant, \u2018tudo o que n\u00e3o puder contar como fez, n\u00e3o fa\u00e7a\u2019\u201d, aconselhou Cheyenne.<\/p>\n<p style=\"text-align: justify;\"><a href=\"http:\/\/www.uepb.edu.br\/wp-content\/uploads\/2016\/06\/Cola%C3%A7%C3%A3o-2015.2-Patos-8.jpg\"><img loading=\"lazy\" decoding=\"async\" class=\"aligncenter size-full wp-image-27018 img-responsive img-responsive\" src=\"http:\/\/www.uepb.edu.br\/wp-content\/uploads\/2016\/06\/Cola%C3%A7%C3%A3o-2015.2-Patos-8.jpg\" alt=\"Cola\u00e7\u00e3o 2015.2 Patos (8)\" width=\"840\" height=\"454\" srcset=\"http:\/\/www.uepb.edu.br\/wp-content\/uploads\/2016\/06\/Cola\u00e7\u00e3o-2015.2-Patos-8.jpg 840w, http:\/\/www.uepb.edu.br\/wp-content\/uploads\/2016\/06\/Cola\u00e7\u00e3o-2015.2-Patos-8-300x162.jpg 300w, http:\/\/www.uepb.edu.br\/wp-content\/uploads\/2016\/06\/Cola\u00e7\u00e3o-2015.2-Patos-8-768x415.jpg 768w, http:\/\/www.uepb.edu.br\/wp-content\/uploads\/2016\/06\/Cola\u00e7\u00e3o-2015.2-Patos-8-370x200.jpg 370w\" sizes=\"auto, (max-width: 840px) 100vw, 840px\" \/><\/a><\/p>\n<p style=\"text-align: justify;\">O reitor Rangel Junior tamb\u00e9m se pronunciou na solenidade e salientou para os formandos que eles estavam se despedindo da UEPB e levando um pouco dela para onde forem enfrentar novos desafios. \u201cEsse \u00e9 um momento de transi\u00e7\u00e3o para o come\u00e7o de uma carreira que promete ser longa e produtiva. Que nenhuma dificuldade lhes deixem baixar a cabe\u00e7a. A vida \u00e9 mais que uma profiss\u00e3o. V\u00e3o e fa\u00e7am a diferen\u00e7a no mundo\u201d, enfatizou o reitor.<\/p>\n<p style=\"text-align: justify;\">A professora Lidiane Campelo, diretora adjunta do C\u00e2mpus VII, e o professor Eli Brand\u00e3o, pr\u00f3-reitor de Gradua\u00e7\u00e3o da UEPB, tamb\u00e9m falaram aos formandos e destacaram a import\u00e2ncia de cada um continuar buscando novos conhecimentos. Eles frisararm que os formandos estavam de parab\u00e9ns por aproveitarem bem o que a Universidade lhes ofereceu ao longo do curso. \u201cQue voc\u00eas sejam atores de positividade, do bem, onde voc\u00eas forem atuar\u201d, destacou Eli.<\/p>\n<p style=\"text-align: justify;\">Ap\u00f3s os discursos, encerrando a solenidade, foram conferidos os graus acad\u00eamicos. A formanda Edilaine Alves dos Santos Oliveira representou os colegas do curso de Administra\u00e7\u00e3o e recebeu o grau conferido pelo professor Odilon Avelino, coordenador do curso. A professora Soraia Carvalho, coordenadora do curso de Ci\u00eancias Exatas, conferiu o grau acad\u00eamico aos formandos Francilm\u00e1ria Medeiros, Janyelle Rodrigues e Terezinha de Souza Neta, que representaram, respectivamente, os colegas concluintes do curso de Ci\u00eancias Exatas, habilita\u00e7\u00f5es em F\u00edsica, Matem\u00e1tica e Qu\u00edmica. O concluinte Lyncoln Lyev Monteiro, do curso de Computa\u00e7\u00e3o, representou seus colegas e recebeu o grau acad\u00eamico conferido pelo professor Rodrigo Alves da Costa, coordenador do curso. E K\u00e1tia Rejane da Silva representou os concluinte do curso de Licenciatura em Matem\u00e1tica, recebendo o grau acad\u00eamico conferido pelo professor Francisco Sib\u00e9rio Bezerra, coordenador do curso.<\/p>\n<p style=\"text-align: justify;\"><strong>Texto:<\/strong> Tatiana Brand\u00e3o<br \/>\n<strong>Fotos:<\/strong> Paizinha Lemos<\/p>\n<p style=\"text-align: justify;\"><em>Confira as fotos.<\/em><\/p>\n<p><a href=\"http:\/\/www.uepb.edu.br\/concluintes-de-ciencias-exatas-administracao-administracao-publica-e-matematica-do-campus-vii-colam-grau\/#gallery-27015-1-slideshow\">Clique para exibir o slide.<\/a><\/p>\n<p>&nbsp;<\/p>\n<p style=\"text-align: justify;\">\n<p>O post <a rel=\"nofollow\" href=\"http:\/\/www.uepb.edu.br\/concluintes-de-ciencias-exatas-administracao-administracao-publica-e-matematica-do-campus-vii-colam-grau\/\">Concluintes de Ci\u00eancias Exatas, Administra\u00e7\u00e3o, Administra\u00e7\u00e3o P\u00fablica e Matem\u00e1tica do C\u00e2mpus VII colam grau<\/a> apareceu primeiro em <a rel=\"nofollow\" href=\"http:\/\/www.uepb.edu.br\/\">UEPB<\/a>.<\/p>\n","protected":false},"excerpt":{"rendered":"<p>Novos profissionais das &aacute;reas de Ci&ecirc;ncias Exatas, Administra&ccedil;&atilde;o, Administra&ccedil;&atilde;o P&uacute;blica e Matem&aacute;tica foram colocados no mercado de trabalho pelo C&acirc;mpus VII da Universidade Estadual da Para&iacute;ba (UEPB), em Patos, com a solenidade de Cola&ccedil;&atilde;o de Grau das turmas concluintes 2015.2 da Institui&ccedil;&atilde;o. A cerim&ocirc;nia foi realizada na noite desta segunda-feira (6), no Audit&oacute;rio do Centro <a href=\"http:\/\/www.uepb.edu.br\/concluintes-de-ciencias-exatas-administracao-administracao-publica-e-matematica-do-campus-vii-colam-grau\/\">Leia Mais&#8230;<\/a><\/p>\n<p>O post <a rel=\"nofollow\" href=\"http:\/\/www.uepb.edu.br\/concluintes-de-ciencias-exatas-administracao-administracao-publica-e-matematica-do-campus-vii-colam-grau\/\">Concluintes de Ci&ecirc;ncias Exatas, Administra&ccedil;&atilde;o, Administra&ccedil;&atilde;o P&uacute;blica e Matem&aacute;tica do C&acirc;mpus VII colam grau<\/a> apareceu primeiro em <a rel=\"nofollow\" href=\"http:\/\/www.uepb.edu.br\/\">UEPB<\/a>.<\/p>\n","protected":false},"author":26,"featured_media":0,"comment_status":"closed","ping_status":"closed","sticky":false,"template":"","format":"standard","meta":{"jetpack_post_was_ever_published":false,"_jetpack_newsletter_access":"","_jetpack_dont_email_post_to_subs":false,"_jetpack_newsletter_tier_id":0,"_jetpack_memberships_contains_paywalled_content":false,"_jetpack_memberships_contains_paid_content":false,"footnotes":"","jetpack_publicize_message":"","jetpack_publicize_feature_enabled":true,"jetpack_social_post_already_shared":false,"jetpack_social_options":{"image_generator_settings":{"template":"highway","default_image_id":0,"font":"","enabled":false},"version":2}},"categories":[8,3],"tags":[],"class_list":["post-325","post","type-post","status-publish","format-standard","hentry","category-ccea","category-noticias"],"jetpack_publicize_connections":[],"jetpack_featured_media_url":"","jetpack_sharing_enabled":true,"jetpack_shortlink":"https:\/\/wp.me\/p7WTGX-5f","jetpack_likes_enabled":true,"jetpack-related-posts":[{"id":1331,"url":"https:\/\/centros.uepb.edu.br\/ccea\/2019\/12\/19\/ccea-forma-novos-profissionais-de-administracao-computacao-fisica-matematica-e-educacao-fisica\/","url_meta":{"origin":325,"position":0},"title":"CCEA forma novos profissionais de Administra\u00e7\u00e3o, Computa\u00e7\u00e3o, F\u00edsica, Matem\u00e1tica e Educa\u00e7\u00e3o F\u00edsica","author":"tatiana","date":"19 de dezembro de 2019","format":false,"excerpt":"Concluintes dos cursos de Administra\u00e7\u00e3o, Computa\u00e7\u00e3o, F\u00edsica e Matem\u00e1tica do Centro de Ci\u00eancias Exatas e Sociais Aplicadas (CCEA) da Universidade Estadual da Para\u00edba (UEPB), al\u00e9m do curso de Educa\u00e7\u00e3o F\u00edsica ofertado, no C\u00e2mpus VII, pelo Programa Nacional de Forma\u00e7\u00e3o de Professores da Educa\u00e7\u00e3o B\u00e1sica (PARFOR), colaram grau acad\u00eamico na noite\u2026","rel":"","context":"Em &quot;CCEA&quot;","block_context":{"text":"CCEA","link":"https:\/\/centros.uepb.edu.br\/ccea\/category\/ccea\/"},"img":{"alt_text":"","src":"","width":0,"height":0},"classes":[]},{"id":1282,"url":"https:\/\/centros.uepb.edu.br\/ccea\/2019\/07\/26\/campus-de-patos-forma-concluintes-de-administracao-computacao-fisica-matematica-e-pedagogia\/","url_meta":{"origin":325,"position":1},"title":"C\u00e2mpus de Patos forma concluintes de Administra\u00e7\u00e3o, Computa\u00e7\u00e3o, F\u00edsica, Matem\u00e1tica e Pedagogia","author":"tatiana","date":"26 de julho de 2019","format":false,"excerpt":"Ap\u00f3s encerrarem mais uma importante etapa da vida e estarem prontos para encarar o mercado de trabalho ou avan\u00e7ar na forma\u00e7\u00e3o continuada, dezenas de formandos do Bacharelado em Administra\u00e7\u00e3o e das licenciaturas em Computa\u00e7\u00e3o, F\u00edsica, Matem\u00e1tica e Pedagogia do Centro de Ci\u00eancias Exatas e Sociais Aplicadas (CCEA) da Universidade Estadual\u2026","rel":"","context":"Em &quot;CCEA&quot;","block_context":{"text":"CCEA","link":"https:\/\/centros.uepb.edu.br\/ccea\/category\/ccea\/"},"img":{"alt_text":"","src":"","width":0,"height":0},"classes":[]},{"id":91,"url":"https:\/\/centros.uepb.edu.br\/ccea\/2014\/09\/23\/universidade-estadual-forma-novos-86-profissionais-na-area-de-ciencias-exatas-do-campus-de-patos\/","url_meta":{"origin":325,"position":2},"title":"Universidade Estadual forma novos 86 profissionais na \u00e1rea de Ci\u00eancias Exatas do C\u00e2mpus de Patos","author":"","date":"23 de setembro de 2014","format":false,"excerpt":"A Universidade Estadual da Para\u00edba (UEPB), atrav\u00e9s do C\u00e2mpus de Patos, colocou no mercado de trabalho novos 86 profissionais dos cursos de Licenciatura em Ci\u00eancias Exatas (Qu\u00edmica, F\u00edsica e Matem\u00e1tica), Licenciatura em Computa\u00e7\u00e3o e Bacharelado em Administra\u00e7\u00e3o, al\u00e9m de docentes da primeira turma de Licenciatura Pedagogia\/Parfor \u2013 Plano Nacional de\u2026","rel":"","context":"Em &quot;Not\u00edcias&quot;","block_context":{"text":"Not\u00edcias","link":"https:\/\/centros.uepb.edu.br\/ccea\/category\/noticias\/"},"img":{"alt_text":"","src":"https:\/\/i0.wp.com\/centros.uepb.edu.br\/ccea\/files\/2014\/09\/imagem-3668.jpg?resize=350%2C200&ssl=1","width":350,"height":200,"srcset":"https:\/\/i0.wp.com\/centros.uepb.edu.br\/ccea\/files\/2014\/09\/imagem-3668.jpg?resize=350%2C200&ssl=1 1x, https:\/\/i0.wp.com\/centros.uepb.edu.br\/ccea\/files\/2014\/09\/imagem-3668.jpg?resize=525%2C300&ssl=1 1.5x"},"classes":[]},{"id":1514,"url":"https:\/\/centros.uepb.edu.br\/ccea\/2019\/12\/19\/ccea-forma-novos-profissionais-de-administracao-computacao-fisica-matematica-e-educacao-fisica-2\/","url_meta":{"origin":325,"position":3},"title":"CCEA forma novos profissionais de Administra\u00e7\u00e3o, Computa\u00e7\u00e3o, F\u00edsica, Matem\u00e1tica e Educa\u00e7\u00e3o F\u00edsica","author":"tatiana","date":"19 de dezembro de 2019","format":false,"excerpt":"Concluintes dos cursos de Administra\u00e7\u00e3o, Computa\u00e7\u00e3o, F\u00edsica e Matem\u00e1tica do Centro de Ci\u00eancias Exatas e Sociais Aplicadas (CCEA) da Universidade Estadual da Para\u00edba (UEPB), al\u00e9m do curso de Educa\u00e7\u00e3o F\u00edsica ofertado, no C\u00e2mpus VII, pelo Programa Nacional de Forma\u00e7\u00e3o de Professores da Educa\u00e7\u00e3o B\u00e1sica (PARFOR), colaram grau acad\u00eamico na noite\u2026","rel":"","context":"Em &quot;CCEA&quot;","block_context":{"text":"CCEA","link":"https:\/\/centros.uepb.edu.br\/ccea\/category\/ccea\/"},"img":{"alt_text":"","src":"https:\/\/i0.wp.com\/www.interno.uepb.edu.br\/wp-content\/uploads\/2019\/12\/Cola%C3%A7%C3%A3o-de-Grau-Patos-1.jpg?resize=350%2C200&ssl=1","width":350,"height":200,"srcset":"https:\/\/i0.wp.com\/www.interno.uepb.edu.br\/wp-content\/uploads\/2019\/12\/Cola%C3%A7%C3%A3o-de-Grau-Patos-1.jpg?resize=350%2C200&ssl=1 1x, https:\/\/i0.wp.com\/www.interno.uepb.edu.br\/wp-content\/uploads\/2019\/12\/Cola%C3%A7%C3%A3o-de-Grau-Patos-1.jpg?resize=525%2C300&ssl=1 1.5x, https:\/\/i0.wp.com\/www.interno.uepb.edu.br\/wp-content\/uploads\/2019\/12\/Cola%C3%A7%C3%A3o-de-Grau-Patos-1.jpg?resize=700%2C400&ssl=1 2x"},"classes":[]},{"id":1129,"url":"https:\/\/centros.uepb.edu.br\/ccea\/2018\/07\/11\/centro-de-ciencias-exatas-e-sociais-aplicadas-promove-colacao-de-grau-para-os-concluintes-do-periodo-2017-2\/","url_meta":{"origin":325,"position":4},"title":"Centro de Ci\u00eancias Exatas e Sociais Aplicadas promove Cola\u00e7\u00e3o de Grau para os concluintes do per\u00edodo 2017.2","author":"tatiana","date":"11 de julho de 2018","format":false,"excerpt":"O rec\u00e9m-constru\u00eddo gin\u00e1sio do Centro de Ci\u00eancias Exatas e Sociais Aplicadas (CCEA) foi palco, na noite desta ter\u00e7a-feira (10), da cerim\u00f4nia de Cola\u00e7\u00e3o de Grau Acad\u00eamico para os concluintes do per\u00edodo 2017.2 dos cursos de Administra\u00e7\u00e3o, das licenciaturas em Matem\u00e1tica e F\u00edsica, do Bacharelado em Computa\u00e7\u00e3o, al\u00e9m da turma de\u2026","rel":"","context":"Em &quot;CCEA&quot;","block_context":{"text":"CCEA","link":"https:\/\/centros.uepb.edu.br\/ccea\/category\/ccea\/"},"img":{"alt_text":"","src":"","width":0,"height":0},"classes":[]},{"id":1948,"url":"https:\/\/centros.uepb.edu.br\/ccea\/2022\/08\/26\/foi-realizada-no-ccea-a-solenidade-de-colacao-de-grau-dos-alunos-concluintes-do-semestre-letivo-2022-1\/","url_meta":{"origin":325,"position":5},"title":"Foi realizada no CCEA a solenidade de Cola\u00e7\u00e3o de Grau dos alunos concluintes do semestre letivo 2022.1","author":"olivio","date":"26 de agosto de 2022","format":false,"excerpt":"Foi realizada na \u00faltima quinta-feira (25), a solenidade de Cola\u00e7\u00e3o de Grau dos alunos que conclu\u00edram suas gradua\u00e7\u00f5es no semestre letivo 2022.1. A cerim\u00f4nia aconteceu no Audit\u00f3rio Celso Furtado do Centro de Ci\u00eancias Exatas e Sociais Aplicadas (CCEA) \/Campus VII, e contou com a participa\u00e7\u00e3o da Reitora C\u00e9lia Regina e\u2026","rel":"","context":"Em &quot;Agend Not\u00edcias Destaque&quot;","block_context":{"text":"Agend Not\u00edcias Destaque","link":"https:\/\/centros.uepb.edu.br\/ccea\/category\/agend-noticias-destaque\/"},"img":{"alt_text":"","src":"https:\/\/i0.wp.com\/centros.uepb.edu.br\/ccea\/files\/2022\/08\/B36771D9-931F-4DAF-AA08-6947B03C1416-300x225.jpg?resize=350%2C200&ssl=1","width":350,"height":200},"classes":[]}],"_links":{"self":[{"href":"https:\/\/centros.uepb.edu.br\/ccea\/wp-json\/wp\/v2\/posts\/325","targetHints":{"allow":["GET"]}}],"collection":[{"href":"https:\/\/centros.uepb.edu.br\/ccea\/wp-json\/wp\/v2\/posts"}],"about":[{"href":"https:\/\/centros.uepb.edu.br\/ccea\/wp-json\/wp\/v2\/types\/post"}],"author":[{"embeddable":true,"href":"https:\/\/centros.uepb.edu.br\/ccea\/wp-json\/wp\/v2\/users\/26"}],"replies":[{"embeddable":true,"href":"https:\/\/centros.uepb.edu.br\/ccea\/wp-json\/wp\/v2\/comments?post=325"}],"version-history":[{"count":0,"href":"https:\/\/centros.uepb.edu.br\/ccea\/wp-json\/wp\/v2\/posts\/325\/revisions"}],"wp:attachment":[{"href":"https:\/\/centros.uepb.edu.br\/ccea\/wp-json\/wp\/v2\/media?parent=325"}],"wp:term":[{"taxonomy":"category","embeddable":true,"href":"https:\/\/centros.uepb.edu.br\/ccea\/wp-json\/wp\/v2\/categories?post=325"},{"taxonomy":"post_tag","embeddable":true,"href":"https:\/\/centros.uepb.edu.br\/ccea\/wp-json\/wp\/v2\/tags?post=325"}],"curies":[{"name":"wp","href":"https:\/\/api.w.org\/{rel}","templated":true}]}}