{"id":323,"date":"2016-06-01T18:03:03","date_gmt":"2016-06-01T18:03:03","guid":{"rendered":"http:\/\/www.uepb.edu.br\/?p=26869"},"modified":"2017-09-28T14:28:31","modified_gmt":"2017-09-28T14:28:31","slug":"projeto-univer-cidade-debatera-sobre-determinacao-social-das-arboviroses-causadas-pelo-aedes-aegypti","status":"publish","type":"post","link":"https:\/\/centros.uepb.edu.br\/ccea\/2016\/06\/01\/projeto-univer-cidade-debatera-sobre-determinacao-social-das-arboviroses-causadas-pelo-aedes-aegypti\/","title":{"rendered":"Projeto Univer-Cidade debater\u00e1 sobre determina\u00e7\u00e3o social das arboviroses causadas pelo aedes aegypti"},"content":{"rendered":"<p style=\"text-align: justify;\">A Universidade Estadual da Para\u00edba (UEPB), atrav\u00e9s do projeto Univer-Cidade, realiza no pr\u00f3ximo dia 15 de junho, no Audit\u00f3rio do Sebrae, em Patos, um semin\u00e1rio com o tema \u201cDetermina\u00e7\u00e3o social das arboviroses provocadas pelo Aedes Aegypit e suas consequ\u00eancias\u201d. A iniciativa ser\u00e1 desenvolvida em parceria com o Governo do Estado, por meio da 6\u00aa Regional de Sa\u00fade, com sede em Patos; Fiocruz; IFPB; UFPB e UFCG. A programa\u00e7\u00e3o se articula em tr\u00eas eixos: forma\u00e7\u00e3o (confer\u00eancia e mesas redondas), troca de experi\u00eancias (relatos do que est\u00e1 sendo feito e resultados) e planejamento (o que se vai fazer a partir do semin\u00e1rio em termos de a\u00e7\u00e3o conjunta).<\/p>\n<p style=\"text-align: justify;\">O objetivo \u00e9 analisar as condi\u00e7\u00f5es de desigualdade social estrutural que afetam a maioria da popula\u00e7\u00e3o nordestina, regi\u00e3o mais afetada pela tr\u00edplice epidemia (dengue, Zika e Chikungunya), com ofertas diferentes de bens e servi\u00e7os essenciais, como o corre com o saneamento b\u00e1sico. A discuss\u00e3o, embora n\u00e3o descuide do car\u00e1ter t\u00e9cnico (biol\u00f3gico-natural), colocar\u00e1 em evid\u00eancia a natureza socioecon\u00f4mica, pol\u00edtico e cultural da epidemia.<\/p>\n<p style=\"text-align: justify;\">Dentre os palestrantes destacam o pesquisador Andr\u00e9 Monteiro, da Fiocruz, com sua respectiva equipe; Izabel Sarmento, da Ger\u00eancia Operacional da Vigil\u00e2ncia Epidemiol\u00f3gica da Secretaria de Sa\u00fade do estado; Liliane Abrantes de Sena, Gerente da 6\u00aa Regional de Sa\u00fade; al\u00e9m de pesquisadores da UEPB, INSA e demais institui\u00e7\u00f5es parceiras.<\/p>\n<p style=\"text-align: justify;\">O semin\u00e1rio destina-se a todos gestores da sa\u00fade, da educa\u00e7\u00e3o, das secretarias de meio ambiente e infraestrutura, agentes de sa\u00fade e vigil\u00e2ncia sanit\u00e1ria de todos os munic\u00edpios da Para\u00edba, particularmente das regi\u00f5es do Serid\u00f3 e do Sert\u00e3o. A inscri\u00e7\u00e3o \u00e9 gratuita e pode ser feita na hora, mas a presen\u00e7a deve ser confirmada pelo email direcao@ccea.uepb.edu.br.<\/p>\n<p style=\"text-align: justify;\">Parte-se do pressuposto de que a tr\u00edplice epidemia tem, portanto uma forte determina\u00e7\u00e3o social: a degrada\u00e7\u00e3o das condi\u00e7\u00f5es de vida nas cidades, saneamento b\u00e1sico inadequado, particularmente no que se refere \u00e0 dificuldade de acesso cont\u00ednuo a \u00e1gua, coleta de lixo prec\u00e1ria, esgotamento sanit\u00e1rio, descuido com higiene de espa\u00e7os p\u00fablicos e particulares como os principais respons\u00e1veis por esse desastre.<\/p>\n<p style=\"text-align: justify;\">Observa-se que a distribui\u00e7\u00e3o espacial por local de moradia das m\u00e3es dos rec\u00e9m-nascidos com microcefalia (ou suspeitos) \u00e9 maior nas \u00e1reas mais pobres, com urbaniza\u00e7\u00e3o prec\u00e1ria e saneamento ambiental inadequado. Nestas \u00e1reas, o provimento de \u00e1gua de forma irregular ou intermitente leva essas popula\u00e7\u00f5es ao armazenamento domiciliar de \u00e1gua de modo inadequado, condi\u00e7\u00e3o muito favor\u00e1vel para a reprodu\u00e7\u00e3o do Aedes Aegypti.<\/p>\n<p style=\"text-align: justify;\">Destaca-se que todas as medidas de controle vetorial devem ser realizadas com ampla mobiliza\u00e7\u00e3o social no sentido da prote\u00e7\u00e3o da Sa\u00fade P\u00fablica, priorizando-se as medidas de saneamento ambiental, e orientadas pelos princ\u00edpios da Pol\u00edtica Nacional de Educa\u00e7\u00e3o Popular em Sa\u00fade.<\/p>\n<p style=\"text-align: justify;\"><em><strong>Colabora\u00e7\u00e3o:<\/strong> professor Cidoval Morais<\/em><\/p>\n<p>O post <a rel=\"nofollow\" href=\"http:\/\/www.uepb.edu.br\/projeto-univer-cidade-promove-seminario-sobre-determinacao-social-das-arboviroses-provocadas-pelo-aedes-aegypti\/\">Projeto Univer-Cidade debater\u00e1 sobre determina\u00e7\u00e3o social das arboviroses causadas pelo aedes aegypti<\/a> apareceu primeiro em <a rel=\"nofollow\" href=\"http:\/\/www.uepb.edu.br\/\">UEPB<\/a>.<\/p>\n","protected":false},"excerpt":{"rendered":"<p>A Universidade Estadual da Para&iacute;ba (UEPB), atrav&eacute;s do projeto Univer-Cidade, realiza no pr&oacute;ximo dia 15 de junho, no Audit&oacute;rio do Sebrae, em Patos, um semin&aacute;rio com o tema &ldquo;Determina&ccedil;&atilde;o social das arboviroses provocadas pelo Aedes Aegypit e suas consequ&ecirc;ncias&rdquo;. A iniciativa ser&aacute; desenvolvida em parceria com o Governo do Estado, por meio da 6&ordf; Regional <a href=\"http:\/\/www.uepb.edu.br\/projeto-univer-cidade-promove-seminario-sobre-determinacao-social-das-arboviroses-provocadas-pelo-aedes-aegypti\/\">Leia Mais&#8230;<\/a><\/p>\n<p>O post <a rel=\"nofollow\" href=\"http:\/\/www.uepb.edu.br\/projeto-univer-cidade-promove-seminario-sobre-determinacao-social-das-arboviroses-provocadas-pelo-aedes-aegypti\/\">Projeto Univer-Cidade debater&aacute; sobre determina&ccedil;&atilde;o social das arboviroses causadas pelo aedes aegypti<\/a> apareceu primeiro em <a rel=\"nofollow\" href=\"http:\/\/www.uepb.edu.br\/\">UEPB<\/a>.<\/p>\n","protected":false},"author":25,"featured_media":0,"comment_status":"closed","ping_status":"closed","sticky":false,"template":"","format":"standard","meta":{"jetpack_post_was_ever_published":false,"_jetpack_newsletter_access":"","_jetpack_dont_email_post_to_subs":false,"_jetpack_newsletter_tier_id":0,"_jetpack_memberships_contains_paywalled_content":false,"_jetpack_memberships_contains_paid_content":false,"footnotes":"","jetpack_publicize_message":"","jetpack_publicize_feature_enabled":true,"jetpack_social_post_already_shared":false,"jetpack_social_options":{"image_generator_settings":{"template":"highway","default_image_id":0,"font":"","enabled":false},"version":2}},"categories":[8,3],"tags":[],"class_list":["post-323","post","type-post","status-publish","format-standard","hentry","category-ccea","category-noticias"],"jetpack_publicize_connections":[],"jetpack_featured_media_url":"","jetpack_sharing_enabled":true,"jetpack_shortlink":"https:\/\/wp.me\/p7WTGX-5d","jetpack_likes_enabled":true,"jetpack-related-posts":[{"id":328,"url":"https:\/\/centros.uepb.edu.br\/ccea\/2016\/06\/16\/seminario-aborda-planejamento-e-troca-de-experiencias-no-combate-a-dengue-zika-e-chikungunya\/","url_meta":{"origin":323,"position":0},"title":"Semin\u00e1rio aborda planejamento e troca de experi\u00eancias no combate a dengue, zika e chikungunya","author":"arnaud","date":"16 de junho de 2016","format":false,"excerpt":"Realizado nesta quarta-feira (15), na unidade do Sebrae, na cidade de Patos, o semin\u00e1rio com o tema \u201cDetermina\u00e7\u00e3o social das arboviroses provocadas pelo Aedes Aegypit e suas consequ\u00eancias\u201d, foi mais uma a\u00e7\u00e3o do projeto UNIVER-CIDADE da Universidade Estadual da Para\u00edba (UEPB), onde se reuniram professores, pesquisadores e gestores da Sa\u00fade\u2026","rel":"","context":"Em &quot;CCEA&quot;","block_context":{"text":"CCEA","link":"https:\/\/centros.uepb.edu.br\/ccea\/category\/ccea\/"},"img":{"alt_text":"univerzika2","src":"https:\/\/i0.wp.com\/www.uepb.edu.br\/wp-content\/uploads\/2016\/06\/univerzika2.jpg?resize=350%2C200","width":350,"height":200,"srcset":"https:\/\/i0.wp.com\/www.uepb.edu.br\/wp-content\/uploads\/2016\/06\/univerzika2.jpg?resize=350%2C200 1x, https:\/\/i0.wp.com\/www.uepb.edu.br\/wp-content\/uploads\/2016\/06\/univerzika2.jpg?resize=525%2C300 1.5x, https:\/\/i0.wp.com\/www.uepb.edu.br\/wp-content\/uploads\/2016\/06\/univerzika2.jpg?resize=700%2C400 2x"},"classes":[]},{"id":334,"url":"https:\/\/centros.uepb.edu.br\/ccea\/2016\/07\/18\/pos-graduacao-em-desenvolvimento-regional-e-projeto-univer-cidade-realizam-curso-sobre-ecologia-politica\/","url_meta":{"origin":323,"position":1},"title":"P\u00f3s-Gradua\u00e7\u00e3o em Desenvolvimento Regional e Projeto Univer-Cidade realizam curso sobre ecologia pol\u00edtica","author":"tatiana","date":"18 de julho de 2016","format":false,"excerpt":"Dentro das a\u00e7\u00f5es de conscientiza\u00e7\u00e3o de combate ao mosquito Aedes Aegypti, transmissor da dengue, zika e chikungunya, a Universidade Estadual da Para\u00edba (UEPB), atrav\u00e9s do projeto Univer-Cidade e do Programa de P\u00f3s-Gradua\u00e7\u00e3o em Desenvolvimento Regional, realiza no de 8 a 12 de agosto, o curso \u201cEcologia Pol\u00edtica no contexto do\u2026","rel":"","context":"Em &quot;CCEA&quot;","block_context":{"text":"CCEA","link":"https:\/\/centros.uepb.edu.br\/ccea\/category\/ccea\/"},"img":{"alt_text":"","src":"","width":0,"height":0},"classes":[]},{"id":742,"url":"https:\/\/centros.uepb.edu.br\/ccea\/2017\/12\/21\/seminario-no-campus-vii-da-uepb-discute-formacao-para-promocao-da-saude-no-contexto-das-arboviroses\/","url_meta":{"origin":323,"position":2},"title":"Semin\u00e1rio no C\u00e3mpus VII da UEPB discute forma\u00e7\u00e3o para promo\u00e7\u00e3o da sa\u00fade no contexto das arboviroses","author":"tatiana","date":"21 de dezembro de 2017","format":false,"excerpt":"A Universidade Estadual da Para\u00edba (UEPB), por meio do Centro de Ci\u00eancias Exatas e Sociais Aplicadas (CCEA), em parceria com a Secretaria de Sa\u00fade do Estado e 6\u00aa Ger\u00eancia Regional de Sa\u00fade, e apoio da Funda\u00e7\u00e3o Oswaldo Cruz (Fiocruz), Minist\u00e9rio da Sa\u00fade, Conselho Nacional de Desenvolvimento Cient\u00edfico e Tecnol\u00f3gico (CNPq),\u2026","rel":"","context":"Em &quot;CCEA&quot;","block_context":{"text":"CCEA","link":"https:\/\/centros.uepb.edu.br\/ccea\/category\/ccea\/"},"img":{"alt_text":"","src":"","width":0,"height":0},"classes":[]},{"id":1205,"url":"https:\/\/centros.uepb.edu.br\/ccea\/2018\/11\/22\/centro-de-ciencias-exatas-e-sociais-aplicadas-da-uepb-promove-2a-feira-da-economia-solidaria-em-patos\/","url_meta":{"origin":323,"position":3},"title":"Centro de Ci\u00eancias Exatas e Sociais Aplicadas da UEPB promove 2\u00aa Feira da Economia Solid\u00e1ria em Patos","author":"tatiana","date":"22 de novembro de 2018","format":false,"excerpt":"\u201cCultura popular\u201d, \u201cconsumismo sustent\u00e1vel\u201d e \u201cdiversidade de produtos\u201d. Como parte do projeto Univer-Cidade, concebido atrav\u00e9s do Mestrado em Desenvolvimento Regional da Universidade Estadual da Para\u00edba (UEPB), ser\u00e1 realizada, no pr\u00f3ximo dia 28 de novembro, a 2\u00aa Feira da Economia Solid\u00e1ria do Centro de Ci\u00eancias Exatas e Sociais Aplicadas (CCEA), C\u00e2mpus\u2026","rel":"","context":"Em &quot;CCEA&quot;","block_context":{"text":"CCEA","link":"https:\/\/centros.uepb.edu.br\/ccea\/category\/ccea\/"},"img":{"alt_text":"","src":"https:\/\/i0.wp.com\/www.uepb.edu.br\/wp-content\/uploads\/2018\/11\/CCEA-Feira.jpg?resize=350%2C200","width":350,"height":200},"classes":[]},{"id":1256,"url":"https:\/\/centros.uepb.edu.br\/ccea\/2019\/04\/11\/projeto-que-utiliza-karate-como-instrumento-de-inclusao-social-supera-marca-de-100-titulos-em-competicoes\/","url_meta":{"origin":323,"position":4},"title":"Projeto que utiliza karat\u00ea como instrumento de inclus\u00e3o social supera marca de 100 t\u00edtulos em competi\u00e7\u00f5es","author":"tatiana","date":"11 de abril de 2019","format":false,"excerpt":"O projeto de extens\u00e3o \u201cUtiliza\u00e7\u00e3o do karat\u00ea como instrumento de inclus\u00e3o social\u201d, desenvolvido pelo Centro de Ci\u00eancias Exatas e Sociais Aplicadas (CCEA) da Universidade Estadual da Para\u00edba (UEPB), em Patos, continua obtendo conquistas e revelando futuros atletas. Em 12 anos de funcionamento, a equipe atendida pelo projeto j\u00e1 conquistou mais\u2026","rel":"","context":"Em &quot;CCEA&quot;","block_context":{"text":"CCEA","link":"https:\/\/centros.uepb.edu.br\/ccea\/category\/ccea\/"},"img":{"alt_text":"","src":"","width":0,"height":0},"classes":[]},{"id":330,"url":"https:\/\/centros.uepb.edu.br\/ccea\/2016\/06\/22\/integrantes-de-projeto-de-extensao-do-campus-de-patos-conquistam-medalhas-em-campeonato-paraibano-de-karate\/","url_meta":{"origin":323,"position":5},"title":"Integrantes de projeto de extens\u00e3o do C\u00e2mpus de Patos conquistam medalhas em Campeonato Paraibano de Karat\u00ea","author":"arnaud","date":"22 de junho de 2016","format":false,"excerpt":"Oito integrantes do projeto de extens\u00e3o \u201cUtiliza\u00e7\u00e3o do Karat\u00ea como Instrumento de Inclus\u00e3o Social da Universidade Estadual da Para\u00edba\u201d, desenvolvido no C\u00e2mpus VII da Institui\u00e7\u00e3o, em Patos, conquistaram 10 medalhas no 34\u00ba Campeonato Paraibano de Karat\u00ea, realizado no \u00faltimo dia 19 de junho, na cidade de Patos. Eles competiram nas\u2026","rel":"","context":"Em &quot;CCEA&quot;","block_context":{"text":"CCEA","link":"https:\/\/centros.uepb.edu.br\/ccea\/category\/ccea\/"},"img":{"alt_text":"trofeu1","src":"https:\/\/i0.wp.com\/www.uepb.edu.br\/wp-content\/uploads\/2016\/06\/trofeu1.jpg?resize=350%2C200","width":350,"height":200,"srcset":"https:\/\/i0.wp.com\/www.uepb.edu.br\/wp-content\/uploads\/2016\/06\/trofeu1.jpg?resize=350%2C200 1x, https:\/\/i0.wp.com\/www.uepb.edu.br\/wp-content\/uploads\/2016\/06\/trofeu1.jpg?resize=525%2C300 1.5x, https:\/\/i0.wp.com\/www.uepb.edu.br\/wp-content\/uploads\/2016\/06\/trofeu1.jpg?resize=700%2C400 2x"},"classes":[]}],"_links":{"self":[{"href":"https:\/\/centros.uepb.edu.br\/ccea\/wp-json\/wp\/v2\/posts\/323","targetHints":{"allow":["GET"]}}],"collection":[{"href":"https:\/\/centros.uepb.edu.br\/ccea\/wp-json\/wp\/v2\/posts"}],"about":[{"href":"https:\/\/centros.uepb.edu.br\/ccea\/wp-json\/wp\/v2\/types\/post"}],"author":[{"embeddable":true,"href":"https:\/\/centros.uepb.edu.br\/ccea\/wp-json\/wp\/v2\/users\/25"}],"replies":[{"embeddable":true,"href":"https:\/\/centros.uepb.edu.br\/ccea\/wp-json\/wp\/v2\/comments?post=323"}],"version-history":[{"count":0,"href":"https:\/\/centros.uepb.edu.br\/ccea\/wp-json\/wp\/v2\/posts\/323\/revisions"}],"wp:attachment":[{"href":"https:\/\/centros.uepb.edu.br\/ccea\/wp-json\/wp\/v2\/media?parent=323"}],"wp:term":[{"taxonomy":"category","embeddable":true,"href":"https:\/\/centros.uepb.edu.br\/ccea\/wp-json\/wp\/v2\/categories?post=323"},{"taxonomy":"post_tag","embeddable":true,"href":"https:\/\/centros.uepb.edu.br\/ccea\/wp-json\/wp\/v2\/tags?post=323"}],"curies":[{"name":"wp","href":"https:\/\/api.w.org\/{rel}","templated":true}]}}