{"id":315,"date":"2016-04-26T18:48:55","date_gmt":"2016-04-26T18:48:55","guid":{"rendered":"http:\/\/www.uepb.edu.br\/?p=26163"},"modified":"2017-09-28T14:28:55","modified_gmt":"2017-09-28T14:28:55","slug":"estudantes-de-fisica-do-campus-de-patos-participam-de-curso-sobre-sistema-solar-fotovoltaico","status":"publish","type":"post","link":"https:\/\/centros.uepb.edu.br\/ccea\/2016\/04\/26\/estudantes-de-fisica-do-campus-de-patos-participam-de-curso-sobre-sistema-solar-fotovoltaico\/","title":{"rendered":"Estudantes de F\u00edsica do C\u00e2mpus de Patos participam de curso sobre Sistema Solar Fotovoltaico"},"content":{"rendered":"<p style=\"text-align: justify;\"><a href=\"http:\/\/www.uepb.edu.br\/wp-content\/uploads\/2016\/04\/solar4.jpg\" rel=\"attachment wp-att-26167\"><img loading=\"lazy\" decoding=\"async\" class=\"aligncenter size-full wp-image-26167 img-responsive img-responsive\" src=\"http:\/\/www.uepb.edu.br\/wp-content\/uploads\/2016\/04\/solar4.jpg\" alt=\"solar4\" width=\"840\" height=\"454\" srcset=\"http:\/\/www.uepb.edu.br\/wp-content\/uploads\/2016\/04\/solar4-300x162.jpg 300w, http:\/\/www.uepb.edu.br\/wp-content\/uploads\/2016\/04\/solar4-768x415.jpg 768w, http:\/\/www.uepb.edu.br\/wp-content\/uploads\/2016\/04\/solar4-370x200.jpg 370w, http:\/\/www.uepb.edu.br\/wp-content\/uploads\/2016\/04\/solar4.jpg 840w\" sizes=\"auto, (max-width: 840px) 100vw, 840px\" \/><\/a><\/p>\n<p style=\"text-align: justify;\">Teve in\u00edcio segunda-feira (25) o curso de Instala\u00e7\u00e3o e Manuten\u00e7\u00e3o de Sistema Solar Fotovoltaico, promovido pelo curso de F\u00edsica do C\u00e2mpus VII da Universidade Estadual da Para\u00edba (UEPB), localizado em Patos, em parceria com o Servi\u00e7o Nacional de Aprendizagem Industrial (Senai). At\u00e9 o pr\u00f3ximo dia 6 de maio, 24 alunos, divididos em duas turmas, desenvolver\u00e3o atividades que envolvem tecnologia do uso da energia solar voltada para a obten\u00e7\u00e3o de energia el\u00e9trica.<\/p>\n<p style=\"text-align: justify;\">De acordo com o professor Valdeci Mestre, al\u00e9m do princ\u00edpio de funcionamento dessa tecnologia, sua utiliza\u00e7\u00e3o e manuten\u00e7\u00e3o do sistema fotovoltaico, os alunos est\u00e3o tendo aulas sobre os estudos que englobam pain\u00e9is solares, principais caracter\u00edsticas dos raios solares, estudo dos reguladores de carga. Ele ainda afirmou que esse curso \u00e9 fundamental para a forma\u00e7\u00e3o dos graduandos, uma vez que muitas empresas que utilizam essa tecnologia est\u00e3o se instalando na regi\u00e3o do Sert\u00e3o da Para\u00edba.<\/p>\n<p style=\"text-align: justify;\"><a href=\"http:\/\/www.uepb.edu.br\/wp-content\/uploads\/2016\/04\/solar1.jpg\" rel=\"attachment wp-att-26164\"><img loading=\"lazy\" decoding=\"async\" class=\"aligncenter size-full wp-image-26164 img-responsive img-responsive\" src=\"http:\/\/www.uepb.edu.br\/wp-content\/uploads\/2016\/04\/solar1.jpg\" alt=\"solar1\" width=\"840\" height=\"454\" srcset=\"http:\/\/www.uepb.edu.br\/wp-content\/uploads\/2016\/04\/solar1-300x162.jpg 300w, http:\/\/www.uepb.edu.br\/wp-content\/uploads\/2016\/04\/solar1-768x415.jpg 768w, http:\/\/www.uepb.edu.br\/wp-content\/uploads\/2016\/04\/solar1-370x200.jpg 370w, http:\/\/www.uepb.edu.br\/wp-content\/uploads\/2016\/04\/solar1.jpg 840w\" sizes=\"auto, (max-width: 840px) 100vw, 840px\" \/><\/a><\/p>\n<p style=\"text-align: justify;\">\u201cPela grande incid\u00eancia de raios solares nessa regi\u00e3o, esse tipo de tecnologia vem sendo utilizada cada vez mais por empresas internacionais que trabalham com o Sistema Solar Fotovoltaico. Recentemente, na cidade de Malta, ser\u00e3o investidos mais de R$ 300 milh\u00f5es e n\u00f3s precisamos preparar nossos alunos para o mercado da melhor maneira poss\u00edvel. Al\u00e9m disso, est\u00e3o em curso muitas obras p\u00fablicas com instala\u00e7\u00e3o de pain\u00e9is solares em casas populares e automa\u00e7\u00e3o de bombas para utiliza\u00e7\u00e3o de \u00e1gua de po\u00e7os e rios\u201d, explicou o professor Valdeci.<\/p>\n<p style=\"text-align: justify;\">As aulas do curso de Instala\u00e7\u00e3o e Manuten\u00e7\u00e3o de Sistema Solar Fotovoltaico est\u00e3o sendo ministradas pelo professor do Senai, Kleiton Oliveira Santos. A atividade \u00e9 destinada apenas aos estudantes aprovados nas disciplinas F\u00edsica Geral III e \u00d3tica Geom\u00e9trica, que tenha obtido CRE acima de 7,0.<\/p>\n<p style=\"text-align: justify;\"><em><strong>Texto<\/strong>: Givaldo Cavalcanti<\/em><br \/>\n<em><strong>Fotos<\/strong>: Divulga\u00e7\u00e3o<\/em><\/p>\n<p>O post <a rel=\"nofollow\" href=\"http:\/\/www.uepb.edu.br\/estudantes-de-fisica-do-campus-de-patos-participam-de-curso-sobre-instalacao-e-manutencao-de-sistema-solar-fotovoltaico\/\">Estudantes de F\u00edsica do C\u00e2mpus de Patos participam de curso sobre Sistema Solar Fotovoltaico<\/a> apareceu primeiro em <a rel=\"nofollow\" href=\"http:\/\/www.uepb.edu.br\/\">UEPB<\/a>.<\/p>\n","protected":false},"excerpt":{"rendered":"<p>Teve in&iacute;cio segunda-feira (25) o curso de Instala&ccedil;&atilde;o e Manuten&ccedil;&atilde;o de Sistema Solar Fotovoltaico, promovido pelo curso de F&iacute;sica do C&acirc;mpus VII da Universidade Estadual da Para&iacute;ba (UEPB), localizado em Patos, em parceria com o Servi&ccedil;o Nacional de Aprendizagem Industrial (Senai). At&eacute; o pr&oacute;ximo dia 6 de maio, 24 alunos, divididos em duas turmas, desenvolver&atilde;o <a href=\"http:\/\/www.uepb.edu.br\/estudantes-de-fisica-do-campus-de-patos-participam-de-curso-sobre-instalacao-e-manutencao-de-sistema-solar-fotovoltaico\/\">Leia Mais&#8230;<\/a><\/p>\n<p>O post <a rel=\"nofollow\" href=\"http:\/\/www.uepb.edu.br\/estudantes-de-fisica-do-campus-de-patos-participam-de-curso-sobre-instalacao-e-manutencao-de-sistema-solar-fotovoltaico\/\">Estudantes de F&iacute;sica do C&acirc;mpus de Patos participam de curso sobre Sistema Solar Fotovoltaico<\/a> apareceu primeiro em <a rel=\"nofollow\" href=\"http:\/\/www.uepb.edu.br\/\">UEPB<\/a>.<\/p>\n","protected":false},"author":25,"featured_media":0,"comment_status":"closed","ping_status":"closed","sticky":false,"template":"","format":"standard","meta":{"jetpack_post_was_ever_published":false,"_jetpack_newsletter_access":"","_jetpack_dont_email_post_to_subs":false,"_jetpack_newsletter_tier_id":0,"_jetpack_memberships_contains_paywalled_content":false,"_jetpack_memberships_contains_paid_content":false,"footnotes":"","jetpack_publicize_message":"","jetpack_publicize_feature_enabled":true,"jetpack_social_post_already_shared":false,"jetpack_social_options":{"image_generator_settings":{"template":"highway","default_image_id":0,"font":"","enabled":false},"version":2}},"categories":[8,3],"tags":[],"class_list":["post-315","post","type-post","status-publish","format-standard","hentry","category-ccea","category-noticias"],"jetpack_publicize_connections":[],"jetpack_featured_media_url":"","jetpack_sharing_enabled":true,"jetpack_shortlink":"https:\/\/wp.me\/p7WTGX-55","jetpack_likes_enabled":true,"jetpack-related-posts":[{"id":349,"url":"https:\/\/centros.uepb.edu.br\/ccea\/2016\/09\/13\/universidade-estadual-inicia-estudo-experimental-para-implantacao-de-sistema-solar-fotovoltaico-2\/","url_meta":{"origin":315,"position":0},"title":"Universidade Estadual inicia estudo experimental para implanta\u00e7\u00e3o de sistema solar fotovoltaico","author":"tatiana","date":"13 de setembro de 2016","format":false,"excerpt":"A Universidade Estadual da Para\u00edba (UEPB) deu in\u00edcio a um estudo experimental que poder\u00e1 transformar o consumo de energia el\u00e9trica em todas as suas depend\u00eancias em um futuro pr\u00f3ximo. A partir de uma parceria com o Servi\u00e7o Social da Ind\u00fastria (Sesi\/Para\u00edba) a Institui\u00e7\u00e3o avaliar\u00e1 a possibilidade de implanta\u00e7\u00e3o de um\u2026","rel":"","context":"Em &quot;CCEA&quot;","block_context":{"text":"CCEA","link":"https:\/\/centros.uepb.edu.br\/ccea\/category\/ccea\/"},"img":{"alt_text":"","src":"","width":0,"height":0},"classes":[]},{"id":947,"url":"https:\/\/centros.uepb.edu.br\/ccea\/2018\/03\/28\/robotica-educacional-e-tema-de-minicurso-realizado-no-campus-vii-da-universidade-estadual-em-patos\/","url_meta":{"origin":315,"position":1},"title":"Rob\u00f3tica Educacional \u00e9 tema de minicurso realizado no C\u00e2mpus VII da Universidade Estadual em Patos","author":"tatiany","date":"28 de mar\u00e7o de 2018","format":false,"excerpt":"O Centro de Ci\u00eancias Exatas e Sociais Aplicadas (CCEA), da Universidade Estadual da Para\u00edba (UEPB), atrav\u00e9s do curso de Licenciatura em F\u00edsica da Institui\u00e7\u00e3o, e parceria com a Secretaria de Estado da Educa\u00e7\u00e3o, realizou na noite desta ter\u00e7a-feira (27), a aula inaugural da 2\u00aa edi\u00e7\u00e3o do minicurso intitulado Rob\u00f3tica Educacional,\u2026","rel":"","context":"Em &quot;CCEA&quot;","block_context":{"text":"CCEA","link":"https:\/\/centros.uepb.edu.br\/ccea\/category\/ccea\/"},"img":{"alt_text":"","src":"","width":0,"height":0},"classes":[]},{"id":343,"url":"https:\/\/centros.uepb.edu.br\/ccea\/2016\/08\/26\/campus-de-patos-promove-curso-de-capacitacao-para-professores-de-fisica-do-ensino-medio-da-rede-publica\/","url_meta":{"origin":315,"position":2},"title":"C\u00e2mpus de Patos promove curso de capacita\u00e7\u00e3o para professores de F\u00edsica do Ensino M\u00e9dio da rede p\u00fablica","author":"tatiana","date":"26 de agosto de 2016","format":false,"excerpt":"Ser\u00e1 realizado durante os dias 9 e 10 de setembro, no Centro de Ci\u00eancias Exatas e Sociais Aplicadas (CCEA) da Universidade Estadual da Para\u00edba (UEPB), C\u00e2mpus VII, localizado na cidade de Patos, o curso de capacita\u00e7\u00e3o para professores de F\u00edsica das Escolas P\u00fablicas da Para\u00edba lotadas na 6\u00aa Regional de\u2026","rel":"","context":"Em &quot;CCEA&quot;","block_context":{"text":"CCEA","link":"https:\/\/centros.uepb.edu.br\/ccea\/category\/ccea\/"},"img":{"alt_text":"","src":"","width":0,"height":0},"classes":[]},{"id":1720,"url":"https:\/\/centros.uepb.edu.br\/ccea\/2022\/05\/17\/prograd-divulga-resultado-da-selecao-de-estudantes-para-o-curso-de-bacharelado-em-administracao\/","url_meta":{"origin":315,"position":3},"title":"PROGRAD divulga resultado da sele\u00e7\u00e3o de estudantes para o curso de Bacharelado em Administra\u00e7\u00e3o","author":"Givaldo","date":"17 de maio de 2022","format":false,"excerpt":"A Pr\u00f3-Reitoria de Gradua\u00e7\u00e3o (PROGRAD) da Universidade Estadual da Para\u00edba (UEPB) divulgou o resultado da sele\u00e7\u00e3o para estudantes do curso de Bacharelado em Administra\u00e7\u00e3o do Centro de Ci\u00eancias Exatas e Sociais Aplicadas (CCEA), C\u00e2mpus VII, localizado na cidade de Patos. Os candidatos convocados para a matr\u00edcula ter\u00e3o sua matr\u00edcula realizada\u2026","rel":"","context":"Em &quot;CCEA&quot;","block_context":{"text":"CCEA","link":"https:\/\/centros.uepb.edu.br\/ccea\/category\/ccea\/"},"img":{"alt_text":"","src":"","width":0,"height":0},"classes":[]},{"id":702,"url":"https:\/\/centros.uepb.edu.br\/ccea\/2017\/11\/14\/servico-de-aconselhamento-psicologico-e-oferecido-a-comunidade-academica-do-campus-vii\/","url_meta":{"origin":315,"position":4},"title":"Servi\u00e7o de aconselhamento psicol\u00f3gico \u00e9 oferecido \u00e0 comunidade acad\u00eamica do C\u00e2mpus VII","author":"tatiana","date":"14 de novembro de 2017","format":false,"excerpt":"A Universidade Estadual da Para\u00edba (UEPB), atrav\u00e9s da Pr\u00f3-Reitoria Estudantil (PROEST), em parceria com as Faculdades Integradas de Patos (FIP), por meio do curso de Psicologia da Institui\u00e7\u00e3o, est\u00e1 oferecendo aos alunos, professores e funcion\u00e1rios do Centro de Ci\u00eancias Exatas e Sociais Aplicadas (CCEA), em Patos, uma rede local de\u2026","rel":"","context":"Em &quot;CCEA&quot;","block_context":{"text":"CCEA","link":"https:\/\/centros.uepb.edu.br\/ccea\/category\/ccea\/"},"img":{"alt_text":"","src":"","width":0,"height":0},"classes":[]},{"id":96,"url":"https:\/\/centros.uepb.edu.br\/ccea\/2014\/09\/23\/campus-de-patos-promove-curso-sobre-elaboracao-de-redacao-cientifica-em-tempos-de-qualis\/","url_meta":{"origin":315,"position":5},"title":"C\u00e2mpus de Patos promove curso sobre elabora\u00e7\u00e3o de Reda\u00e7\u00e3o Cient\u00edfica em tempos de Qualis","author":"","date":"23 de setembro de 2014","format":false,"excerpt":"O Centro de Ci\u00eancia Exatas e Sociais Aplicadas (CCEA) da Universidade Estadual da Para\u00edba (UEPB), localizado no C\u00e2mpus de Patos, realiza nos dias 4 e 5 de setembro, o curso \u201cReda\u00e7\u00e3o Cient\u00edfica em tempos de Qualis\u201d, que ser\u00e1 ministrado pelo professor Cidoval Morais, em uma promo\u00e7\u00e3o da Editora da UEPB\u2026","rel":"","context":"Em &quot;Not\u00edcias&quot;","block_context":{"text":"Not\u00edcias","link":"https:\/\/centros.uepb.edu.br\/ccea\/category\/noticias\/"},"img":{"alt_text":"","src":"","width":0,"height":0},"classes":[]}],"_links":{"self":[{"href":"https:\/\/centros.uepb.edu.br\/ccea\/wp-json\/wp\/v2\/posts\/315","targetHints":{"allow":["GET"]}}],"collection":[{"href":"https:\/\/centros.uepb.edu.br\/ccea\/wp-json\/wp\/v2\/posts"}],"about":[{"href":"https:\/\/centros.uepb.edu.br\/ccea\/wp-json\/wp\/v2\/types\/post"}],"author":[{"embeddable":true,"href":"https:\/\/centros.uepb.edu.br\/ccea\/wp-json\/wp\/v2\/users\/25"}],"replies":[{"embeddable":true,"href":"https:\/\/centros.uepb.edu.br\/ccea\/wp-json\/wp\/v2\/comments?post=315"}],"version-history":[{"count":0,"href":"https:\/\/centros.uepb.edu.br\/ccea\/wp-json\/wp\/v2\/posts\/315\/revisions"}],"wp:attachment":[{"href":"https:\/\/centros.uepb.edu.br\/ccea\/wp-json\/wp\/v2\/media?parent=315"}],"wp:term":[{"taxonomy":"category","embeddable":true,"href":"https:\/\/centros.uepb.edu.br\/ccea\/wp-json\/wp\/v2\/categories?post=315"},{"taxonomy":"post_tag","embeddable":true,"href":"https:\/\/centros.uepb.edu.br\/ccea\/wp-json\/wp\/v2\/tags?post=315"}],"curies":[{"name":"wp","href":"https:\/\/api.w.org\/{rel}","templated":true}]}}