{"id":2086,"date":"2023-05-30T11:39:45","date_gmt":"2023-05-30T11:39:45","guid":{"rendered":"https:\/\/centros.uepb.edu.br\/ccea\/?p=2086"},"modified":"2023-05-30T13:24:24","modified_gmt":"2023-05-30T13:24:24","slug":"ciclo-de-palestras-do-curso-de-licenciatura-em-matematica-realiza-palestra-com-tema-gauss-e-o-estudo-das-superficies-curvas","status":"publish","type":"post","link":"https:\/\/centros.uepb.edu.br\/ccea\/2023\/05\/30\/ciclo-de-palestras-do-curso-de-licenciatura-em-matematica-realiza-palestra-com-tema-gauss-e-o-estudo-das-superficies-curvas\/","title":{"rendered":"Ciclo de Palestras do Curso de Licenciatura em Matem\u00e1tica realiza palestra com tema &#8220;Gauss e o estudo das superf\u00edcies curvas&#8221;"},"content":{"rendered":"<p style=\"text-align: center\"><img loading=\"lazy\" decoding=\"async\" class=\"aligncenter size-medium wp-image-2087 img-responsive\" src=\"https:\/\/centros.uepb.edu.br\/ccea\/files\/2023\/05\/arte_banner_mat6-300x212.png\" alt=\"\" width=\"300\" height=\"212\" srcset=\"https:\/\/centros.uepb.edu.br\/ccea\/files\/2023\/05\/arte_banner_mat6-300x212.png 300w, https:\/\/centros.uepb.edu.br\/ccea\/files\/2023\/05\/arte_banner_mat6-1536x1086.png 1536w, https:\/\/centros.uepb.edu.br\/ccea\/files\/2023\/05\/arte_banner_mat6-1120x792.png 1120w, https:\/\/centros.uepb.edu.br\/ccea\/files\/2023\/05\/arte_banner_mat6.png 1684w\" sizes=\"auto, (max-width: 300px) 100vw, 300px\" \/><\/p>\n<p>Em 1827, o matem\u00e1tico alem\u00e3o Johann Carl Friedrich Gauss publicou seu artigo <em>Disquisitiones generales circa superficies curvae<\/em> [Investiga\u00e7\u00f5es gerais sobre superf\u00edcies curvas] com o qual inaugurou um dos mais importantes cap\u00edtulos da hist\u00f3ria da Matem\u00e1tica: o estudo da Geometria Diferencial intr\u00ednseca das superf\u00edcies curvas.<\/p>\n<p>Gauss mostrou como estudar a geometria de uma superf\u00edcie tomando por refer\u00eancia a pr\u00f3pria superf\u00edcie, sem se preocupar com o espa\u00e7o ao redor dela ou onde ela se encontra, introduziu as coordenadas curvil\u00edneas u e v numa superf\u00edcie e obteve a forma diferencial quadr\u00e1tica ds<sup>2<\/sup>=Edu<sup>2<\/sup>+2Fdudv+Gdv<sup>2<\/sup> para o elemento de comprimento de arco ds, em termos de tr\u00eas fun\u00e7\u00f5es E, F e G de u e v, o que lhe permitiu escrever equa\u00e7\u00f5es para as curvas geod\u00e9sicas. O estudo da no\u00e7\u00e3o de \u201crepresenta\u00e7\u00e3o esf\u00e9rica\u201d de uma superf\u00edcie, hoje conhecida como aplica\u00e7\u00e3o de Gauss, o levou a definir a \u201cmedida de curvatura\u201d da superf\u00edcie em cada um de seus pontos, hoje denominada curvatura gaussiana. Um de seus maiores resultados \u00e9 o famoso <em>Theorema Egregium<\/em> [teorema not\u00e1vel], que afirma que a curvatura gaussiana depende somente da primeira forma fundamental (que essencialmente exprime as dist\u00e2ncias sobre a superf\u00edcie) e \u00e9, portanto, invariante se transformarmos a superf\u00edcie em outra superf\u00edcie isometricamente, isto \u00e9, sem alterar dist\u00e2ncias sobre ela.<\/p>\n<p>A edi\u00e7\u00e3o deste m\u00eas de maio do Ciclo de Palestras 2023 do Curso de Matem\u00e1tica do CCEA abordar\u00e1 este importante marco da hist\u00f3ria da Matem\u00e1tica. Para isso, contaremos com a presen\u00e7a da Prof.\u00aa Dr.\u00aa Ana Paula Bispo da Silva (DF\/CCT\/UEPB), que ministrar\u00e1 a palestra intitulada <em>Gauss e o estudo das superf\u00edcies curvas<\/em>. Licenciada e mestra em F\u00edsica e doutora em Ci\u00eancias pela Universidade Estadual de Campinas (UNICAMP), ela atua na UEPB desde 2007, onde coordena o Grupo de Hist\u00f3ria da Ci\u00eancia e Ensino (GHCEN); pesquisa e orienta na \u00e1rea de hist\u00f3ria da ci\u00eancia (HC) e ensino de ci\u00eancias e matem\u00e1tica, tanto no estudo hist\u00f3rico de casos internacionais, como na potencialidade da HC para a forma\u00e7\u00e3o de professores e professoras.<\/p>\n<p>Idealizado pela Coordena\u00e7\u00e3o e realizado por esta em parceria com o Centro Acad\u00eamico do Curso, o evento ocorrer\u00e1 na noite desta ter\u00e7a-feira (30\/05), com in\u00edcio \u00e0s 18h30min, no Audit\u00f3rio Celso Furtado, e \u00e9 voltado \u00e0 comunidade acad\u00eamica do Curso de Matem\u00e1tica, mas todas as pessoas interessadas s\u00e3o bem-vindas. A quem participar ser\u00e1 concedido certificado de 3h.<\/p>\n<p>&nbsp;<\/p>\n<p>Obs.: A palestra ser\u00e1 baseada no <a href=\"https:\/\/www.academia.edu\/3802851\/As_Investiga%C3%A7%C3%B5es_gerais_sobre_superf%C3%ADcies_curvas_de_Gauss_texto_e_an%C3%A1lise_SILVA_Ana_Paula_Bispo_da_MARTINS_Roberto_de_Andrade\"><strong>LIVRO<\/strong><\/a> \u201cInvestiga\u00e7\u00f5es gerais sobre superf\u00edcies curvas\u201d de Gauss: texto e an\u00e1lise.\u00a0SILVA, Ana Paula Bispo da;\u00a0MARTINS, Roberto de Andrade.<\/p>\n<p>&nbsp;<\/p>\n<p>Atenciosamente,<\/p>\n<p>Coordena\u00e7\u00e3o de Licenciatura em Matem\u00e1tica\/CCEA<\/p>\n","protected":false},"excerpt":{"rendered":"<p>Em 1827, o matem\u00e1tico alem\u00e3o Johann Carl Friedrich Gauss publicou seu artigo Disquisitiones generales circa superficies curvae [Investiga\u00e7\u00f5es gerais sobre superf\u00edcies curvas] com o qual inaugurou um dos mais importantes cap\u00edtulos da hist\u00f3ria da Matem\u00e1tica: o estudo da Geometria Diferencial intr\u00ednseca das superf\u00edcies curvas. Gauss mostrou como estudar a geometria de uma superf\u00edcie tomando por <a class=\"leiamais\" href=\"https:\/\/centros.uepb.edu.br\/ccea\/2023\/05\/30\/ciclo-de-palestras-do-curso-de-licenciatura-em-matematica-realiza-palestra-com-tema-gauss-e-o-estudo-das-superficies-curvas\/\">Leia Mais&#8230;<\/a><\/p>\n","protected":false},"author":44,"featured_media":0,"comment_status":"closed","ping_status":"closed","sticky":false,"template":"","format":"standard","meta":{"jetpack_post_was_ever_published":false,"_jetpack_newsletter_access":"","_jetpack_dont_email_post_to_subs":false,"_jetpack_newsletter_tier_id":0,"_jetpack_memberships_contains_paywalled_content":false,"_jetpack_memberships_contains_paid_content":false,"footnotes":"","jetpack_publicize_message":"","jetpack_publicize_feature_enabled":true,"jetpack_social_post_already_shared":true,"jetpack_social_options":{"image_generator_settings":{"template":"highway","default_image_id":0,"font":"","enabled":false},"version":2}},"categories":[23,17,8,32,3,18,24,34],"tags":[],"class_list":["post-2086","post","type-post","status-publish","format-standard","hentry","category-agend-noticias-destaque","category-agend-noticias-destaque-img","category-ccea","category-centros","category-noticias","category-noticias-alunos","category-noticias-professores","category-prograd"],"jetpack_publicize_connections":[],"jetpack_featured_media_url":"","jetpack_sharing_enabled":true,"jetpack_shortlink":"https:\/\/wp.me\/p7WTGX-xE","jetpack_likes_enabled":true,"jetpack-related-posts":[{"id":2037,"url":"https:\/\/centros.uepb.edu.br\/ccea\/2023\/03\/24\/o-curso-de-licenciatura-em-matematica-do-ccea-realizara-sua-aula-inaugural-para-o-semestre-letivo-2023-1-na-proxima-terca-feira\/","url_meta":{"origin":2086,"position":0},"title":"O Curso de Licenciatura em Matem\u00e1tica do CCEA realizar\u00e1 sua aula inaugural para o semestre letivo 2023.1 na pr\u00f3xima ter\u00e7a-feira","author":"olivio","date":"24 de mar\u00e7o de 2023","format":false,"excerpt":"Para marcar o come\u00e7o das atividades do Semestre Letivo 2023.1, o Curso de Matem\u00e1tica do CCEA receber\u00e1, na pr\u00f3xima ter\u00e7a-feira (dia 28\/03) a partir das 18h30min, no Audit\u00f3rio Celso Furtado, a Professora Kelyane Barboza de Abreu, que proferir\u00e1 a Aula Inaugural intitulada \"Matem\u00e1tica: uma ci\u00eancia que nos faz pensar!\". Com\u2026","rel":"","context":"Em &quot;Agend Not\u00edcias Destaque&quot;","block_context":{"text":"Agend Not\u00edcias Destaque","link":"https:\/\/centros.uepb.edu.br\/ccea\/category\/agend-noticias-destaque\/"},"img":{"alt_text":"","src":"https:\/\/i0.wp.com\/centros.uepb.edu.br\/ccea\/files\/2023\/03\/arte_banner_mat5-300x212.png?resize=350%2C200&ssl=1","width":350,"height":200},"classes":[]},{"id":2492,"url":"https:\/\/centros.uepb.edu.br\/ccea\/2025\/07\/01\/coordenacao-do-curso-de-licenciatura-em-matematica-abre-selecao-publica-para-contratacao-de-professores-substitutos\/","url_meta":{"origin":2086,"position":1},"title":"Coordena\u00e7\u00e3o do Curso de Licenciatura em Matem\u00e1tica abre sele\u00e7\u00e3o p\u00fablica para contrata\u00e7\u00e3o de professores substitutos","author":"olivio","date":"1 de julho de 2025","format":false,"excerpt":"A Coordena\u00e7\u00e3o do Curso de Licenciatura em Matem\u00e1tica do Centro de Ci\u00eancias Exatas e Sociais Aplicadas (CCEA), abre sele\u00e7\u00e3o p\u00fablica para contrata\u00e7\u00e3o de professores substitutos. Est\u00e3o sendo oferecidas 3 (tr\u00eas) vagas, sendo duas para a \u00e1rea de Matem\u00e1tica e uma para a \u00e1rea de Educa\u00e7\u00e3o Matem\u00e1tica, todas com regime de\u2026","rel":"","context":"Em &quot;Agend Not\u00edcias Destaque&quot;","block_context":{"text":"Agend Not\u00edcias Destaque","link":"https:\/\/centros.uepb.edu.br\/ccea\/category\/agend-noticias-destaque\/"},"img":{"alt_text":"","src":"https:\/\/i0.wp.com\/centros.uepb.edu.br\/ccea\/files\/2025\/07\/artes_campus_feed_mat2_25a-300x300.png?resize=350%2C200&ssl=1","width":350,"height":200},"classes":[]},{"id":2415,"url":"https:\/\/centros.uepb.edu.br\/ccea\/2025\/04\/08\/coordenacao-do-curso-de-licenciatura-em-matematica-abre-selecao-publica-para-contratacao-de-professor-substituto\/","url_meta":{"origin":2086,"position":2},"title":"Coordena\u00e7\u00e3o do Curso de Licenciatura em Matem\u00e1tica abre sele\u00e7\u00e3o p\u00fablica para contrata\u00e7\u00e3o de professor substituto","author":"olivio","date":"8 de abril de 2025","format":false,"excerpt":"A Coordena\u00e7\u00e3o do Curso de Licenciatura em Matem\u00e1tica do Centro de Ci\u00eancias Exatas e Sociais Aplicadas (CCEA), abre sele\u00e7\u00e3o p\u00fablica para contrata\u00e7\u00e3o de professor substituto. Est\u00e1 sendo oferecida 1 (uma) vaga para a \u00e1rea de Matem\u00e1tica, com regime de trabalho T40. Os interessados em participar da sele\u00e7\u00e3o para a vaga\u2026","rel":"","context":"Em &quot;Agend Not\u00edcias Destaque&quot;","block_context":{"text":"Agend Not\u00edcias Destaque","link":"https:\/\/centros.uepb.edu.br\/ccea\/category\/agend-noticias-destaque\/"},"img":{"alt_text":"","src":"https:\/\/i0.wp.com\/centros.uepb.edu.br\/ccea\/files\/2025\/04\/artes_campus_feed_comp1_25-300x300.jpg?resize=350%2C200&ssl=1","width":350,"height":200},"classes":[]},{"id":2118,"url":"https:\/\/centros.uepb.edu.br\/ccea\/2023\/07\/13\/coordenacao-do-curso-de-licenciatura-em-matematica-abre-selecao-publica-para-professor-substituto\/","url_meta":{"origin":2086,"position":3},"title":"Coordena\u00e7\u00e3o do Curso de Licenciatura em Matem\u00e1tica abre sele\u00e7\u00e3o p\u00fablica para professor substituto","author":"olivio","date":"13 de julho de 2023","format":false,"excerpt":"A Coordena\u00e7\u00e3o do Curso de Licenciatura em Matem\u00e1tica do Centro de Ci\u00eancias Exatas e Sociais Aplicadas \u2013 CCEA, est\u00e1 com sele\u00e7\u00e3o p\u00fablica aberta para contrata\u00e7\u00e3o de professor substituto. Est\u00e1 sendo ofertada 1 (uma) vaga, sendo para a \u00e1rea de Pedagogia com regime de trabalho T40. Os interessados em participar da\u2026","rel":"","context":"Em &quot;Agend Not\u00edcias Destaque&quot;","block_context":{"text":"Agend Not\u00edcias Destaque","link":"https:\/\/centros.uepb.edu.br\/ccea\/category\/agend-noticias-destaque\/"},"img":{"alt_text":"","src":"https:\/\/i0.wp.com\/centros.uepb.edu.br\/ccea\/files\/2023\/07\/artes_campus_feed_edital0123_mat-300x300.png?resize=350%2C200&ssl=1","width":350,"height":200},"classes":[]},{"id":2274,"url":"https:\/\/centros.uepb.edu.br\/ccea\/2024\/04\/16\/coordenacao-do-curso-de-licenciatura-em-matematica-do-ccea-abre-selecao-publica-para-contratacao-de-professor-substituto\/","url_meta":{"origin":2086,"position":4},"title":"Coordena\u00e7\u00e3o do Curso de Licenciatura em Matem\u00e1tica do CCEA abre sele\u00e7\u00e3o p\u00fablica para contrata\u00e7\u00e3o de professor substituto","author":"olivio","date":"16 de abril de 2024","format":false,"excerpt":"A Coordena\u00e7\u00e3o do Curso de Licenciatura em Matem\u00e1tica do Centro de Ci\u00eancias Exatas e Sociais Aplicadas (CCEA), abre sele\u00e7\u00e3o p\u00fablica para contrata\u00e7\u00e3o de professor (a) substituto (a). Est\u00e1 sendo oferecida 1 (uma) vaga para a \u00e1rea de Matem\u00e1tica, com regime de trabalho T40. Os interessados em participar da sele\u00e7\u00e3o precisam\u2026","rel":"","context":"Em &quot;Agend Not\u00edcias Destaque&quot;","block_context":{"text":"Agend Not\u00edcias Destaque","link":"https:\/\/centros.uepb.edu.br\/ccea\/category\/agend-noticias-destaque\/"},"img":{"alt_text":"","src":"https:\/\/i0.wp.com\/centros.uepb.edu.br\/ccea\/files\/2024\/04\/artes_campus_feed_selecao_mat022024-300x300.png?resize=350%2C200&ssl=1","width":350,"height":200},"classes":[]},{"id":2539,"url":"https:\/\/centros.uepb.edu.br\/ccea\/2025\/09\/05\/coordenacao-do-curso-de-licenciatura-em-matematica-abre-selecao-publica-para-contratacao-de-professor-substituto-3\/","url_meta":{"origin":2086,"position":5},"title":"Coordena\u00e7\u00e3o do Curso de Licenciatura em Matem\u00e1tica abre sele\u00e7\u00e3o p\u00fablica para contrata\u00e7\u00e3o de professor substituto","author":"olivio","date":"5 de setembro de 2025","format":false,"excerpt":"A Coordena\u00e7\u00e3o do Curso de Licenciatura em Matem\u00e1tica do Centro de Ci\u00eancias Exatas e Sociais Aplicadas (CCEA), abre sele\u00e7\u00e3o p\u00fablica para contrata\u00e7\u00e3o de professor substituto. Est\u00e1 sendo oferecida 1 (uma) vaga para a \u00e1rea de Pedagogia, com regime de trabalho T40. Os interessados em participar da sele\u00e7\u00e3o precisam possuir Gradua\u00e7\u00e3o\u2026","rel":"","context":"Em &quot;Agend Not\u00edcias Destaque&quot;","block_context":{"text":"Agend Not\u00edcias Destaque","link":"https:\/\/centros.uepb.edu.br\/ccea\/category\/agend-noticias-destaque\/"},"img":{"alt_text":"","src":"https:\/\/i0.wp.com\/centros.uepb.edu.br\/ccea\/files\/2025\/09\/artes_campus_feed_mat4_25-300x300.png?resize=350%2C200&ssl=1","width":350,"height":200},"classes":[]}],"_links":{"self":[{"href":"https:\/\/centros.uepb.edu.br\/ccea\/wp-json\/wp\/v2\/posts\/2086","targetHints":{"allow":["GET"]}}],"collection":[{"href":"https:\/\/centros.uepb.edu.br\/ccea\/wp-json\/wp\/v2\/posts"}],"about":[{"href":"https:\/\/centros.uepb.edu.br\/ccea\/wp-json\/wp\/v2\/types\/post"}],"author":[{"embeddable":true,"href":"https:\/\/centros.uepb.edu.br\/ccea\/wp-json\/wp\/v2\/users\/44"}],"replies":[{"embeddable":true,"href":"https:\/\/centros.uepb.edu.br\/ccea\/wp-json\/wp\/v2\/comments?post=2086"}],"version-history":[{"count":0,"href":"https:\/\/centros.uepb.edu.br\/ccea\/wp-json\/wp\/v2\/posts\/2086\/revisions"}],"wp:attachment":[{"href":"https:\/\/centros.uepb.edu.br\/ccea\/wp-json\/wp\/v2\/media?parent=2086"}],"wp:term":[{"taxonomy":"category","embeddable":true,"href":"https:\/\/centros.uepb.edu.br\/ccea\/wp-json\/wp\/v2\/categories?post=2086"},{"taxonomy":"post_tag","embeddable":true,"href":"https:\/\/centros.uepb.edu.br\/ccea\/wp-json\/wp\/v2\/tags?post=2086"}],"curies":[{"name":"wp","href":"https:\/\/api.w.org\/{rel}","templated":true}]}}