{"id":2037,"date":"2023-03-24T18:35:31","date_gmt":"2023-03-24T18:35:31","guid":{"rendered":"https:\/\/centros.uepb.edu.br\/ccea\/?p=2037"},"modified":"2023-03-24T18:35:31","modified_gmt":"2023-03-24T18:35:31","slug":"o-curso-de-licenciatura-em-matematica-do-ccea-realizara-sua-aula-inaugural-para-o-semestre-letivo-2023-1-na-proxima-terca-feira","status":"publish","type":"post","link":"https:\/\/centros.uepb.edu.br\/ccea\/2023\/03\/24\/o-curso-de-licenciatura-em-matematica-do-ccea-realizara-sua-aula-inaugural-para-o-semestre-letivo-2023-1-na-proxima-terca-feira\/","title":{"rendered":"O Curso de Licenciatura em Matem\u00e1tica do CCEA realizar\u00e1 sua aula inaugural para o semestre letivo 2023.1 na pr\u00f3xima ter\u00e7a-feira"},"content":{"rendered":"<p style=\"text-align: center\"><img loading=\"lazy\" decoding=\"async\" class=\"aligncenter size-medium wp-image-2038 img-responsive\" src=\"https:\/\/centros.uepb.edu.br\/ccea\/files\/2023\/03\/arte_banner_mat5-300x212.png\" alt=\"\" width=\"300\" height=\"212\" srcset=\"https:\/\/centros.uepb.edu.br\/ccea\/files\/2023\/03\/arte_banner_mat5-300x212.png 300w, https:\/\/centros.uepb.edu.br\/ccea\/files\/2023\/03\/arte_banner_mat5-1536x1086.png 1536w, https:\/\/centros.uepb.edu.br\/ccea\/files\/2023\/03\/arte_banner_mat5-1120x792.png 1120w, https:\/\/centros.uepb.edu.br\/ccea\/files\/2023\/03\/arte_banner_mat5.png 1684w\" sizes=\"auto, (max-width: 300px) 100vw, 300px\" \/><\/p>\n<p>Para marcar o come\u00e7o das atividades do Semestre Letivo 2023.1, o Curso de Matem\u00e1tica do CCEA receber\u00e1, na pr\u00f3xima ter\u00e7a-feira (dia 28\/03) a partir das 18h30min, no Audit\u00f3rio Celso Furtado, a Professora Kelyane Barboza de Abreu, que proferir\u00e1 a Aula Inaugural intitulada &#8220;Matem\u00e1tica: uma ci\u00eancia que nos faz pensar!&#8221;. Com essa Aula, o Curso tamb\u00e9m dar\u00e1 in\u00edcio a seu Ciclo de Palestras 2023.<\/p>\n<p>A palestrante nos diz que &#8220;a matem\u00e1tica \u00e9 uma ci\u00eancia que nos ajuda a pensar. Al\u00e9m de toda aplicabilidade em diversas \u00e1reas da vida cotidiana, a matem\u00e1tica tamb\u00e9m nos auxilia no desenvolvimento do pensamento l\u00f3gico, anal\u00edtico e criativo. Nesse sentido, a palestra tem o objetivo de discutir a matem\u00e1tica por essa perspectiva e conscientizar os participantes sobre o papel do professor nesse caminho de constru\u00e7\u00e3o do pensamento matem\u00e1tico.&#8221;<\/p>\n<p>Kelyane \u00e9 licenciada e mestra pela Universidade Federal da Para\u00edba (2011 e 2014, respectivamente) e doutora pela Universidade Federal Fluminense (2019), tudo em Matem\u00e1tica. Trabalha na \u00e1rea de Geometria Alg\u00e9brica, com \u00eanfase no estudo das variedades abelianas e mapas de Abel-Prym. J\u00e1 fez parte do corpo docente do Curso de Matem\u00e1tica do CCEA e atualmente integra o quadro efetivo do Departamento de Ci\u00eancia e Tecnologia da Universidade Federal Rural do Semi\u00e1rido, Campus Cara\u00fabas.<\/p>\n<p>O evento \u00e9 voltado \u00e0 comunidade acad\u00eamica do Curso de Matem\u00e1tica, mas todos que tiverem interesse s\u00e3o bem-vindos. A quem participar ser\u00e1 concedido certificado de 3h.<\/p>\n<p>&nbsp;<\/p>\n<p>Atenciosamente,<\/p>\n<p>Coordena\u00e7\u00e3o do Curso de Licenciatura em Matem\u00e1tica\/CCEA.<\/p>\n","protected":false},"excerpt":{"rendered":"<p>Para marcar o come\u00e7o das atividades do Semestre Letivo 2023.1, o Curso de Matem\u00e1tica do CCEA receber\u00e1, na pr\u00f3xima ter\u00e7a-feira (dia 28\/03) a partir das 18h30min, no Audit\u00f3rio Celso Furtado, a Professora Kelyane Barboza de Abreu, que proferir\u00e1 a Aula Inaugural intitulada &#8220;Matem\u00e1tica: uma ci\u00eancia que nos faz pensar!&#8221;. Com essa Aula, o Curso tamb\u00e9m <a class=\"leiamais\" href=\"https:\/\/centros.uepb.edu.br\/ccea\/2023\/03\/24\/o-curso-de-licenciatura-em-matematica-do-ccea-realizara-sua-aula-inaugural-para-o-semestre-letivo-2023-1-na-proxima-terca-feira\/\">Leia Mais&#8230;<\/a><\/p>\n","protected":false},"author":44,"featured_media":0,"comment_status":"closed","ping_status":"closed","sticky":false,"template":"","format":"standard","meta":{"jetpack_post_was_ever_published":false,"_jetpack_newsletter_access":"","_jetpack_dont_email_post_to_subs":false,"_jetpack_newsletter_tier_id":0,"_jetpack_memberships_contains_paywalled_content":false,"_jetpack_memberships_contains_paid_content":false,"footnotes":"","jetpack_publicize_message":"","jetpack_publicize_feature_enabled":true,"jetpack_social_post_already_shared":true,"jetpack_social_options":{"image_generator_settings":{"template":"highway","default_image_id":0,"font":"","enabled":false},"version":2}},"categories":[23,8,32,3,18,15,24,34],"tags":[],"class_list":["post-2037","post","type-post","status-publish","format-standard","hentry","category-agend-noticias-destaque","category-ccea","category-centros","category-noticias","category-noticias-alunos","category-noticias-destaque","category-noticias-professores","category-prograd"],"jetpack_publicize_connections":[],"jetpack_featured_media_url":"","jetpack_sharing_enabled":true,"jetpack_shortlink":"https:\/\/wp.me\/p7WTGX-wR","jetpack_likes_enabled":true,"jetpack-related-posts":[{"id":1699,"url":"https:\/\/centros.uepb.edu.br\/ccea\/2022\/05\/03\/foi-realizada-no-ccea-a-solenidade-hibrida-de-colacao-de-grau-dos-alunos-concluintes-do-semestre-letivo-2021-2\/","url_meta":{"origin":2037,"position":0},"title":"Foi realizada no CCEA a solenidade h\u00edbrida de Cola\u00e7\u00e3o de Grau dos alunos concluintes do semestre letivo 2021.2","author":"olivio","date":"3 de maio de 2022","format":false,"excerpt":"Foi realizada nesta ter\u00e7a-feira (03), de maneira h\u00edbrida, a solenidade de Cola\u00e7\u00e3o de Grau dos alunos que conclu\u00edram suas gradua\u00e7\u00f5es no semestre letivo 2021.2. A cerim\u00f4nia aconteceu no Audit\u00f3rio Celso Furtado do Centro de Ci\u00eancias Exatas e Sociais Aplicadas (CCEA) \/Campus VII, e contou com a participa\u00e7\u00e3o da Reitora C\u00e9lia\u2026","rel":"","context":"Em &quot;Agend Not\u00edcias Destaque&quot;","block_context":{"text":"Agend Not\u00edcias Destaque","link":"https:\/\/centros.uepb.edu.br\/ccea\/category\/agend-noticias-destaque\/"},"img":{"alt_text":"","src":"https:\/\/i0.wp.com\/centros.uepb.edu.br\/ccea\/files\/2022\/05\/8CED5996-9445-4284-B7D1-F175A5C9E5F0-300x225.jpg?resize=350%2C200&ssl=1","width":350,"height":200},"classes":[]},{"id":1948,"url":"https:\/\/centros.uepb.edu.br\/ccea\/2022\/08\/26\/foi-realizada-no-ccea-a-solenidade-de-colacao-de-grau-dos-alunos-concluintes-do-semestre-letivo-2022-1\/","url_meta":{"origin":2037,"position":1},"title":"Foi realizada no CCEA a solenidade de Cola\u00e7\u00e3o de Grau dos alunos concluintes do semestre letivo 2022.1","author":"olivio","date":"26 de agosto de 2022","format":false,"excerpt":"Foi realizada na \u00faltima quinta-feira (25), a solenidade de Cola\u00e7\u00e3o de Grau dos alunos que conclu\u00edram suas gradua\u00e7\u00f5es no semestre letivo 2022.1. A cerim\u00f4nia aconteceu no Audit\u00f3rio Celso Furtado do Centro de Ci\u00eancias Exatas e Sociais Aplicadas (CCEA) \/Campus VII, e contou com a participa\u00e7\u00e3o da Reitora C\u00e9lia Regina e\u2026","rel":"","context":"Em &quot;Agend Not\u00edcias Destaque&quot;","block_context":{"text":"Agend Not\u00edcias Destaque","link":"https:\/\/centros.uepb.edu.br\/ccea\/category\/agend-noticias-destaque\/"},"img":{"alt_text":"","src":"https:\/\/i0.wp.com\/centros.uepb.edu.br\/ccea\/files\/2022\/08\/B36771D9-931F-4DAF-AA08-6947B03C1416-300x225.jpg?resize=350%2C200&ssl=1","width":350,"height":200},"classes":[]},{"id":2056,"url":"https:\/\/centros.uepb.edu.br\/ccea\/2023\/04\/17\/ciclo-de-palestras-do-curso-de-matematica-recebe-palestra-sobre-tecnologias-digitais-nas-aulas-de-matematica\/","url_meta":{"origin":2037,"position":2},"title":"Ciclo de Palestras do Curso de Matem\u00e1tica recebe palestra sobre tecnologias digitais nas aulas de Matem\u00e1tica","author":"olivio","date":"17 de abril de 2023","format":false,"excerpt":"Na pr\u00f3xima quarta-feira (19), o Ciclo de Palestras 2023 do Curso de Matem\u00e1tica receber\u00e1 o Prof. Dr. Helber Rangel Formiga Leite de Almeida (UFCG\/CCTA\/UACTA). Na palestra intitulada \u00abTecnologias Digitais e as Metodologias de Aprendizagem Ativa\u00bb \u2014 motivada pela seguinte indaga\u00e7\u00e3o: Que mudan\u00e7as podem ocorrer na sala de aula de matem\u00e1tica\u2026","rel":"","context":"Em &quot;Agend Not\u00edcias Destaque&quot;","block_context":{"text":"Agend Not\u00edcias Destaque","link":"https:\/\/centros.uepb.edu.br\/ccea\/category\/agend-noticias-destaque\/"},"img":{"alt_text":"","src":"https:\/\/i0.wp.com\/centros.uepb.edu.br\/ccea\/files\/2023\/04\/arte_banner_mat_even2-300x212.png?resize=350%2C200&ssl=1","width":350,"height":200},"classes":[]},{"id":1941,"url":"https:\/\/centros.uepb.edu.br\/ccea\/2022\/08\/26\/centro-de-ciencias-exatas-e-sociais-aplicadas-da-universidade-estadual-da-paraiba-celebra-16-anos-de-fundacao\/","url_meta":{"origin":2037,"position":3},"title":"Centro de Ci\u00eancias Exatas e Sociais Aplicadas da Universidade Estadual da Para\u00edba celebra 16 anos de funda\u00e7\u00e3o","author":"olivio","date":"26 de agosto de 2022","format":false,"excerpt":"Em homenagem aos 16 anos do Centro de Ci\u00eancias Exatas e Sociais Aplicadas \u2013 CCEA da Universidade Estadual da Para\u00edba \u2013 UEPB ser\u00e1 realizada na pr\u00f3xima quarta-feira (31) a aula inaugural do semestre letivo 2022.2 com Apresenta\u00e7\u00e3o Cultural do N\u00facleo de Arte e Cultura \u2013 NarC e realiza\u00e7\u00e3o de Palestra\u2026","rel":"","context":"Em &quot;Agend Not\u00edcias Destaque&quot;","block_context":{"text":"Agend Not\u00edcias Destaque","link":"https:\/\/centros.uepb.edu.br\/ccea\/category\/agend-noticias-destaque\/"},"img":{"alt_text":"","src":"https:\/\/i0.wp.com\/centros.uepb.edu.br\/ccea\/files\/2022\/08\/artes_logo16_1-300x300.png?resize=350%2C200&ssl=1","width":350,"height":200},"classes":[]},{"id":1102,"url":"https:\/\/centros.uepb.edu.br\/ccea\/2018\/06\/08\/coordenacao-de-tcc-do-curso-de-matematica-do-campus-vii-informa-sobre-cronograma-de-atividades-do-semestre-letivo-2017-2\/","url_meta":{"origin":2037,"position":4},"title":"Coordena\u00e7\u00e3o de TCC de Matem\u00e1tica do C\u00e2mpus VII informa sobre cronograma de atividades do semestre 2017.2","author":"tatiany","date":"8 de junho de 2018","format":false,"excerpt":"A Coordena\u00e7\u00e3o do Curso de Licenciatura em Matem\u00e1tica do Centro de Ci\u00eancias Exatas e Sociais Aplicadas, da Universidade Estadual da Para\u00edba (UEPB), atrav\u00e9s da coordenadoria dos Trabalhos de Conclus\u00e3o de Curso (TCC), torna p\u00fablicas as datas e hor\u00e1rios em que ocorrer\u00e3o as defesas dos trabalhos do semestre letivo 2017.2. A\u2026","rel":"","context":"Em &quot;CCEA&quot;","block_context":{"text":"CCEA","link":"https:\/\/centros.uepb.edu.br\/ccea\/category\/ccea\/"},"img":{"alt_text":"","src":"","width":0,"height":0},"classes":[]},{"id":2302,"url":"https:\/\/centros.uepb.edu.br\/ccea\/2024\/06\/04\/ciclo-de-palestras-do-curso-de-licenciatura-em-matematica-realiza-palestra-sobre-o-ultimo-teorema-de-fermat\/","url_meta":{"origin":2037,"position":5},"title":"Ciclo de Palestras do Curso de Licenciatura em Matem\u00e1tica realiza palestra sobre o \u00daltimo Teorema de Fermat","author":"olivio","date":"4 de junho de 2024","format":false,"excerpt":"Para inaugurar seu Ciclo de Palestras 2024, o Curso de Matem\u00e1tica do CCEA receber\u00e1, na pr\u00f3xima quinta-feira (dia 06\/06), a partir das 18h30min, no Audit\u00f3rio Celso Furtado, o Professor Dr. Vandenberg Lopes Vieira, que proferir\u00e1 a palestra intitulada \"Algumas Considera\u00e7\u00f5es sobre o \u00daltimo Teorema de Fermat por meio de Conceitos\u2026","rel":"","context":"Em &quot;Agend Not\u00edcias Destaque&quot;","block_context":{"text":"Agend Not\u00edcias Destaque","link":"https:\/\/centros.uepb.edu.br\/ccea\/category\/agend-noticias-destaque\/"},"img":{"alt_text":"","src":"https:\/\/i0.wp.com\/centros.uepb.edu.br\/ccea\/files\/2024\/06\/arte_banner_ciclo_mat1-1-245x300.png?resize=350%2C200&ssl=1","width":350,"height":200},"classes":[]}],"_links":{"self":[{"href":"https:\/\/centros.uepb.edu.br\/ccea\/wp-json\/wp\/v2\/posts\/2037","targetHints":{"allow":["GET"]}}],"collection":[{"href":"https:\/\/centros.uepb.edu.br\/ccea\/wp-json\/wp\/v2\/posts"}],"about":[{"href":"https:\/\/centros.uepb.edu.br\/ccea\/wp-json\/wp\/v2\/types\/post"}],"author":[{"embeddable":true,"href":"https:\/\/centros.uepb.edu.br\/ccea\/wp-json\/wp\/v2\/users\/44"}],"replies":[{"embeddable":true,"href":"https:\/\/centros.uepb.edu.br\/ccea\/wp-json\/wp\/v2\/comments?post=2037"}],"version-history":[{"count":0,"href":"https:\/\/centros.uepb.edu.br\/ccea\/wp-json\/wp\/v2\/posts\/2037\/revisions"}],"wp:attachment":[{"href":"https:\/\/centros.uepb.edu.br\/ccea\/wp-json\/wp\/v2\/media?parent=2037"}],"wp:term":[{"taxonomy":"category","embeddable":true,"href":"https:\/\/centros.uepb.edu.br\/ccea\/wp-json\/wp\/v2\/categories?post=2037"},{"taxonomy":"post_tag","embeddable":true,"href":"https:\/\/centros.uepb.edu.br\/ccea\/wp-json\/wp\/v2\/tags?post=2037"}],"curies":[{"name":"wp","href":"https:\/\/api.w.org\/{rel}","templated":true}]}}