{"id":1528,"date":"2019-09-04T11:45:23","date_gmt":"2019-09-04T11:45:23","guid":{"rendered":"https:\/\/www.interno.uepb.edu.br\/?p=51033"},"modified":"2019-09-04T11:45:23","modified_gmt":"2019-09-04T11:45:23","slug":"centro-de-ciencias-exatas-e-sociais-aplicadas-da-uepb-promove-oficinas-de-teatro-em-parceria-com-o-sesc-2","status":"publish","type":"post","link":"https:\/\/centros.uepb.edu.br\/ccea\/2019\/09\/04\/centro-de-ciencias-exatas-e-sociais-aplicadas-da-uepb-promove-oficinas-de-teatro-em-parceria-com-o-sesc-2\/","title":{"rendered":"Centro de Ci\u00eancias Exatas e Sociais Aplicadas da UEPB promove oficinas de teatro em parceria com o Sesc"},"content":{"rendered":"<p>O Centro de Ci\u00eancias Exatas e Sociais Aplicadas (CCEA) da Universidade Estadual da Para\u00edba (UEPB), localizado no C\u00e2mpus VII, em Patos, est\u00e1 com inscri\u00e7\u00f5es abertas para a realiza\u00e7\u00e3o de oficinas de teatro. As atividades fazem parte do projeto \u201cPara\u00edba encena\u201d e, na UEPB, acontecem de 9 a 13 de setembro, gra\u00e7as a uma parceria entre o CCEA e o Servi\u00e7o Social do Com\u00e9rcio (SESC). No total, est\u00e3o sendo ofertadas 85 vagas, distribu\u00eddas entre as oficinas \u201cBrincando de Ser Brincante\u201d, \u201cDo texto \u00e0 cena\u201d, \u201cJogos de Cena\u201d e  \u201cDescobrindo o Teatro\u201d. Todas as atividades ser\u00e3o desenvolvidas das 8h \u00e0s 11h, no Audit\u00f3rio Celso Furtado, C\u00e2mpus VII.<\/p>\n<p>A oficina \u201cBrincando de Ser Brincante\u201d ser\u00e1 ministrada pelo Grupo Loz Iranzi, no dia 9. Nesta oficina, os participantes ter\u00e3o a oportunidade de experimentar e vivenciar a arte circense em duas modalidades: malabarismo e palha\u00e7aria. A partir da espontaneidade, do improviso e da criatividade, numa rela\u00e7\u00e3o de troca, o grupo buscar\u00e1 vivenciar valores como generosidade, sinceridade e afeto para, a partir da\u00ed, se chegar ao l\u00fadico e ao riso. As inscri\u00e7\u00f5es para os interessados podem ser realizadas pela internet atrav\u00e9s do link <strong><a href=\"https:\/\/www.doity.com.br\/oficinabrincandodeserbrincante-patos\"  rel=\"noreferrer noopener\" aria-label=\" (opens in a new tab)\">https:\/\/www.doity.com.br\/oficinabrincandodeserbrincante-patos<\/a><\/strong>.<\/p>\n<p>J\u00e1 a oficina \u201cDo texto \u00e0 cena\u201d ser\u00e1 ministrada no dia 11, das 8h \u00e0s 11h, pelo Grupo Teatro Osfodid\u00e1rio. Nessa oficina o p\u00fablico ser\u00e1 convidado a conhecer e vivenciar alguns exerc\u00edcios de adapta\u00e7\u00e3o de textos narrativos e po\u00e9ticos para o teatro. Durante a atividade, ser\u00e3o evidenciados os processos de adapta\u00e7\u00e3o e de montagem dentro e fora da sala de ensaio. As inscri\u00e7\u00f5es podem ser feitas pelo link <strong><a href=\"https:\/\/www.doity.com.br\/oficina-dotextoacena-patos\"  rel=\"noreferrer noopener\" aria-label=\" (opens in a new tab)\">https:\/\/www.doity.com.br\/oficina-dotextoacena-patos<\/a><\/strong>.<\/p>\n<p>As atividades prosseguem no dia 12, com a realiza\u00e7\u00e3o da oficina \u201cJogos de Cena\u201d, ministrada pelo Grupo de Teatro Coletivo Alfeni. Atrav\u00e9s de exerc\u00edcios de improvisa\u00e7\u00e3o com base em cenas modelares da obra de Shakespeare, Brecht e Heiner M\u00fbller, a oficina introduz os fundamentos do m\u00e9todo dial\u00e9tico para o desenvolvimento de uma pr\u00e1tica dramat\u00fargica de ator em cena, pautada pelo princ\u00edpio da contradi\u00e7\u00e3o. Os interessados podem fazer a inscri\u00e7\u00e3o atrav\u00e9s do link <strong><a href=\"https:\/\/www.doity.com.br\/oficina-jogosdecena-patos\"  rel=\"noreferrer noopener\" aria-label=\" (opens in a new tab)\">https:\/\/www.doity.com.br\/oficina-jogosdecena-patos<\/a><\/strong>.<\/p>\n<p>No dia 13, ser\u00e1 a vez da oficina  \u201cDescobrindo o Teatro\u201d, sob responsabilidade do Grupo Teatro Oficina. Essa atividade prop\u00f5e aos participantes entrar em contato com o que \u00e9 anterior a qualquer t\u00e9cnica de express\u00e3o oral ou corporal. Em um ambiente descontra\u00eddo e repleto de generosidade, os participantes se divertir\u00e3o e se redescobrir\u00e3o como seres sens\u00edveis e potentes. Por ter essa caracter\u00edstica, a oficina \u00e9 indicada a todas as pessoas que querem exercitar, por meio da arte teatral, a supera\u00e7\u00e3o da timidez no contato com outras pessoas. As inscri\u00e7\u00f5es est\u00e3o sendo feitas atrav\u00e9s do ink <strong><a href=\"https:\/\/www.doity.com.br\/oficina-descobrindooteatro-patos\"  rel=\"noreferrer noopener\" aria-label=\" (opens in a new tab)\">https:\/\/www.doity.com.br\/oficina-descobrindooteatro-patos<\/a><\/strong>.<\/p>\n<p>Ao t\u00e9rmino dos trabalhos, os participantes ser\u00e3o convidados a preparar e encenar uma pe\u00e7a teatral a partir das t\u00e9cnicas e conhecimentos transmitidos nas oficinas. Outras informa\u00e7\u00f5es podem ser obtidas pelo telefone (83) 3421-1475.<\/p>\n<p><em><strong>Texto:<\/strong> Severino Lopes<\/em><\/p>\n","protected":false},"excerpt":{"rendered":"<p>O Centro de Ci\u00eancias Exatas e Sociais Aplicadas (CCEA) da Universidade Estadual da Para\u00edba (UEPB), localizado no C\u00e2mpus VII, em Patos, est\u00e1 com inscri\u00e7\u00f5es abertas para a realiza\u00e7\u00e3o de oficinas de teatro. As atividades fazem parte do projeto \u201cPara\u00edba encena\u201d e, na UEPB, acontecem de 9 a 13 de setembro, gra\u00e7as a uma parceria entre <a class=\"leiamais\" href=\"https:\/\/www.interno.uepb.edu.br\/centro-de-ciencias-exatas-e-sociais-aplicadas-da-uepb-promove-oficinas-de-teatro-em-parceria-com-sesc\/\">Leia Mais&#8230;<\/a><\/p>\n","protected":false},"author":25,"featured_media":0,"comment_status":"closed","ping_status":"closed","sticky":false,"template":"","format":"standard","meta":{"jetpack_post_was_ever_published":false,"_jetpack_newsletter_access":"","_jetpack_dont_email_post_to_subs":false,"_jetpack_newsletter_tier_id":0,"_jetpack_memberships_contains_paywalled_content":false,"_jetpack_memberships_contains_paid_content":false,"footnotes":"","jetpack_publicize_message":"","jetpack_publicize_feature_enabled":true,"jetpack_social_post_already_shared":true,"jetpack_social_options":{"image_generator_settings":{"template":"highway","default_image_id":0,"font":"","enabled":false},"version":2}},"categories":[8,3],"tags":[],"class_list":["post-1528","post","type-post","status-publish","format-standard","hentry","category-ccea","category-noticias"],"jetpack_publicize_connections":[],"jetpack_featured_media_url":"","jetpack_sharing_enabled":true,"jetpack_shortlink":"https:\/\/wp.me\/p7WTGX-oE","jetpack_likes_enabled":true,"jetpack-related-posts":[{"id":1295,"url":"https:\/\/centros.uepb.edu.br\/ccea\/2019\/09\/04\/centro-de-ciencias-exatas-e-sociais-aplicadas-da-uepb-promove-oficinas-de-teatro-em-parceria-com-o-sesc\/","url_meta":{"origin":1528,"position":0},"title":"Centro de Ci\u00eancias Exatas e Sociais Aplicadas da UEPB promove oficinas de teatro em parceria com o Sesc","author":"tatiana","date":"4 de setembro de 2019","format":false,"excerpt":"O Centro de Ci\u00eancias Exatas e Sociais Aplicadas (CCEA) da Universidade Estadual da Para\u00edba (UEPB), localizado no C\u00e2mpus VII, em Patos, est\u00e1 com inscri\u00e7\u00f5es abertas para a realiza\u00e7\u00e3o de oficinas de teatro. As atividades fazem parte do projeto \u201cPara\u00edba encena\u201d e, na UEPB, acontecem de 9 a 13 de setembro,\u2026","rel":"","context":"Em &quot;CCEA&quot;","block_context":{"text":"CCEA","link":"https:\/\/centros.uepb.edu.br\/ccea\/category\/ccea\/"},"img":{"alt_text":"","src":"","width":0,"height":0},"classes":[]},{"id":1323,"url":"https:\/\/centros.uepb.edu.br\/ccea\/2019\/11\/28\/nucleo-de-arte-e-cultura-do-centro-de-ciencias-exatas-e-sociais-aplicadas-realiza-1a-mostra-de-musica\/","url_meta":{"origin":1528,"position":1},"title":"N\u00facleo de Arte e Cultura do Centro de Ci\u00eancias Exatas e Sociais Aplicadas realiza 1\u00aa Mostra de M\u00fasica","author":"tatiana","date":"28 de novembro de 2019","format":false,"excerpt":"O N\u00facleo de Arte e Cultura do C\u00e2mpus VII (NarC7) da Universidade Estadual da Para\u00edba (UEPB), em Patos, realiza nesta quinta-feira (28) a sua 1\u00aa Mostra Musical. O evento art\u00edstico acontece no Audit\u00f3rio Celso Furtado, a partir das 19h. Durante o evento, ser\u00e3o apresentados os resultados dos trabalhos desenvolvidos nos\u2026","rel":"","context":"Em &quot;CCEA&quot;","block_context":{"text":"CCEA","link":"https:\/\/centros.uepb.edu.br\/ccea\/category\/ccea\/"},"img":{"alt_text":"","src":"https:\/\/i0.wp.com\/www.uepb.edu.br\/wp-content\/uploads\/2019\/11\/NARC7.jpg?fit=729%2C1024&resize=350%2C200","width":350,"height":200},"classes":[]},{"id":1518,"url":"https:\/\/centros.uepb.edu.br\/ccea\/2019\/11\/28\/nucleo-de-arte-e-cultura-do-centro-de-ciencias-exatas-e-sociais-aplicadas-realiza-1a-mostra-de-musica-2\/","url_meta":{"origin":1528,"position":2},"title":"N\u00facleo de Arte e Cultura do Centro de Ci\u00eancias Exatas e Sociais Aplicadas realiza 1\u00aa Mostra de M\u00fasica","author":"tatiana","date":"28 de novembro de 2019","format":false,"excerpt":"O N\u00facleo de Arte e Cultura do C\u00e2mpus VII (NarC7) da Universidade Estadual da Para\u00edba (UEPB), em Patos, realiza nesta quinta-feira (28) a sua 1\u00aa Mostra Musical. O evento art\u00edstico acontece no Audit\u00f3rio Celso Furtado, a partir das 19h. Durante o evento, ser\u00e3o apresentados os resultados dos trabalhos desenvolvidos nos\u2026","rel":"","context":"Em &quot;CCEA&quot;","block_context":{"text":"CCEA","link":"https:\/\/centros.uepb.edu.br\/ccea\/category\/ccea\/"},"img":{"alt_text":"","src":"https:\/\/i0.wp.com\/www.interno.uepb.edu.br\/wp-content\/uploads\/2019\/11\/NARC7.jpg?resize=350%2C200&ssl=1","width":350,"height":200},"classes":[]},{"id":345,"url":"https:\/\/centros.uepb.edu.br\/ccea\/2016\/08\/29\/centro-de-ciencias-exatas-e-sociais-aplicadas-da-uepb-promove-sarau-pedagogico-no-campus-de-patos\/","url_meta":{"origin":1528,"position":3},"title":"Centro de Ci\u00eancias Exatas e Sociais Aplicadas da UEPB promove Sarau Pedag\u00f3gico no C\u00e2mpus de Patos","author":"arnaud","date":"29 de agosto de 2016","format":false,"excerpt":"O C\u00e2mpus VII da Universidade Estadual da Para\u00edba (UEPB), localizado no munic\u00edpio de Patos, no Sert\u00e3o paraibano, promove no dia 5 de setembro, a partir das 18h30, um Sarau Pedag\u00f3gico, como parte das atividades da segunda edi\u00e7\u00e3o do Semin\u00e1rio Pedag\u00f3gico das Licenciaturas (SEMPEL). O evento ser\u00e1 realizado no Centro de\u2026","rel":"","context":"Em &quot;CCEA&quot;","block_context":{"text":"CCEA","link":"https:\/\/centros.uepb.edu.br\/ccea\/category\/ccea\/"},"img":{"alt_text":"Sarau Pedag\u00f3gico","src":"https:\/\/i0.wp.com\/www.uepb.edu.br\/wp-content\/uploads\/2016\/08\/Sarau-Pedag%C3%B3gico.jpg?resize=350%2C200","width":350,"height":200,"srcset":"https:\/\/i0.wp.com\/www.uepb.edu.br\/wp-content\/uploads\/2016\/08\/Sarau-Pedag%C3%B3gico.jpg?resize=350%2C200 1x, https:\/\/i0.wp.com\/www.uepb.edu.br\/wp-content\/uploads\/2016\/08\/Sarau-Pedag%C3%B3gico.jpg?resize=525%2C300 1.5x"},"classes":[]},{"id":939,"url":"https:\/\/centros.uepb.edu.br\/ccea\/2018\/03\/22\/ginastica-laboral-e-oferecida-aos-servidores-do-centro-de-ciencias-exatas-e-sociais-aplicadas\/","url_meta":{"origin":1528,"position":4},"title":"Gin\u00e1stica laboral \u00e9 oferecida aos servidores do Centro de Ci\u00eancias Exatas e Sociais Aplicadas","author":"tatiana","date":"22 de mar\u00e7o de 2018","format":false,"excerpt":"Preocupada com o bem-estar de professores e t\u00e9cnicos administrativos, e com a preven\u00e7\u00e3o de doen\u00e7as ocupacionais como dores e inc\u00f4modos que ocorrem devido \u00e0s atividades cotidianas de um ambiente de trabalho, a dire\u00e7\u00e3o do Centro de Ci\u00eancias Exatas e Sociais Aplicadas (CCEA), da Universidade Estadual da Para\u00edba (UEPB), por meio\u2026","rel":"","context":"Em &quot;CCEA&quot;","block_context":{"text":"CCEA","link":"https:\/\/centros.uepb.edu.br\/ccea\/category\/ccea\/"},"img":{"alt_text":"","src":"","width":0,"height":0},"classes":[]},{"id":704,"url":"https:\/\/centros.uepb.edu.br\/ccea\/2017\/11\/16\/2o-seminario-pedagogico-das-licenciaturas-debatera-a-ciencia-e-a-formacao-do-professor-contemporaneo\/","url_meta":{"origin":1528,"position":5},"title":"2\u00ba Semin\u00e1rio Pedag\u00f3gico das Licenciaturas debater\u00e1 a Ci\u00eancia e a forma\u00e7\u00e3o do professor contempor\u00e2neo","author":"tatiana","date":"16 de novembro de 2017","format":false,"excerpt":"A Universidade Estadual da Para\u00edba (UEPB), atrav\u00e9s do Centro de Ci\u00eancias Exatas e Sociais Aplicadas (CCEA), em parceria com a Editora da Institui\u00e7\u00e3o (EDUEPB), promove a 2\u00aa Edi\u00e7\u00e3o do Semin\u00e1rio Pedag\u00f3gico das Licenciaturas (SEMPEL). O evento acontece entre os dias 5 e 7 de dezembro, no Audit\u00f3rio Celso Furtado, no\u2026","rel":"","context":"Em &quot;CCEA&quot;","block_context":{"text":"CCEA","link":"https:\/\/centros.uepb.edu.br\/ccea\/category\/ccea\/"},"img":{"alt_text":"","src":"https:\/\/i0.wp.com\/www.uepb.edu.br\/wp-content\/uploads\/2017\/11\/SEMPEL-FOTO.jpg?resize=350%2C200","width":350,"height":200},"classes":[]}],"_links":{"self":[{"href":"https:\/\/centros.uepb.edu.br\/ccea\/wp-json\/wp\/v2\/posts\/1528","targetHints":{"allow":["GET"]}}],"collection":[{"href":"https:\/\/centros.uepb.edu.br\/ccea\/wp-json\/wp\/v2\/posts"}],"about":[{"href":"https:\/\/centros.uepb.edu.br\/ccea\/wp-json\/wp\/v2\/types\/post"}],"author":[{"embeddable":true,"href":"https:\/\/centros.uepb.edu.br\/ccea\/wp-json\/wp\/v2\/users\/25"}],"replies":[{"embeddable":true,"href":"https:\/\/centros.uepb.edu.br\/ccea\/wp-json\/wp\/v2\/comments?post=1528"}],"version-history":[{"count":0,"href":"https:\/\/centros.uepb.edu.br\/ccea\/wp-json\/wp\/v2\/posts\/1528\/revisions"}],"wp:attachment":[{"href":"https:\/\/centros.uepb.edu.br\/ccea\/wp-json\/wp\/v2\/media?parent=1528"}],"wp:term":[{"taxonomy":"category","embeddable":true,"href":"https:\/\/centros.uepb.edu.br\/ccea\/wp-json\/wp\/v2\/categories?post=1528"},{"taxonomy":"post_tag","embeddable":true,"href":"https:\/\/centros.uepb.edu.br\/ccea\/wp-json\/wp\/v2\/tags?post=1528"}],"curies":[{"name":"wp","href":"https:\/\/api.w.org\/{rel}","templated":true}]}}