{"id":1526,"date":"2019-09-05T13:46:09","date_gmt":"2019-09-05T13:46:09","guid":{"rendered":"https:\/\/www.interno.uepb.edu.br\/?p=51061"},"modified":"2019-09-05T13:46:09","modified_gmt":"2019-09-05T13:46:09","slug":"campus-vii-da-universidade-estadual-lanca-edital-para-representacao-docente-no-consuni-e-consepe","status":"publish","type":"post","link":"https:\/\/centros.uepb.edu.br\/ccea\/2019\/09\/05\/campus-vii-da-universidade-estadual-lanca-edital-para-representacao-docente-no-consuni-e-consepe\/","title":{"rendered":"C\u00e2mpus VII da Universidade Estadual lan\u00e7a edital para representa\u00e7\u00e3o docente no Consuni e Consepe"},"content":{"rendered":"<p>A Comiss\u00e3o Eleitoral do Centro de Ci\u00eancias Exatas e Sociais Aplicadas (CCEA) da Universidade Estadual da Para\u00edba (UEPB), localizado no C\u00e2mpus VII, em Patos, publicou edital para elei\u00e7\u00e3o dos representantes docentes junto ao Conselho Universit\u00e1rio (Consuni) e ao Conselho de Ensino, Pesquisa e Extens\u00e3o (Consepe) da Institui\u00e7\u00e3o. A elei\u00e7\u00e3o acontece no dia 18 de setembro, das 8h \u00e0s 13h e das 18h \u00e0s 21h, no Audit\u00f3rio do CCEA.<\/p>\n<p>Os interessados devem se inscrever at\u00e9 o dia 11 de setembro, no hor\u00e1rio das 9h \u00e0s 12h, na Secretaria Integrada do C\u00e2mpus VII. Podem se inscrever como candidatos a representa\u00e7\u00e3o docentes nos conselhos superiores da UEPB os professores integrantes da carreira do magist\u00e9rio, lotados nos departamentos do CCEA e em efetivo exerc\u00edcio. A apura\u00e7\u00e3o dos votos ser\u00e1 feita no dia 19 de setembro e os resultados ser\u00e3o homologados pelo Conselho de Centro. Confira o edital completo clicando <strong><a href=\"https:\/\/www.interno.uepb.edu.br\/download\/1_2\/outros_editais\/CCEA-E28093-Eleicoes-Consuni.Consepe-E28093-Edital-01.2019-Campus-Patos.pdf\"  rel=\"noreferrer noopener\" aria-label=\"AQUI (opens in a new tab)\">AQUI<\/a><\/strong>.<\/p>\n<p><em><strong>Texto:<\/strong> Severino Lopes<\/em><\/p>\n","protected":false},"excerpt":{"rendered":"<p>A Comiss\u00e3o Eleitoral do Centro de Ci\u00eancias Exatas e Sociais Aplicadas (CCEA) da Universidade Estadual da Para\u00edba (UEPB), localizado no C\u00e2mpus VII, em Patos, publicou edital para elei\u00e7\u00e3o dos representantes docentes junto ao Conselho Universit\u00e1rio (Consuni) e ao Conselho de Ensino, Pesquisa e Extens\u00e3o (Consepe) da Institui\u00e7\u00e3o. A elei\u00e7\u00e3o acontece no dia 18 de setembro, <a class=\"leiamais\" href=\"https:\/\/www.interno.uepb.edu.br\/centro-de-ciencias-exatas-e-sociais-aplicadas-publica-edital-para-escolha-de-representacao-docente-no-consuni-e-consepe\/\">Leia Mais&#8230;<\/a><\/p>\n","protected":false},"author":25,"featured_media":0,"comment_status":"closed","ping_status":"closed","sticky":false,"template":"","format":"standard","meta":{"jetpack_post_was_ever_published":false,"_jetpack_newsletter_access":"","_jetpack_dont_email_post_to_subs":false,"_jetpack_newsletter_tier_id":0,"_jetpack_memberships_contains_paywalled_content":false,"_jetpack_memberships_contains_paid_content":false,"footnotes":"","jetpack_publicize_message":"","jetpack_publicize_feature_enabled":true,"jetpack_social_post_already_shared":true,"jetpack_social_options":{"image_generator_settings":{"template":"highway","default_image_id":0,"font":"","enabled":false},"version":2}},"categories":[8,3],"tags":[],"class_list":["post-1526","post","type-post","status-publish","format-standard","hentry","category-ccea","category-noticias"],"jetpack_publicize_connections":[],"jetpack_featured_media_url":"","jetpack_sharing_enabled":true,"jetpack_shortlink":"https:\/\/wp.me\/p7WTGX-oC","jetpack_likes_enabled":true,"jetpack-related-posts":[{"id":1297,"url":"https:\/\/centros.uepb.edu.br\/ccea\/2019\/09\/05\/centro-de-ciencias-exatas-e-sociais-aplicadas-lanca-edital-para-representacao-docente-no-consuni-e-consepe\/","url_meta":{"origin":1526,"position":0},"title":"Centro de Ci\u00eancias Exatas e Sociais Aplicadas lan\u00e7a edital para representa\u00e7\u00e3o docente no Consuni e Consepe","author":"tatiana","date":"5 de setembro de 2019","format":false,"excerpt":"A Comiss\u00e3o Eleitoral do Centro de Ci\u00eancias Exatas e Sociais Aplicadas (CCEA) da Universidade Estadual da Para\u00edba (UEPB), localizado no C\u00e2mpus VII, em Patos, publicou edital para elei\u00e7\u00e3o dos representantes docentes junto ao Conselho Universit\u00e1rio (Consuni) e ao Conselho de Ensino, Pesquisa e Extens\u00e3o (Consepe) da Institui\u00e7\u00e3o. A elei\u00e7\u00e3o acontece\u2026","rel":"","context":"Em &quot;CCEA&quot;","block_context":{"text":"CCEA","link":"https:\/\/centros.uepb.edu.br\/ccea\/category\/ccea\/"},"img":{"alt_text":"","src":"","width":0,"height":0},"classes":[]},{"id":1133,"url":"https:\/\/centros.uepb.edu.br\/ccea\/2018\/08\/03\/comissao-eleitoral-divulga-edital-para-eleicao-de-novos-diretores-e-coordenadores-do-ccea-2\/","url_meta":{"origin":1526,"position":1},"title":"Comiss\u00e3o Eleitoral divulga edital para elei\u00e7\u00e3o de novos diretores e coordenadores do CCEA","author":"tatiana","date":"3 de agosto de 2018","format":false,"excerpt":"A Comiss\u00e3o Eleitoral Unificada do Centro de Ci\u00eancias Exatas e Sociais Aplicadas (CCEA) da Universidade Estadual da Para\u00edba (UEPB) divulgou edital para a escolha dos cargos de diretor e diretor adjunto de Centro, coordenadores e coordenadores adjuntos dos cursos de Bacharelado em Administra\u00e7\u00e3o, e das licenciaturas em F\u00edsica e Matem\u00e1tica,\u2026","rel":"","context":"Em &quot;CCEA&quot;","block_context":{"text":"CCEA","link":"https:\/\/centros.uepb.edu.br\/ccea\/category\/ccea\/"},"img":{"alt_text":"","src":"","width":0,"height":0},"classes":[]},{"id":1490,"url":"https:\/\/centros.uepb.edu.br\/ccea\/2021\/03\/16\/divulgado-edital-de-eleicao-do-ccea-para-escolha-de-nova-direcao-de-centro-e-coordenacao-de-cursos-2\/","url_meta":{"origin":1526,"position":2},"title":"Divulgado edital de elei\u00e7\u00e3o do CCEA para escolha de nova Dire\u00e7\u00e3o de Centro e Coordena\u00e7\u00e3o de Cursos","author":"Givaldo","date":"16 de mar\u00e7o de 2021","format":false,"excerpt":"A Comiss\u00e3o Eleitoral do Centro de Ci\u00eancias Exatas e Sociais Aplicadas (CCEA) da Universidade Estadual da Para\u00edba (UEPB), C\u00e2mpus VII, localizado no munic\u00edpio de Patos, realizar\u00e1 elei\u00e7\u00f5es para nova Dire\u00e7\u00e3o de Centro e Coordena\u00e7\u00e3o de Cursos, com os respectivos adjuntos. As inscri\u00e7\u00f5es de chapas estar\u00e3o abertas at\u00e9 26 de mar\u00e7o,\u2026","rel":"","context":"Em &quot;CCEA&quot;","block_context":{"text":"CCEA","link":"https:\/\/centros.uepb.edu.br\/ccea\/category\/ccea\/"},"img":{"alt_text":"","src":"","width":0,"height":0},"classes":[]},{"id":1596,"url":"https:\/\/centros.uepb.edu.br\/ccea\/2021\/03\/16\/divulgado-edital-de-eleicao-do-ccea-para-escolha-de-nova-direcao-de-centro-e-coordenacao-de-cursos-3\/","url_meta":{"origin":1526,"position":3},"title":"Divulgado edital de elei\u00e7\u00e3o do CCEA para escolha de nova Dire\u00e7\u00e3o de Centro e Coordena\u00e7\u00e3o de Cursos","author":"Givaldo","date":"16 de mar\u00e7o de 2021","format":false,"excerpt":"A Comiss\u00e3o Eleitoral do Centro de Ci\u00eancias Exatas e Sociais Aplicadas (CCEA) da Universidade Estadual da Para\u00edba (UEPB), C\u00e2mpus VII, localizado no munic\u00edpio de Patos, realizar\u00e1 elei\u00e7\u00f5es para nova Dire\u00e7\u00e3o de Centro e Coordena\u00e7\u00e3o de Cursos, com os respectivos adjuntos. As inscri\u00e7\u00f5es de chapas estar\u00e3o abertas at\u00e9 26 de mar\u00e7o,\u2026","rel":"","context":"Em &quot;CCEA&quot;","block_context":{"text":"CCEA","link":"https:\/\/centros.uepb.edu.br\/ccea\/category\/ccea\/"},"img":{"alt_text":"","src":"","width":0,"height":0},"classes":[]},{"id":1482,"url":"https:\/\/centros.uepb.edu.br\/ccea\/2021\/03\/16\/divulgado-edital-de-eleicao-do-ccea-para-escolha-de-nova-direcao-de-centro-e-coordenacao-de-cursos\/","url_meta":{"origin":1526,"position":4},"title":"Divulgado edital de elei\u00e7\u00e3o do CCEA para escolha de nova Dire\u00e7\u00e3o de Centro e Coordena\u00e7\u00e3o de Cursos","author":"Givaldo","date":"16 de mar\u00e7o de 2021","format":false,"excerpt":"A Comiss\u00e3o Eleitoral do Centro de Ci\u00eancias Exatas e Sociais Aplicadas (CCEA) da Universidade Estadual da Para\u00edba (UEPB), C\u00e2mpus VII localizado no munic\u00edpio de Patos, realizar\u00e1 elei\u00e7\u00f5es para nova Dire\u00e7\u00e3o de Centro e Coordena\u00e7\u00e3o de Cursos, com os respectivos adjuntos. As inscri\u00e7\u00f5es de chapas estar\u00e3o abertas at\u00e9 26 de mar\u00e7o,\u2026","rel":"","context":"Em &quot;CCEA&quot;","block_context":{"text":"CCEA","link":"https:\/\/centros.uepb.edu.br\/ccea\/category\/ccea\/"},"img":{"alt_text":"","src":"","width":0,"height":0},"classes":[]},{"id":470,"url":"https:\/\/centros.uepb.edu.br\/ccea\/2017\/08\/28\/bacharelado-em-ciencias-da-computacao-do-ccea-escolhe-novos-coordenadores-no-dia-28-de-setembro\/","url_meta":{"origin":1526,"position":5},"title":"Bacharelado em Ci\u00eancias da Computa\u00e7\u00e3o do CCEA escolhe novos coordenadores no dia 28 de setembro","author":"tatiana","date":"28 de agosto de 2017","format":false,"excerpt":"O Centro de Ci\u00eancias Exatas e Sociais Aplicadas (CCEA) da Universidade Estadual da Para\u00edba (UEPB), atrav\u00e9s de Comiss\u00e3o Eleitoral, divulgou o edital para escolha dos novos coordenadores (titular e adjunto) do curso de Bacharelado em Ci\u00eancias da Computa\u00e7\u00e3o. As inscri\u00e7\u00f5es das chapas ser\u00e3o realizadas de 4 a 15 de setembro,\u2026","rel":"","context":"Em &quot;CCEA&quot;","block_context":{"text":"CCEA","link":"https:\/\/centros.uepb.edu.br\/ccea\/category\/ccea\/"},"img":{"alt_text":"","src":"","width":0,"height":0},"classes":[]}],"_links":{"self":[{"href":"https:\/\/centros.uepb.edu.br\/ccea\/wp-json\/wp\/v2\/posts\/1526","targetHints":{"allow":["GET"]}}],"collection":[{"href":"https:\/\/centros.uepb.edu.br\/ccea\/wp-json\/wp\/v2\/posts"}],"about":[{"href":"https:\/\/centros.uepb.edu.br\/ccea\/wp-json\/wp\/v2\/types\/post"}],"author":[{"embeddable":true,"href":"https:\/\/centros.uepb.edu.br\/ccea\/wp-json\/wp\/v2\/users\/25"}],"replies":[{"embeddable":true,"href":"https:\/\/centros.uepb.edu.br\/ccea\/wp-json\/wp\/v2\/comments?post=1526"}],"version-history":[{"count":0,"href":"https:\/\/centros.uepb.edu.br\/ccea\/wp-json\/wp\/v2\/posts\/1526\/revisions"}],"wp:attachment":[{"href":"https:\/\/centros.uepb.edu.br\/ccea\/wp-json\/wp\/v2\/media?parent=1526"}],"wp:term":[{"taxonomy":"category","embeddable":true,"href":"https:\/\/centros.uepb.edu.br\/ccea\/wp-json\/wp\/v2\/categories?post=1526"},{"taxonomy":"post_tag","embeddable":true,"href":"https:\/\/centros.uepb.edu.br\/ccea\/wp-json\/wp\/v2\/tags?post=1526"}],"curies":[{"name":"wp","href":"https:\/\/api.w.org\/{rel}","templated":true}]}}