{"id":1520,"date":"2019-10-22T16:03:12","date_gmt":"2019-10-22T16:03:12","guid":{"rendered":"https:\/\/www.interno.uepb.edu.br\/?p=52160"},"modified":"2019-10-22T16:03:12","modified_gmt":"2019-10-22T16:03:12","slug":"campus-vii-da-universidade-estadual-da-paraiba-em-patos-realiza-1a-semana-de-administracao-2","status":"publish","type":"post","link":"https:\/\/centros.uepb.edu.br\/ccea\/2019\/10\/22\/campus-vii-da-universidade-estadual-da-paraiba-em-patos-realiza-1a-semana-de-administracao-2\/","title":{"rendered":"C\u00e2mpus VII da Universidade Estadual da Para\u00edba, em Patos, realiza 1\u00aa Semana de Administra\u00e7\u00e3o"},"content":{"rendered":"<div class=\"wp-block-jetpack-slideshow aligncenter\" data-effect=\"slide\">\n<div class=\"wp-block-jetpack-slideshow_container swiper-container\">\n<ul class=\"wp-block-jetpack-slideshow_swiper-wrapper swiper-wrapper\">\n<li class=\"wp-block-jetpack-slideshow_slide swiper-slide\">\n<figure><img decoding=\"async\" loading=\"lazy\" width=\"840\" height=\"445\" alt=\"\" class=\"wp-block-jetpack-slideshow_image wp-image-52162 img-responsive img-responsive\" data-id=\"52162\" src=\"https:\/\/www.interno.uepb.edu.br\/wp-content\/uploads\/2019\/10\/Patos-2.jpg\" srcset=\"https:\/\/www.interno.uepb.edu.br\/wp-content\/uploads\/2019\/10\/Patos-2.jpg 840w, https:\/\/www.interno.uepb.edu.br\/wp-content\/uploads\/2019\/10\/Patos-2-300x159.jpg 300w, https:\/\/www.interno.uepb.edu.br\/wp-content\/uploads\/2019\/10\/Patos-2-768x407.jpg 768w, https:\/\/www.interno.uepb.edu.br\/wp-content\/uploads\/2019\/10\/Patos-2-370x196.jpg 370w\" sizes=\"auto, (max-width: 840px) 100vw, 840px\" \/><\/figure>\n<\/li>\n<li class=\"wp-block-jetpack-slideshow_slide swiper-slide\">\n<figure><img decoding=\"async\" loading=\"lazy\" width=\"840\" height=\"445\" alt=\"\" class=\"wp-block-jetpack-slideshow_image wp-image-52163 img-responsive img-responsive\" data-id=\"52163\" src=\"https:\/\/www.interno.uepb.edu.br\/wp-content\/uploads\/2019\/10\/Patos-3.jpg\" srcset=\"https:\/\/www.interno.uepb.edu.br\/wp-content\/uploads\/2019\/10\/Patos-3.jpg 840w, https:\/\/www.interno.uepb.edu.br\/wp-content\/uploads\/2019\/10\/Patos-3-300x159.jpg 300w, https:\/\/www.interno.uepb.edu.br\/wp-content\/uploads\/2019\/10\/Patos-3-768x407.jpg 768w, https:\/\/www.interno.uepb.edu.br\/wp-content\/uploads\/2019\/10\/Patos-3-370x196.jpg 370w\" sizes=\"auto, (max-width: 840px) 100vw, 840px\" \/><\/figure>\n<\/li>\n<li class=\"wp-block-jetpack-slideshow_slide swiper-slide\">\n<figure><img decoding=\"async\" loading=\"lazy\" width=\"840\" height=\"445\" alt=\"\" class=\"wp-block-jetpack-slideshow_image wp-image-52161 img-responsive img-responsive\" data-id=\"52161\" src=\"https:\/\/www.interno.uepb.edu.br\/wp-content\/uploads\/2019\/10\/Patos-1.jpg\" srcset=\"https:\/\/www.interno.uepb.edu.br\/wp-content\/uploads\/2019\/10\/Patos-1.jpg 840w, https:\/\/www.interno.uepb.edu.br\/wp-content\/uploads\/2019\/10\/Patos-1-300x159.jpg 300w, https:\/\/www.interno.uepb.edu.br\/wp-content\/uploads\/2019\/10\/Patos-1-768x407.jpg 768w, https:\/\/www.interno.uepb.edu.br\/wp-content\/uploads\/2019\/10\/Patos-1-370x196.jpg 370w\" sizes=\"auto, (max-width: 840px) 100vw, 840px\" \/><\/figure>\n<\/li>\n<li class=\"wp-block-jetpack-slideshow_slide swiper-slide\">\n<figure><img decoding=\"async\" loading=\"lazy\" width=\"840\" height=\"445\" alt=\"\" class=\"wp-block-jetpack-slideshow_image wp-image-52164 img-responsive img-responsive\" data-id=\"52164\" src=\"https:\/\/www.interno.uepb.edu.br\/wp-content\/uploads\/2019\/10\/Patos-4.jpg\" srcset=\"https:\/\/www.interno.uepb.edu.br\/wp-content\/uploads\/2019\/10\/Patos-4.jpg 840w, https:\/\/www.interno.uepb.edu.br\/wp-content\/uploads\/2019\/10\/Patos-4-300x159.jpg 300w, https:\/\/www.interno.uepb.edu.br\/wp-content\/uploads\/2019\/10\/Patos-4-768x407.jpg 768w, https:\/\/www.interno.uepb.edu.br\/wp-content\/uploads\/2019\/10\/Patos-4-370x196.jpg 370w\" sizes=\"auto, (max-width: 840px) 100vw, 840px\" \/><\/figure>\n<\/li>\n<\/ul>\n<p><a class=\"wp-block-jetpack-slideshow_button-prev swiper-button-prev swiper-button-white\" role=\"button\"><\/a><a class=\"wp-block-jetpack-slideshow_button-next swiper-button-next swiper-button-white\" role=\"button\"><\/a><a aria-label=\"Pause Slideshow\" class=\"wp-block-jetpack-slideshow_button-pause\" role=\"button\"><\/a><\/p>\n<div class=\"wp-block-jetpack-slideshow_pagination swiper-pagination swiper-pagination-white\"><\/div>\n<\/div>\n<\/div>\n<p>Entre os dias 15 e 18 de outubro, a Coordena\u00e7\u00e3o do Curso de Administra\u00e7\u00e3o do C\u00e2mpus VII da Universidade Estadual da Para\u00edba (UEPB) e professores realizaram a primeira edi\u00e7\u00e3o da Semana de Administra\u00e7\u00e3o (SEMAD). O evento, sediado no Centro de Ci\u00eancias Exatas e Sociais Aplicadas (CCEA), abordou os desafios das gest\u00f5es p\u00fablica e privada.<\/p>\n<p>Na abertura das atividades, o empres\u00e1rio da Pau Brasil \u2013 distribuidora Ambev em 134 cidades paraibanas \u2013 Zenildo Rodrigues, falou de sua trajet\u00f3ria de empreendedor. No dia 16, foi a vez da realiza\u00e7\u00e3o dos minicursos e oficinas sobre os mais atuais e diversos temas do campo da Administra\u00e7\u00e3o, como Licita\u00e7\u00e3o, Ferramentas da Qualidade, Marketing Verde, Criatividade e Marketing Pessoal. <\/p>\n<p>Tamb\u00e9m foram realizados talks shows com representantes do Guedes Group, Vice e Versa Uniformes, GoPatos, A Casa do Bolo Sertanejo e Galp\u00e3o da Moda. Homenagens a egressos do curso, apresenta\u00e7\u00f5es de artigos cient\u00edficos e uma feira com a participa\u00e7\u00e3o de alunos donos de neg\u00f3cios estavam entre os destaques da Semana. <\/p>\n<p>As visitas t\u00e9cnicas a empresas de Campina Grande (Inove Embalagens, Ind\u00fastria Laboremos e Rack Ind\u00fastria e Projetos) e Patos (Ind\u00fastria Carreiro) tamb\u00e9m foram realizadas pelos participantes da SEMAD. <\/p>\n<p><em><strong>Colabora\u00e7\u00e3o:<\/strong> Felipe S\u00e1 (Professor)<\/em><\/p>\n","protected":false},"excerpt":{"rendered":"<p>Entre os dias 15 e 18 de outubro, a Coordena\u00e7\u00e3o do Curso de Administra\u00e7\u00e3o do C\u00e2mpus VII da Universidade Estadual da Para\u00edba (UEPB) e professores realizaram a primeira edi\u00e7\u00e3o da Semana de Administra\u00e7\u00e3o (SEMAD). O evento, sediado no Centro de Ci\u00eancias Exatas e Sociais Aplicadas (CCEA), abordou os desafios das gest\u00f5es p\u00fablica e privada. Na <a class=\"leiamais\" href=\"https:\/\/www.interno.uepb.edu.br\/campus-vii-da-universidade-estadual-da-paraiba-realiza-1a-semana-de-administracao\/\">Leia Mais&#8230;<\/a><\/p>\n","protected":false},"author":25,"featured_media":0,"comment_status":"closed","ping_status":"closed","sticky":false,"template":"","format":"standard","meta":{"jetpack_post_was_ever_published":false,"_jetpack_newsletter_access":"","_jetpack_dont_email_post_to_subs":false,"_jetpack_newsletter_tier_id":0,"_jetpack_memberships_contains_paywalled_content":false,"_jetpack_memberships_contains_paid_content":false,"footnotes":"","jetpack_publicize_message":"","jetpack_publicize_feature_enabled":true,"jetpack_social_post_already_shared":true,"jetpack_social_options":{"image_generator_settings":{"template":"highway","default_image_id":0,"font":"","enabled":false},"version":2}},"categories":[8,3],"tags":[],"class_list":["post-1520","post","type-post","status-publish","format-standard","hentry","category-ccea","category-noticias"],"jetpack_publicize_connections":[],"jetpack_featured_media_url":"","jetpack_sharing_enabled":true,"jetpack_shortlink":"https:\/\/wp.me\/p7WTGX-ow","jetpack_likes_enabled":true,"jetpack-related-posts":[{"id":1312,"url":"https:\/\/centros.uepb.edu.br\/ccea\/2019\/10\/22\/campus-vii-da-universidade-estadual-da-paraiba-em-patos-realiza-1a-semana-de-administracao\/","url_meta":{"origin":1520,"position":0},"title":"C\u00e2mpus VII da Universidade Estadual da Para\u00edba, em Patos, realiza 1\u00aa Semana de Administra\u00e7\u00e3o","author":"tatiana","date":"22 de outubro de 2019","format":false,"excerpt":"Entre os dias 15 e 18 de outubro, a Coordena\u00e7\u00e3o do Curso de Administra\u00e7\u00e3o do C\u00e2mpus VII da Universidade Estadual da Para\u00edba (UEPB) e professores realizaram a primeira edi\u00e7\u00e3o da Semana de Administra\u00e7\u00e3o (SEMAD). O evento, sediado no Centro de Ci\u00eancias Exatas e Sociais Aplicadas (CCEA), abordou os desafios das\u2026","rel":"","context":"Em &quot;CCEA&quot;","block_context":{"text":"CCEA","link":"https:\/\/centros.uepb.edu.br\/ccea\/category\/ccea\/"},"img":{"alt_text":"","src":"","width":0,"height":0},"classes":[]},{"id":356,"url":"https:\/\/centros.uepb.edu.br\/ccea\/2016\/10\/18\/universidade-estadual-da-paraiba-lamenta-falecimento-de-estudante-do-curso-de-computacao-do-campus-vii\/","url_meta":{"origin":1520,"position":1},"title":"Universidade Estadual da Para\u00edba lamenta falecimento de estudante do Curso de Computa\u00e7\u00e3o do C\u00e2mpus VII","author":"tatiana","date":"18 de outubro de 2016","format":false,"excerpt":"A Administra\u00e7\u00e3o Central da Universidade Estadual da Para\u00edba (UEPB), em nome de toda a comunidade acad\u00eamica, lamenta com o mais profundo pesar o falecimento do estudante do Curso de Computa\u00e7\u00e3o do C\u00e2mpus VII, Rafael Lucena Soares, ocorrido nesta ter\u00e7a-feira (18). Ao mesmo tempo, a Institui\u00e7\u00e3o presta condol\u00eancias a familiares e\u2026","rel":"","context":"Em &quot;CCEA&quot;","block_context":{"text":"CCEA","link":"https:\/\/centros.uepb.edu.br\/ccea\/category\/ccea\/"},"img":{"alt_text":"","src":"","width":0,"height":0},"classes":[]},{"id":647,"url":"https:\/\/centros.uepb.edu.br\/ccea\/2017\/10\/19\/universidade-estadual-da-paraiba-lamenta-falecimento-de-aluno-do-curso-de-computacao-do-campus-vii\/","url_meta":{"origin":1520,"position":2},"title":"Universidade Estadual da Para\u00edba lamenta falecimento de aluno do curso de Computa\u00e7\u00e3o do C\u00e2mpus VII","author":"tatiana","date":"19 de outubro de 2017","format":false,"excerpt":"A Administra\u00e7\u00e3o Central da Universidade Estadual da Para\u00edba (UEPB), juntamente com a Dire\u00e7\u00e3o do Centro de Ci\u00eancias Exatas e Sociais Aplicadas (CCEA) e com a Coordena\u00e7\u00e3o do Curso de Bacharelado em Ci\u00eancias da Computa\u00e7\u00e3o, do C\u00e2mpus VII, em Patos, lamenta com profundo pesar, em nome de toda a comunidade acad\u00eamica,\u2026","rel":"","context":"Em &quot;CCEA&quot;","block_context":{"text":"CCEA","link":"https:\/\/centros.uepb.edu.br\/ccea\/category\/ccea\/"},"img":{"alt_text":"","src":"https:\/\/i0.wp.com\/www.uepb.edu.br\/wp-content\/uploads\/2017\/10\/Geovane-CCEA-252x300.jpg?resize=350%2C200","width":350,"height":200},"classes":[]},{"id":1723,"url":"https:\/\/centros.uepb.edu.br\/ccea\/2022\/05\/20\/comissao-de-heteroidentificacao-divulga-resultado-das-afericoes-da-selecao-do-curso-de-administracao-do-campus-vii\/","url_meta":{"origin":1520,"position":3},"title":"Comiss\u00e3o de Heteroidentifica\u00e7\u00e3o divulga resultado das aferi\u00e7\u00f5es da sele\u00e7\u00e3o do curso de Administra\u00e7\u00e3o do C\u00e2mpus VII","author":"Givaldo","date":"20 de maio de 2022","format":false,"excerpt":"A Comiss\u00e3o de Heteroidentifica\u00e7\u00e3o da Universidade Estadual da Para\u00edba (UEPB), respons\u00e1vel pela avalia\u00e7\u00e3o dos procedimentos de sele\u00e7\u00e3o dos candidatos autodeclarados negros que optaram pelas cotas raciais, divulgou o resultado das aferi\u00e7\u00f5es da sele\u00e7\u00e3o para o curso de Administra\u00e7\u00e3o do Centro de Ci\u00eancias Exatas e Sociais Aplicadas (CCEA), C\u00e2mpus VII, localizado\u2026","rel":"","context":"Em &quot;CCEA&quot;","block_context":{"text":"CCEA","link":"https:\/\/centros.uepb.edu.br\/ccea\/category\/ccea\/"},"img":{"alt_text":"","src":"","width":0,"height":0},"classes":[]},{"id":1720,"url":"https:\/\/centros.uepb.edu.br\/ccea\/2022\/05\/17\/prograd-divulga-resultado-da-selecao-de-estudantes-para-o-curso-de-bacharelado-em-administracao\/","url_meta":{"origin":1520,"position":4},"title":"PROGRAD divulga resultado da sele\u00e7\u00e3o de estudantes para o curso de Bacharelado em Administra\u00e7\u00e3o","author":"Givaldo","date":"17 de maio de 2022","format":false,"excerpt":"A Pr\u00f3-Reitoria de Gradua\u00e7\u00e3o (PROGRAD) da Universidade Estadual da Para\u00edba (UEPB) divulgou o resultado da sele\u00e7\u00e3o para estudantes do curso de Bacharelado em Administra\u00e7\u00e3o do Centro de Ci\u00eancias Exatas e Sociais Aplicadas (CCEA), C\u00e2mpus VII, localizado na cidade de Patos. Os candidatos convocados para a matr\u00edcula ter\u00e3o sua matr\u00edcula realizada\u2026","rel":"","context":"Em &quot;CCEA&quot;","block_context":{"text":"CCEA","link":"https:\/\/centros.uepb.edu.br\/ccea\/category\/ccea\/"},"img":{"alt_text":"","src":"","width":0,"height":0},"classes":[]},{"id":1502,"url":"https:\/\/centros.uepb.edu.br\/ccea\/2020\/03\/24\/setor-de-pesquisa-extensao-e-assistencia-estudantil-do-campus-vii-informa-sobre-atendimento-remoto-2\/","url_meta":{"origin":1520,"position":5},"title":"Setor de Pesquisa, Extens\u00e3o e Assist\u00eancia Estudantil do C\u00e2mpus VII informa sobre atendimento remoto","author":"tatiana","date":"24 de mar\u00e7o de 2020","format":false,"excerpt":"O Setor de Pesquisa, Extens\u00e3o e Assist\u00eancia Estudantil do C\u00e2mpus VII da Universidade Estadual da Para\u00edba (UEPB), em Patos, informa \u00e0 comunidade acad\u00eamica e ao p\u00fablico em geral que est\u00e1 funcionando em sistema de home office, em virtude das medidas adotadas pela Administra\u00e7\u00e3o Central da Institui\u00e7\u00e3o para prevenir infec\u00e7\u00e3o pelo\u2026","rel":"","context":"Em &quot;CCEA&quot;","block_context":{"text":"CCEA","link":"https:\/\/centros.uepb.edu.br\/ccea\/category\/ccea\/"},"img":{"alt_text":"","src":"","width":0,"height":0},"classes":[]}],"_links":{"self":[{"href":"https:\/\/centros.uepb.edu.br\/ccea\/wp-json\/wp\/v2\/posts\/1520","targetHints":{"allow":["GET"]}}],"collection":[{"href":"https:\/\/centros.uepb.edu.br\/ccea\/wp-json\/wp\/v2\/posts"}],"about":[{"href":"https:\/\/centros.uepb.edu.br\/ccea\/wp-json\/wp\/v2\/types\/post"}],"author":[{"embeddable":true,"href":"https:\/\/centros.uepb.edu.br\/ccea\/wp-json\/wp\/v2\/users\/25"}],"replies":[{"embeddable":true,"href":"https:\/\/centros.uepb.edu.br\/ccea\/wp-json\/wp\/v2\/comments?post=1520"}],"version-history":[{"count":0,"href":"https:\/\/centros.uepb.edu.br\/ccea\/wp-json\/wp\/v2\/posts\/1520\/revisions"}],"wp:attachment":[{"href":"https:\/\/centros.uepb.edu.br\/ccea\/wp-json\/wp\/v2\/media?parent=1520"}],"wp:term":[{"taxonomy":"category","embeddable":true,"href":"https:\/\/centros.uepb.edu.br\/ccea\/wp-json\/wp\/v2\/categories?post=1520"},{"taxonomy":"post_tag","embeddable":true,"href":"https:\/\/centros.uepb.edu.br\/ccea\/wp-json\/wp\/v2\/tags?post=1520"}],"curies":[{"name":"wp","href":"https:\/\/api.w.org\/{rel}","templated":true}]}}