{"id":1518,"date":"2019-11-28T09:41:57","date_gmt":"2019-11-28T09:41:57","guid":{"rendered":"https:\/\/www.interno.uepb.edu.br\/?p=53454"},"modified":"2019-11-28T09:41:57","modified_gmt":"2019-11-28T09:41:57","slug":"nucleo-de-arte-e-cultura-do-centro-de-ciencias-exatas-e-sociais-aplicadas-realiza-1a-mostra-de-musica-2","status":"publish","type":"post","link":"https:\/\/centros.uepb.edu.br\/ccea\/2019\/11\/28\/nucleo-de-arte-e-cultura-do-centro-de-ciencias-exatas-e-sociais-aplicadas-realiza-1a-mostra-de-musica-2\/","title":{"rendered":"N\u00facleo de Arte e Cultura do Centro de Ci\u00eancias Exatas e Sociais Aplicadas realiza 1\u00aa Mostra de M\u00fasica"},"content":{"rendered":"<div class=\"wp-block-image\">\n<figure class=\"alignleft is-resized\"><img decoding=\"async\" loading=\"lazy\" src=\"https:\/\/www.interno.uepb.edu.br\/wp-content\/uploads\/2019\/11\/NARC7.jpg?fit=729%2C1024\" alt=\"\" class=\"wp-image-53455 img-responsive img-responsive\" width=\"327\" height=\"459\" srcset=\"https:\/\/www.interno.uepb.edu.br\/wp-content\/uploads\/2019\/11\/NARC7.jpg 875w, https:\/\/www.interno.uepb.edu.br\/wp-content\/uploads\/2019\/11\/NARC7-214x300.jpg 214w, https:\/\/www.interno.uepb.edu.br\/wp-content\/uploads\/2019\/11\/NARC7-768x1079.jpg 768w, https:\/\/www.interno.uepb.edu.br\/wp-content\/uploads\/2019\/11\/NARC7-729x1024.jpg 729w, https:\/\/www.interno.uepb.edu.br\/wp-content\/uploads\/2019\/11\/NARC7-370x520.jpg 370w, https:\/\/www.interno.uepb.edu.br\/wp-content\/uploads\/2019\/11\/NARC7-840x1180.jpg 840w\" sizes=\"auto, (max-width: 327px) 100vw, 327px\" \/><\/figure>\n<\/div>\n<p>O N\u00facleo de Arte e Cultura do C\u00e2mpus VII (NarC7) da Universidade Estadual da Para\u00edba (UEPB), em Patos, realiza nesta quinta-feira (28) a sua 1\u00aa Mostra Musical. O evento art\u00edstico acontece no Audit\u00f3rio Celso Furtado, a partir das 19h. Durante o evento, ser\u00e3o apresentados os resultados dos trabalhos desenvolvidos nos cursos de Inicia\u00e7\u00e3o ao Viol\u00e3o (M\u00f3dulos I e II), Teoria Musical, Inicia\u00e7\u00e3o ao Canto e Musicaliza\u00e7\u00e3o Infantil, todos voltados \u00e0 comunidade acad\u00eamica e a sociedade patoense em geral.<\/p>\n<p>De acordo com o professor Allanderson Ramom Jacinto Teixeira, cordenador geral do N\u00facleo, o Grupo de Flautas (constitu\u00eddo por 10 crian\u00e7as com idades entre 7 e 12 anos), a Orquestra de Viol\u00f5es e o Coral executar\u00e3o as pe\u00e7as Halellujah (Solo Canto), Preciso me encontrar (Viol\u00e3o e Violino), Doce de coco (Trio de Viol\u00f5es), Jingle Bells Rock (Grupo de Flautas, Padre Nuestro (Coral) e Aquarela (Orquestra de Viol\u00f5es Maestrina Carla Santos, Grupo de Flautas e Coral).<\/p>\n<p>Ainda haver\u00e1 uma participa\u00e7\u00e3o especial com viol\u00e3o (Allanderson) e sax (Rams\u00e9s Borges), al\u00e9m de um dueto de viol\u00e3o e violino. Criado oficialmente pela Resolu\u00e7\u00e3o UEPB\/CONSUNI\/0286\/2019, no dia 18 de junho de 2019, o N\u00facleo de Arte e Cultura do C\u00e2mpus VII iniciou suas atividades no dia 11 de mar\u00e7o de 2019, oferecendo para a comunidade acad\u00eamica e patoense os cursos de Inicia\u00e7\u00e3o ao Viol\u00e3o, Teoria Musical, Canto Coral e Musicaliza\u00e7\u00e3o Infantil, al\u00e9m de Oficinas de Teatro, em parceria com o Projeto Para\u00edba Encena, do SESC\/PB.<\/p>\n<p><em><strong>Fonte:<\/strong> Dire\u00e7\u00e3o do CCEA<\/em><\/p>\n","protected":false},"excerpt":{"rendered":"<p>O N\u00facleo de Arte e Cultura do C\u00e2mpus VII (NarC7) da Universidade Estadual da Para\u00edba (UEPB), em Patos, realiza nesta quinta-feira (28) a sua 1\u00aa Mostra Musical. O evento art\u00edstico acontece no Audit\u00f3rio Celso Furtado, a partir das 19h. Durante o evento, ser\u00e3o apresentados os resultados dos trabalhos desenvolvidos nos cursos de Inicia\u00e7\u00e3o ao Viol\u00e3o <a class=\"leiamais\" href=\"https:\/\/www.interno.uepb.edu.br\/nucleo-de-arte-e-cultura-do-centro-de-ciencias-exatas-e-sociais-aplicadas-realiza-1a-mostra-de-musica\/\">Leia Mais&#8230;<\/a><\/p>\n","protected":false},"author":25,"featured_media":0,"comment_status":"closed","ping_status":"closed","sticky":false,"template":"","format":"standard","meta":{"jetpack_post_was_ever_published":false,"_jetpack_newsletter_access":"","_jetpack_dont_email_post_to_subs":false,"_jetpack_newsletter_tier_id":0,"_jetpack_memberships_contains_paywalled_content":false,"_jetpack_memberships_contains_paid_content":false,"footnotes":"","jetpack_publicize_message":"","jetpack_publicize_feature_enabled":true,"jetpack_social_post_already_shared":true,"jetpack_social_options":{"image_generator_settings":{"template":"highway","default_image_id":0,"font":"","enabled":false},"version":2}},"categories":[8,3],"tags":[],"class_list":["post-1518","post","type-post","status-publish","format-standard","hentry","category-ccea","category-noticias"],"jetpack_publicize_connections":[],"jetpack_featured_media_url":"","jetpack_sharing_enabled":true,"jetpack_shortlink":"https:\/\/wp.me\/p7WTGX-ou","jetpack_likes_enabled":true,"jetpack-related-posts":[{"id":1323,"url":"https:\/\/centros.uepb.edu.br\/ccea\/2019\/11\/28\/nucleo-de-arte-e-cultura-do-centro-de-ciencias-exatas-e-sociais-aplicadas-realiza-1a-mostra-de-musica\/","url_meta":{"origin":1518,"position":0},"title":"N\u00facleo de Arte e Cultura do Centro de Ci\u00eancias Exatas e Sociais Aplicadas realiza 1\u00aa Mostra de M\u00fasica","author":"tatiana","date":"28 de novembro de 2019","format":false,"excerpt":"O N\u00facleo de Arte e Cultura do C\u00e2mpus VII (NarC7) da Universidade Estadual da Para\u00edba (UEPB), em Patos, realiza nesta quinta-feira (28) a sua 1\u00aa Mostra Musical. O evento art\u00edstico acontece no Audit\u00f3rio Celso Furtado, a partir das 19h. Durante o evento, ser\u00e3o apresentados os resultados dos trabalhos desenvolvidos nos\u2026","rel":"","context":"Em &quot;CCEA&quot;","block_context":{"text":"CCEA","link":"https:\/\/centros.uepb.edu.br\/ccea\/category\/ccea\/"},"img":{"alt_text":"","src":"https:\/\/i0.wp.com\/www.uepb.edu.br\/wp-content\/uploads\/2019\/11\/NARC7.jpg?fit=729%2C1024&resize=350%2C200","width":350,"height":200},"classes":[]},{"id":871,"url":"https:\/\/centros.uepb.edu.br\/ccea\/2018\/03\/08\/1a-edicao-do-cine-debate-sera-realizado-no-campus-vii-da-universidade-estadual-em-homenagem-ao-dia-internacional-da-mulher\/","url_meta":{"origin":1518,"position":1},"title":"C\u00e2mpus VII realiza 1\u00aa edi\u00e7\u00e3o do Cine Debate em homenagem ao Dia Internacional da Mulher","author":"tatiany","date":"8 de mar\u00e7o de 2018","format":false,"excerpt":"Os cursos de Bacharelado em Administra\u00e7\u00e3o e Bacharelado em Ci\u00eancias da Computa\u00e7\u00e3o, do Centro de Ci\u00eancias Exatas e Sociais Aplicadas (CCEA), C\u00e2mpus VII da Universidade Estadual da Para\u00edba (UEPB), atrav\u00e9s da professora Susi Resende e do professor Jefferson Felipe, promovem a 1\u00aa edi\u00e7\u00e3o do Cine Debate e convida toda a\u2026","rel":"","context":"Em &quot;CCEA&quot;","block_context":{"text":"CCEA","link":"https:\/\/centros.uepb.edu.br\/ccea\/category\/ccea\/"},"img":{"alt_text":"","src":"https:\/\/i0.wp.com\/centros.uepb.edu.br\/ccea\/files\/2018\/03\/Cine-Debate-1024x647.jpg?resize=350%2C200&ssl=1","width":350,"height":200,"srcset":"https:\/\/i0.wp.com\/centros.uepb.edu.br\/ccea\/files\/2018\/03\/Cine-Debate-1024x647.jpg?resize=350%2C200&ssl=1 1x, https:\/\/i0.wp.com\/centros.uepb.edu.br\/ccea\/files\/2018\/03\/Cine-Debate-1024x647.jpg?resize=525%2C300&ssl=1 1.5x, https:\/\/i0.wp.com\/centros.uepb.edu.br\/ccea\/files\/2018\/03\/Cine-Debate-1024x647.jpg?resize=700%2C400&ssl=1 2x"},"classes":[]},{"id":660,"url":"https:\/\/centros.uepb.edu.br\/ccea\/2017\/10\/23\/1o-seminario-interinstitucional-de-diversidade-sera-realizado-no-campus-vii-da-universidade-estadual\/","url_meta":{"origin":1518,"position":2},"title":"1\u00ba Semin\u00e1rio Interinstitucional de Diversidade ser\u00e1 realizado no C\u00e2mpus VII da Universidade Estadual","author":"tatiana","date":"23 de outubro de 2017","format":false,"excerpt":"A Universidade Estadual da Para\u00edba (UEPB), atrav\u00e9s do Centro de Ci\u00eancias Exatas e Sociais Aplicadas (CCEA), em parceria com a Universidade Federal de Campina Grande (UFCG) e Instituto Federal da Para\u00edba (IFPB), promove o 1\u00ba Semin\u00e1rio Interinstitucional de Diversidade. O evento acontece entre os dias 30 de outubro e 1\u00ba\u2026","rel":"","context":"Em &quot;CCEA&quot;","block_context":{"text":"CCEA","link":"https:\/\/centros.uepb.edu.br\/ccea\/category\/ccea\/"},"img":{"alt_text":"","src":"https:\/\/i0.wp.com\/www.uepb.edu.br\/wp-content\/uploads\/2017\/10\/Semid.jpg?resize=350%2C200","width":350,"height":200,"srcset":"https:\/\/i0.wp.com\/www.uepb.edu.br\/wp-content\/uploads\/2017\/10\/Semid.jpg?resize=350%2C200 1x, https:\/\/i0.wp.com\/www.uepb.edu.br\/wp-content\/uploads\/2017\/10\/Semid.jpg?resize=525%2C300 1.5x, https:\/\/i0.wp.com\/www.uepb.edu.br\/wp-content\/uploads\/2017\/10\/Semid.jpg?resize=700%2C400 2x"},"classes":[]},{"id":716,"url":"https:\/\/centros.uepb.edu.br\/ccea\/2017\/11\/22\/campus-vii-da-uepb-realiza-evento-sobre-direito-a-educacao-inclusiva-no-dia-28-de-novembro\/","url_meta":{"origin":1518,"position":3},"title":"C\u00e2mpus VII da UEPB realiza evento sobre Direito \u00e0 Educa\u00e7\u00e3o Inclusiva no dia 28 de novembro","author":"tatiana","date":"22 de novembro de 2017","format":false,"excerpt":"O curso de Licenciatura em Matem\u00e1tica, do Centro de Ci\u00eancias Exatas e Sociais Aplicadas (CCEA) da Universidade Estadual da Para\u00edba (UEPB), realiza no pr\u00f3ximo dia 28 de novembro a mesa redonda \u201cDireito \u00e0 Educa\u00e7\u00e3o Inclusiva: por uma escola e um mundo para todos\u201d. O evento \u00e9 gratuito e acontece a\u2026","rel":"","context":"Em &quot;CCEA&quot;","block_context":{"text":"CCEA","link":"https:\/\/centros.uepb.edu.br\/ccea\/category\/ccea\/"},"img":{"alt_text":"","src":"https:\/\/i0.wp.com\/www.uepb.edu.br\/wp-content\/uploads\/2017\/11\/DIREITO-A-EDUCA%C3%87%C3%83O-INCLUSIVA-1024x537.jpg?resize=350%2C200","width":350,"height":200,"srcset":"https:\/\/i0.wp.com\/www.uepb.edu.br\/wp-content\/uploads\/2017\/11\/DIREITO-A-EDUCA%C3%87%C3%83O-INCLUSIVA-1024x537.jpg?resize=350%2C200 1x, https:\/\/i0.wp.com\/www.uepb.edu.br\/wp-content\/uploads\/2017\/11\/DIREITO-A-EDUCA%C3%87%C3%83O-INCLUSIVA-1024x537.jpg?resize=525%2C300 1.5x, https:\/\/i0.wp.com\/www.uepb.edu.br\/wp-content\/uploads\/2017\/11\/DIREITO-A-EDUCA%C3%87%C3%83O-INCLUSIVA-1024x537.jpg?resize=700%2C400 2x"},"classes":[]},{"id":1123,"url":"https:\/\/centros.uepb.edu.br\/ccea\/2018\/05\/18\/palestra-promovida-pelo-ccea-debatera-desafios-e-perspectivas-da-gestao-publica-na-atual-conjuntura-nacional\/","url_meta":{"origin":1518,"position":4},"title":"Palestra promovida pelo CCEA debater\u00e1 desafios e perspectivas da gest\u00e3o p\u00fablica na atual conjuntura nacional","author":"M\u00e1rcia Dias","date":"18 de maio de 2018","format":false,"excerpt":"O Centro de Ci\u00eancias Exatas e Sociais Aplicadas (CCEA) da Universidade Estadual da Para\u00edba (UEPB) realiza, na pr\u00f3xima segunda-feira (21), a palestra \u201cDesafios e Perspectivas da Gest\u00e3o P\u00fablica\u201d. O evento acontecer\u00e1 \u00e0s 19h, no Audit\u00f3rio Celso Furtado, C\u00e2mpus VII da Institui\u00e7\u00e3o, em Patos. A atividade tem como objetivo propiciar um\u2026","rel":"","context":"Em &quot;CCEA&quot;","block_context":{"text":"CCEA","link":"https:\/\/centros.uepb.edu.br\/ccea\/category\/ccea\/"},"img":{"alt_text":"","src":"","width":0,"height":0},"classes":[]},{"id":1312,"url":"https:\/\/centros.uepb.edu.br\/ccea\/2019\/10\/22\/campus-vii-da-universidade-estadual-da-paraiba-em-patos-realiza-1a-semana-de-administracao\/","url_meta":{"origin":1518,"position":5},"title":"C\u00e2mpus VII da Universidade Estadual da Para\u00edba, em Patos, realiza 1\u00aa Semana de Administra\u00e7\u00e3o","author":"tatiana","date":"22 de outubro de 2019","format":false,"excerpt":"Entre os dias 15 e 18 de outubro, a Coordena\u00e7\u00e3o do Curso de Administra\u00e7\u00e3o do C\u00e2mpus VII da Universidade Estadual da Para\u00edba (UEPB) e professores realizaram a primeira edi\u00e7\u00e3o da Semana de Administra\u00e7\u00e3o (SEMAD). O evento, sediado no Centro de Ci\u00eancias Exatas e Sociais Aplicadas (CCEA), abordou os desafios das\u2026","rel":"","context":"Em &quot;CCEA&quot;","block_context":{"text":"CCEA","link":"https:\/\/centros.uepb.edu.br\/ccea\/category\/ccea\/"},"img":{"alt_text":"","src":"","width":0,"height":0},"classes":[]}],"_links":{"self":[{"href":"https:\/\/centros.uepb.edu.br\/ccea\/wp-json\/wp\/v2\/posts\/1518","targetHints":{"allow":["GET"]}}],"collection":[{"href":"https:\/\/centros.uepb.edu.br\/ccea\/wp-json\/wp\/v2\/posts"}],"about":[{"href":"https:\/\/centros.uepb.edu.br\/ccea\/wp-json\/wp\/v2\/types\/post"}],"author":[{"embeddable":true,"href":"https:\/\/centros.uepb.edu.br\/ccea\/wp-json\/wp\/v2\/users\/25"}],"replies":[{"embeddable":true,"href":"https:\/\/centros.uepb.edu.br\/ccea\/wp-json\/wp\/v2\/comments?post=1518"}],"version-history":[{"count":0,"href":"https:\/\/centros.uepb.edu.br\/ccea\/wp-json\/wp\/v2\/posts\/1518\/revisions"}],"wp:attachment":[{"href":"https:\/\/centros.uepb.edu.br\/ccea\/wp-json\/wp\/v2\/media?parent=1518"}],"wp:term":[{"taxonomy":"category","embeddable":true,"href":"https:\/\/centros.uepb.edu.br\/ccea\/wp-json\/wp\/v2\/categories?post=1518"},{"taxonomy":"post_tag","embeddable":true,"href":"https:\/\/centros.uepb.edu.br\/ccea\/wp-json\/wp\/v2\/tags?post=1518"}],"curies":[{"name":"wp","href":"https:\/\/api.w.org\/{rel}","templated":true}]}}