{"id":1516,"date":"2019-12-04T16:18:09","date_gmt":"2019-12-04T16:18:09","guid":{"rendered":"https:\/\/www.interno.uepb.edu.br\/?p=53696"},"modified":"2019-12-04T16:18:09","modified_gmt":"2019-12-04T16:18:09","slug":"feira-agroecologica-encerra-atividades-realizadas-durante-4a-edicao-do-forum-de-economia-solidaria-no-campus-vii-2","status":"publish","type":"post","link":"https:\/\/centros.uepb.edu.br\/ccea\/2019\/12\/04\/feira-agroecologica-encerra-atividades-realizadas-durante-4a-edicao-do-forum-de-economia-solidaria-no-campus-vii-2\/","title":{"rendered":"Feira Agroecol\u00f3gica encerra atividades realizadas durante 4\u00aa edi\u00e7\u00e3o do F\u00f3rum de Economia Solid\u00e1ria no C\u00e2mpus VII"},"content":{"rendered":"<figure class=\"wp-block-image\"><img decoding=\"async\" loading=\"lazy\" width=\"840\" height=\"454\" src=\"https:\/\/www.interno.uepb.edu.br\/wp-content\/uploads\/2019\/12\/Feira-1.jpg\" alt=\"\" class=\"wp-image-53685 img-responsive img-responsive\" srcset=\"https:\/\/www.interno.uepb.edu.br\/wp-content\/uploads\/2019\/12\/Feira-1.jpg 840w, https:\/\/www.interno.uepb.edu.br\/wp-content\/uploads\/2019\/12\/Feira-1-300x162.jpg 300w, https:\/\/www.interno.uepb.edu.br\/wp-content\/uploads\/2019\/12\/Feira-1-768x415.jpg 768w, https:\/\/www.interno.uepb.edu.br\/wp-content\/uploads\/2019\/12\/Feira-1-370x200.jpg 370w\" sizes=\"auto, (max-width: 840px) 100vw, 840px\" \/><\/figure>\n<p>Promover um conjunto de atividades econ\u00f4micas, envolvendo produ\u00e7\u00e3o, distribui\u00e7\u00e3o, poupan\u00e7a e cr\u00e9dito, s\u00e3o algumas das metas propostas por um dos setores que v\u00eam agrupando cada vez mais produtores rurais, chamado Economia Solid\u00e1ria. E esse jeito diferente de produzir, vender, comprar e trocar o que \u00e9 preciso para viver foi vivenciado nesta ter\u00e7a (3) e quarta-feira (4), no C\u00e2mpus VII da Universidade Estadual da Para\u00edba (UEPB), instalado na cidade de Patos. Cerca de 50 produtores dialogaram sobre como empreender no 4\u00ba F\u00f3rum de Economia Solid\u00e1ria, que ofereceu a possibilidade de compartilhamento de experi\u00eancias, desafios, debates sobre gest\u00e3o social e recursos renov\u00e1veis, al\u00e9m de uma feira instalada no Centro de Ci\u00eancias Exatas Aplicadas (CCEA), com uma oferta de mais de 200 produtos agroecol\u00f3gicos de produtores de toda Para\u00edba.<\/p>\n<p>De acordo com o pr\u00f3-reitor adjunto de P\u00f3s-Gradua\u00e7\u00e3o e Pesquisa da UEPB, professor Cidoval Morais, o objetivo do evento foi fazer um mapa do que tem sido um desafio para os praticantes da economia solid\u00e1ria, sobretudo no momento de poucos investimentos na \u00e1rea. Ele ainda destacou a troca de experi\u00eancias durantes os dois dias de atividades, fator que contribui para que produtores de v\u00e1rias regi\u00f5es possam se integrar \u00e0s pr\u00e1ticas bem-sucedidas que s\u00e3o realizadas em outras \u00e1reas do Estado.<\/p>\n<ul class=\"wp-block-gallery columns-2 is-cropped\">\n<li class=\"blocks-gallery-item\">\n<figure><img decoding=\"async\" loading=\"lazy\" width=\"840\" height=\"454\" src=\"https:\/\/www.interno.uepb.edu.br\/wp-content\/uploads\/2019\/12\/Feira-2.jpg\" alt=\"\" data-id=\"53686\" data-link=\"https:\/\/www.interno.uepb.edu.br\/feira-2\/\" class=\"wp-image-53686 img-responsive img-responsive\" srcset=\"https:\/\/www.interno.uepb.edu.br\/wp-content\/uploads\/2019\/12\/Feira-2.jpg 840w, https:\/\/www.interno.uepb.edu.br\/wp-content\/uploads\/2019\/12\/Feira-2-300x162.jpg 300w, https:\/\/www.interno.uepb.edu.br\/wp-content\/uploads\/2019\/12\/Feira-2-768x415.jpg 768w, https:\/\/www.interno.uepb.edu.br\/wp-content\/uploads\/2019\/12\/Feira-2-370x200.jpg 370w\" sizes=\"auto, (max-width: 840px) 100vw, 840px\" \/><\/figure>\n<\/li>\n<li class=\"blocks-gallery-item\">\n<figure><img decoding=\"async\" loading=\"lazy\" width=\"840\" height=\"454\" src=\"https:\/\/www.interno.uepb.edu.br\/wp-content\/uploads\/2019\/12\/Feira-3.jpg\" alt=\"\" data-id=\"53687\" data-link=\"https:\/\/www.interno.uepb.edu.br\/feira-3\/\" class=\"wp-image-53687 img-responsive img-responsive\" srcset=\"https:\/\/www.interno.uepb.edu.br\/wp-content\/uploads\/2019\/12\/Feira-3.jpg 840w, https:\/\/www.interno.uepb.edu.br\/wp-content\/uploads\/2019\/12\/Feira-3-300x162.jpg 300w, https:\/\/www.interno.uepb.edu.br\/wp-content\/uploads\/2019\/12\/Feira-3-768x415.jpg 768w, https:\/\/www.interno.uepb.edu.br\/wp-content\/uploads\/2019\/12\/Feira-3-370x200.jpg 370w\" sizes=\"auto, (max-width: 840px) 100vw, 840px\" \/><\/figure>\n<\/li>\n<li class=\"blocks-gallery-item\">\n<figure><img decoding=\"async\" loading=\"lazy\" width=\"840\" height=\"454\" src=\"https:\/\/www.interno.uepb.edu.br\/wp-content\/uploads\/2019\/12\/Feira-5.jpg\" alt=\"\" data-id=\"53689\" data-link=\"https:\/\/www.interno.uepb.edu.br\/feira-5\/\" class=\"wp-image-53689 img-responsive img-responsive\" srcset=\"https:\/\/www.interno.uepb.edu.br\/wp-content\/uploads\/2019\/12\/Feira-5.jpg 840w, https:\/\/www.interno.uepb.edu.br\/wp-content\/uploads\/2019\/12\/Feira-5-300x162.jpg 300w, https:\/\/www.interno.uepb.edu.br\/wp-content\/uploads\/2019\/12\/Feira-5-768x415.jpg 768w, https:\/\/www.interno.uepb.edu.br\/wp-content\/uploads\/2019\/12\/Feira-5-370x200.jpg 370w\" sizes=\"auto, (max-width: 840px) 100vw, 840px\" \/><\/figure>\n<\/li>\n<li class=\"blocks-gallery-item\">\n<figure><img decoding=\"async\" loading=\"lazy\" width=\"840\" height=\"454\" src=\"https:\/\/www.interno.uepb.edu.br\/wp-content\/uploads\/2019\/12\/Feira-4.jpg\" alt=\"\" data-id=\"53688\" data-link=\"https:\/\/www.interno.uepb.edu.br\/feira-4\/\" class=\"wp-image-53688 img-responsive img-responsive\" srcset=\"https:\/\/www.interno.uepb.edu.br\/wp-content\/uploads\/2019\/12\/Feira-4.jpg 840w, https:\/\/www.interno.uepb.edu.br\/wp-content\/uploads\/2019\/12\/Feira-4-300x162.jpg 300w, https:\/\/www.interno.uepb.edu.br\/wp-content\/uploads\/2019\/12\/Feira-4-768x415.jpg 768w, https:\/\/www.interno.uepb.edu.br\/wp-content\/uploads\/2019\/12\/Feira-4-370x200.jpg 370w\" sizes=\"auto, (max-width: 840px) 100vw, 840px\" \/><\/figure>\n<\/li>\n<li class=\"blocks-gallery-item\">\n<figure><img decoding=\"async\" loading=\"lazy\" width=\"840\" height=\"454\" src=\"https:\/\/www.interno.uepb.edu.br\/wp-content\/uploads\/2019\/12\/Feira-7.jpg\" alt=\"\" data-id=\"53691\" data-link=\"https:\/\/www.interno.uepb.edu.br\/feira-7\/\" class=\"wp-image-53691 img-responsive img-responsive\" srcset=\"https:\/\/www.interno.uepb.edu.br\/wp-content\/uploads\/2019\/12\/Feira-7.jpg 840w, https:\/\/www.interno.uepb.edu.br\/wp-content\/uploads\/2019\/12\/Feira-7-300x162.jpg 300w, https:\/\/www.interno.uepb.edu.br\/wp-content\/uploads\/2019\/12\/Feira-7-768x415.jpg 768w, https:\/\/www.interno.uepb.edu.br\/wp-content\/uploads\/2019\/12\/Feira-7-370x200.jpg 370w\" sizes=\"auto, (max-width: 840px) 100vw, 840px\" \/><\/figure>\n<\/li>\n<li class=\"blocks-gallery-item\">\n<figure><img decoding=\"async\" loading=\"lazy\" width=\"840\" height=\"454\" src=\"https:\/\/www.interno.uepb.edu.br\/wp-content\/uploads\/2019\/12\/Feira-8.jpg\" alt=\"\" data-id=\"53692\" data-link=\"https:\/\/www.interno.uepb.edu.br\/feira-8\/\" class=\"wp-image-53692 img-responsive img-responsive\" srcset=\"https:\/\/www.interno.uepb.edu.br\/wp-content\/uploads\/2019\/12\/Feira-8.jpg 840w, https:\/\/www.interno.uepb.edu.br\/wp-content\/uploads\/2019\/12\/Feira-8-300x162.jpg 300w, https:\/\/www.interno.uepb.edu.br\/wp-content\/uploads\/2019\/12\/Feira-8-768x415.jpg 768w, https:\/\/www.interno.uepb.edu.br\/wp-content\/uploads\/2019\/12\/Feira-8-370x200.jpg 370w\" sizes=\"auto, (max-width: 840px) 100vw, 840px\" \/><\/figure>\n<\/li>\n<\/ul>\n<p>\u201cAqui, eles dialogam a realidade da Economia Solid\u00e1ria com a academia e, sobretudo, trazem para dentro do campo da Administra\u00e7\u00e3o as grandes preocupa\u00e7\u00f5es e demandas do setor que, apesar de alternativo e fazer contraposi\u00e7\u00e3o ao capitalismo, tem tamb\u00e9m necessidades que s\u00e3o do campo da Administra\u00e7\u00e3o, da Comunica\u00e7\u00e3o, do Marketing, da certifica\u00e7\u00e3o, da comercializa\u00e7\u00e3o, do planejamento estrat\u00e9gico da produ\u00e7\u00e3o e da organiza\u00e7\u00e3o e distribui\u00e7\u00e3o da produ\u00e7\u00e3o. O autogerenciamento \u00e9 o grande desafio da Economia Solid\u00e1ria e momentos como esse s\u00e3o importantes, porque possibilitam a abordagem em temas cr\u00edticos que s\u00e3o discutidos no F\u00f3rum\u201d, disse Cidoval.<\/p>\n<p>Durante os dois dias de atividades, os empreendedores puderam aprender coisas novas, bem como  apresentar os produtos que est\u00e3o desenvolvendo, todos sob as indica\u00e7\u00f5es da agricultura familiar e livre de agrot\u00f3xicos. Estiveram \u00e0 disposi\u00e7\u00e3o dos visitantes da feira produtos oriundos do cultivo de horto granjeiros, legumes, produtos derivados do leite, queijos, doces, cocadas, cacha\u00e7as artesanais, artesanatos em palha, barro, cer\u00e2mica, fitoter\u00e1picos, uma diversidade de itens do sistema org\u00e2nico e agroecol\u00f3gicos. <\/p>\n<ul class=\"wp-block-gallery columns-2 is-cropped\">\n<li class=\"blocks-gallery-item\">\n<figure><img decoding=\"async\" loading=\"lazy\" width=\"840\" height=\"454\" src=\"https:\/\/www.interno.uepb.edu.br\/wp-content\/uploads\/2019\/12\/Feira-10.jpg\" alt=\"\" data-id=\"53694\" data-link=\"https:\/\/www.interno.uepb.edu.br\/feira-10-2\/\" class=\"wp-image-53694 img-responsive img-responsive\" srcset=\"https:\/\/www.interno.uepb.edu.br\/wp-content\/uploads\/2019\/12\/Feira-10.jpg 840w, https:\/\/www.interno.uepb.edu.br\/wp-content\/uploads\/2019\/12\/Feira-10-300x162.jpg 300w, https:\/\/www.interno.uepb.edu.br\/wp-content\/uploads\/2019\/12\/Feira-10-768x415.jpg 768w, https:\/\/www.interno.uepb.edu.br\/wp-content\/uploads\/2019\/12\/Feira-10-370x200.jpg 370w\" sizes=\"auto, (max-width: 840px) 100vw, 840px\" \/><\/figure>\n<\/li>\n<li class=\"blocks-gallery-item\">\n<figure><img decoding=\"async\" loading=\"lazy\" width=\"840\" height=\"454\" src=\"https:\/\/www.interno.uepb.edu.br\/wp-content\/uploads\/2019\/12\/Feira-11.jpg\" alt=\"\" data-id=\"53695\" data-link=\"https:\/\/www.interno.uepb.edu.br\/feira-11\/\" class=\"wp-image-53695 img-responsive img-responsive\" srcset=\"https:\/\/www.interno.uepb.edu.br\/wp-content\/uploads\/2019\/12\/Feira-11.jpg 840w, https:\/\/www.interno.uepb.edu.br\/wp-content\/uploads\/2019\/12\/Feira-11-300x162.jpg 300w, https:\/\/www.interno.uepb.edu.br\/wp-content\/uploads\/2019\/12\/Feira-11-768x415.jpg 768w, https:\/\/www.interno.uepb.edu.br\/wp-content\/uploads\/2019\/12\/Feira-11-370x200.jpg 370w\" sizes=\"auto, (max-width: 840px) 100vw, 840px\" \/><\/figure>\n<\/li>\n<li class=\"blocks-gallery-item\">\n<figure><img decoding=\"async\" loading=\"lazy\" width=\"840\" height=\"454\" src=\"https:\/\/www.interno.uepb.edu.br\/wp-content\/uploads\/2019\/12\/Feira-9.jpg\" alt=\"\" data-id=\"53693\" data-link=\"https:\/\/www.interno.uepb.edu.br\/feira-9\/\" class=\"wp-image-53693 img-responsive img-responsive\" srcset=\"https:\/\/www.interno.uepb.edu.br\/wp-content\/uploads\/2019\/12\/Feira-9.jpg 840w, https:\/\/www.interno.uepb.edu.br\/wp-content\/uploads\/2019\/12\/Feira-9-300x162.jpg 300w, https:\/\/www.interno.uepb.edu.br\/wp-content\/uploads\/2019\/12\/Feira-9-768x415.jpg 768w, https:\/\/www.interno.uepb.edu.br\/wp-content\/uploads\/2019\/12\/Feira-9-370x200.jpg 370w\" sizes=\"auto, (max-width: 840px) 100vw, 840px\" \/><\/figure>\n<\/li>\n<\/ul>\n<p>O diretor do Centro de Ci\u00eancias Exatas e Sociais Aplicadas, professor Adriano Homero Pereira, destacou a qualidade do que foi disponibilizado para a comunidade durante a realiza\u00e7\u00e3o da feira, ressaltando que a iniciativa \u00e9 uma oportunidade enriquecedora para os produtores e para os consumidores, pois estimula uma forma de economia mais justa e oferta produtos de melhor qualidade, especialmente por serem produtos agroecol\u00f3gicos, que contribuem para uma melhor qualidade de vida das pessoas.<\/p>\n<p>J\u00e1 o diretor adjunto do CCEA, Odilon Avelino da Cunha, salientou a participa\u00e7\u00e3o da comunidade acad\u00eamica do C\u00e2mpus VII que, durante os dois dias, prestigiou o F\u00f3rum. \u201cMesmo estando no final do semestre letivo, foi destacada a participa\u00e7\u00e3o de alunos, professores e t\u00e9cnicos administrativos, todos envolvidos em mais essa edi\u00e7\u00e3o. A cada ano o F\u00f3rum ganha em engajamento e isso \u00e9 muito importante para todos. Ganham os produtores, que apresentam seus produtos \u00e0 comunidade, os pesquisadores de institui\u00e7\u00f5es parceiras e tamb\u00e9m todos n\u00f3s, pela troca de experi\u00eancias e conhecimento\u201d, disse Odilon.<\/p>\n<p><em><strong>Texto:<\/strong> Givaldo Cavalcanti<br \/><strong>Fotos:<\/strong> Divulga\u00e7\u00e3o C\u00e2mpus VII<\/em><\/p>\n","protected":false},"excerpt":{"rendered":"<p>Promover um conjunto de atividades econ\u00f4micas, envolvendo produ\u00e7\u00e3o, distribui\u00e7\u00e3o, poupan\u00e7a e cr\u00e9dito, s\u00e3o algumas das metas propostas por um dos setores que v\u00eam agrupando cada vez mais produtores rurais, chamado Economia Solid\u00e1ria. E esse jeito diferente de produzir, vender, comprar e trocar o que \u00e9 preciso para viver foi vivenciado nesta ter\u00e7a (3) e quarta-feira <a class=\"leiamais\" href=\"https:\/\/www.interno.uepb.edu.br\/feira-agroecologica-encerra-atividades-realizadas-durante-4a-edicao-do-forum-de-economia-solidaria-no-campus-vii\/\">Leia Mais&#8230;<\/a><\/p>\n","protected":false},"author":25,"featured_media":0,"comment_status":"closed","ping_status":"closed","sticky":false,"template":"","format":"standard","meta":{"jetpack_post_was_ever_published":false,"_jetpack_newsletter_access":"","_jetpack_dont_email_post_to_subs":false,"_jetpack_newsletter_tier_id":0,"_jetpack_memberships_contains_paywalled_content":false,"_jetpack_memberships_contains_paid_content":false,"footnotes":"","jetpack_publicize_message":"","jetpack_publicize_feature_enabled":true,"jetpack_social_post_already_shared":true,"jetpack_social_options":{"image_generator_settings":{"template":"highway","default_image_id":0,"font":"","enabled":false},"version":2}},"categories":[8,3],"tags":[],"class_list":["post-1516","post","type-post","status-publish","format-standard","hentry","category-ccea","category-noticias"],"jetpack_publicize_connections":[],"jetpack_featured_media_url":"","jetpack_sharing_enabled":true,"jetpack_shortlink":"https:\/\/wp.me\/p7WTGX-os","jetpack_likes_enabled":true,"jetpack-related-posts":[{"id":1325,"url":"https:\/\/centros.uepb.edu.br\/ccea\/2019\/12\/04\/feira-agroecologica-encerra-atividades-realizadas-durante-4a-edicao-do-forum-de-economia-solidaria-no-campus-vii\/","url_meta":{"origin":1516,"position":0},"title":"Feira Agroecol\u00f3gica encerra atividades realizadas durante 4\u00aa edi\u00e7\u00e3o do F\u00f3rum de Economia Solid\u00e1ria no C\u00e2mpus VII","author":"tatiana","date":"4 de dezembro de 2019","format":false,"excerpt":"Promover um conjunto de atividades econ\u00f4micas, envolvendo produ\u00e7\u00e3o, distribui\u00e7\u00e3o, poupan\u00e7a e cr\u00e9dito, s\u00e3o algumas das metas propostas por um dos setores que v\u00eam agrupando cada vez mais produtores rurais, chamado Economia Solid\u00e1ria. E esse jeito diferente de produzir, vender, comprar e trocar o que \u00e9 preciso para viver foi vivenciado\u2026","rel":"","context":"Em &quot;CCEA&quot;","block_context":{"text":"CCEA","link":"https:\/\/centros.uepb.edu.br\/ccea\/category\/ccea\/"},"img":{"alt_text":"","src":"","width":0,"height":0},"classes":[]},{"id":1106,"url":"https:\/\/centros.uepb.edu.br\/ccea\/2018\/06\/15\/feira-da-economia-solidaria-e-realizada-no-campus-vii-da-universidade-estadual-em-patos\/","url_meta":{"origin":1516,"position":1},"title":"Feira da Economia Solid\u00e1ria \u00e9 realizada no C\u00e2mpus VII da Universidade Estadual em Patos","author":"tatiany","date":"15 de junho de 2018","format":false,"excerpt":"A Universidade Estadual da Para\u00edba (UEPB), atrav\u00e9s do Centro de Ci\u00eancias Exatas e Sociais Aplicadas (CCEA), em parceria com o Governo do Estado, F\u00f3rum Estadual de Economia Solid\u00e1ria e A\u00e7\u00e3o Social Diocesana de Patos, realizou ontem (13), a Feira da Economia Solid\u00e1ria. O evento aconteceu durante todo o dia, no\u2026","rel":"","context":"Em &quot;CCEA&quot;","block_context":{"text":"CCEA","link":"https:\/\/centros.uepb.edu.br\/ccea\/category\/ccea\/"},"img":{"alt_text":"","src":"https:\/\/i0.wp.com\/centros.uepb.edu.br\/ccea\/files\/2018\/06\/feira_patos01.jpg?resize=350%2C200&ssl=1","width":350,"height":200,"srcset":"https:\/\/i0.wp.com\/centros.uepb.edu.br\/ccea\/files\/2018\/06\/feira_patos01.jpg?resize=350%2C200&ssl=1 1x, https:\/\/i0.wp.com\/centros.uepb.edu.br\/ccea\/files\/2018\/06\/feira_patos01.jpg?resize=525%2C300&ssl=1 1.5x, https:\/\/i0.wp.com\/centros.uepb.edu.br\/ccea\/files\/2018\/06\/feira_patos01.jpg?resize=700%2C400&ssl=1 2x"},"classes":[]},{"id":1205,"url":"https:\/\/centros.uepb.edu.br\/ccea\/2018\/11\/22\/centro-de-ciencias-exatas-e-sociais-aplicadas-da-uepb-promove-2a-feira-da-economia-solidaria-em-patos\/","url_meta":{"origin":1516,"position":2},"title":"Centro de Ci\u00eancias Exatas e Sociais Aplicadas da UEPB promove 2\u00aa Feira da Economia Solid\u00e1ria em Patos","author":"tatiana","date":"22 de novembro de 2018","format":false,"excerpt":"\u201cCultura popular\u201d, \u201cconsumismo sustent\u00e1vel\u201d e \u201cdiversidade de produtos\u201d. Como parte do projeto Univer-Cidade, concebido atrav\u00e9s do Mestrado em Desenvolvimento Regional da Universidade Estadual da Para\u00edba (UEPB), ser\u00e1 realizada, no pr\u00f3ximo dia 28 de novembro, a 2\u00aa Feira da Economia Solid\u00e1ria do Centro de Ci\u00eancias Exatas e Sociais Aplicadas (CCEA), C\u00e2mpus\u2026","rel":"","context":"Em &quot;CCEA&quot;","block_context":{"text":"CCEA","link":"https:\/\/centros.uepb.edu.br\/ccea\/category\/ccea\/"},"img":{"alt_text":"","src":"https:\/\/i0.wp.com\/www.uepb.edu.br\/wp-content\/uploads\/2018\/11\/CCEA-Feira.jpg?resize=350%2C200","width":350,"height":200},"classes":[]},{"id":1264,"url":"https:\/\/centros.uepb.edu.br\/ccea\/2019\/05\/24\/centro-de-ciencias-exatas-e-sociais-aplicadas-promove-mais-uma-edicao-feira-da-economia-solidaria\/","url_meta":{"origin":1516,"position":3},"title":"Centro de Ci\u00eancias Exatas e Sociais Aplicadas promove mais uma edi\u00e7\u00e3o Feira da Economia Solid\u00e1ria","author":"tatiana","date":"24 de maio de 2019","format":false,"excerpt":"Cultura popular, consumo sustent\u00e1vel e diversidade de produtos. Com o tema \u201cCompartilhando as trilhas do bem viver\u201d, ser\u00e1 realizada, no pr\u00f3ximo dia 5 de junho, mais uma edi\u00e7\u00e3o da Feira da Economia Solid\u00e1ria, promovida pelo Centro de Ci\u00eancias Exatas e Sociais Aplicadas (CCEA) da Universidade Estadual da Para\u00edba (UEPB), C\u00e2mpus\u2026","rel":"","context":"Em &quot;CCEA&quot;","block_context":{"text":"CCEA","link":"https:\/\/centros.uepb.edu.br\/ccea\/category\/ccea\/"},"img":{"alt_text":"","src":"","width":0,"height":0},"classes":[]},{"id":954,"url":"https:\/\/centros.uepb.edu.br\/ccea\/2018\/04\/03\/debate-sobre-economia-solidaria-e-realizado-no-campus-vii-da-universidade-estadual-da-paraiba\/","url_meta":{"origin":1516,"position":4},"title":"Debate sobre Economia solid\u00e1ria \u00e9 realizado no C\u00e2mpus VII da Universidade Estadual da Para\u00edba","author":"tatiany","date":"3 de abril de 2018","format":false,"excerpt":"O Centro de Ci\u00eancias Exatas e Sociais Aplicadas (CCEA), da Universidade Estadual da Para\u00edba (UEPB), atrav\u00e9s do curso de bacharelado em Administra\u00e7\u00e3o, realizou ontem (02), o debate sobre Economia Solid\u00e1ria. A atividade foi realizada no audit\u00f3rio Celso Furtado, no C\u00e2mpus VII da UEPB, em Patos e faz parte das pr\u00e1ticas\u2026","rel":"","context":"Em &quot;CCEA&quot;","block_context":{"text":"CCEA","link":"https:\/\/centros.uepb.edu.br\/ccea\/category\/ccea\/"},"img":{"alt_text":"","src":"","width":0,"height":0},"classes":[]},{"id":1067,"url":"https:\/\/centros.uepb.edu.br\/ccea\/2018\/06\/04\/feira-da-economia-solidaria-sera-realizada-no-campus-vii-da-universidade-estadual-da-paraiba\/","url_meta":{"origin":1516,"position":5},"title":"Feira da Economia Solid\u00e1ria ser\u00e1 realizada no C\u00e2mpus VII da Universidade Estadual da Para\u00edba","author":"tatiany","date":"4 de junho de 2018","format":false,"excerpt":"A Universidade Estadual da Para\u00edba (UEPB), atrav\u00e9s do Centro de Ci\u00eancias Exatas e Sociais Aplicadas (CCEA), em parceria com o Governo do Estado, F\u00f3rum Estadual de Economia Solid\u00e1ria e A\u00e7\u00e3o Social Diocesana de Patos, promove a Feira da Economia Solid\u00e1ria. O evento acontece no dia 13 de junho, das 8h\u2026","rel":"","context":"Em &quot;CCEA&quot;","block_context":{"text":"CCEA","link":"https:\/\/centros.uepb.edu.br\/ccea\/category\/ccea\/"},"img":{"alt_text":"","src":"","width":0,"height":0},"classes":[]}],"_links":{"self":[{"href":"https:\/\/centros.uepb.edu.br\/ccea\/wp-json\/wp\/v2\/posts\/1516","targetHints":{"allow":["GET"]}}],"collection":[{"href":"https:\/\/centros.uepb.edu.br\/ccea\/wp-json\/wp\/v2\/posts"}],"about":[{"href":"https:\/\/centros.uepb.edu.br\/ccea\/wp-json\/wp\/v2\/types\/post"}],"author":[{"embeddable":true,"href":"https:\/\/centros.uepb.edu.br\/ccea\/wp-json\/wp\/v2\/users\/25"}],"replies":[{"embeddable":true,"href":"https:\/\/centros.uepb.edu.br\/ccea\/wp-json\/wp\/v2\/comments?post=1516"}],"version-history":[{"count":0,"href":"https:\/\/centros.uepb.edu.br\/ccea\/wp-json\/wp\/v2\/posts\/1516\/revisions"}],"wp:attachment":[{"href":"https:\/\/centros.uepb.edu.br\/ccea\/wp-json\/wp\/v2\/media?parent=1516"}],"wp:term":[{"taxonomy":"category","embeddable":true,"href":"https:\/\/centros.uepb.edu.br\/ccea\/wp-json\/wp\/v2\/categories?post=1516"},{"taxonomy":"post_tag","embeddable":true,"href":"https:\/\/centros.uepb.edu.br\/ccea\/wp-json\/wp\/v2\/tags?post=1516"}],"curies":[{"name":"wp","href":"https:\/\/api.w.org\/{rel}","templated":true}]}}