{"id":1514,"date":"2019-12-19T12:33:09","date_gmt":"2019-12-19T12:33:09","guid":{"rendered":"https:\/\/www.interno.uepb.edu.br\/?p=54190"},"modified":"2019-12-19T12:33:09","modified_gmt":"2019-12-19T12:33:09","slug":"ccea-forma-novos-profissionais-de-administracao-computacao-fisica-matematica-e-educacao-fisica-2","status":"publish","type":"post","link":"https:\/\/centros.uepb.edu.br\/ccea\/2019\/12\/19\/ccea-forma-novos-profissionais-de-administracao-computacao-fisica-matematica-e-educacao-fisica-2\/","title":{"rendered":"CCEA forma novos profissionais de Administra\u00e7\u00e3o, Computa\u00e7\u00e3o, F\u00edsica, Matem\u00e1tica e Educa\u00e7\u00e3o F\u00edsica"},"content":{"rendered":"<figure class=\"wp-block-image size-large\"><img decoding=\"async\" loading=\"lazy\" width=\"840\" height=\"454\" src=\"https:\/\/www.interno.uepb.edu.br\/wp-content\/uploads\/2019\/12\/Cola%C3%A7%C3%A3o-de-Grau-Patos-1.jpg\" alt=\"\" class=\"wp-image-54191 img-responsive img-responsive\" srcset=\"https:\/\/www.interno.uepb.edu.br\/wp-content\/uploads\/2019\/12\/Cola\u00e7\u00e3o-de-Grau-Patos-1.jpg 840w, https:\/\/www.interno.uepb.edu.br\/wp-content\/uploads\/2019\/12\/Cola\u00e7\u00e3o-de-Grau-Patos-1-300x162.jpg 300w, https:\/\/www.interno.uepb.edu.br\/wp-content\/uploads\/2019\/12\/Cola\u00e7\u00e3o-de-Grau-Patos-1-768x415.jpg 768w, https:\/\/www.interno.uepb.edu.br\/wp-content\/uploads\/2019\/12\/Cola\u00e7\u00e3o-de-Grau-Patos-1-370x200.jpg 370w\" sizes=\"auto, (max-width: 840px) 100vw, 840px\" \/><\/figure>\n<p>Concluintes dos cursos de Administra\u00e7\u00e3o, Computa\u00e7\u00e3o, F\u00edsica e Matem\u00e1tica do Centro de Ci\u00eancias Exatas e Sociais Aplicadas (CCEA) da Universidade Estadual da Para\u00edba (UEPB), al\u00e9m do curso de Educa\u00e7\u00e3o F\u00edsica ofertado, no C\u00e2mpus VII, pelo Programa Nacional de Forma\u00e7\u00e3o de Professores da Educa\u00e7\u00e3o B\u00e1sica (PARFOR), colaram grau acad\u00eamico na noite desta quarta-feira (18), em solenidade presidida pelo reitor em exerc\u00edcio da Institui\u00e7\u00e3o, professor Fl\u00e1vio Romero Guimar\u00e3es.<\/p>\n<p>A cerim\u00f4nia foi marcada pela emo\u00e7\u00e3o e contou com a presen\u00e7a de amigos e familiares dos formandos, professores e funcion\u00e1rios do CCEA, que acompanharam a jornada acad\u00eamica dos concluintes. Maria Rafaela Andrade da N\u00f3brega, do Curso de Matem\u00e1tica, foi a juramentista da solenidade, que teve, ainda, a formanda Francisca dos Santos Lopes, do Curso de Administra\u00e7\u00e3o, como Oradora Oficial das turmas.<\/p>\n<figure class=\"wp-block-image size-large\"><img decoding=\"async\" loading=\"lazy\" width=\"840\" height=\"454\" src=\"https:\/\/www.interno.uepb.edu.br\/wp-content\/uploads\/2019\/12\/Cola%C3%A7%C3%A3o-de-Grau-Patos-7.jpg\" alt=\"\" class=\"wp-image-54197 img-responsive img-responsive\" srcset=\"https:\/\/www.interno.uepb.edu.br\/wp-content\/uploads\/2019\/12\/Cola\u00e7\u00e3o-de-Grau-Patos-7.jpg 840w, https:\/\/www.interno.uepb.edu.br\/wp-content\/uploads\/2019\/12\/Cola\u00e7\u00e3o-de-Grau-Patos-7-300x162.jpg 300w, https:\/\/www.interno.uepb.edu.br\/wp-content\/uploads\/2019\/12\/Cola\u00e7\u00e3o-de-Grau-Patos-7-768x415.jpg 768w, https:\/\/www.interno.uepb.edu.br\/wp-content\/uploads\/2019\/12\/Cola\u00e7\u00e3o-de-Grau-Patos-7-370x200.jpg 370w\" sizes=\"auto, (max-width: 840px) 100vw, 840px\" \/><\/figure>\n<p>Francisca agradeceu a Deus e a todos que apoiaram os formandos nos diversos momentos de desafios e supera\u00e7\u00f5es, destacando que o caminho percorrido foi dif\u00edcil, mas a perseveran\u00e7a fez com que cada um chegasse ao momento glorioso de formatura. Ela frisou que as dificuldades n\u00e3o foram maiores que o desejo de realizar o sonho da conclus\u00e3o do curso superior e colaborar com a sociedade, fazendo a diferen\u00e7a na \u00e1rea escolhida para forma\u00e7\u00e3o.<\/p>\n<p>\u201cHoje estamos juntos, celebrando. Amanh\u00e3 se inicia um novo cap\u00edtulo. Somos, agora, instru\u00eddos por meio da educa\u00e7\u00e3o para assumirmos posi\u00e7\u00f5es onde muitos se espelhar\u00e3o em n\u00f3s. Vamos lutar como garotos e garotas para fazer um pa\u00eds diferente. Vamos ser profissionais \u00e9ticos e humanos, vamos ser exemplo\u201d, enfatizou a Oradora.<\/p>\n<p>A professora Eunice Ferreira Carvalho, escolhida como Paraninfa Geral das turmas concluintes, fez um discurso de valoriza\u00e7\u00e3o da Educa\u00e7\u00e3o, salientando que tudo o que conquistou na vida foi atrav\u00e9s dos livros. Ela lembrou do est\u00edmulo que recebeu do pai para estudar, desde crian\u00e7a, citando-o como seu grande incentivador apesar de mal saber escrever seu nome. Eunice recordou dos ensinamentos recebidos do pai, que lhe dizia: \u201cEstude, porque o seu conhecimento ningu\u00e9m tira, voc\u00ea leva com voc\u00ea\u201d.<\/p>\n<figure class=\"wp-block-image size-large\"><img decoding=\"async\" loading=\"lazy\" width=\"840\" height=\"454\" src=\"https:\/\/www.interno.uepb.edu.br\/wp-content\/uploads\/2019\/12\/79499022_3236844869677051_7643498540706037760_o.jpg\" alt=\"\" class=\"wp-image-54206 img-responsive img-responsive\" srcset=\"https:\/\/www.interno.uepb.edu.br\/wp-content\/uploads\/2019\/12\/79499022_3236844869677051_7643498540706037760_o.jpg 840w, https:\/\/www.interno.uepb.edu.br\/wp-content\/uploads\/2019\/12\/79499022_3236844869677051_7643498540706037760_o-300x162.jpg 300w, https:\/\/www.interno.uepb.edu.br\/wp-content\/uploads\/2019\/12\/79499022_3236844869677051_7643498540706037760_o-768x415.jpg 768w, https:\/\/www.interno.uepb.edu.br\/wp-content\/uploads\/2019\/12\/79499022_3236844869677051_7643498540706037760_o-370x200.jpg 370w\" sizes=\"auto, (max-width: 840px) 100vw, 840px\" \/><\/figure>\n<p>Eunice destacou, ainda, seu amor pela UEPB, especialmente pelo C\u00e2mpus de Patos, onde, segundo ela, criou ra\u00edzes e cresceu profissionalmente. \u201cA Universidade Estadual da Para\u00edba me permitiu as condi\u00e7\u00f5es necess\u00e1rias para eu explorar minhas potencialidades. Me deu estabilidade, confian\u00e7a, liberdade e, assim, a convic\u00e7\u00e3o de que a sala de aula \u00e9 o meu lugar\u201d, frisou, concluindo suas palavras com um pedido aos formandos para que defendam a universidade p\u00fablica. \u201cUsem a luza da raz\u00e3o e desconfiem de quem tenta denegrir a imagem da Universidade para justificar o seu desmonte. Defendam a UEPB por ter lhes dado a oportunidade estarem aqui orgulhando seus familiares e por ter mudado a vida de tanta gente\u201d, finalizou.<\/p>\n<figure class=\"wp-block-image size-large\"><img decoding=\"async\" loading=\"lazy\" width=\"840\" height=\"454\" src=\"https:\/\/www.interno.uepb.edu.br\/wp-content\/uploads\/2019\/12\/Cola%C3%A7%C3%A3o-de-Grau-Patos-13.jpg\" alt=\"\" class=\"wp-image-54203 img-responsive img-responsive\" srcset=\"https:\/\/www.interno.uepb.edu.br\/wp-content\/uploads\/2019\/12\/Cola\u00e7\u00e3o-de-Grau-Patos-13.jpg 840w, https:\/\/www.interno.uepb.edu.br\/wp-content\/uploads\/2019\/12\/Cola\u00e7\u00e3o-de-Grau-Patos-13-300x162.jpg 300w, https:\/\/www.interno.uepb.edu.br\/wp-content\/uploads\/2019\/12\/Cola\u00e7\u00e3o-de-Grau-Patos-13-768x415.jpg 768w, https:\/\/www.interno.uepb.edu.br\/wp-content\/uploads\/2019\/12\/Cola\u00e7\u00e3o-de-Grau-Patos-13-370x200.jpg 370w\" sizes=\"auto, (max-width: 840px) 100vw, 840px\" \/><\/figure>\n<p>O pr\u00f3-reitor de Gradua\u00e7\u00e3o da UEPB, professor Eli Brand\u00e3o, dirigiu palavras aos concluintes refor\u00e7ando que a miss\u00e3o da Universidade \u00e9 uma grande aposta na transforma\u00e7\u00e3o social pela Educa\u00e7\u00e3o, formando profissionais qualificados e cidad\u00e3os cr\u00edticos e eticamente comprometidos com o bem-estar humano, bem como com o desenvolvimento cient\u00edfico, tecnol\u00f3gico, social, econ\u00f4mico e cultural da Para\u00edba. Ele salientou que s\u00e3o poucos os que conseguem ingressar em uma institui\u00e7\u00e3o p\u00fablica de ensino superior e que \u00e9 ainda menor o n\u00famero dos que alcan\u00e7a a conclus\u00e3o do curso, o que faz dos formandos da solenidade, vitoriosos.<\/p>\n<figure class=\"wp-block-image size-large\"><img decoding=\"async\" loading=\"lazy\" width=\"840\" height=\"454\" src=\"https:\/\/www.interno.uepb.edu.br\/wp-content\/uploads\/2019\/12\/Cola%C3%A7%C3%A3o-de-Grau-Patos-6.jpg\" alt=\"\" class=\"wp-image-54196 img-responsive img-responsive\" srcset=\"https:\/\/www.interno.uepb.edu.br\/wp-content\/uploads\/2019\/12\/Cola\u00e7\u00e3o-de-Grau-Patos-6.jpg 840w, https:\/\/www.interno.uepb.edu.br\/wp-content\/uploads\/2019\/12\/Cola\u00e7\u00e3o-de-Grau-Patos-6-300x162.jpg 300w, https:\/\/www.interno.uepb.edu.br\/wp-content\/uploads\/2019\/12\/Cola\u00e7\u00e3o-de-Grau-Patos-6-768x415.jpg 768w, https:\/\/www.interno.uepb.edu.br\/wp-content\/uploads\/2019\/12\/Cola\u00e7\u00e3o-de-Grau-Patos-6-370x200.jpg 370w\" sizes=\"auto, (max-width: 840px) 100vw, 840px\" \/><\/figure>\n<p>Professor Adriano Homero, diretor do C\u00e2mpus VII, tamb\u00e9m parabenizou os formandos pelo momento de formatura e desejou sucesso na nova etapa que se inicia. Presidente da solenidade, o reitor em exerc\u00edcio da UEPB, professor Fl\u00e1vio Romero Guimar\u00e3es, falou de sonhos e da import\u00e2ncia de cada um seguir firme e dedicado aos seus prop\u00f3sitos de vida. Ele lembrou aos concluintes que o momento da Cola\u00e7\u00e3o de Grau era o encerramento de um ciclo, mas que abria novas janelas para a forma\u00e7\u00e3o dos agora graduados. Fl\u00e1vio aconselhou os concluintes a n\u00e3o abrirem m\u00e3o de ser felizes e desejou \u00eaxito na nova caminhada que cada um vai iniciar ap\u00f3s a gradua\u00e7\u00e3o.<\/p>\n<p>Posteriormente aos discursos foi feita a confer\u00eancia do grau acad\u00eamico aos alunos representantes das turmas. Vanine Joemilly de Oliveira recebeu o grau conferido pela professora Carolina Coeli, em nome dos seus colegas do Curso de Administra\u00e7\u00e3o. O professor Rodrigo Alves, coordenador do Curso de Computa\u00e7\u00e3o, conferiu o grau ao estudante Francisco Valdi de Andrade, que representou seus colegas de turma. A formanda Ana Paula Bezerra dos Santos, representou seus colegas do Curso de F\u00edsica e recebeu o grau conferido pelo professor Marcelo Silva, coordenador do Curso de F\u00edsica.<\/p>\n<figure class=\"wp-block-gallery columns-2 is-cropped\">\n<ul class=\"blocks-gallery-grid\">\n<li class=\"blocks-gallery-item\">\n<figure><img decoding=\"async\" loading=\"lazy\" width=\"840\" height=\"454\" src=\"https:\/\/www.interno.uepb.edu.br\/wp-content\/uploads\/2019\/12\/Cola%C3%A7%C3%A3o-de-Grau-Patos-12.jpg\" alt=\"\" data-id=\"54202\" data-full-url=\"https:\/\/www.interno.uepb.edu.br\/wp-content\/uploads\/2019\/12\/Cola\u00e7\u00e3o-de-Grau-Patos-12.jpg\" data-link=\"https:\/\/www.interno.uepb.edu.br\/?attachment_id=54202\" class=\"wp-image-54202 img-responsive img-responsive\" srcset=\"https:\/\/www.interno.uepb.edu.br\/wp-content\/uploads\/2019\/12\/Cola\u00e7\u00e3o-de-Grau-Patos-12.jpg 840w, https:\/\/www.interno.uepb.edu.br\/wp-content\/uploads\/2019\/12\/Cola\u00e7\u00e3o-de-Grau-Patos-12-300x162.jpg 300w, https:\/\/www.interno.uepb.edu.br\/wp-content\/uploads\/2019\/12\/Cola\u00e7\u00e3o-de-Grau-Patos-12-768x415.jpg 768w, https:\/\/www.interno.uepb.edu.br\/wp-content\/uploads\/2019\/12\/Cola\u00e7\u00e3o-de-Grau-Patos-12-370x200.jpg 370w\" sizes=\"auto, (max-width: 840px) 100vw, 840px\" \/><\/figure>\n<\/li>\n<li class=\"blocks-gallery-item\">\n<figure><img decoding=\"async\" loading=\"lazy\" width=\"840\" height=\"454\" src=\"https:\/\/www.interno.uepb.edu.br\/wp-content\/uploads\/2019\/12\/Cola%C3%A7%C3%A3o-de-Grau-Patos-10.jpg\" alt=\"\" data-id=\"54200\" data-full-url=\"https:\/\/www.interno.uepb.edu.br\/wp-content\/uploads\/2019\/12\/Cola\u00e7\u00e3o-de-Grau-Patos-10.jpg\" data-link=\"https:\/\/www.interno.uepb.edu.br\/?attachment_id=54200\" class=\"wp-image-54200 img-responsive img-responsive\" srcset=\"https:\/\/www.interno.uepb.edu.br\/wp-content\/uploads\/2019\/12\/Cola\u00e7\u00e3o-de-Grau-Patos-10.jpg 840w, https:\/\/www.interno.uepb.edu.br\/wp-content\/uploads\/2019\/12\/Cola\u00e7\u00e3o-de-Grau-Patos-10-300x162.jpg 300w, https:\/\/www.interno.uepb.edu.br\/wp-content\/uploads\/2019\/12\/Cola\u00e7\u00e3o-de-Grau-Patos-10-768x415.jpg 768w, https:\/\/www.interno.uepb.edu.br\/wp-content\/uploads\/2019\/12\/Cola\u00e7\u00e3o-de-Grau-Patos-10-370x200.jpg 370w\" sizes=\"auto, (max-width: 840px) 100vw, 840px\" \/><\/figure>\n<\/li>\n<li class=\"blocks-gallery-item\">\n<figure><img decoding=\"async\" loading=\"lazy\" width=\"840\" height=\"454\" src=\"https:\/\/www.interno.uepb.edu.br\/wp-content\/uploads\/2019\/12\/Cola%C3%A7%C3%A3o-de-Grau-Patos-8.jpg\" alt=\"\" data-id=\"54198\" data-full-url=\"https:\/\/www.interno.uepb.edu.br\/wp-content\/uploads\/2019\/12\/Cola\u00e7\u00e3o-de-Grau-Patos-8.jpg\" data-link=\"https:\/\/www.interno.uepb.edu.br\/?attachment_id=54198\" class=\"wp-image-54198 img-responsive img-responsive\" srcset=\"https:\/\/www.interno.uepb.edu.br\/wp-content\/uploads\/2019\/12\/Cola\u00e7\u00e3o-de-Grau-Patos-8.jpg 840w, https:\/\/www.interno.uepb.edu.br\/wp-content\/uploads\/2019\/12\/Cola\u00e7\u00e3o-de-Grau-Patos-8-300x162.jpg 300w, https:\/\/www.interno.uepb.edu.br\/wp-content\/uploads\/2019\/12\/Cola\u00e7\u00e3o-de-Grau-Patos-8-768x415.jpg 768w, https:\/\/www.interno.uepb.edu.br\/wp-content\/uploads\/2019\/12\/Cola\u00e7\u00e3o-de-Grau-Patos-8-370x200.jpg 370w\" sizes=\"auto, (max-width: 840px) 100vw, 840px\" \/><\/figure>\n<\/li>\n<li class=\"blocks-gallery-item\">\n<figure><img decoding=\"async\" loading=\"lazy\" width=\"840\" height=\"454\" src=\"https:\/\/www.interno.uepb.edu.br\/wp-content\/uploads\/2019\/12\/Cola%C3%A7%C3%A3o-de-Grau-Patos-3.jpg\" alt=\"\" data-id=\"54193\" data-full-url=\"https:\/\/www.interno.uepb.edu.br\/wp-content\/uploads\/2019\/12\/Cola\u00e7\u00e3o-de-Grau-Patos-3.jpg\" data-link=\"https:\/\/www.interno.uepb.edu.br\/?attachment_id=54193\" class=\"wp-image-54193 img-responsive img-responsive\" srcset=\"https:\/\/www.interno.uepb.edu.br\/wp-content\/uploads\/2019\/12\/Cola\u00e7\u00e3o-de-Grau-Patos-3.jpg 840w, https:\/\/www.interno.uepb.edu.br\/wp-content\/uploads\/2019\/12\/Cola\u00e7\u00e3o-de-Grau-Patos-3-300x162.jpg 300w, https:\/\/www.interno.uepb.edu.br\/wp-content\/uploads\/2019\/12\/Cola\u00e7\u00e3o-de-Grau-Patos-3-768x415.jpg 768w, https:\/\/www.interno.uepb.edu.br\/wp-content\/uploads\/2019\/12\/Cola\u00e7\u00e3o-de-Grau-Patos-3-370x200.jpg 370w\" sizes=\"auto, (max-width: 840px) 100vw, 840px\" \/><\/figure>\n<\/li>\n<li class=\"blocks-gallery-item\">\n<figure><img decoding=\"async\" loading=\"lazy\" width=\"840\" height=\"454\" src=\"https:\/\/www.interno.uepb.edu.br\/wp-content\/uploads\/2019\/12\/Cola%C3%A7%C3%A3o-de-Grau-Patos-11.jpg\" alt=\"\" data-id=\"54201\" data-full-url=\"https:\/\/www.interno.uepb.edu.br\/wp-content\/uploads\/2019\/12\/Cola\u00e7\u00e3o-de-Grau-Patos-11.jpg\" data-link=\"https:\/\/www.interno.uepb.edu.br\/?attachment_id=54201\" class=\"wp-image-54201 img-responsive img-responsive\" srcset=\"https:\/\/www.interno.uepb.edu.br\/wp-content\/uploads\/2019\/12\/Cola\u00e7\u00e3o-de-Grau-Patos-11.jpg 840w, https:\/\/www.interno.uepb.edu.br\/wp-content\/uploads\/2019\/12\/Cola\u00e7\u00e3o-de-Grau-Patos-11-300x162.jpg 300w, https:\/\/www.interno.uepb.edu.br\/wp-content\/uploads\/2019\/12\/Cola\u00e7\u00e3o-de-Grau-Patos-11-768x415.jpg 768w, https:\/\/www.interno.uepb.edu.br\/wp-content\/uploads\/2019\/12\/Cola\u00e7\u00e3o-de-Grau-Patos-11-370x200.jpg 370w\" sizes=\"auto, (max-width: 840px) 100vw, 840px\" \/><\/figure>\n<\/li>\n<li class=\"blocks-gallery-item\">\n<figure><img decoding=\"async\" loading=\"lazy\" width=\"840\" height=\"454\" src=\"https:\/\/www.interno.uepb.edu.br\/wp-content\/uploads\/2019\/12\/Cola%C3%A7%C3%A3o-de-Grau-Patos-9.jpg\" alt=\"\" data-id=\"54199\" data-full-url=\"https:\/\/www.interno.uepb.edu.br\/wp-content\/uploads\/2019\/12\/Cola\u00e7\u00e3o-de-Grau-Patos-9.jpg\" data-link=\"https:\/\/www.interno.uepb.edu.br\/?attachment_id=54199\" class=\"wp-image-54199 img-responsive img-responsive\" srcset=\"https:\/\/www.interno.uepb.edu.br\/wp-content\/uploads\/2019\/12\/Cola\u00e7\u00e3o-de-Grau-Patos-9.jpg 840w, https:\/\/www.interno.uepb.edu.br\/wp-content\/uploads\/2019\/12\/Cola\u00e7\u00e3o-de-Grau-Patos-9-300x162.jpg 300w, https:\/\/www.interno.uepb.edu.br\/wp-content\/uploads\/2019\/12\/Cola\u00e7\u00e3o-de-Grau-Patos-9-768x415.jpg 768w, https:\/\/www.interno.uepb.edu.br\/wp-content\/uploads\/2019\/12\/Cola\u00e7\u00e3o-de-Grau-Patos-9-370x200.jpg 370w\" sizes=\"auto, (max-width: 840px) 100vw, 840px\" \/><\/figure>\n<\/li>\n<li class=\"blocks-gallery-item\">\n<figure><img decoding=\"async\" loading=\"lazy\" width=\"1024\" height=\"819\" src=\"https:\/\/www.interno.uepb.edu.br\/wp-content\/uploads\/2019\/12\/Cola%C3%A7%C3%A3o-de-Grau-Patos-5-1024x819.jpg\" alt=\"\" data-id=\"54195\" data-full-url=\"https:\/\/www.interno.uepb.edu.br\/wp-content\/uploads\/2019\/12\/Cola\u00e7\u00e3o-de-Grau-Patos-5.jpg\" data-link=\"https:\/\/www.interno.uepb.edu.br\/?attachment_id=54195\" class=\"wp-image-54195 img-responsive img-responsive\" srcset=\"https:\/\/www.interno.uepb.edu.br\/wp-content\/uploads\/2019\/12\/Cola\u00e7\u00e3o-de-Grau-Patos-5-1024x819.jpg 1024w, https:\/\/www.interno.uepb.edu.br\/wp-content\/uploads\/2019\/12\/Cola\u00e7\u00e3o-de-Grau-Patos-5-300x240.jpg 300w, https:\/\/www.interno.uepb.edu.br\/wp-content\/uploads\/2019\/12\/Cola\u00e7\u00e3o-de-Grau-Patos-5-768x614.jpg 768w, https:\/\/www.interno.uepb.edu.br\/wp-content\/uploads\/2019\/12\/Cola\u00e7\u00e3o-de-Grau-Patos-5-1536x1229.jpg 1536w, https:\/\/www.interno.uepb.edu.br\/wp-content\/uploads\/2019\/12\/Cola\u00e7\u00e3o-de-Grau-Patos-5-370x296.jpg 370w, https:\/\/www.interno.uepb.edu.br\/wp-content\/uploads\/2019\/12\/Cola\u00e7\u00e3o-de-Grau-Patos-5-840x672.jpg 840w, https:\/\/www.interno.uepb.edu.br\/wp-content\/uploads\/2019\/12\/Cola\u00e7\u00e3o-de-Grau-Patos-5.jpg 1865w\" sizes=\"auto, (max-width: 1024px) 100vw, 1024px\" \/><\/figure>\n<\/li>\n<\/ul>\n<\/figure>\n<p>O coordenador do Curso de Matem\u00e1tica, professor Jos\u00e9 Ginaldo de Souza, conferiu o grau acad\u00eamico ao formando Lucas Souza Guerra, representante dos seus colegas do Curso de Matem\u00e1tica. Diego Urbano Santos da Silva representou seus colegas da turma de Educa\u00e7\u00e3o F\u00edsica (PARFOR) e recebei o grau conferido pelo professor Odilon Avelino Cunha. A L\u00e1urea Acad\u00eamica, conferida aos concluintes com melhor desempenho entre os formandos, foi entregue aos estudantes Keila Lucas dos Santos (Computa\u00e7\u00e3o), Janiette Pereira da Silva (Matem\u00e1tica) e Francisca dos Santos Lopes (Administra\u00e7\u00e3o).<\/p>\n<p><em><strong>Acesse tamb\u00e9m: <\/strong><a href=\"https:\/\/www.interno.uepb.edu.br\/uepb-solicita-que-concluintes-2019-2-enviem-midias-e-dados-das-turmas-para-atualizacao-do-portal-das-placas\/\"  rel=\"noreferrer noopener\" aria-label=\"UEPB solicita que concluintes 2019.2 enviem m\u00eddias e dados das turmas para atualiza\u00e7\u00e3o do Portal das Placas (opens in a new tab)\">UEPB solicita que concluintes 2019.2 enviem m\u00eddias e dados das turmas para atualiza\u00e7\u00e3o do Portal das Placas<\/a><\/em><\/p>\n<p><em><strong>Texto:<\/strong> Tatiana Brand\u00e3o<br \/><strong>Fotos:<\/strong> Paizinha Lemos<\/em><\/p>\n","protected":false},"excerpt":{"rendered":"<p>Concluintes dos cursos de Administra\u00e7\u00e3o, Computa\u00e7\u00e3o, F\u00edsica e Matem\u00e1tica do Centro de Ci\u00eancias Exatas e Sociais Aplicadas (CCEA) da Universidade Estadual da Para\u00edba (UEPB), al\u00e9m do curso de Educa\u00e7\u00e3o F\u00edsica ofertado, no C\u00e2mpus VII, pelo Programa Nacional de Forma\u00e7\u00e3o de Professores da Educa\u00e7\u00e3o B\u00e1sica (PARFOR), colaram grau acad\u00eamico na noite desta quarta-feira (18), em solenidade <a class=\"leiamais\" href=\"https:\/\/www.interno.uepb.edu.br\/ccea-forma-novos-profissionais-de-administracao-computacao-fisica-matematica-e-educacao-fisica\/\">Leia Mais&#8230;<\/a><\/p>\n","protected":false},"author":25,"featured_media":0,"comment_status":"closed","ping_status":"closed","sticky":false,"template":"","format":"standard","meta":{"jetpack_post_was_ever_published":false,"_jetpack_newsletter_access":"","_jetpack_dont_email_post_to_subs":false,"_jetpack_newsletter_tier_id":0,"_jetpack_memberships_contains_paywalled_content":false,"_jetpack_memberships_contains_paid_content":false,"footnotes":"","jetpack_publicize_message":"","jetpack_publicize_feature_enabled":true,"jetpack_social_post_already_shared":true,"jetpack_social_options":{"image_generator_settings":{"template":"highway","default_image_id":0,"font":"","enabled":false},"version":2}},"categories":[8,3],"tags":[],"class_list":["post-1514","post","type-post","status-publish","format-standard","hentry","category-ccea","category-noticias"],"jetpack_publicize_connections":[],"jetpack_featured_media_url":"","jetpack_sharing_enabled":true,"jetpack_shortlink":"https:\/\/wp.me\/p7WTGX-oq","jetpack_likes_enabled":true,"jetpack-related-posts":[{"id":1331,"url":"https:\/\/centros.uepb.edu.br\/ccea\/2019\/12\/19\/ccea-forma-novos-profissionais-de-administracao-computacao-fisica-matematica-e-educacao-fisica\/","url_meta":{"origin":1514,"position":0},"title":"CCEA forma novos profissionais de Administra\u00e7\u00e3o, Computa\u00e7\u00e3o, F\u00edsica, Matem\u00e1tica e Educa\u00e7\u00e3o F\u00edsica","author":"tatiana","date":"19 de dezembro de 2019","format":false,"excerpt":"Concluintes dos cursos de Administra\u00e7\u00e3o, Computa\u00e7\u00e3o, F\u00edsica e Matem\u00e1tica do Centro de Ci\u00eancias Exatas e Sociais Aplicadas (CCEA) da Universidade Estadual da Para\u00edba (UEPB), al\u00e9m do curso de Educa\u00e7\u00e3o F\u00edsica ofertado, no C\u00e2mpus VII, pelo Programa Nacional de Forma\u00e7\u00e3o de Professores da Educa\u00e7\u00e3o B\u00e1sica (PARFOR), colaram grau acad\u00eamico na noite\u2026","rel":"","context":"Em &quot;CCEA&quot;","block_context":{"text":"CCEA","link":"https:\/\/centros.uepb.edu.br\/ccea\/category\/ccea\/"},"img":{"alt_text":"","src":"","width":0,"height":0},"classes":[]},{"id":1282,"url":"https:\/\/centros.uepb.edu.br\/ccea\/2019\/07\/26\/campus-de-patos-forma-concluintes-de-administracao-computacao-fisica-matematica-e-pedagogia\/","url_meta":{"origin":1514,"position":1},"title":"C\u00e2mpus de Patos forma concluintes de Administra\u00e7\u00e3o, Computa\u00e7\u00e3o, F\u00edsica, Matem\u00e1tica e Pedagogia","author":"tatiana","date":"26 de julho de 2019","format":false,"excerpt":"Ap\u00f3s encerrarem mais uma importante etapa da vida e estarem prontos para encarar o mercado de trabalho ou avan\u00e7ar na forma\u00e7\u00e3o continuada, dezenas de formandos do Bacharelado em Administra\u00e7\u00e3o e das licenciaturas em Computa\u00e7\u00e3o, F\u00edsica, Matem\u00e1tica e Pedagogia do Centro de Ci\u00eancias Exatas e Sociais Aplicadas (CCEA) da Universidade Estadual\u2026","rel":"","context":"Em &quot;CCEA&quot;","block_context":{"text":"CCEA","link":"https:\/\/centros.uepb.edu.br\/ccea\/category\/ccea\/"},"img":{"alt_text":"","src":"","width":0,"height":0},"classes":[]},{"id":1129,"url":"https:\/\/centros.uepb.edu.br\/ccea\/2018\/07\/11\/centro-de-ciencias-exatas-e-sociais-aplicadas-promove-colacao-de-grau-para-os-concluintes-do-periodo-2017-2\/","url_meta":{"origin":1514,"position":2},"title":"Centro de Ci\u00eancias Exatas e Sociais Aplicadas promove Cola\u00e7\u00e3o de Grau para os concluintes do per\u00edodo 2017.2","author":"tatiana","date":"11 de julho de 2018","format":false,"excerpt":"O rec\u00e9m-constru\u00eddo gin\u00e1sio do Centro de Ci\u00eancias Exatas e Sociais Aplicadas (CCEA) foi palco, na noite desta ter\u00e7a-feira (10), da cerim\u00f4nia de Cola\u00e7\u00e3o de Grau Acad\u00eamico para os concluintes do per\u00edodo 2017.2 dos cursos de Administra\u00e7\u00e3o, das licenciaturas em Matem\u00e1tica e F\u00edsica, do Bacharelado em Computa\u00e7\u00e3o, al\u00e9m da turma de\u2026","rel":"","context":"Em &quot;CCEA&quot;","block_context":{"text":"CCEA","link":"https:\/\/centros.uepb.edu.br\/ccea\/category\/ccea\/"},"img":{"alt_text":"","src":"","width":0,"height":0},"classes":[]},{"id":747,"url":"https:\/\/centros.uepb.edu.br\/ccea\/2017\/12\/22\/centro-de-ciencias-exatas-e-sociais-aplicadas-realiza-colacao-de-grau-das-turmas-concluintes-2017-1\/","url_meta":{"origin":1514,"position":3},"title":"Centro de Ci\u00eancias Exatas e Sociais Aplicadas realiza Cola\u00e7\u00e3o de Grau das turmas concluintes 2017.1","author":"tatiana","date":"22 de dezembro de 2017","format":false,"excerpt":"O Centro de Ci\u00eancias Exatas e Sociais Aplicadas (CCEA) do C\u00e2mpus VII da Universidade Estadual da Para\u00edba (UEPB), em Patos, realizou na noite da quarta-feira (20), a solenidade de Cola\u00e7\u00e3o de Grau das turmas concluintes 2017.1 dos cursos de Bacharelado em Administra\u00e7\u00e3o, Licenciatura em Ci\u00eancias Exatas \u2013 Habilita\u00e7\u00f5es em Matem\u00e1tica,\u2026","rel":"","context":"Em &quot;CCEA&quot;","block_context":{"text":"CCEA","link":"https:\/\/centros.uepb.edu.br\/ccea\/category\/ccea\/"},"img":{"alt_text":"","src":"","width":0,"height":0},"classes":[]},{"id":91,"url":"https:\/\/centros.uepb.edu.br\/ccea\/2014\/09\/23\/universidade-estadual-forma-novos-86-profissionais-na-area-de-ciencias-exatas-do-campus-de-patos\/","url_meta":{"origin":1514,"position":4},"title":"Universidade Estadual forma novos 86 profissionais na \u00e1rea de Ci\u00eancias Exatas do C\u00e2mpus de Patos","author":"","date":"23 de setembro de 2014","format":false,"excerpt":"A Universidade Estadual da Para\u00edba (UEPB), atrav\u00e9s do C\u00e2mpus de Patos, colocou no mercado de trabalho novos 86 profissionais dos cursos de Licenciatura em Ci\u00eancias Exatas (Qu\u00edmica, F\u00edsica e Matem\u00e1tica), Licenciatura em Computa\u00e7\u00e3o e Bacharelado em Administra\u00e7\u00e3o, al\u00e9m de docentes da primeira turma de Licenciatura Pedagogia\/Parfor \u2013 Plano Nacional de\u2026","rel":"","context":"Em &quot;Not\u00edcias&quot;","block_context":{"text":"Not\u00edcias","link":"https:\/\/centros.uepb.edu.br\/ccea\/category\/noticias\/"},"img":{"alt_text":"","src":"https:\/\/i0.wp.com\/centros.uepb.edu.br\/ccea\/files\/2014\/09\/imagem-3668.jpg?resize=350%2C200&ssl=1","width":350,"height":200,"srcset":"https:\/\/i0.wp.com\/centros.uepb.edu.br\/ccea\/files\/2014\/09\/imagem-3668.jpg?resize=350%2C200&ssl=1 1x, https:\/\/i0.wp.com\/centros.uepb.edu.br\/ccea\/files\/2014\/09\/imagem-3668.jpg?resize=525%2C300&ssl=1 1.5x"},"classes":[]},{"id":473,"url":"https:\/\/centros.uepb.edu.br\/ccea\/2017\/08\/29\/centro-de-ciencias-exatas-e-sociais-aplicadas-forma-novos-profissionais-em-administracao-ciencias-exatas-e-computacao\/","url_meta":{"origin":1514,"position":5},"title":"CCEA da UEPB forma novos profissionais de Administra\u00e7\u00e3o, Ci\u00eancias Exatas e Computa\u00e7\u00e3o","author":"tatiana","date":"29 de agosto de 2017","format":false,"excerpt":"O Centro de Ci\u00eancias Exatas e Sociais Aplicadas (CCEA) do C\u00e2mpus VII da Universidade Estadual da Para\u00edba (UEPB), em Patos, realizou na noite do dia 23 de agosto a solenidade de Cola\u00e7\u00e3o de Grau das turmas concluintes 2016.2 dos cursos de Bacharelado em Administra\u00e7\u00e3o, Licenciatura em Ci\u00eancias Exatas - Habilita\u00e7\u00e3o\u2026","rel":"","context":"Em &quot;CCEA&quot;","block_context":{"text":"CCEA","link":"https:\/\/centros.uepb.edu.br\/ccea\/category\/ccea\/"},"img":{"alt_text":"","src":"https:\/\/i0.wp.com\/centros.uepb.edu.br\/ccea\/files\/2017\/08\/DSC_0319.jpg?resize=350%2C200&ssl=1","width":350,"height":200,"srcset":"https:\/\/i0.wp.com\/centros.uepb.edu.br\/ccea\/files\/2017\/08\/DSC_0319.jpg?resize=350%2C200&ssl=1 1x, https:\/\/i0.wp.com\/centros.uepb.edu.br\/ccea\/files\/2017\/08\/DSC_0319.jpg?resize=525%2C300&ssl=1 1.5x, https:\/\/i0.wp.com\/centros.uepb.edu.br\/ccea\/files\/2017\/08\/DSC_0319.jpg?resize=700%2C400&ssl=1 2x, https:\/\/i0.wp.com\/centros.uepb.edu.br\/ccea\/files\/2017\/08\/DSC_0319.jpg?resize=1050%2C600&ssl=1 3x, https:\/\/i0.wp.com\/centros.uepb.edu.br\/ccea\/files\/2017\/08\/DSC_0319.jpg?resize=1400%2C800&ssl=1 4x"},"classes":[]}],"_links":{"self":[{"href":"https:\/\/centros.uepb.edu.br\/ccea\/wp-json\/wp\/v2\/posts\/1514","targetHints":{"allow":["GET"]}}],"collection":[{"href":"https:\/\/centros.uepb.edu.br\/ccea\/wp-json\/wp\/v2\/posts"}],"about":[{"href":"https:\/\/centros.uepb.edu.br\/ccea\/wp-json\/wp\/v2\/types\/post"}],"author":[{"embeddable":true,"href":"https:\/\/centros.uepb.edu.br\/ccea\/wp-json\/wp\/v2\/users\/25"}],"replies":[{"embeddable":true,"href":"https:\/\/centros.uepb.edu.br\/ccea\/wp-json\/wp\/v2\/comments?post=1514"}],"version-history":[{"count":0,"href":"https:\/\/centros.uepb.edu.br\/ccea\/wp-json\/wp\/v2\/posts\/1514\/revisions"}],"wp:attachment":[{"href":"https:\/\/centros.uepb.edu.br\/ccea\/wp-json\/wp\/v2\/media?parent=1514"}],"wp:term":[{"taxonomy":"category","embeddable":true,"href":"https:\/\/centros.uepb.edu.br\/ccea\/wp-json\/wp\/v2\/categories?post=1514"},{"taxonomy":"post_tag","embeddable":true,"href":"https:\/\/centros.uepb.edu.br\/ccea\/wp-json\/wp\/v2\/tags?post=1514"}],"curies":[{"name":"wp","href":"https:\/\/api.w.org\/{rel}","templated":true}]}}