{"id":1512,"date":"2020-01-21T11:09:01","date_gmt":"2020-01-21T11:09:01","guid":{"rendered":"https:\/\/www.interno.uepb.edu.br\/?p=54394"},"modified":"2020-01-21T11:09:01","modified_gmt":"2020-01-21T11:09:01","slug":"centro-de-ciencias-exatas-e-sociais-aplicadas-realiza-1o-forum-de-gestao-publica-e-controle-interno-2","status":"publish","type":"post","link":"https:\/\/centros.uepb.edu.br\/ccea\/2020\/01\/21\/centro-de-ciencias-exatas-e-sociais-aplicadas-realiza-1o-forum-de-gestao-publica-e-controle-interno-2\/","title":{"rendered":"Centro de Ci\u00eancias Exatas e Sociais Aplicadas realiza 1\u00ba F\u00f3rum de Gest\u00e3o P\u00fablica e Controle Interno"},"content":{"rendered":"<figure class=\"wp-block-image size-large\"><img decoding=\"async\" loading=\"lazy\" width=\"840\" height=\"454\" src=\"https:\/\/www.interno.uepb.edu.br\/wp-content\/uploads\/2020\/01\/F%C3%B3rum-de-Gest%C3%A3o-P%C3%BAblica.png\" alt=\"\" class=\"wp-image-54396 img-responsive img-responsive\" srcset=\"https:\/\/www.interno.uepb.edu.br\/wp-content\/uploads\/2020\/01\/F\u00f3rum-de-Gest\u00e3o-P\u00fablica.png 840w, https:\/\/www.interno.uepb.edu.br\/wp-content\/uploads\/2020\/01\/F\u00f3rum-de-Gest\u00e3o-P\u00fablica-300x162.png 300w, https:\/\/www.interno.uepb.edu.br\/wp-content\/uploads\/2020\/01\/F\u00f3rum-de-Gest\u00e3o-P\u00fablica-768x415.png 768w, https:\/\/www.interno.uepb.edu.br\/wp-content\/uploads\/2020\/01\/F\u00f3rum-de-Gest\u00e3o-P\u00fablica-370x200.png 370w\" sizes=\"auto, (max-width: 840px) 100vw, 840px\" \/><\/figure>\n<p>O Centro de Ci\u00eancias Exatas e Sociais Aplicadas (CCEA) da Universidade Estadual da Para\u00edba (UEPB), localizado no C\u00e2mpus VII, em Patos, realizar\u00e1, nos dias 19 e 20 de mar\u00e7o, o 1\u00ba F\u00f3rum de Gest\u00e3o P\u00fablica e Controle Interno do Sert\u00e3o Paraibano. O evento acontecer\u00e1 no Audit\u00f3rio Master do Sebrar, localizado na BR 230, km 334 e contar\u00e1 com a parceria das principais organiza\u00e7\u00f5es do campo da administra\u00e7\u00e3o p\u00fablica da Para\u00edba, a exemplo da Federa\u00e7\u00e3o das Associa\u00e7\u00f5es dos Munic\u00edpios da Para\u00edba (Famup), Conselho Regional de Administra\u00e7\u00e3o da Para\u00edba (CREA\/PB), Servi\u00e7o Brasileiro de Apoio \u00e0s Micro e Pequenas Empresas (Sebrae\/PB), Ordem dos Advogados do Brasil (OAB), CASP Online, Associa\u00e7\u00e3o Paraibana de Contadores P\u00fablicos (APCP), Conselho Regional de Contabilidade da Para\u00edba (CRC\/PB), Tribunal de Contas do Estado da Para\u00edba (TCE\/PB) e Controladoria Geral do Estado da Para\u00edba (CGE\/PB).<\/p>\n<p>O 1\u00ba F\u00f3rum Paraibano de Gest\u00e3o P\u00fablica e Controle Interno do Sert\u00e3o Paraibano objetiva reunir um complexo conjunto de conhecimentos te\u00f3ricos e pr\u00e1ticos at\u00e9 aqui acumulados e debater acerca desses conhecimentos e dos avan\u00e7os no contexto da gest\u00e3o p\u00fablica e dos mecanismos de controle interno. A partir das discuss\u00f5es entre gestores, pesquisadores, professores e acad\u00eamicos da \u00e1rea de Administra\u00e7\u00e3o e Gest\u00e3o P\u00fablica em geral, pretende-se criar um ambiente que promova o desenvolvimento de ideias, opini\u00f5es, experi\u00eancias e solu\u00e7\u00f5es, objetivando a otimiza\u00e7\u00e3o dos mecanismos e ferramentas de gest\u00e3o e controle interno.<\/p>\n<p>Al\u00e9m de palestras, debates e f\u00f3runs de discuss\u00e3o, o evento tamb\u00e9m abre oportunidade para a submiss\u00e3o de trabalhos acad\u00eamicos, nas modalidades de artigo cient\u00edfico, resumo expandido e apresenta\u00e7\u00e3o em p\u00f4ster. Os artigos e resumos apresentados durante o evento poder\u00e3o ser objeto de publica\u00e7\u00e3o na Revista Qualitas, da Universidade Estadual da Para\u00edba. Para a participar do 1\u00ba F\u00f3rum Paraibano de Gest\u00e3o P\u00fablica e Controle Interno do Sert\u00e3o Paraibano, os interessados devem realizar inscri\u00e7\u00e3o no site do evento, clicando <strong><a href=\"https:\/\/doity.com.br\/1-frum-de-gesto-pblica-e-controle-interno-do-serto-paraibano-65724-20191214102042#schedule.\"  rel=\"noreferrer noopener\" aria-label=\"AQUI (opens in a new tab)\">AQUI<\/a><\/strong>. Os participantes receber\u00e3o certificados que contemplam as palestras, minicursos, apresenta\u00e7\u00e3o de trabalhos e demais atividades previstas na programa\u00e7\u00e3o.<\/p>\n<p><strong>Programa\u00e7\u00e3o<\/strong><\/p>\n<p><strong>Dia 19 de mar\u00e7o de 2020<\/strong><\/p>\n<p><strong>8h \u2013 Credenciamento<br \/>Local:<\/strong> Hall do Audit\u00f3rio Master do SEBRAE\/Patos-PB (O credenciamento ser\u00e1 feito individualmente para os inscritos e n\u00e3o inscritos)<br \/><strong>9h \u2013<\/strong> Apresenta\u00e7\u00e3o dos Trabalhos Acad\u00eamicos &#8211; P\u00f4steres<br \/><strong>11h \u2013<\/strong> Intervalo para almo\u00e7o<br \/><strong>13h30 \u2013<\/strong> Abertura Oficial do Evento pelos realizadores: UEPB \u2013 Campus VII\/Patos, Prefeitos, Presidentes da OAB, CRC, CRA, CGE\/PB, FAMUP, TCE, APCP<br \/><strong>15h \u2013<\/strong> Palestrante: Andr\u00e9 Agra Gomes Lira<br \/>Tema: Cidades Inteligentes (Smart Cities): A Gest\u00e3o P\u00fablica na Era Digita<br \/><strong>16h20 \u2013<\/strong> Coffee Break<br \/><strong>16h40 \u2013<\/strong> Palestrante: Diogo Duarte<br \/>Tema: Controle Interno e as Tecnologias que Inovam a Gest\u00e3o<\/p>\n<p><strong>Dia 20 de mar\u00e7o de 2020<\/strong><\/p>\n<p><strong>8h \u2013<\/strong> Palestrante: Cidoval Morais de Souza<br \/>Tema: Governan\u00e7a, Participa\u00e7\u00e3o e Controle Social<br \/><strong>9h15 \u2013 <\/strong>Coffee Break<br \/><strong>12h \u2013<\/strong> Intervalo para almo\u00e7o<br \/><strong>13h30 \u2013<\/strong> Palestrante: Gisely Souza<br \/>Tema: Governan\u00e7a: riscos e compliance na Administra\u00e7\u00e3o P\u00fablica<br \/><strong>14h \u2013<\/strong> Palestrante: Ramonilson Alves Gomes<br \/>Tema: Responsabilidades por atos e a\u00e7\u00f5es administrativas<br \/><strong>16h40 \u2013<\/strong> Osmando Formiga Ney<br \/>Tema: Os limites do poder discricion\u00e1rio do Gestor P\u00fablico<\/p>\n<figure class=\"wp-block-image size-large\"><img decoding=\"async\" loading=\"lazy\" width=\"853\" height=\"1280\" src=\"https:\/\/www.interno.uepb.edu.br\/wp-content\/uploads\/2020\/01\/F%C3%B3rum-de-Gest%C3%A3o-P%C3%BAblica-CCEA.jpg?fit=682%2C1024\" alt=\"\" class=\"wp-image-54395 img-responsive img-responsive\" srcset=\"https:\/\/www.interno.uepb.edu.br\/wp-content\/uploads\/2020\/01\/F\u00f3rum-de-Gest\u00e3o-P\u00fablica-CCEA.jpg 853w, https:\/\/www.interno.uepb.edu.br\/wp-content\/uploads\/2020\/01\/F\u00f3rum-de-Gest\u00e3o-P\u00fablica-CCEA-200x300.jpg 200w, https:\/\/www.interno.uepb.edu.br\/wp-content\/uploads\/2020\/01\/F\u00f3rum-de-Gest\u00e3o-P\u00fablica-CCEA-682x1024.jpg 682w, https:\/\/www.interno.uepb.edu.br\/wp-content\/uploads\/2020\/01\/F\u00f3rum-de-Gest\u00e3o-P\u00fablica-CCEA-768x1152.jpg 768w, https:\/\/www.interno.uepb.edu.br\/wp-content\/uploads\/2020\/01\/F\u00f3rum-de-Gest\u00e3o-P\u00fablica-CCEA-370x555.jpg 370w, https:\/\/www.interno.uepb.edu.br\/wp-content\/uploads\/2020\/01\/F\u00f3rum-de-Gest\u00e3o-P\u00fablica-CCEA-840x1260.jpg 840w\" sizes=\"auto, (max-width: 853px) 100vw, 853px\" \/><\/figure>\n<p><em><strong>Fonte:<\/strong> Dire\u00e7\u00e3o do CCEA\/Prestcontas Assessoria em Gest\u00e3o P\u00fablica<br \/><strong>Colabora\u00e7\u00e3o:<\/strong> Professor Adriano Homero Vital Pereira<\/em><\/p>\n","protected":false},"excerpt":{"rendered":"<p>O Centro de Ci\u00eancias Exatas e Sociais Aplicadas (CCEA) da Universidade Estadual da Para\u00edba (UEPB), localizado no C\u00e2mpus VII, em Patos, realizar\u00e1, nos dias 19 e 20 de mar\u00e7o, o 1\u00ba F\u00f3rum de Gest\u00e3o P\u00fablica e Controle Interno do Sert\u00e3o Paraibano. O evento acontecer\u00e1 no Audit\u00f3rio Master do Sebrar, localizado na BR 230, km 334 <a class=\"leiamais\" href=\"https:\/\/www.interno.uepb.edu.br\/centro-de-ciencias-exatas-e-sociais-aplicadas-realiza-1o-forum-de-gestao-publica-e-controle-interno-do-sertao-paraibano\/\">Leia Mais&#8230;<\/a><\/p>\n","protected":false},"author":25,"featured_media":0,"comment_status":"closed","ping_status":"closed","sticky":false,"template":"","format":"standard","meta":{"jetpack_post_was_ever_published":false,"_jetpack_newsletter_access":"","_jetpack_dont_email_post_to_subs":false,"_jetpack_newsletter_tier_id":0,"_jetpack_memberships_contains_paywalled_content":false,"_jetpack_memberships_contains_paid_content":false,"footnotes":"","jetpack_publicize_message":"","jetpack_publicize_feature_enabled":true,"jetpack_social_post_already_shared":true,"jetpack_social_options":{"image_generator_settings":{"template":"highway","default_image_id":0,"font":"","enabled":false},"version":2}},"categories":[8,3],"tags":[],"class_list":["post-1512","post","type-post","status-publish","format-standard","hentry","category-ccea","category-noticias"],"jetpack_publicize_connections":[],"jetpack_featured_media_url":"","jetpack_sharing_enabled":true,"jetpack_shortlink":"https:\/\/wp.me\/p7WTGX-oo","jetpack_likes_enabled":true,"jetpack-related-posts":[{"id":1336,"url":"https:\/\/centros.uepb.edu.br\/ccea\/2020\/01\/21\/centro-de-ciencias-exatas-e-sociais-aplicadas-realiza-1o-forum-de-gestao-publica-e-controle-interno\/","url_meta":{"origin":1512,"position":0},"title":"Centro de Ci\u00eancias Exatas e Sociais Aplicadas realiza 1\u00ba F\u00f3rum de Gest\u00e3o P\u00fablica e Controle Interno","author":"tatiana","date":"21 de janeiro de 2020","format":false,"excerpt":"O Centro de Ci\u00eancias Exatas e Sociais Aplicadas (CCEA) da Universidade Estadual da Para\u00edba (UEPB), localizado no C\u00e2mpus VII, em Patos, realizar\u00e1, nos dias 19 e 20 de mar\u00e7o, o 1\u00ba F\u00f3rum de Gest\u00e3o P\u00fablica e Controle Interno do Sert\u00e3o Paraibano. O evento acontecer\u00e1 no Audit\u00f3rio Master do Sebrar, localizado\u2026","rel":"","context":"Em &quot;CCEA&quot;","block_context":{"text":"CCEA","link":"https:\/\/centros.uepb.edu.br\/ccea\/category\/ccea\/"},"img":{"alt_text":"","src":"","width":0,"height":0},"classes":[]},{"id":345,"url":"https:\/\/centros.uepb.edu.br\/ccea\/2016\/08\/29\/centro-de-ciencias-exatas-e-sociais-aplicadas-da-uepb-promove-sarau-pedagogico-no-campus-de-patos\/","url_meta":{"origin":1512,"position":1},"title":"Centro de Ci\u00eancias Exatas e Sociais Aplicadas da UEPB promove Sarau Pedag\u00f3gico no C\u00e2mpus de Patos","author":"arnaud","date":"29 de agosto de 2016","format":false,"excerpt":"O C\u00e2mpus VII da Universidade Estadual da Para\u00edba (UEPB), localizado no munic\u00edpio de Patos, no Sert\u00e3o paraibano, promove no dia 5 de setembro, a partir das 18h30, um Sarau Pedag\u00f3gico, como parte das atividades da segunda edi\u00e7\u00e3o do Semin\u00e1rio Pedag\u00f3gico das Licenciaturas (SEMPEL). O evento ser\u00e1 realizado no Centro de\u2026","rel":"","context":"Em &quot;CCEA&quot;","block_context":{"text":"CCEA","link":"https:\/\/centros.uepb.edu.br\/ccea\/category\/ccea\/"},"img":{"alt_text":"Sarau Pedag\u00f3gico","src":"https:\/\/i0.wp.com\/www.uepb.edu.br\/wp-content\/uploads\/2016\/08\/Sarau-Pedag%C3%B3gico.jpg?resize=350%2C200","width":350,"height":200,"srcset":"https:\/\/i0.wp.com\/www.uepb.edu.br\/wp-content\/uploads\/2016\/08\/Sarau-Pedag%C3%B3gico.jpg?resize=350%2C200 1x, https:\/\/i0.wp.com\/www.uepb.edu.br\/wp-content\/uploads\/2016\/08\/Sarau-Pedag%C3%B3gico.jpg?resize=525%2C300 1.5x"},"classes":[]},{"id":424,"url":"https:\/\/centros.uepb.edu.br\/ccea\/2017\/02\/14\/centro-de-ciencias-exatas-e-sociais-aplicadas-abre-inscricoes-para-curso-de-danca-de-salao-e-dancas-populares\/","url_meta":{"origin":1512,"position":2},"title":"Centro de Ci\u00eancias Exatas e Sociais Aplicadas abre inscri\u00e7\u00f5es para curso de dan\u00e7a de sal\u00e3o e dan\u00e7as populares","author":"tatiana","date":"14 de fevereiro de 2017","format":false,"excerpt":"O Centro de Ci\u00eancias Exatas e Sociais Aplicadas (CCEA) da Universidade Estadual da Para\u00edba (UEPB), localizado na cidade de Patos, no Sert\u00e3o paraibano, est\u00e1 com inscri\u00e7\u00f5es abertas at\u00e9 o dia 24 de fevereiro para os interessados em participar do curso de Dan\u00e7a de Sal\u00e3o e Dan\u00e7as Populares. Est\u00e3o sendo ofertadas\u2026","rel":"","context":"Em &quot;CCEA&quot;","block_context":{"text":"CCEA","link":"https:\/\/centros.uepb.edu.br\/ccea\/category\/ccea\/"},"img":{"alt_text":"","src":"","width":0,"height":0},"classes":[]},{"id":466,"url":"https:\/\/centros.uepb.edu.br\/ccea\/2017\/08\/21\/centro-de-ciencias-exatas-e-sociais-aplicadas-da-uepb-promove-atividade-de-recepcao-aos-alunos-novatos\/","url_meta":{"origin":1512,"position":3},"title":"Centro de Ci\u00eancias Exatas e Sociais Aplicadas da UEPB promove atividade de recep\u00e7\u00e3o aos alunos novatos","author":"tatiana","date":"21 de agosto de 2017","format":false,"excerpt":"A Dire\u00e7\u00e3o do Centro de Ci\u00eancias Exatas e Sociais Aplicadas (CCEA) da Universidade Estadual da Para\u00edba (UEPB), localizado na cidade de Patos, no Sert\u00e3o do Estado, realizou nesta segunda-feira (21) uma atividade de recep\u00e7\u00e3o aos alunos novatos do per\u00edodo letivo 2017.1 do C\u00e2mpus VII. Durante a recep\u00e7\u00e3o aos \u201cferas\u201d, foram\u2026","rel":"","context":"Em &quot;CCEA&quot;","block_context":{"text":"CCEA","link":"https:\/\/centros.uepb.edu.br\/ccea\/category\/ccea\/"},"img":{"alt_text":"","src":"","width":0,"height":0},"classes":[]},{"id":1941,"url":"https:\/\/centros.uepb.edu.br\/ccea\/2022\/08\/26\/centro-de-ciencias-exatas-e-sociais-aplicadas-da-universidade-estadual-da-paraiba-celebra-16-anos-de-fundacao\/","url_meta":{"origin":1512,"position":4},"title":"Centro de Ci\u00eancias Exatas e Sociais Aplicadas da Universidade Estadual da Para\u00edba celebra 16 anos de funda\u00e7\u00e3o","author":"olivio","date":"26 de agosto de 2022","format":false,"excerpt":"Em homenagem aos 16 anos do Centro de Ci\u00eancias Exatas e Sociais Aplicadas \u2013 CCEA da Universidade Estadual da Para\u00edba \u2013 UEPB ser\u00e1 realizada na pr\u00f3xima quarta-feira (31) a aula inaugural do semestre letivo 2022.2 com Apresenta\u00e7\u00e3o Cultural do N\u00facleo de Arte e Cultura \u2013 NarC e realiza\u00e7\u00e3o de Palestra\u2026","rel":"","context":"Em &quot;Agend Not\u00edcias Destaque&quot;","block_context":{"text":"Agend Not\u00edcias Destaque","link":"https:\/\/centros.uepb.edu.br\/ccea\/category\/agend-noticias-destaque\/"},"img":{"alt_text":"","src":"https:\/\/i0.wp.com\/centros.uepb.edu.br\/ccea\/files\/2022\/08\/artes_logo16_1-300x300.png?resize=350%2C200&ssl=1","width":350,"height":200},"classes":[]},{"id":1229,"url":"https:\/\/centros.uepb.edu.br\/ccea\/2019\/02\/20\/centro-de-ciencias-exatas-e-sociais-aplicadas-promove-atividade-de-recepcao-aos-alunos-novatos\/","url_meta":{"origin":1512,"position":5},"title":"Centro de Ci\u00eancias Exatas e Sociais Aplicadas promove atividade de recep\u00e7\u00e3o aos alunos novatos","author":"tatiana","date":"20 de fevereiro de 2019","format":false,"excerpt":"A Dire\u00e7\u00e3o do Centro de Ci\u00eancias Exatas e Sociais Aplicadas (CCEA) da Universidade Estadual da Para\u00edba (UEPB), localizado na cidade de Patos, no Sert\u00e3o do Estado, em parceria com as coordena\u00e7\u00f5es dos cursos de Licenciatura em Matem\u00e1tica e em F\u00edsica, al\u00e9m dos bacharelados em Ci\u00eancia da Computa\u00e7\u00e3o e Administra\u00e7\u00e3o, realizou\u2026","rel":"","context":"Em &quot;CCEA&quot;","block_context":{"text":"CCEA","link":"https:\/\/centros.uepb.edu.br\/ccea\/category\/ccea\/"},"img":{"alt_text":"","src":"","width":0,"height":0},"classes":[]}],"_links":{"self":[{"href":"https:\/\/centros.uepb.edu.br\/ccea\/wp-json\/wp\/v2\/posts\/1512","targetHints":{"allow":["GET"]}}],"collection":[{"href":"https:\/\/centros.uepb.edu.br\/ccea\/wp-json\/wp\/v2\/posts"}],"about":[{"href":"https:\/\/centros.uepb.edu.br\/ccea\/wp-json\/wp\/v2\/types\/post"}],"author":[{"embeddable":true,"href":"https:\/\/centros.uepb.edu.br\/ccea\/wp-json\/wp\/v2\/users\/25"}],"replies":[{"embeddable":true,"href":"https:\/\/centros.uepb.edu.br\/ccea\/wp-json\/wp\/v2\/comments?post=1512"}],"version-history":[{"count":0,"href":"https:\/\/centros.uepb.edu.br\/ccea\/wp-json\/wp\/v2\/posts\/1512\/revisions"}],"wp:attachment":[{"href":"https:\/\/centros.uepb.edu.br\/ccea\/wp-json\/wp\/v2\/media?parent=1512"}],"wp:term":[{"taxonomy":"category","embeddable":true,"href":"https:\/\/centros.uepb.edu.br\/ccea\/wp-json\/wp\/v2\/categories?post=1512"},{"taxonomy":"post_tag","embeddable":true,"href":"https:\/\/centros.uepb.edu.br\/ccea\/wp-json\/wp\/v2\/tags?post=1512"}],"curies":[{"name":"wp","href":"https:\/\/api.w.org\/{rel}","templated":true}]}}