{"id":1510,"date":"2020-01-28T12:19:24","date_gmt":"2020-01-28T12:19:24","guid":{"rendered":"https:\/\/www.interno.uepb.edu.br\/?p=54446"},"modified":"2020-01-28T12:19:24","modified_gmt":"2020-01-28T12:19:24","slug":"nucleo-de-arte-e-cultura-do-campus-de-patos-inscreve-para-cursos-de-violao-canto-e-musicalizacao-infantil-3","status":"publish","type":"post","link":"https:\/\/centros.uepb.edu.br\/ccea\/2020\/01\/28\/nucleo-de-arte-e-cultura-do-campus-de-patos-inscreve-para-cursos-de-violao-canto-e-musicalizacao-infantil-3\/","title":{"rendered":"N\u00facleo de Arte e Cultura do C\u00e2mpus de Patos inscreve para cursos de viol\u00e3o, canto e musicaliza\u00e7\u00e3o infantil"},"content":{"rendered":"<div class=\"wp-block-image\">\n<figure class=\"alignleft size-large is-resized\"><img decoding=\"async\" loading=\"lazy\" src=\"https:\/\/www.interno.uepb.edu.br\/wp-content\/uploads\/2019\/08\/Narc7-Logo-864x1024.png\" alt=\"\" class=\"wp-image-50551 img-responsive img-responsive\" width=\"295\" height=\"350\" srcset=\"https:\/\/www.interno.uepb.edu.br\/wp-content\/uploads\/2019\/08\/Narc7-Logo-864x1024.png 864w, https:\/\/www.interno.uepb.edu.br\/wp-content\/uploads\/2019\/08\/Narc7-Logo-253x300.png 253w, https:\/\/www.interno.uepb.edu.br\/wp-content\/uploads\/2019\/08\/Narc7-Logo-768x910.png 768w, https:\/\/www.interno.uepb.edu.br\/wp-content\/uploads\/2019\/08\/Narc7-Logo-370x438.png 370w, https:\/\/www.interno.uepb.edu.br\/wp-content\/uploads\/2019\/08\/Narc7-Logo-840x995.png 840w\" sizes=\"auto, (max-width: 295px) 100vw, 295px\" \/><\/figure>\n<\/div>\n<p>O N\u00facleo de Arte e Cultura do C\u00e2mpus VII (NarC7) da Universidade Estadual da Para\u00edba (UEPB), em Patos, est\u00e1 com inscri\u00e7\u00f5es abertas para os cursos de Viol\u00e3o (M\u00f3dulos I, II e III), Canto e Musicaliza\u00e7\u00e3o Infantil, voltados \u00e0 comunidade acad\u00eamica e a sociedade em geral. As inscri\u00e7\u00f5es est\u00e3o sendo realizadas at\u00e9 o dia 14 de fevereiro, exclusivamente online, atrav\u00e9s de formul\u00e1rio eletr\u00f4nico, clicando <strong><a href=\"https:\/\/docs.google.com\/forms\/d\/e\/1FAIpQLSfpWwdxafmfL1fpY4WfbSpMhAuNrbXLIDu2vi0OonwIold5CQ\/viewform\"  rel=\"noreferrer noopener\" aria-label=\"AQUI (opens in a new tab)\">AQUI<\/a><\/strong>.<\/p>\n<p>Ao todo, est\u00e3o sendo ofertadas 190 vagas entre os diferentes cursos, conforme discrimina\u00e7\u00e3o abaixo:<\/p>\n<p><strong>Viol\u00e3o (M\u00f3dulo I) \u2013 Turma A:<\/strong> 25 vagas \u2013 Segundas e Quartas \u2013 8h \u00e0s 9h30<br \/><strong>Viol\u00e3o (M\u00f3dulo I) \u2013 Turma B: <\/strong>25 vagas \u2013 Ter\u00e7as e Quintas \u2013 9h30 \u00e0s 11h<br \/><strong>Viol\u00e3o (M\u00f3dulo I) \u2013 Turma C:<\/strong> 25 vagas \u2013 Ter\u00e7as e Quintas \u2013 18h \u00e0s 19h30h<br \/><strong>Viol\u00e3o (M\u00f3dulo II):<\/strong> 25 vagas \u2013 Segundas e Quartas \u2013 19h30 \u00e0s 21h<br \/><strong>Viol\u00e3o (M\u00f3dulo III): <\/strong>20 vagas \u2013 Ter\u00e7as e Quintas \u2013 8h \u00e0s 9h30<br \/><strong>Canto (M\u00f3dulo \u00danico) \u2013 Turma A:<\/strong> 30 vagas \u2013 Segundas e Quartas \u2013 9h30 \u00e0s 11h<br \/><strong>Canto (M\u00f3dulo \u00danico) \u2013 Turma B:<\/strong> 30 vagas \u2013 Ter\u00e7as e Sextas \u2013 19h30 \u00e0s 21h<br \/><strong>Musicaliza\u00e7\u00e3o Infantil: <\/strong>10 vagas \u2013 Segundas e Quartas \u2013 18h \u00e0s 19h30<\/p>\n<p>O curso de Musicaliza\u00e7\u00e3o Infantil \u00e9 destinado \u00e0s crian\u00e7as dos 7 aos 12 anos de idade. Cada um dos cursos oferecidos ter\u00e1 uma carga de 40 horas\/aula. N\u00e3o \u00e9 exigida nenhuma aptid\u00e3o musical do candidato. Para aqueles que n\u00e3o possuem o instrumento musical, a Institui\u00e7\u00e3o oferecer\u00e1 o material para uso exclusivo no dia e local das aulas, sob supervis\u00e3o do instrutor ministrante. Os cursos s\u00e3o gratuitos e ser\u00e3o ministrados pelo professor Allanderson Ramon Jacinto Teixeira.<\/p>\n<p>As atividades ser\u00e3o desenvolvidas entre os meses de mar\u00e7o e junho, na Sala 505 do N\u00facleo de Arte e Cultura do C\u00e2mpus VII, situado na Rua Alfredo Lustosa Cabral, S\/N, no Bairro Salgadinho, em Patos. Os inscritos dever\u00e3o efetuar a matr\u00edcula no per\u00edodo de 17 \u00e0 21 de fevereiro, apresentando c\u00f3pia do documento de identidade (RG) ou Certid\u00e3o de Nascimento (para menores que n\u00e3o tenham RG) e do comprovante de resid\u00eancia em nome do candidato ou familiar de primeiro grau.<\/p>\n<p>Outras informa\u00e7\u00f5es podem ser obtidas atrav\u00e9s dos telefones (83) 3421-1475 e (83) 99942-2381.<\/p>\n","protected":false},"excerpt":{"rendered":"<p>O N\u00facleo de Arte e Cultura do C\u00e2mpus VII (NarC7) da Universidade Estadual da Para\u00edba (UEPB), em Patos, est\u00e1 com inscri\u00e7\u00f5es abertas para os cursos de Viol\u00e3o (M\u00f3dulos I, II e III), Canto e Musicaliza\u00e7\u00e3o Infantil, voltados \u00e0 comunidade acad\u00eamica e a sociedade em geral. As inscri\u00e7\u00f5es est\u00e3o sendo realizadas at\u00e9 o dia 14 de <a class=\"leiamais\" href=\"https:\/\/www.interno.uepb.edu.br\/nucleo-de-arte-e-cultura-do-campus-de-patos-inscreve-para-cursos-de-violao-canto-e-musicalizacao-infantil-2\/\">Leia Mais&#8230;<\/a><\/p>\n","protected":false},"author":25,"featured_media":0,"comment_status":"closed","ping_status":"closed","sticky":false,"template":"","format":"standard","meta":{"jetpack_post_was_ever_published":false,"_jetpack_newsletter_access":"","_jetpack_dont_email_post_to_subs":false,"_jetpack_newsletter_tier_id":0,"_jetpack_memberships_contains_paywalled_content":false,"_jetpack_memberships_contains_paid_content":false,"footnotes":"","jetpack_publicize_message":"","jetpack_publicize_feature_enabled":true,"jetpack_social_post_already_shared":true,"jetpack_social_options":{"image_generator_settings":{"template":"highway","default_image_id":0,"font":"","enabled":false},"version":2}},"categories":[8,3],"tags":[],"class_list":["post-1510","post","type-post","status-publish","format-standard","hentry","category-ccea","category-noticias"],"jetpack_publicize_connections":[],"jetpack_featured_media_url":"","jetpack_sharing_enabled":true,"jetpack_shortlink":"https:\/\/wp.me\/p7WTGX-om","jetpack_likes_enabled":true,"jetpack-related-posts":[{"id":1339,"url":"https:\/\/centros.uepb.edu.br\/ccea\/2020\/01\/28\/nucleo-de-arte-e-cultura-do-campus-de-patos-inscreve-para-cursos-de-violao-canto-e-musicalizacao-infantil-2\/","url_meta":{"origin":1510,"position":0},"title":"N\u00facleo de Arte e Cultura do C\u00e2mpus de Patos inscreve para cursos de viol\u00e3o, canto e musicaliza\u00e7\u00e3o infantil","author":"tatiana","date":"28 de janeiro de 2020","format":false,"excerpt":"O N\u00facleo de Arte e Cultura do C\u00e2mpus VII (NarC7) da Universidade Estadual da Para\u00edba (UEPB), em Patos, est\u00e1 com inscri\u00e7\u00f5es abertas para os cursos de Viol\u00e3o (M\u00f3dulos I, II e III), Canto e Musicaliza\u00e7\u00e3o Infantil, voltados \u00e0 comunidade acad\u00eamica e a sociedade em geral. As inscri\u00e7\u00f5es est\u00e3o sendo realizadas\u2026","rel":"","context":"Em &quot;CCEA&quot;","block_context":{"text":"CCEA","link":"https:\/\/centros.uepb.edu.br\/ccea\/category\/ccea\/"},"img":{"alt_text":"","src":"https:\/\/i2.wp.com\/www.uepb.edu.br\/wp-content\/uploads\/2019\/08\/Narc7-Logo.png?resize=350%2C200","width":350,"height":200},"classes":[]},{"id":1291,"url":"https:\/\/centros.uepb.edu.br\/ccea\/2019\/08\/19\/nucleo-de-arte-e-cultura-do-campus-de-patos-inscreve-para-cursos-de-violao-canto-e-musicalizacao-infantil\/","url_meta":{"origin":1510,"position":1},"title":"N\u00facleo de Arte e Cultura do C\u00e2mpus de Patos inscreve para cursos de viol\u00e3o, canto e musicaliza\u00e7\u00e3o infantil","author":"tatiana","date":"19 de agosto de 2019","format":false,"excerpt":"O N\u00facleo de Arte e Cultura do C\u00e2mpus VII (NarC7) da Universidade Estadual da Para\u00edba (UEPB), em Patos, est\u00e1 com inscri\u00e7\u00f5es abertas para os cursos de Inicia\u00e7\u00e3o ao Viol\u00e3o (M\u00f3dulos I e II), Teoria Inicia\u00e7\u00e3o ao Canto e Musicaliza\u00e7\u00e3o Infantil, voltados \u00e0 comunidade acad\u00eamica e a sociedade em geral. As\u2026","rel":"","context":"Em &quot;CCEA&quot;","block_context":{"text":"CCEA","link":"https:\/\/centros.uepb.edu.br\/ccea\/category\/ccea\/"},"img":{"alt_text":"","src":"https:\/\/i2.wp.com\/www.uepb.edu.br\/wp-content\/uploads\/2019\/08\/Narc7-Logo.png?fit=864%2C1024&resize=350%2C200","width":350,"height":200},"classes":[]},{"id":1692,"url":"https:\/\/centros.uepb.edu.br\/ccea\/2022\/04\/22\/nucleo-de-arte-e-cultura-do-campus-de-patos-abre-inscricoes-para-cursos-de-iniciacao-ao-violao-e-musicalizacao-infantil\/","url_meta":{"origin":1510,"position":2},"title":"N\u00facleo de Arte e Cultura do C\u00e2mpus de Patos abre inscri\u00e7\u00f5es para cursos de inicia\u00e7\u00e3o ao viol\u00e3o e musicaliza\u00e7\u00e3o infantil","author":"M\u00e1rcia Dias","date":"22 de abril de 2022","format":false,"excerpt":"O N\u00facleo de Arte e Cultura (NarC7) da Universidade Estadual da Para\u00edba (UEPB), instalado no C\u00e2mpus VII, na cidade de Patos, est\u00e1 com inscri\u00e7\u00f5es abertas, at\u00e9 o dia 2 de maio, para os cursos de Inicia\u00e7\u00e3o ao Viol\u00e3o (M\u00f3dulos I e II) e Musicaliza\u00e7\u00e3o Infantil atrav\u00e9s do viol\u00e3o, ambos voltados\u2026","rel":"","context":"Em &quot;CCEA&quot;","block_context":{"text":"CCEA","link":"https:\/\/centros.uepb.edu.br\/ccea\/category\/ccea\/"},"img":{"alt_text":"","src":"","width":0,"height":0},"classes":[]},{"id":1969,"url":"https:\/\/centros.uepb.edu.br\/ccea\/2022\/09\/23\/inscricoes-abertas-para-os-cursos-iniciacao-ao-violao-e-musicalizacao-infantil-do-nucleo-de-arte-e-cultura-do-ccea\/","url_meta":{"origin":1510,"position":3},"title":"Inscri\u00e7\u00f5es abertas para os cursos Inicia\u00e7\u00e3o ao Viol\u00e3o e Musicaliza\u00e7\u00e3o Infantil do N\u00facleo de Arte e Cultura do CCEA","author":"olivio","date":"23 de setembro de 2022","format":false,"excerpt":"O N\u00facleo de Arte e Cultura do C\u00e2mpus VII \u2013 NArC da Universidade Estadual da Para\u00edba \u2013 UEPB, em Patos, est\u00e1 com inscri\u00e7\u00f5es abertas para os cursos de \"Inicia\u00e7\u00e3o ao Viol\u00e3o\" e \"Musicaliza\u00e7\u00e3o Infantil\", voltados \u00e0 comunidade acad\u00eamica e a sociedade em geral. As inscri\u00e7\u00f5es est\u00e3o sendo realizadas at\u00e9 o\u2026","rel":"","context":"Em &quot;Agend Not\u00edcias Destaque&quot;","block_context":{"text":"Agend Not\u00edcias Destaque","link":"https:\/\/centros.uepb.edu.br\/ccea\/category\/agend-noticias-destaque\/"},"img":{"alt_text":"","src":"https:\/\/i0.wp.com\/centros.uepb.edu.br\/ccea\/files\/2022\/09\/banner_narc-300x300.png?resize=350%2C200&ssl=1","width":350,"height":200},"classes":[]},{"id":1518,"url":"https:\/\/centros.uepb.edu.br\/ccea\/2019\/11\/28\/nucleo-de-arte-e-cultura-do-centro-de-ciencias-exatas-e-sociais-aplicadas-realiza-1a-mostra-de-musica-2\/","url_meta":{"origin":1510,"position":4},"title":"N\u00facleo de Arte e Cultura do Centro de Ci\u00eancias Exatas e Sociais Aplicadas realiza 1\u00aa Mostra de M\u00fasica","author":"tatiana","date":"28 de novembro de 2019","format":false,"excerpt":"O N\u00facleo de Arte e Cultura do C\u00e2mpus VII (NarC7) da Universidade Estadual da Para\u00edba (UEPB), em Patos, realiza nesta quinta-feira (28) a sua 1\u00aa Mostra Musical. O evento art\u00edstico acontece no Audit\u00f3rio Celso Furtado, a partir das 19h. Durante o evento, ser\u00e3o apresentados os resultados dos trabalhos desenvolvidos nos\u2026","rel":"","context":"Em &quot;CCEA&quot;","block_context":{"text":"CCEA","link":"https:\/\/centros.uepb.edu.br\/ccea\/category\/ccea\/"},"img":{"alt_text":"","src":"https:\/\/i0.wp.com\/www.interno.uepb.edu.br\/wp-content\/uploads\/2019\/11\/NARC7.jpg?resize=350%2C200&ssl=1","width":350,"height":200},"classes":[]},{"id":1245,"url":"https:\/\/centros.uepb.edu.br\/ccea\/2019\/03\/11\/nucleo-de-arte-e-cultura-do-campus-vii-inscreve-para-cursos-de-violao-teoria-musical-e-canto\/","url_meta":{"origin":1510,"position":5},"title":"N\u00facleo de Arte e Cultura do C\u00e2mpus VII inscreve para cursos de Viol\u00e3o, Teoria Musical e Canto","author":"tatiana","date":"11 de mar\u00e7o de 2019","format":false,"excerpt":"O N\u00facleo de Arte e Cultura do C\u00e2mpus VII (NarC7) do Centro de Ci\u00eancias Exatas e Sociais Aplicadas (CCEA) da Universidade Estadual da Para\u00edba (UEPB), em Patos, est\u00e1 com inscri\u00e7\u00f5es abertas para os cursos de Inicia\u00e7\u00e3o ao Viol\u00e3o, Teoria Musical e Inicia\u00e7\u00e3o ao Canto, voltados \u00e0 comunidade acad\u00eamica e a\u2026","rel":"","context":"Em &quot;CCEA&quot;","block_context":{"text":"CCEA","link":"https:\/\/centros.uepb.edu.br\/ccea\/category\/ccea\/"},"img":{"alt_text":"","src":"","width":0,"height":0},"classes":[]}],"_links":{"self":[{"href":"https:\/\/centros.uepb.edu.br\/ccea\/wp-json\/wp\/v2\/posts\/1510","targetHints":{"allow":["GET"]}}],"collection":[{"href":"https:\/\/centros.uepb.edu.br\/ccea\/wp-json\/wp\/v2\/posts"}],"about":[{"href":"https:\/\/centros.uepb.edu.br\/ccea\/wp-json\/wp\/v2\/types\/post"}],"author":[{"embeddable":true,"href":"https:\/\/centros.uepb.edu.br\/ccea\/wp-json\/wp\/v2\/users\/25"}],"replies":[{"embeddable":true,"href":"https:\/\/centros.uepb.edu.br\/ccea\/wp-json\/wp\/v2\/comments?post=1510"}],"version-history":[{"count":0,"href":"https:\/\/centros.uepb.edu.br\/ccea\/wp-json\/wp\/v2\/posts\/1510\/revisions"}],"wp:attachment":[{"href":"https:\/\/centros.uepb.edu.br\/ccea\/wp-json\/wp\/v2\/media?parent=1510"}],"wp:term":[{"taxonomy":"category","embeddable":true,"href":"https:\/\/centros.uepb.edu.br\/ccea\/wp-json\/wp\/v2\/categories?post=1510"},{"taxonomy":"post_tag","embeddable":true,"href":"https:\/\/centros.uepb.edu.br\/ccea\/wp-json\/wp\/v2\/tags?post=1510"}],"curies":[{"name":"wp","href":"https:\/\/api.w.org\/{rel}","templated":true}]}}