{"id":1506,"date":"2020-03-13T13:02:51","date_gmt":"2020-03-13T13:02:51","guid":{"rendered":"https:\/\/www.interno.uepb.edu.br\/?p=55200"},"modified":"2020-03-13T13:02:51","modified_gmt":"2020-03-13T13:02:51","slug":"laboratorio-3d-da-uepb-desenvolve-tecnologia-voltada-para-educacao-e-desenvolvimento-tecnologico-regional-2","status":"publish","type":"post","link":"https:\/\/centros.uepb.edu.br\/ccea\/2020\/03\/13\/laboratorio-3d-da-uepb-desenvolve-tecnologia-voltada-para-educacao-e-desenvolvimento-tecnologico-regional-2\/","title":{"rendered":"Laborat\u00f3rio 3D da UEPB desenvolve tecnologia voltada para educa\u00e7\u00e3o e desenvolvimento tecnol\u00f3gico regional"},"content":{"rendered":"<figure class=\"wp-block-image size-large\"><img decoding=\"async\" loading=\"lazy\" width=\"840\" height=\"454\" src=\"https:\/\/www.interno.uepb.edu.br\/wp-content\/uploads\/2020\/03\/Protolab-1.jpg\" alt=\"\" class=\"wp-image-55187 img-responsive img-responsive\" srcset=\"https:\/\/www.interno.uepb.edu.br\/wp-content\/uploads\/2020\/03\/Protolab-1.jpg 840w, https:\/\/www.interno.uepb.edu.br\/wp-content\/uploads\/2020\/03\/Protolab-1-300x162.jpg 300w, https:\/\/www.interno.uepb.edu.br\/wp-content\/uploads\/2020\/03\/Protolab-1-768x415.jpg 768w, https:\/\/www.interno.uepb.edu.br\/wp-content\/uploads\/2020\/03\/Protolab-1-370x200.jpg 370w\" sizes=\"auto, (max-width: 840px) 100vw, 840px\" \/><\/figure>\n<p>Em tempos que a impress\u00e3o 3D promete revolucionar o modelo de fabrica\u00e7\u00e3o do mundo e impulsionar a automa\u00e7\u00e3o industrial, um laborat\u00f3rio instalado no Centro de Ci\u00eancias Exatas e Sociais Aplicadas (CCEA) da Universidade Estadual da Para\u00edba (UEPB), localizado no C\u00e2mpus de Patos, mostra o potencial tecnol\u00f3gico da Institui\u00e7\u00e3o nesse campo. O Laborat\u00f3rio de Prototipagem 3D (Protolab 3) \u00e9 uma iniciativa voltada para o desenvolvimento de um modelo de laborat\u00f3rio de prototipagem de baixo custo, para cria\u00e7\u00e3o de kits de rob\u00f3tica educacional e capacita\u00e7\u00e3o de pessoas para este tipo de trabalho.<\/p>\n<p>O Protolab 3D est\u00e1 em funcionamento experimental h\u00e1 dois anos e j\u00e1 fabrica diversos tipos de pe\u00e7as na \u00e1rea de automa\u00e7\u00e3o, especialmente um kit de rob\u00f3tica educacional, que \u00e9 um conjunto de aparelhos eletromec\u00e2nicos em miniatura, que executam atividades pr\u00e9-programadas, voltadas ao ensino de determinadas disciplinas. O respons\u00e1vel pelo projeto \u00e9 o professor do Departamento de F\u00edsica, Rodrigo C\u00e9sar Fonseca da Silva. A iniciativa envolve estudantes do Curso de F\u00edsica do CCEA e promete revolucionar o uso da tecnologia 3 D no C\u00e2mpus VII. <\/p>\n<p>Conforme professor Rodrigo, o kit para F\u00edsica, por exemplo, pode ser composto de um bra\u00e7o mec\u00e2nico com um mecanismo de garra para coletar pe\u00e7as pequenas. Um aluno, com esse bra\u00e7o, poderia verificar os conceitos de deslocamento, massa e peso, distribui\u00e7\u00e3o de for\u00e7as, entre outros. Dependendo da demanda da institui\u00e7\u00e3o de ensino, os kits podem ser voltados para F\u00edsica, Matem\u00e1tica, Qu\u00edmica, Computa\u00e7\u00e3o e engenharias em geral.<\/p>\n<figure class=\"wp-block-gallery columns-2 is-cropped\">\n<ul class=\"blocks-gallery-grid\">\n<li class=\"blocks-gallery-item\">\n<figure><img decoding=\"async\" loading=\"lazy\" width=\"840\" height=\"454\" src=\"https:\/\/www.interno.uepb.edu.br\/wp-content\/uploads\/2020\/03\/Protolab-2.jpg\" alt=\"\" data-id=\"55188\" data-full-url=\"https:\/\/www.interno.uepb.edu.br\/wp-content\/uploads\/2020\/03\/Protolab-2.jpg\" data-link=\"https:\/\/www.interno.uepb.edu.br\/protolab-2\/\" class=\"wp-image-55188 img-responsive img-responsive\" srcset=\"https:\/\/www.interno.uepb.edu.br\/wp-content\/uploads\/2020\/03\/Protolab-2.jpg 840w, https:\/\/www.interno.uepb.edu.br\/wp-content\/uploads\/2020\/03\/Protolab-2-300x162.jpg 300w, https:\/\/www.interno.uepb.edu.br\/wp-content\/uploads\/2020\/03\/Protolab-2-768x415.jpg 768w, https:\/\/www.interno.uepb.edu.br\/wp-content\/uploads\/2020\/03\/Protolab-2-370x200.jpg 370w\" sizes=\"auto, (max-width: 840px) 100vw, 840px\" \/><\/figure>\n<\/li>\n<li class=\"blocks-gallery-item\">\n<figure><img decoding=\"async\" loading=\"lazy\" width=\"840\" height=\"454\" src=\"https:\/\/www.interno.uepb.edu.br\/wp-content\/uploads\/2020\/03\/Protolab-3.jpg\" alt=\"\" data-id=\"55189\" data-full-url=\"https:\/\/www.interno.uepb.edu.br\/wp-content\/uploads\/2020\/03\/Protolab-3.jpg\" data-link=\"https:\/\/www.interno.uepb.edu.br\/protolab-3\/\" class=\"wp-image-55189 img-responsive img-responsive\" srcset=\"https:\/\/www.interno.uepb.edu.br\/wp-content\/uploads\/2020\/03\/Protolab-3.jpg 840w, https:\/\/www.interno.uepb.edu.br\/wp-content\/uploads\/2020\/03\/Protolab-3-300x162.jpg 300w, https:\/\/www.interno.uepb.edu.br\/wp-content\/uploads\/2020\/03\/Protolab-3-768x415.jpg 768w, https:\/\/www.interno.uepb.edu.br\/wp-content\/uploads\/2020\/03\/Protolab-3-370x200.jpg 370w\" sizes=\"auto, (max-width: 840px) 100vw, 840px\" \/><\/figure>\n<\/li>\n<\/ul>\n<\/figure>\n<p>Rodrigo C\u00e9sar ressalta que a impress\u00e3o 3D permite reduzir custos de fabrica\u00e7\u00e3o em todo o processo produtivo, elimina desperd\u00edcios dentro das f\u00e1bricas e \u00e9 muito importante para tornar a empresa sustent\u00e1vel e mais competitiva. \u201cNosso entendimento de baixo custo \u00e9 investimento m\u00ednimo das institui\u00e7\u00f5es envolvidas, sem perda de qualidade. As m\u00e1quinas desenvolvidas no Protolab 3D, em rela\u00e7\u00e3o \u00e0s dispon\u00edveis no mercado, t\u00eam a vantagem de obedecer \u00e0 programa\u00e7\u00e3o do operador. As do mercado v\u00eam com programa\u00e7\u00e3o simples para executar pequenas tarefas pr\u00e9-determinadas\u201d, explicou o professor.<\/p>\n<p>Al\u00e9m disso, segundo ele, as m\u00e1quinas do Protolab s\u00e3o modelos autossustent\u00e1veis, com o qual a institui\u00e7\u00e3o pode criar produtos para comercializa\u00e7\u00e3o gerando receita dentro do que permite a lei. Tamb\u00e9m \u00e9 replic\u00e1vel, ou seja, as pr\u00f3prias pe\u00e7as de manuten\u00e7\u00e3o e multiplica\u00e7\u00e3o podem ser fabricadas pelo operador capacitado. A pretens\u00e3o da equipe da UEPB no momento \u00e9 capacitar pessoas para montarem os kits did\u00e1ticos e experimentos para laborat\u00f3rios de ensino. Assim, tamb\u00e9m fariam a recupera\u00e7\u00e3o e replica\u00e7\u00e3o dos kits adquiridos pelo Estado, restaurando os laborat\u00f3rios j\u00e1 existentes na Para\u00edba.<\/p>\n<figure class=\"wp-block-image size-large\"><img decoding=\"async\" loading=\"lazy\" width=\"840\" height=\"454\" src=\"https:\/\/www.interno.uepb.edu.br\/wp-content\/uploads\/2020\/03\/Protolab-CCEA-1.jpg\" alt=\"\" class=\"wp-image-55169 img-responsive img-responsive\" srcset=\"https:\/\/www.interno.uepb.edu.br\/wp-content\/uploads\/2020\/03\/Protolab-CCEA-1.jpg 840w, https:\/\/www.interno.uepb.edu.br\/wp-content\/uploads\/2020\/03\/Protolab-CCEA-1-300x162.jpg 300w, https:\/\/www.interno.uepb.edu.br\/wp-content\/uploads\/2020\/03\/Protolab-CCEA-1-768x415.jpg 768w, https:\/\/www.interno.uepb.edu.br\/wp-content\/uploads\/2020\/03\/Protolab-CCEA-1-370x200.jpg 370w\" sizes=\"auto, (max-width: 840px) 100vw, 840px\" \/><\/figure>\n<p>Essa semana, o professor Rodrigo C\u00e9sar e o professor Jonas de Sousa Alves, desenvolvedor das m\u00e1quinas, foram recebidos em audi\u00eancia pelo reitor Rangel Junior, oportunidade em que apresentou o projeto e destacou a import\u00e2ncia de expandir a iniciativa. A equipe tamb\u00e9m pretende realizar um trabalho com o Governo do Estado, no sentido de entregar o modelo experimental que j\u00e1 funciona no C\u00e2mpus VII e promover iniciativas de divulga\u00e7\u00e3o e capacita\u00e7\u00f5es nas escolas-modelos.<\/p>\n<p><em><strong>Texto:<\/strong> Severino Lopes<br \/><strong>Fotos:<\/strong> Divulga\u00e7\u00e3o<\/em><\/p>\n","protected":false},"excerpt":{"rendered":"<p>Em tempos que a impress\u00e3o 3D promete revolucionar o modelo de fabrica\u00e7\u00e3o do mundo e impulsionar a automa\u00e7\u00e3o industrial, um laborat\u00f3rio instalado no Centro de Ci\u00eancias Exatas e Sociais Aplicadas (CCEA) da Universidade Estadual da Para\u00edba (UEPB), localizado no C\u00e2mpus de Patos, mostra o potencial tecnol\u00f3gico da Institui\u00e7\u00e3o nesse campo. O Laborat\u00f3rio de Prototipagem 3D <a class=\"leiamais\" href=\"https:\/\/www.interno.uepb.edu.br\/laboratorio-3d-da-uepb-desenvolve-tecnologia-voltada-para-educacao-e-desenvolvimento-tecnologico-regional\/\">Leia Mais&#8230;<\/a><\/p>\n","protected":false},"author":25,"featured_media":0,"comment_status":"closed","ping_status":"closed","sticky":false,"template":"","format":"standard","meta":{"jetpack_post_was_ever_published":false,"_jetpack_newsletter_access":"","_jetpack_dont_email_post_to_subs":false,"_jetpack_newsletter_tier_id":0,"_jetpack_memberships_contains_paywalled_content":false,"_jetpack_memberships_contains_paid_content":false,"footnotes":"","jetpack_publicize_message":"","jetpack_publicize_feature_enabled":true,"jetpack_social_post_already_shared":true,"jetpack_social_options":{"image_generator_settings":{"template":"highway","default_image_id":0,"font":"","enabled":false},"version":2}},"categories":[8,3],"tags":[],"class_list":["post-1506","post","type-post","status-publish","format-standard","hentry","category-ccea","category-noticias"],"jetpack_publicize_connections":[],"jetpack_featured_media_url":"","jetpack_sharing_enabled":true,"jetpack_shortlink":"https:\/\/wp.me\/p7WTGX-oi","jetpack_likes_enabled":true,"jetpack-related-posts":[{"id":1351,"url":"https:\/\/centros.uepb.edu.br\/ccea\/2020\/03\/13\/laboratorio-3d-da-uepb-desenvolve-tecnologia-voltada-para-educacao-e-desenvolvimento-tecnologico-regional\/","url_meta":{"origin":1506,"position":0},"title":"Laborat\u00f3rio 3D da UEPB desenvolve tecnologia voltada para educa\u00e7\u00e3o e desenvolvimento tecnol\u00f3gico regional","author":"tatiana","date":"13 de mar\u00e7o de 2020","format":false,"excerpt":"Em tempos que a impress\u00e3o 3D promete revolucionar o modelo de fabrica\u00e7\u00e3o do mundo e impulsionar a automa\u00e7\u00e3o industrial, um laborat\u00f3rio instalado no Centro de Ci\u00eancias Exatas e Sociais Aplicadas (CCEA) da Universidade Estadual da Para\u00edba (UEPB), localizado no C\u00e2mpus de Patos, mostra o potencial tecnol\u00f3gico da Institui\u00e7\u00e3o nesse campo.\u2026","rel":"","context":"Em &quot;CCEA&quot;","block_context":{"text":"CCEA","link":"https:\/\/centros.uepb.edu.br\/ccea\/category\/ccea\/"},"img":{"alt_text":"","src":"https:\/\/i1.wp.com\/www.uepb.edu.br\/wp-content\/uploads\/2020\/03\/Protolab-1.jpg?resize=350%2C200","width":350,"height":200,"srcset":"https:\/\/i1.wp.com\/www.uepb.edu.br\/wp-content\/uploads\/2020\/03\/Protolab-1.jpg?resize=350%2C200 1x, https:\/\/i1.wp.com\/www.uepb.edu.br\/wp-content\/uploads\/2020\/03\/Protolab-1.jpg?resize=525%2C300 1.5x, https:\/\/i1.wp.com\/www.uepb.edu.br\/wp-content\/uploads\/2020\/03\/Protolab-1.jpg?resize=700%2C400 2x"},"classes":[]},{"id":1297,"url":"https:\/\/centros.uepb.edu.br\/ccea\/2019\/09\/05\/centro-de-ciencias-exatas-e-sociais-aplicadas-lanca-edital-para-representacao-docente-no-consuni-e-consepe\/","url_meta":{"origin":1506,"position":1},"title":"Centro de Ci\u00eancias Exatas e Sociais Aplicadas lan\u00e7a edital para representa\u00e7\u00e3o docente no Consuni e Consepe","author":"tatiana","date":"5 de setembro de 2019","format":false,"excerpt":"A Comiss\u00e3o Eleitoral do Centro de Ci\u00eancias Exatas e Sociais Aplicadas (CCEA) da Universidade Estadual da Para\u00edba (UEPB), localizado no C\u00e2mpus VII, em Patos, publicou edital para elei\u00e7\u00e3o dos representantes docentes junto ao Conselho Universit\u00e1rio (Consuni) e ao Conselho de Ensino, Pesquisa e Extens\u00e3o (Consepe) da Institui\u00e7\u00e3o. A elei\u00e7\u00e3o acontece\u2026","rel":"","context":"Em &quot;CCEA&quot;","block_context":{"text":"CCEA","link":"https:\/\/centros.uepb.edu.br\/ccea\/category\/ccea\/"},"img":{"alt_text":"","src":"","width":0,"height":0},"classes":[]},{"id":1526,"url":"https:\/\/centros.uepb.edu.br\/ccea\/2019\/09\/05\/campus-vii-da-universidade-estadual-lanca-edital-para-representacao-docente-no-consuni-e-consepe\/","url_meta":{"origin":1506,"position":2},"title":"C\u00e2mpus VII da Universidade Estadual lan\u00e7a edital para representa\u00e7\u00e3o docente no Consuni e Consepe","author":"tatiana","date":"5 de setembro de 2019","format":false,"excerpt":"A Comiss\u00e3o Eleitoral do Centro de Ci\u00eancias Exatas e Sociais Aplicadas (CCEA) da Universidade Estadual da Para\u00edba (UEPB), localizado no C\u00e2mpus VII, em Patos, publicou edital para elei\u00e7\u00e3o dos representantes docentes junto ao Conselho Universit\u00e1rio (Consuni) e ao Conselho de Ensino, Pesquisa e Extens\u00e3o (Consepe) da Institui\u00e7\u00e3o. A elei\u00e7\u00e3o acontece\u2026","rel":"","context":"Em &quot;CCEA&quot;","block_context":{"text":"CCEA","link":"https:\/\/centros.uepb.edu.br\/ccea\/category\/ccea\/"},"img":{"alt_text":"","src":"","width":0,"height":0},"classes":[]},{"id":466,"url":"https:\/\/centros.uepb.edu.br\/ccea\/2017\/08\/21\/centro-de-ciencias-exatas-e-sociais-aplicadas-da-uepb-promove-atividade-de-recepcao-aos-alunos-novatos\/","url_meta":{"origin":1506,"position":3},"title":"Centro de Ci\u00eancias Exatas e Sociais Aplicadas da UEPB promove atividade de recep\u00e7\u00e3o aos alunos novatos","author":"tatiana","date":"21 de agosto de 2017","format":false,"excerpt":"A Dire\u00e7\u00e3o do Centro de Ci\u00eancias Exatas e Sociais Aplicadas (CCEA) da Universidade Estadual da Para\u00edba (UEPB), localizado na cidade de Patos, no Sert\u00e3o do Estado, realizou nesta segunda-feira (21) uma atividade de recep\u00e7\u00e3o aos alunos novatos do per\u00edodo letivo 2017.1 do C\u00e2mpus VII. Durante a recep\u00e7\u00e3o aos \u201cferas\u201d, foram\u2026","rel":"","context":"Em &quot;CCEA&quot;","block_context":{"text":"CCEA","link":"https:\/\/centros.uepb.edu.br\/ccea\/category\/ccea\/"},"img":{"alt_text":"","src":"","width":0,"height":0},"classes":[]},{"id":1498,"url":"https:\/\/centros.uepb.edu.br\/ccea\/2020\/03\/26\/ccea-informa-sobre-canais-de-atendimento-remoto-durante-periodo-de-isolamento-social-2\/","url_meta":{"origin":1506,"position":4},"title":"CCEA informa sobre canais de atendimento remoto durante per\u00edodo de isolamento social","author":"tatiana","date":"26 de mar\u00e7o de 2020","format":false,"excerpt":"O Centro de Ci\u00eancias Exatas e Sociais Aplicadas (CCEA) da Universidade Estadual da Para\u00edba (UEPB), localizado no C\u00e2mpus VII, em Patos, informa \u00e0 comunidade acad\u00eamica e ao p\u00fablico geral que, em face \u00e0s medidas adotadas pela Administra\u00e7\u00e3o Central da Institui\u00e7\u00e3o como forma preventiva \u00e0 infec\u00e7\u00e3o pelo novo coronav\u00edrus, os setores\u2026","rel":"","context":"Em &quot;CCEA&quot;","block_context":{"text":"CCEA","link":"https:\/\/centros.uepb.edu.br\/ccea\/category\/ccea\/"},"img":{"alt_text":"","src":"","width":0,"height":0},"classes":[]},{"id":563,"url":"https:\/\/centros.uepb.edu.br\/ccea\/2017\/09\/26\/uepb-promove-curso-de-redacao-cientifica-no-centro-de-ciencias-exatas-e-sociais-aplicadas\/","url_meta":{"origin":1506,"position":5},"title":"UEPB promove curso de Reda\u00e7\u00e3o Cient\u00edfica no Centro de Ci\u00eancias Exatas e Sociais Aplicadas","author":"tatiana","date":"26 de setembro de 2017","format":false,"excerpt":"A Universidade Estadual da Para\u00edba (UEPB), com apoio da Dire\u00e7\u00e3o do Centro de Ci\u00eancias Exatas e Sociais Aplicadas (CCEA), iniciou nesta segunda-feira (25), no C\u00e2mpus VII da Institui\u00e7\u00e3o, em Patos, o Curso \u201cReda\u00e7\u00e3o Cient\u00edfica em Tempos de Qualis\u201d, ministrado pelo professor Cidoval Morais de Sousa. Com o objetivo de aprimorar\u2026","rel":"","context":"Em &quot;CCEA&quot;","block_context":{"text":"CCEA","link":"https:\/\/centros.uepb.edu.br\/ccea\/category\/ccea\/"},"img":{"alt_text":"","src":"","width":0,"height":0},"classes":[]}],"_links":{"self":[{"href":"https:\/\/centros.uepb.edu.br\/ccea\/wp-json\/wp\/v2\/posts\/1506","targetHints":{"allow":["GET"]}}],"collection":[{"href":"https:\/\/centros.uepb.edu.br\/ccea\/wp-json\/wp\/v2\/posts"}],"about":[{"href":"https:\/\/centros.uepb.edu.br\/ccea\/wp-json\/wp\/v2\/types\/post"}],"author":[{"embeddable":true,"href":"https:\/\/centros.uepb.edu.br\/ccea\/wp-json\/wp\/v2\/users\/25"}],"replies":[{"embeddable":true,"href":"https:\/\/centros.uepb.edu.br\/ccea\/wp-json\/wp\/v2\/comments?post=1506"}],"version-history":[{"count":0,"href":"https:\/\/centros.uepb.edu.br\/ccea\/wp-json\/wp\/v2\/posts\/1506\/revisions"}],"wp:attachment":[{"href":"https:\/\/centros.uepb.edu.br\/ccea\/wp-json\/wp\/v2\/media?parent=1506"}],"wp:term":[{"taxonomy":"category","embeddable":true,"href":"https:\/\/centros.uepb.edu.br\/ccea\/wp-json\/wp\/v2\/categories?post=1506"},{"taxonomy":"post_tag","embeddable":true,"href":"https:\/\/centros.uepb.edu.br\/ccea\/wp-json\/wp\/v2\/tags?post=1506"}],"curies":[{"name":"wp","href":"https:\/\/api.w.org\/{rel}","templated":true}]}}