{"id":1494,"date":"2020-08-28T13:48:54","date_gmt":"2020-08-28T13:48:54","guid":{"rendered":"https:\/\/www.interno.uepb.edu.br\/?p=56960"},"modified":"2020-08-28T13:48:54","modified_gmt":"2020-08-28T13:48:54","slug":"centro-de-ciencias-exatas-e-sociais-aplicadas-completa-14-de-existencia-com-avancos-e-valorizacao-do-trabalho-2","status":"publish","type":"post","link":"https:\/\/centros.uepb.edu.br\/ccea\/2020\/08\/28\/centro-de-ciencias-exatas-e-sociais-aplicadas-completa-14-de-existencia-com-avancos-e-valorizacao-do-trabalho-2\/","title":{"rendered":"Centro de Ci\u00eancias Exatas e Sociais Aplicadas completa 14 de exist\u00eancia com avan\u00e7os e valoriza\u00e7\u00e3o do trabalho"},"content":{"rendered":"<p>A instala\u00e7\u00e3o da Universidade Estadual da Para\u00edba (UEPB) na cidade de Patos se deu atrav\u00e9s da cria\u00e7\u00e3o do Centro de Ci\u00eancias Exatas e Sociais Aplicadas (CCEA), C\u00e2mpus VII da Institui\u00e7\u00e3o que leva o nome do governador Ant\u00f4nio Mariz. Ela ocorreu durante o reitorado da professora Marlene Alves Luna, que atrav\u00e9s de uma pol\u00edtica de expans\u00e3o conquistada a partir da autonomia financeira da UEPB, possibilitou a amplia\u00e7\u00e3o das atividades universit\u00e1rias no estado. Oficialmente inaugurado no dia 28 de agosto de 2006, o C\u00e2mpus VII completa neste ano de 2020, 14 anos de exist\u00eancia.<\/p>\n<p>No in\u00edcio das suas atividades o CCEA ocupava as instala\u00e7\u00f5es da antiga Escola Profissional Ministro Ernani S\u00e1tyro, localizada na Rua 5 de Agosto, no Bairro do Belo Horizonte, Patos, onde funcionava a 6\u00aa Ger\u00eancia Regional de Ensino. Neste local, o c\u00e2mpus funcionou at\u00e9 dezembro de 2008, momento em que, atrav\u00e9s de uma permuta com a Escola Normal Dom Expedito Eduardo de Oliveira e a Escola Capit\u00e3o Manoel Gomes, passou a ocupar o pr\u00e9dio localizado \u00e0 Rua Alfredo Lustosa Cabral, s\/n, no bairro do Salgadinho.<\/p>\n<p>Entre agosto de 2006 e setembro de 2010, a Dire\u00e7\u00e3o do CCEA ficou a cargo da professora Rochane Villarim de Almeida. A implanta\u00e7\u00e3o do Centro de Ci\u00eancias Exatas e Sociais Aplicadas trouxe para o Sert\u00e3o do Estado cursos que objetivavam atender a demanda da regi\u00e3o, como a forma\u00e7\u00e3o de administradores privados e gestores p\u00fablicos, a partir do Curso de Bacharelado em Administra\u00e7\u00e3o, e a forma\u00e7\u00e3o de professores da Educa\u00e7\u00e3o B\u00e1sica, a partir dos cursos de Licenciatura em Ci\u00eancias Exatas e Licenciatura em Computa\u00e7\u00e3o.<\/p>\n<p>Entre os anos de 2006 e 2010 a estrutura do C\u00e2mpus VII se consolidou com uma estrutura composta por 14 salas de aulas, laborat\u00f3rios de Qu\u00edmica e Computa\u00e7\u00e3o, al\u00e9m do projeto de cria\u00e7\u00e3o da Biblioteca Setorial, que presta homenagem ao jornalista Virg\u00edlio Trindade. Durante esse per\u00edodo o CCEA contou com um quadro t\u00e9cnico constitu\u00eddo por 37 professores, 18 t\u00e9cnicos administrativos e cerca de 1.100 alunos, matriculados nos Cursos de Licenciatura em Ci\u00eancias Exatas, Bacharelado em Administra\u00e7\u00e3o e Licenciatura em Computa\u00e7\u00e3o.<\/p>\n<p>O Curso de Ci\u00eancias Exatas funcionou at\u00e9 2011 na modalidade de Licenciatura Plena, com habilita\u00e7\u00e3o em Qu\u00edmica, F\u00edsica e Matem\u00e1tica. O curso foi criado pela RESOLU\u00c7\u00c3O\/UEPB\/CONSUNI\/016\/2006, justificado \u00e0 \u00e9poca pela car\u00eancia de professores formados nessa \u00e1rea de conhecimento, objetivando minimizar a multiplica\u00e7\u00e3o de leigos em escolas p\u00fablicas e particulares. O Curso de Bacharelado em Administra\u00e7\u00e3o foi criado pela RESOLU\u00c7\u00c3O\/UEPB\/CONSUNI\/015\/2006, com a proposta de forma\u00e7\u00e3o profissional para as diferentes fun\u00e7\u00f5es de gerenciamento, an\u00e1lise e planejamento das atividades empresariais, especialmente nas \u00e1reas de Finan\u00e7as, Marketing, Recursos Humanos, Inform\u00e1tica e Gest\u00e3o.<\/p>\n<p>J\u00e1 o Curso de Licenciatura em Computa\u00e7\u00e3o foi criado atrav\u00e9s da RESOLU\u00c7\u00c3O\/UEPB\/CONSUNI\/017\/2006. A partir das diretrizes curriculares estabelecidas pelo Minist\u00e9rio da Educa\u00e7\u00e3o, o perfil profissional foi \u00e0quele sugerido pela Sociedade Brasileira de Inform\u00e1tica, consubstanciado no dom\u00ednio de t\u00e9cnicas e na forma\u00e7\u00e3o profissional did\u00e1tico-pedag\u00f3gica.<\/p>\n<p>Em 2011, com cinco anos de exist\u00eancia e sob a dire\u00e7\u00e3o dos professores Odilon Avelino da Cunha e Ilauro Souza de Lima, como diretor e diretor adjunto, respectivamente, o CCEA inaugurou a Biblioteca Setorial Professor Virg\u00edlio Trindade. Durante a gest\u00e3o dos professores todas as salas de aula foram climatizadas, havendo significativas melhorias no mobili\u00e1rio do c\u00e2mpus com a aquisi\u00e7\u00e3o de novos equipamentos escolares, al\u00e9m da expans\u00e3o do quadro de professores e funcion\u00e1rios e a redefini\u00e7\u00e3o de espa\u00e7os internos na perspectiva de otimizar e dinamizar o ambiente acad\u00eamico.<\/p>\n<p>Em 2012, objetivando a adequa\u00e7\u00e3o dos cursos \u00e0s necessidades de forma\u00e7\u00e3o profissional prevalecentes, houve o desmembramento do Curso Licenciatura de Ci\u00eancias Exatas, nos cursos de Licenciatura em F\u00edsica e Licenciatura em Matem\u00e1tica. Esse desmembramento resultou da RESOLU\u00c7\u00c3O\/UEPB\/CONSUNI\/035\/2011, que criou os Cursos de Licenciatura em F\u00edsica e Licenciatura em Matem\u00e1tica. Em 2013, no segundo mandato do professor Odilon Avelino da Cunha como diretor, e tendo como diretora adjunta a professora Cheyenne Ribeiro Guedes Isidro Abilio, o Curso de Licenciatura em Computa\u00e7\u00e3o foi transformado no Curso de Bacharelado em Ci\u00eancia da Computa\u00e7\u00e3o, atendendo \u00e0s exig\u00eancias da nova configura\u00e7\u00e3o do mercado profissional da \u00e1rea.<\/p>\n<p>No in\u00edcio de 2014, para atenuar os problemas de espa\u00e7o f\u00edsico em fun\u00e7\u00e3o falta de salas de aulas para o desenvolvimento das atividades dos diversos cursos em funcionamento, foi estabelecido entre a UEPB e o Governo do Estado o Termo de Cess\u00e3o de Uso Gratuito de Bem Im\u00f3vel, em que o c\u00e2mpus passou a utilizar cinco salas de aula da Escola Estadual Dr. Dion\u00edsio da Costa (PREMEM), localizada ao lado do pr\u00e9dio onde atualmente se desenvolvem as aulas e atividades gerais de gradua\u00e7\u00e3o do CCEA.<\/p>\n<p>Entre 2015 e 2016, sob a gest\u00e3o da professora Cheyenne Ribeiro Guedes Isidro Abilio, como diretora, e da professora Lidiane Rodrigues Camp\u00ealo da Silva, como diretora adjunta, foi realizado um conjunto de a\u00e7\u00f5es que resultaram na organiza\u00e7\u00e3o do estacionamento, no plantio de \u00e1rvores objetivando uma melhor arboriza\u00e7\u00e3o do c\u00e2mpus, na climatiza\u00e7\u00e3o das salas cedidas temporariamente pela Escola Estadual Dr. Dion\u00edsio da Costa, propiciando um maior conforto t\u00e9rmico aos professores, alunos e funcion\u00e1rios. Ainda durante este per\u00edodo houve a constru\u00e7\u00e3o do novo Centro de Viv\u00eancias do c\u00e2mpus, um espa\u00e7o equipado com ambientes para fotocopiadoras e lanchonetes, al\u00e9m do Espa\u00e7o de Viv\u00eancia dos estudantes.<\/p>\n<p>Atualmente, o CCEA est\u00e1 sob a gest\u00e3o dos professores Adriano Homero Vital Pereira, e Odilon Avelino da Cunha, diretor e diretor adjunto, respectivamente. Durante esta gest\u00e3o uma s\u00e9rie de atividades foram realizadas com o objetivo fundamental de resolver os problemas de espa\u00e7o f\u00edsico e infraestrutura do c\u00e2mpus, entre as quais destacam-se: a constru\u00e7\u00e3o de salas de aulas, do audit\u00f3rio Celso Furtado, com capacidade para 250 lugares; constru\u00e7\u00e3o da nova Biblioteca Setorial, amplia\u00e7\u00e3o das \u00e1reas de conviv\u00eancia, melhoria das instala\u00e7\u00f5es f\u00edsicas e estruturais do c\u00e2mpus, al\u00e9m da realiza\u00e7\u00e3o de diversos eventos culturais e sociais que passaram a fazer parte das atividades integrantes do Centro.<\/p>\n","protected":false},"excerpt":{"rendered":"<p>A instala\u00e7\u00e3o da Universidade Estadual da Para\u00edba (UEPB) na cidade de Patos se deu atrav\u00e9s da cria\u00e7\u00e3o do Centro de Ci\u00eancias Exatas e Sociais Aplicadas (CCEA), C\u00e2mpus VII da Institui\u00e7\u00e3o que leva o nome do governador Ant\u00f4nio Mariz. Ela ocorreu durante o reitorado da professora Marlene Alves Luna, que atrav\u00e9s de uma pol\u00edtica de expans\u00e3o <a class=\"leiamais\" href=\"https:\/\/www.interno.uepb.edu.br\/centro-de-ciencias-exatas-e-sociais-aplicadas-completa-14-de-existencia-com-avancos-e-valorizacao-do-trabalho\/\">Leia Mais&#8230;<\/a><\/p>\n","protected":false},"author":39,"featured_media":0,"comment_status":"closed","ping_status":"closed","sticky":false,"template":"","format":"standard","meta":{"jetpack_post_was_ever_published":false,"_jetpack_newsletter_access":"","_jetpack_dont_email_post_to_subs":false,"_jetpack_newsletter_tier_id":0,"_jetpack_memberships_contains_paywalled_content":false,"_jetpack_memberships_contains_paid_content":false,"footnotes":"","jetpack_publicize_message":"","jetpack_publicize_feature_enabled":true,"jetpack_social_post_already_shared":true,"jetpack_social_options":{"image_generator_settings":{"template":"highway","default_image_id":0,"font":"","enabled":false},"version":2}},"categories":[8,3],"tags":[],"class_list":["post-1494","post","type-post","status-publish","format-standard","hentry","category-ccea","category-noticias"],"jetpack_publicize_connections":[],"jetpack_featured_media_url":"","jetpack_sharing_enabled":true,"jetpack_shortlink":"https:\/\/wp.me\/p7WTGX-o6","jetpack_likes_enabled":true,"jetpack-related-posts":[{"id":345,"url":"https:\/\/centros.uepb.edu.br\/ccea\/2016\/08\/29\/centro-de-ciencias-exatas-e-sociais-aplicadas-da-uepb-promove-sarau-pedagogico-no-campus-de-patos\/","url_meta":{"origin":1494,"position":0},"title":"Centro de Ci\u00eancias Exatas e Sociais Aplicadas da UEPB promove Sarau Pedag\u00f3gico no C\u00e2mpus de Patos","author":"arnaud","date":"29 de agosto de 2016","format":false,"excerpt":"O C\u00e2mpus VII da Universidade Estadual da Para\u00edba (UEPB), localizado no munic\u00edpio de Patos, no Sert\u00e3o paraibano, promove no dia 5 de setembro, a partir das 18h30, um Sarau Pedag\u00f3gico, como parte das atividades da segunda edi\u00e7\u00e3o do Semin\u00e1rio Pedag\u00f3gico das Licenciaturas (SEMPEL). O evento ser\u00e1 realizado no Centro de\u2026","rel":"","context":"Em &quot;CCEA&quot;","block_context":{"text":"CCEA","link":"https:\/\/centros.uepb.edu.br\/ccea\/category\/ccea\/"},"img":{"alt_text":"Sarau Pedag\u00f3gico","src":"https:\/\/i0.wp.com\/www.uepb.edu.br\/wp-content\/uploads\/2016\/08\/Sarau-Pedag%C3%B3gico.jpg?resize=350%2C200","width":350,"height":200,"srcset":"https:\/\/i0.wp.com\/www.uepb.edu.br\/wp-content\/uploads\/2016\/08\/Sarau-Pedag%C3%B3gico.jpg?resize=350%2C200 1x, https:\/\/i0.wp.com\/www.uepb.edu.br\/wp-content\/uploads\/2016\/08\/Sarau-Pedag%C3%B3gico.jpg?resize=525%2C300 1.5x"},"classes":[]},{"id":1443,"url":"https:\/\/centros.uepb.edu.br\/ccea\/2020\/08\/28\/centro-de-ciencias-exatas-e-sociais-aplicadas-completa-14-de-existencia-com-avancos-e-valorizacao-do-trabalho\/","url_meta":{"origin":1494,"position":1},"title":"Centro de Ci\u00eancias Exatas e Sociais Aplicadas completa 14 de exist\u00eancia com avan\u00e7os e valoriza\u00e7\u00e3o do trabalho","author":"Givaldo","date":"28 de agosto de 2020","format":false,"excerpt":"A instala\u00e7\u00e3o da Universidade Estadual da Para\u00edba (UEPB) na cidade de Patos se deu atrav\u00e9s da cria\u00e7\u00e3o do Centro de Ci\u00eancias Exatas e Sociais Aplicadas (CCEA), C\u00e2mpus VII da Institui\u00e7\u00e3o que leva o nome do governador Ant\u00f4nio Mariz. Ela ocorreu durante o reitorado da professora Marlene Alves Luna, que atrav\u00e9s\u2026","rel":"","context":"Em &quot;CCEA&quot;","block_context":{"text":"CCEA","link":"https:\/\/centros.uepb.edu.br\/ccea\/category\/ccea\/"},"img":{"alt_text":"","src":"","width":0,"height":0},"classes":[]},{"id":1205,"url":"https:\/\/centros.uepb.edu.br\/ccea\/2018\/11\/22\/centro-de-ciencias-exatas-e-sociais-aplicadas-da-uepb-promove-2a-feira-da-economia-solidaria-em-patos\/","url_meta":{"origin":1494,"position":2},"title":"Centro de Ci\u00eancias Exatas e Sociais Aplicadas da UEPB promove 2\u00aa Feira da Economia Solid\u00e1ria em Patos","author":"tatiana","date":"22 de novembro de 2018","format":false,"excerpt":"\u201cCultura popular\u201d, \u201cconsumismo sustent\u00e1vel\u201d e \u201cdiversidade de produtos\u201d. Como parte do projeto Univer-Cidade, concebido atrav\u00e9s do Mestrado em Desenvolvimento Regional da Universidade Estadual da Para\u00edba (UEPB), ser\u00e1 realizada, no pr\u00f3ximo dia 28 de novembro, a 2\u00aa Feira da Economia Solid\u00e1ria do Centro de Ci\u00eancias Exatas e Sociais Aplicadas (CCEA), C\u00e2mpus\u2026","rel":"","context":"Em &quot;CCEA&quot;","block_context":{"text":"CCEA","link":"https:\/\/centros.uepb.edu.br\/ccea\/category\/ccea\/"},"img":{"alt_text":"","src":"https:\/\/i0.wp.com\/www.uepb.edu.br\/wp-content\/uploads\/2018\/11\/CCEA-Feira.jpg?resize=350%2C200","width":350,"height":200},"classes":[]},{"id":1600,"url":"https:\/\/centros.uepb.edu.br\/ccea\/2020\/08\/28\/centro-de-ciencias-exatas-e-sociais-aplicadas-completa-14-de-existencia-com-avancos-e-valorizacao-do-trabalho-3\/","url_meta":{"origin":1494,"position":3},"title":"Centro de Ci\u00eancias Exatas e Sociais Aplicadas completa 14 de exist\u00eancia com avan\u00e7os e valoriza\u00e7\u00e3o do trabalho","author":"Givaldo","date":"28 de agosto de 2020","format":false,"excerpt":"A instala\u00e7\u00e3o da Universidade Estadual da Para\u00edba (UEPB) na cidade de Patos se deu atrav\u00e9s da cria\u00e7\u00e3o do Centro de Ci\u00eancias Exatas e Sociais Aplicadas (CCEA), C\u00e2mpus VII da Institui\u00e7\u00e3o que leva o nome do governador Ant\u00f4nio Mariz. Ela ocorreu durante o reitorado da professora Marlene Alves Luna, que atrav\u00e9s\u2026","rel":"","context":"Em &quot;CCEA&quot;","block_context":{"text":"CCEA","link":"https:\/\/centros.uepb.edu.br\/ccea\/category\/ccea\/"},"img":{"alt_text":"","src":"","width":0,"height":0},"classes":[]},{"id":1295,"url":"https:\/\/centros.uepb.edu.br\/ccea\/2019\/09\/04\/centro-de-ciencias-exatas-e-sociais-aplicadas-da-uepb-promove-oficinas-de-teatro-em-parceria-com-o-sesc\/","url_meta":{"origin":1494,"position":4},"title":"Centro de Ci\u00eancias Exatas e Sociais Aplicadas da UEPB promove oficinas de teatro em parceria com o Sesc","author":"tatiana","date":"4 de setembro de 2019","format":false,"excerpt":"O Centro de Ci\u00eancias Exatas e Sociais Aplicadas (CCEA) da Universidade Estadual da Para\u00edba (UEPB), localizado no C\u00e2mpus VII, em Patos, est\u00e1 com inscri\u00e7\u00f5es abertas para a realiza\u00e7\u00e3o de oficinas de teatro. As atividades fazem parte do projeto \u201cPara\u00edba encena\u201d e, na UEPB, acontecem de 9 a 13 de setembro,\u2026","rel":"","context":"Em &quot;CCEA&quot;","block_context":{"text":"CCEA","link":"https:\/\/centros.uepb.edu.br\/ccea\/category\/ccea\/"},"img":{"alt_text":"","src":"","width":0,"height":0},"classes":[]},{"id":1528,"url":"https:\/\/centros.uepb.edu.br\/ccea\/2019\/09\/04\/centro-de-ciencias-exatas-e-sociais-aplicadas-da-uepb-promove-oficinas-de-teatro-em-parceria-com-o-sesc-2\/","url_meta":{"origin":1494,"position":5},"title":"Centro de Ci\u00eancias Exatas e Sociais Aplicadas da UEPB promove oficinas de teatro em parceria com o Sesc","author":"tatiana","date":"4 de setembro de 2019","format":false,"excerpt":"O Centro de Ci\u00eancias Exatas e Sociais Aplicadas (CCEA) da Universidade Estadual da Para\u00edba (UEPB), localizado no C\u00e2mpus VII, em Patos, est\u00e1 com inscri\u00e7\u00f5es abertas para a realiza\u00e7\u00e3o de oficinas de teatro. As atividades fazem parte do projeto \u201cPara\u00edba encena\u201d e, na UEPB, acontecem de 9 a 13 de setembro,\u2026","rel":"","context":"Em &quot;CCEA&quot;","block_context":{"text":"CCEA","link":"https:\/\/centros.uepb.edu.br\/ccea\/category\/ccea\/"},"img":{"alt_text":"","src":"","width":0,"height":0},"classes":[]}],"_links":{"self":[{"href":"https:\/\/centros.uepb.edu.br\/ccea\/wp-json\/wp\/v2\/posts\/1494","targetHints":{"allow":["GET"]}}],"collection":[{"href":"https:\/\/centros.uepb.edu.br\/ccea\/wp-json\/wp\/v2\/posts"}],"about":[{"href":"https:\/\/centros.uepb.edu.br\/ccea\/wp-json\/wp\/v2\/types\/post"}],"author":[{"embeddable":true,"href":"https:\/\/centros.uepb.edu.br\/ccea\/wp-json\/wp\/v2\/users\/39"}],"replies":[{"embeddable":true,"href":"https:\/\/centros.uepb.edu.br\/ccea\/wp-json\/wp\/v2\/comments?post=1494"}],"version-history":[{"count":0,"href":"https:\/\/centros.uepb.edu.br\/ccea\/wp-json\/wp\/v2\/posts\/1494\/revisions"}],"wp:attachment":[{"href":"https:\/\/centros.uepb.edu.br\/ccea\/wp-json\/wp\/v2\/media?parent=1494"}],"wp:term":[{"taxonomy":"category","embeddable":true,"href":"https:\/\/centros.uepb.edu.br\/ccea\/wp-json\/wp\/v2\/categories?post=1494"},{"taxonomy":"post_tag","embeddable":true,"href":"https:\/\/centros.uepb.edu.br\/ccea\/wp-json\/wp\/v2\/tags?post=1494"}],"curies":[{"name":"wp","href":"https:\/\/api.w.org\/{rel}","templated":true}]}}