{"id":1492,"date":"2020-10-29T16:32:48","date_gmt":"2020-10-29T16:32:48","guid":{"rendered":"https:\/\/www.interno.uepb.edu.br\/?p=57590"},"modified":"2020-10-29T16:32:48","modified_gmt":"2020-10-29T16:32:48","slug":"2a-edicao-da-semana-de-administracao-discute-crise-desafios-e-oportunidades-no-contexto-da-pandemia-da-covid-19-2","status":"publish","type":"post","link":"https:\/\/centros.uepb.edu.br\/ccea\/2020\/10\/29\/2a-edicao-da-semana-de-administracao-discute-crise-desafios-e-oportunidades-no-contexto-da-pandemia-da-covid-19-2\/","title":{"rendered":"2\u00aa edi\u00e7\u00e3o da Semana de Administra\u00e7\u00e3o discute crise, desafios e oportunidades no contexto da pandemia da Covid-19"},"content":{"rendered":"<figure class=\"wp-block-image size-large\"><img decoding=\"async\" loading=\"lazy\" width=\"1024\" height=\"1022\" src=\"https:\/\/www.interno.uepb.edu.br\/wp-content\/uploads\/2020\/10\/Nova-2a-Semana-de-Administracao-1024x1022.jpeg\" alt=\"\" class=\"wp-image-57594 img-responsive img-responsive\" srcset=\"https:\/\/www.interno.uepb.edu.br\/wp-content\/uploads\/2020\/10\/Nova-2a-Semana-de-Administracao-1024x1022.jpeg 1024w, https:\/\/www.interno.uepb.edu.br\/wp-content\/uploads\/2020\/10\/Nova-2a-Semana-de-Administracao-300x300.jpeg 300w, https:\/\/www.interno.uepb.edu.br\/wp-content\/uploads\/2020\/10\/Nova-2a-Semana-de-Administracao-150x150.jpeg 150w, https:\/\/www.interno.uepb.edu.br\/wp-content\/uploads\/2020\/10\/Nova-2a-Semana-de-Administracao-768x766.jpeg 768w, https:\/\/www.interno.uepb.edu.br\/wp-content\/uploads\/2020\/10\/Nova-2a-Semana-de-Administracao-370x369.jpeg 370w, https:\/\/www.interno.uepb.edu.br\/wp-content\/uploads\/2020\/10\/Nova-2a-Semana-de-Administracao-840x838.jpeg 840w, https:\/\/www.interno.uepb.edu.br\/wp-content\/uploads\/2020\/10\/Nova-2a-Semana-de-Administracao.jpeg 1280w\" sizes=\"auto, (max-width: 1024px) 100vw, 1024px\" \/><\/figure>\n<p>Est\u00e3o abertas at\u00e9 o dia 10 de novembro as inscri\u00e7\u00f5es para a participa\u00e7\u00e3o da 2\u00aa Semana de Administra\u00e7\u00e3o (SEMAD), evento promovido pelo Departamento de Administra\u00e7\u00e3o do Centro de Ci\u00eancias Exatas e Sociais Aplicadas (CCEA) da Universidade Estadual da Para\u00edba (UEPB), C\u00e2mpus VII, de Patos. O tema desta 2\u00aa edi\u00e7\u00e3o \u00e9 \u201cCrise, desafios e oportunidades da Administra\u00e7\u00e3o no contexto da Pandemia\u201d, que prop\u00f5e debater com estudantes, professore e pesquisadores quest\u00f5es que envolvem a forma\u00e7\u00e3o profissional e o mercado de trabalho. O evento ser\u00e1 realizado nos dias 17 e 18 de novembro, de forma on-line e contar\u00e1 com palestras e minicursos envolvendo o tema.<\/p>\n<p>Os interessados em participar podem confirmar a presen\u00e7a atrav\u00e9s do <strong><a href=\"https:\/\/www.even3.com.br\/semaduepb2020\/\"  rel=\"noreferrer noopener\">site oficial da SEMAD<\/a><\/strong>. O 2\u00ba SEMAD busca aprofundar o di\u00e1logo entre academia, mercado e promover o contato entre pesquisadores da \u00e1rea da Administra\u00e7\u00e3o, objetivando maior interlocu\u00e7\u00e3o entre o conhecimento acad\u00eamico e a pr\u00e1tica. A confer\u00eancia de abertura ser\u00e1 ministrada por Roseane de Queir\u00f3s Santos, com media\u00e7\u00e3o de Mary Dayane Silva, e in\u00edcio previsto para as 9h. O tema ser\u00e1 \u201cNovos Consumidores e novos mercados\u201d. As demais atividades do primeiro dia ser\u00e3o realizadas a partir das 18h30. J\u00e1 o seguindo dia as discuss\u00f5es ser\u00e3o nos turnos da manh\u00e3 e da tarde.<\/p>\n<p>A programa\u00e7\u00e3o completa da 2\u00aa Semana de Administra\u00e7\u00e3o (SEMAD) est\u00e1 dispon\u00edvel no site do evento. A transmiss\u00e3o das palestras ser\u00e1 feita a partir do <strong><a href=\"https:\/\/www.youtube.com\/channel\/UCvafBtEu5NKXqzKNJSMrcZQ\"  rel=\"noreferrer noopener\">canal Rede UEPB<\/a><\/strong>, no YouTube.<\/p>\n<p><em><strong>Texto:<\/strong> Givaldo Cavalcanti<\/em><\/p>\n","protected":false},"excerpt":{"rendered":"<p>Est\u00e3o abertas at\u00e9 o dia 10 de novembro as inscri\u00e7\u00f5es para a participa\u00e7\u00e3o da 2\u00aa Semana de Administra\u00e7\u00e3o (SEMAD), evento promovido pelo Departamento de Administra\u00e7\u00e3o do Centro de Ci\u00eancias Exatas e Sociais Aplicadas (CCEA) da Universidade Estadual da Para\u00edba (UEPB), C\u00e2mpus VII, de Patos. O tema desta 2\u00aa edi\u00e7\u00e3o \u00e9 \u201cCrise, desafios e oportunidades da <a class=\"leiamais\" href=\"https:\/\/www.interno.uepb.edu.br\/2a-edicao-da-semana-de-administracao-discute-crise-desafios-e-oportunidades-no-contexto-da-pandemia-da-covid-19\/\">Leia Mais&#8230;<\/a><\/p>\n","protected":false},"author":39,"featured_media":0,"comment_status":"closed","ping_status":"closed","sticky":false,"template":"","format":"standard","meta":{"jetpack_post_was_ever_published":false,"_jetpack_newsletter_access":"","_jetpack_dont_email_post_to_subs":false,"_jetpack_newsletter_tier_id":0,"_jetpack_memberships_contains_paywalled_content":false,"_jetpack_memberships_contains_paid_content":false,"footnotes":"","jetpack_publicize_message":"","jetpack_publicize_feature_enabled":true,"jetpack_social_post_already_shared":true,"jetpack_social_options":{"image_generator_settings":{"template":"highway","default_image_id":0,"font":"","enabled":false},"version":2}},"categories":[8,3,18],"tags":[],"class_list":["post-1492","post","type-post","status-publish","format-standard","hentry","category-ccea","category-noticias","category-noticias-alunos"],"jetpack_publicize_connections":[],"jetpack_featured_media_url":"","jetpack_sharing_enabled":true,"jetpack_shortlink":"https:\/\/wp.me\/p7WTGX-o4","jetpack_likes_enabled":true,"jetpack-related-posts":[{"id":1447,"url":"https:\/\/centros.uepb.edu.br\/ccea\/2020\/10\/29\/2a-edicao-da-semana-de-administracao-discute-crise-desafios-e-oportunidades-no-contexto-da-pandemia-da-covid-19\/","url_meta":{"origin":1492,"position":0},"title":"2\u00aa edi\u00e7\u00e3o da Semana de Administra\u00e7\u00e3o discute crise, desafios e oportunidades no contexto da pandemia da Covid-19","author":"Givaldo","date":"29 de outubro de 2020","format":false,"excerpt":"Est\u00e3o abertas at\u00e9 o dia 10 de novembro as inscri\u00e7\u00f5es para a participa\u00e7\u00e3o da 2\u00aa Semana de Administra\u00e7\u00e3o (SEMAD), evento promovido pelo Departamento de Administra\u00e7\u00e3o do Centro de Ci\u00eancias Exatas e Sociais Aplicadas (CCEA) da Universidade Estadual da Para\u00edba (UEPB), C\u00e2mpus VII, de Patos. O tema desta 2\u00aa edi\u00e7\u00e3o \u00e9\u2026","rel":"","context":"Em &quot;CCEA&quot;","block_context":{"text":"CCEA","link":"https:\/\/centros.uepb.edu.br\/ccea\/category\/ccea\/"},"img":{"alt_text":"","src":"","width":0,"height":0},"classes":[]},{"id":1598,"url":"https:\/\/centros.uepb.edu.br\/ccea\/2020\/10\/29\/2a-edicao-da-semana-de-administracao-discute-crise-desafios-e-oportunidades-no-contexto-da-pandemia-da-covid-19-3\/","url_meta":{"origin":1492,"position":1},"title":"2\u00aa edi\u00e7\u00e3o da Semana de Administra\u00e7\u00e3o discute crise, desafios e oportunidades no contexto da pandemia da Covid-19","author":"Givaldo","date":"29 de outubro de 2020","format":false,"excerpt":"Est\u00e3o abertas at\u00e9 o dia 10 de novembro as inscri\u00e7\u00f5es para a participa\u00e7\u00e3o da 2\u00aa Semana de Administra\u00e7\u00e3o (SEMAD), evento promovido pelo Departamento de Administra\u00e7\u00e3o do Centro de Ci\u00eancias Exatas e Sociais Aplicadas (CCEA) da Universidade Estadual da Para\u00edba (UEPB), C\u00e2mpus VII, de Patos. O tema desta 2\u00aa edi\u00e7\u00e3o \u00e9\u2026","rel":"","context":"Em &quot;CCEA&quot;","block_context":{"text":"CCEA","link":"https:\/\/centros.uepb.edu.br\/ccea\/category\/ccea\/"},"img":{"alt_text":"","src":"https:\/\/i0.wp.com\/interno.uepb.edu.br\/wp-content\/uploads\/2020\/10\/Nova-2a-Semana-de-Administracao-1024x1022.jpeg?resize=350%2C200&ssl=1","width":350,"height":200,"srcset":"https:\/\/i0.wp.com\/interno.uepb.edu.br\/wp-content\/uploads\/2020\/10\/Nova-2a-Semana-de-Administracao-1024x1022.jpeg?resize=350%2C200&ssl=1 1x, https:\/\/i0.wp.com\/interno.uepb.edu.br\/wp-content\/uploads\/2020\/10\/Nova-2a-Semana-de-Administracao-1024x1022.jpeg?resize=525%2C300&ssl=1 1.5x, https:\/\/i0.wp.com\/interno.uepb.edu.br\/wp-content\/uploads\/2020\/10\/Nova-2a-Semana-de-Administracao-1024x1022.jpeg?resize=700%2C400&ssl=1 2x"},"classes":[]},{"id":1312,"url":"https:\/\/centros.uepb.edu.br\/ccea\/2019\/10\/22\/campus-vii-da-universidade-estadual-da-paraiba-em-patos-realiza-1a-semana-de-administracao\/","url_meta":{"origin":1492,"position":2},"title":"C\u00e2mpus VII da Universidade Estadual da Para\u00edba, em Patos, realiza 1\u00aa Semana de Administra\u00e7\u00e3o","author":"tatiana","date":"22 de outubro de 2019","format":false,"excerpt":"Entre os dias 15 e 18 de outubro, a Coordena\u00e7\u00e3o do Curso de Administra\u00e7\u00e3o do C\u00e2mpus VII da Universidade Estadual da Para\u00edba (UEPB) e professores realizaram a primeira edi\u00e7\u00e3o da Semana de Administra\u00e7\u00e3o (SEMAD). O evento, sediado no Centro de Ci\u00eancias Exatas e Sociais Aplicadas (CCEA), abordou os desafios das\u2026","rel":"","context":"Em &quot;CCEA&quot;","block_context":{"text":"CCEA","link":"https:\/\/centros.uepb.edu.br\/ccea\/category\/ccea\/"},"img":{"alt_text":"","src":"","width":0,"height":0},"classes":[]},{"id":1520,"url":"https:\/\/centros.uepb.edu.br\/ccea\/2019\/10\/22\/campus-vii-da-universidade-estadual-da-paraiba-em-patos-realiza-1a-semana-de-administracao-2\/","url_meta":{"origin":1492,"position":3},"title":"C\u00e2mpus VII da Universidade Estadual da Para\u00edba, em Patos, realiza 1\u00aa Semana de Administra\u00e7\u00e3o","author":"tatiana","date":"22 de outubro de 2019","format":false,"excerpt":"Entre os dias 15 e 18 de outubro, a Coordena\u00e7\u00e3o do Curso de Administra\u00e7\u00e3o do C\u00e2mpus VII da Universidade Estadual da Para\u00edba (UEPB) e professores realizaram a primeira edi\u00e7\u00e3o da Semana de Administra\u00e7\u00e3o (SEMAD). O evento, sediado no Centro de Ci\u00eancias Exatas e Sociais Aplicadas (CCEA), abordou os desafios das\u2026","rel":"","context":"Em &quot;CCEA&quot;","block_context":{"text":"CCEA","link":"https:\/\/centros.uepb.edu.br\/ccea\/category\/ccea\/"},"img":{"alt_text":"","src":"https:\/\/i0.wp.com\/www.interno.uepb.edu.br\/wp-content\/uploads\/2019\/10\/Patos-2.jpg?resize=350%2C200&ssl=1","width":350,"height":200,"srcset":"https:\/\/i0.wp.com\/www.interno.uepb.edu.br\/wp-content\/uploads\/2019\/10\/Patos-2.jpg?resize=350%2C200&ssl=1 1x, https:\/\/i0.wp.com\/www.interno.uepb.edu.br\/wp-content\/uploads\/2019\/10\/Patos-2.jpg?resize=525%2C300&ssl=1 1.5x, https:\/\/i0.wp.com\/www.interno.uepb.edu.br\/wp-content\/uploads\/2019\/10\/Patos-2.jpg?resize=700%2C400&ssl=1 2x"},"classes":[]},{"id":1205,"url":"https:\/\/centros.uepb.edu.br\/ccea\/2018\/11\/22\/centro-de-ciencias-exatas-e-sociais-aplicadas-da-uepb-promove-2a-feira-da-economia-solidaria-em-patos\/","url_meta":{"origin":1492,"position":4},"title":"Centro de Ci\u00eancias Exatas e Sociais Aplicadas da UEPB promove 2\u00aa Feira da Economia Solid\u00e1ria em Patos","author":"tatiana","date":"22 de novembro de 2018","format":false,"excerpt":"\u201cCultura popular\u201d, \u201cconsumismo sustent\u00e1vel\u201d e \u201cdiversidade de produtos\u201d. Como parte do projeto Univer-Cidade, concebido atrav\u00e9s do Mestrado em Desenvolvimento Regional da Universidade Estadual da Para\u00edba (UEPB), ser\u00e1 realizada, no pr\u00f3ximo dia 28 de novembro, a 2\u00aa Feira da Economia Solid\u00e1ria do Centro de Ci\u00eancias Exatas e Sociais Aplicadas (CCEA), C\u00e2mpus\u2026","rel":"","context":"Em &quot;CCEA&quot;","block_context":{"text":"CCEA","link":"https:\/\/centros.uepb.edu.br\/ccea\/category\/ccea\/"},"img":{"alt_text":"","src":"https:\/\/i0.wp.com\/www.uepb.edu.br\/wp-content\/uploads\/2018\/11\/CCEA-Feira.jpg?resize=350%2C200","width":350,"height":200},"classes":[]},{"id":642,"url":"https:\/\/centros.uepb.edu.br\/ccea\/2017\/10\/16\/empresa-junior-do-centro-de-ciencias-exatas-e-sociais-aplicadas-promove-2a-semana-academica\/","url_meta":{"origin":1492,"position":5},"title":"Empresa J\u00fanior do Centro de Ci\u00eancias Exatas e Sociais Aplicadas promove 2\u00aa Semana Acad\u00eamica","author":"tatiana","date":"16 de outubro de 2017","format":false,"excerpt":"A Sert\u00e3o Jr \u2013 Consultoria Administrativa, Empresa J\u00fanior formada e gerida por alunos do curso de Administra\u00e7\u00e3o do Centro de Ci\u00eancias Exatas e Sociais Aplicadas (CCEA) da Universidade Estadual da Para\u00edba (UEPB), em parceria com GTC Florestal e Ambiental - Empresa J\u00fanior de Engenharia Florestal da Universidade Federal de Campina\u2026","rel":"","context":"Em &quot;CCEA&quot;","block_context":{"text":"CCEA","link":"https:\/\/centros.uepb.edu.br\/ccea\/category\/ccea\/"},"img":{"alt_text":"","src":"","width":0,"height":0},"classes":[]}],"_links":{"self":[{"href":"https:\/\/centros.uepb.edu.br\/ccea\/wp-json\/wp\/v2\/posts\/1492","targetHints":{"allow":["GET"]}}],"collection":[{"href":"https:\/\/centros.uepb.edu.br\/ccea\/wp-json\/wp\/v2\/posts"}],"about":[{"href":"https:\/\/centros.uepb.edu.br\/ccea\/wp-json\/wp\/v2\/types\/post"}],"author":[{"embeddable":true,"href":"https:\/\/centros.uepb.edu.br\/ccea\/wp-json\/wp\/v2\/users\/39"}],"replies":[{"embeddable":true,"href":"https:\/\/centros.uepb.edu.br\/ccea\/wp-json\/wp\/v2\/comments?post=1492"}],"version-history":[{"count":0,"href":"https:\/\/centros.uepb.edu.br\/ccea\/wp-json\/wp\/v2\/posts\/1492\/revisions"}],"wp:attachment":[{"href":"https:\/\/centros.uepb.edu.br\/ccea\/wp-json\/wp\/v2\/media?parent=1492"}],"wp:term":[{"taxonomy":"category","embeddable":true,"href":"https:\/\/centros.uepb.edu.br\/ccea\/wp-json\/wp\/v2\/categories?post=1492"},{"taxonomy":"post_tag","embeddable":true,"href":"https:\/\/centros.uepb.edu.br\/ccea\/wp-json\/wp\/v2\/tags?post=1492"}],"curies":[{"name":"wp","href":"https:\/\/api.w.org\/{rel}","templated":true}]}}