{"id":1361,"date":"2020-03-24T12:14:13","date_gmt":"2020-03-24T12:14:13","guid":{"rendered":"http:\/\/www.uepb.edu.br\/?p=55354"},"modified":"2020-03-24T12:14:13","modified_gmt":"2020-03-24T12:14:13","slug":"setor-de-pesquisa-extensao-e-assistencia-estudantil-do-campus-vii-informa-sobre-atendimento-remoto","status":"publish","type":"post","link":"https:\/\/centros.uepb.edu.br\/ccea\/2020\/03\/24\/setor-de-pesquisa-extensao-e-assistencia-estudantil-do-campus-vii-informa-sobre-atendimento-remoto\/","title":{"rendered":"Setor de Pesquisa, Extens\u00e3o e Assist\u00eancia Estudantil do C\u00e2mpus VII informa sobre atendimento remoto"},"content":{"rendered":"<p>O Setor de Pesquisa, Extens\u00e3o e Assist\u00eancia Estudantil do C\u00e2mpus VII da Universidade Estadual da Para\u00edba (UEPB), em Patos, informa \u00e0 comunidade acad\u00eamica e ao p\u00fablico em geral que est\u00e1 funcionando em sistema de home office, em virtude das medidas adotadas pela Administra\u00e7\u00e3o Central da Institui\u00e7\u00e3o para prevenir infec\u00e7\u00e3o pelo novo coronv\u00edrus.<\/p>\n<p>Desta forma, at\u00e9 o dia 12 de abril, prazo estabelecido na Portaria UEPB\/GR\/0015\/2020, os atendimentos ocorrer\u00e3o atrav\u00e9s do e-mail <strong><em>fernandes@uepb.edu.br<\/em><\/strong>.<\/p>\n<p>O post <a rel=\"nofollow\" href=\"http:\/\/www.uepb.edu.br\/setor-de-pesquisa-extensao-e-assistencia-estudantil-do-campus-vii-informa-sobre-atendimento-remoto\/\">Setor de Pesquisa, Extens\u00e3o e Assist\u00eancia Estudantil do C\u00e2mpus VII informa sobre atendimento remoto<\/a> apareceu primeiro em <a rel=\"nofollow\" href=\"http:\/\/www.uepb.edu.br\/\">UEPB<\/a>.<\/p>\n","protected":false},"excerpt":{"rendered":"<p>O Setor de Pesquisa, Extens&atilde;o e Assist&ecirc;ncia Estudantil do C&acirc;mpus VII da Universidade Estadual da Para&iacute;ba (UEPB), em Patos, informa &agrave; comunidade acad&ecirc;mica e ao p&uacute;blico em geral que est&aacute; funcionando em sistema de home office, em virtude das medidas adotadas pela Administra&ccedil;&atilde;o Central da Institui&ccedil;&atilde;o para prevenir infec&ccedil;&atilde;o pelo novo coronv&iacute;rus. Desta forma, at&eacute; <a href=\"http:\/\/www.uepb.edu.br\/setor-de-pesquisa-extensao-e-assistencia-estudantil-do-campus-vii-informa-sobre-atendimento-remoto\/\">Leia Mais&#8230;<\/a><\/p>\n<p>O post <a rel=\"nofollow\" href=\"http:\/\/www.uepb.edu.br\/setor-de-pesquisa-extensao-e-assistencia-estudantil-do-campus-vii-informa-sobre-atendimento-remoto\/\">Setor de Pesquisa, Extens&atilde;o e Assist&ecirc;ncia Estudantil do C&acirc;mpus VII informa sobre atendimento remoto<\/a> apareceu primeiro em <a rel=\"nofollow\" href=\"http:\/\/www.uepb.edu.br\/\">UEPB<\/a>.<\/p>\n","protected":false},"author":25,"featured_media":0,"comment_status":"closed","ping_status":"closed","sticky":false,"template":"","format":"standard","meta":{"jetpack_post_was_ever_published":false,"_jetpack_newsletter_access":"","_jetpack_dont_email_post_to_subs":false,"_jetpack_newsletter_tier_id":0,"_jetpack_memberships_contains_paywalled_content":false,"_jetpack_memberships_contains_paid_content":false,"footnotes":"","jetpack_publicize_message":"","jetpack_publicize_feature_enabled":true,"jetpack_social_post_already_shared":true,"jetpack_social_options":{"image_generator_settings":{"template":"highway","default_image_id":0,"font":"","enabled":false},"version":2}},"categories":[8,3,15],"tags":[],"class_list":["post-1361","post","type-post","status-publish","format-standard","hentry","category-ccea","category-noticias","category-noticias-destaque"],"jetpack_publicize_connections":[],"jetpack_featured_media_url":"","jetpack_sharing_enabled":true,"jetpack_shortlink":"https:\/\/wp.me\/p7WTGX-lX","jetpack_likes_enabled":true,"jetpack-related-posts":[{"id":1502,"url":"https:\/\/centros.uepb.edu.br\/ccea\/2020\/03\/24\/setor-de-pesquisa-extensao-e-assistencia-estudantil-do-campus-vii-informa-sobre-atendimento-remoto-2\/","url_meta":{"origin":1361,"position":0},"title":"Setor de Pesquisa, Extens\u00e3o e Assist\u00eancia Estudantil do C\u00e2mpus VII informa sobre atendimento remoto","author":"tatiana","date":"24 de mar\u00e7o de 2020","format":false,"excerpt":"O Setor de Pesquisa, Extens\u00e3o e Assist\u00eancia Estudantil do C\u00e2mpus VII da Universidade Estadual da Para\u00edba (UEPB), em Patos, informa \u00e0 comunidade acad\u00eamica e ao p\u00fablico em geral que est\u00e1 funcionando em sistema de home office, em virtude das medidas adotadas pela Administra\u00e7\u00e3o Central da Institui\u00e7\u00e3o para prevenir infec\u00e7\u00e3o pelo\u2026","rel":"","context":"Em &quot;CCEA&quot;","block_context":{"text":"CCEA","link":"https:\/\/centros.uepb.edu.br\/ccea\/category\/ccea\/"},"img":{"alt_text":"","src":"","width":0,"height":0},"classes":[]},{"id":1498,"url":"https:\/\/centros.uepb.edu.br\/ccea\/2020\/03\/26\/ccea-informa-sobre-canais-de-atendimento-remoto-durante-periodo-de-isolamento-social-2\/","url_meta":{"origin":1361,"position":1},"title":"CCEA informa sobre canais de atendimento remoto durante per\u00edodo de isolamento social","author":"tatiana","date":"26 de mar\u00e7o de 2020","format":false,"excerpt":"O Centro de Ci\u00eancias Exatas e Sociais Aplicadas (CCEA) da Universidade Estadual da Para\u00edba (UEPB), localizado no C\u00e2mpus VII, em Patos, informa \u00e0 comunidade acad\u00eamica e ao p\u00fablico geral que, em face \u00e0s medidas adotadas pela Administra\u00e7\u00e3o Central da Institui\u00e7\u00e3o como forma preventiva \u00e0 infec\u00e7\u00e3o pelo novo coronav\u00edrus, os setores\u2026","rel":"","context":"Em &quot;CCEA&quot;","block_context":{"text":"CCEA","link":"https:\/\/centros.uepb.edu.br\/ccea\/category\/ccea\/"},"img":{"alt_text":"","src":"","width":0,"height":0},"classes":[]},{"id":1365,"url":"https:\/\/centros.uepb.edu.br\/ccea\/2020\/03\/26\/ccea-informa-sobre-canais-de-atendimento-remoto-durante-periodo-de-isolamento-social\/","url_meta":{"origin":1361,"position":2},"title":"CCEA informa sobre canais de atendimento remoto durante per\u00edodo de isolamento social","author":"tatiana","date":"26 de mar\u00e7o de 2020","format":false,"excerpt":"O Centro de Ci\u00eancias Exatas e Sociais Aplicadas (CCEA) da Universidade Estadual da Para\u00edba (UEPB), localizado no C\u00e2mpus VII, em Patos, informa \u00e0 comunidade acad\u00eamica e ao p\u00fablico geral que, em face \u00e0s medidas adotadas pela Administra\u00e7\u00e3o Central da Institui\u00e7\u00e3o como forma preventiva \u00e0 infec\u00e7\u00e3o pelo novo coronav\u00edrus, os setores\u2026","rel":"","context":"Em &quot;CCEA&quot;","block_context":{"text":"CCEA","link":"https:\/\/centros.uepb.edu.br\/ccea\/category\/ccea\/"},"img":{"alt_text":"","src":"","width":0,"height":0},"classes":[]},{"id":1363,"url":"https:\/\/centros.uepb.edu.br\/ccea\/2020\/03\/25\/secretaria-integrada-de-cursos-do-campus-de-patos-informa-sobre-canais-para-atendimento-remoto\/","url_meta":{"origin":1361,"position":3},"title":"Secretaria Integrada de Cursos do C\u00e2mpus de Patos informa sobre canais para atendimento remoto","author":"tatiana","date":"25 de mar\u00e7o de 2020","format":false,"excerpt":"A Secretaria Integrada de Cursos do C\u00e2mpus VII da Universidade Estadual da Para\u00edba (UEPB), em Patos, informa \u00e0 comunidade acad\u00eamica e ao p\u00fablico geral que, em face \u00e0s medidas adotadas pela Administra\u00e7\u00e3o Central da Institui\u00e7\u00e3o como forma preventiva \u00e0 infec\u00e7\u00e3o pelo novo coronav\u00edrus, o setor est\u00e1 funcionando em sistema de\u2026","rel":"","context":"Em &quot;CCEA&quot;","block_context":{"text":"CCEA","link":"https:\/\/centros.uepb.edu.br\/ccea\/category\/ccea\/"},"img":{"alt_text":"","src":"","width":0,"height":0},"classes":[]},{"id":1500,"url":"https:\/\/centros.uepb.edu.br\/ccea\/2020\/03\/25\/secretaria-integrada-de-cursos-do-campus-de-patos-informa-sobre-canais-para-atendimento-remoto-2\/","url_meta":{"origin":1361,"position":4},"title":"Secretaria Integrada de Cursos do C\u00e2mpus de Patos informa sobre canais para atendimento remoto","author":"tatiana","date":"25 de mar\u00e7o de 2020","format":false,"excerpt":"A Secretaria Integrada de Cursos do C\u00e2mpus VII da Universidade Estadual da Para\u00edba (UEPB), em Patos, informa \u00e0 comunidade acad\u00eamica e ao p\u00fablico geral que, em face \u00e0s medidas adotadas pela Administra\u00e7\u00e3o Central da Institui\u00e7\u00e3o como forma preventiva \u00e0 infec\u00e7\u00e3o pelo novo coronav\u00edrus, o setor est\u00e1 funcionando em sistema de\u2026","rel":"","context":"Em &quot;CCEA&quot;","block_context":{"text":"CCEA","link":"https:\/\/centros.uepb.edu.br\/ccea\/category\/ccea\/"},"img":{"alt_text":"","src":"","width":0,"height":0},"classes":[]},{"id":1504,"url":"https:\/\/centros.uepb.edu.br\/ccea\/2020\/03\/23\/biblioteca-do-ccea-informa-sobre-atendimento-remoto-durante-isolamento-social-devido-a-covid-19-3\/","url_meta":{"origin":1361,"position":5},"title":"Biblioteca do CCEA informa sobre atendimento remoto durante isolamento social devido \u00e0 Covid-19","author":"Givaldo","date":"23 de mar\u00e7o de 2020","format":false,"excerpt":"A Biblioteca Setorial Professor Virg\u00edlio Trindade Monteiro, do C\u00e2mpus VII da Universidade Estadual da Para\u00edba (UEPB), em Patos, informa \u00e0 comunidade acad\u00eamica e ao p\u00fablico em geral que est\u00e1 funcionando em sistema de home office, em virtude das medidas adotadas pela Administra\u00e7\u00e3o Central da Institui\u00e7\u00e3o para prevenir infec\u00e7\u00e3o pelo novo\u2026","rel":"","context":"Em &quot;CCEA&quot;","block_context":{"text":"CCEA","link":"https:\/\/centros.uepb.edu.br\/ccea\/category\/ccea\/"},"img":{"alt_text":"","src":"","width":0,"height":0},"classes":[]}],"_links":{"self":[{"href":"https:\/\/centros.uepb.edu.br\/ccea\/wp-json\/wp\/v2\/posts\/1361","targetHints":{"allow":["GET"]}}],"collection":[{"href":"https:\/\/centros.uepb.edu.br\/ccea\/wp-json\/wp\/v2\/posts"}],"about":[{"href":"https:\/\/centros.uepb.edu.br\/ccea\/wp-json\/wp\/v2\/types\/post"}],"author":[{"embeddable":true,"href":"https:\/\/centros.uepb.edu.br\/ccea\/wp-json\/wp\/v2\/users\/25"}],"replies":[{"embeddable":true,"href":"https:\/\/centros.uepb.edu.br\/ccea\/wp-json\/wp\/v2\/comments?post=1361"}],"version-history":[{"count":0,"href":"https:\/\/centros.uepb.edu.br\/ccea\/wp-json\/wp\/v2\/posts\/1361\/revisions"}],"wp:attachment":[{"href":"https:\/\/centros.uepb.edu.br\/ccea\/wp-json\/wp\/v2\/media?parent=1361"}],"wp:term":[{"taxonomy":"category","embeddable":true,"href":"https:\/\/centros.uepb.edu.br\/ccea\/wp-json\/wp\/v2\/categories?post=1361"},{"taxonomy":"post_tag","embeddable":true,"href":"https:\/\/centros.uepb.edu.br\/ccea\/wp-json\/wp\/v2\/tags?post=1361"}],"curies":[{"name":"wp","href":"https:\/\/api.w.org\/{rel}","templated":true}]}}