{"id":1231,"date":"2019-02-20T20:20:25","date_gmt":"2019-02-20T20:20:25","guid":{"rendered":"http:\/\/www.uepb.edu.br\/?p=46553"},"modified":"2019-02-20T20:20:25","modified_gmt":"2019-02-20T20:20:25","slug":"equipes-administrativa-e-academica-do-campus-de-patos-participam-de-planejamento-para-o-periodo-2019-1","status":"publish","type":"post","link":"https:\/\/centros.uepb.edu.br\/ccea\/2019\/02\/20\/equipes-administrativa-e-academica-do-campus-de-patos-participam-de-planejamento-para-o-periodo-2019-1\/","title":{"rendered":"Equipes administrativa e acad\u00eamica do C\u00e2mpus de Patos participam de planejamento para o per\u00edodo 2019.1"},"content":{"rendered":"<p>O Centro de Ci\u00eancias Exatas e Sociais Aplicadas (CCEA) da Universidade Estadual da Para\u00edba (UEPB) realizou, nos dias 14 e 15 de fevereiro, o planejamento acad\u00eamico e pedag\u00f3gico para o per\u00edodo letivo 2019\/1. As atividades tiveram in\u00edcio com a palestra \u201cDi\u00e1logos sobre a Pr\u00e1tica Pedag\u00f3gica Docente no Contexto do Ensino Superior P\u00fablico\u201d, ministrada pelo professor Delzymar Dias. Tamb\u00e9m foram realizados os encontros pedag\u00f3gicos dos cursos de Licenciatura em F\u00edsica e Matem\u00e1tica, nos quais coordenadores, professores e secret\u00e1rios dos cursos discutiram sobre os mais variados assuntos relacionados \u00e0s atividades durante este semestre letivo.<\/p>\n<p>Na sexta-feira (15), nos turnos manh\u00e3 e tarde, aconteceram os encontros pedag\u00f3gicos da Coordena\u00e7\u00e3o Setorial de Pesquisa e Extens\u00e3o e dos cursos de Bacharelado em Ci\u00eancia da Computa\u00e7\u00e3o e Bacharelado em Administra\u00e7\u00e3o. Os coordenadores, professores e secret\u00e1rios dos cursos de Administra\u00e7\u00e3o e Computa\u00e7\u00e3o refletiram sobre quest\u00f5es relacionadas \u00e0 participa\u00e7\u00e3o dos docentes em eventos administrativos, acad\u00eamicos, culturais e extracurriculares.<\/p>\n<p>Tamb\u00e9m foram abordados assuntos relativos \u00e0 observ\u00e2ncia e dissemina\u00e7\u00e3o do Regimento Geral da Gradua\u00e7\u00e3o, ao registro de frequ\u00eancia dos discentes, registro das aulas ministradas, direito ao exerc\u00edcio em regime domiciliar, din\u00e2mica de funcionamento das coordena\u00e7\u00f5es de cursos, reestrutura\u00e7\u00e3o dos N\u00facleos Docentes Estruturantes (NDEs), atualiza\u00e7\u00e3o dos PPCs, regularidade de funcionamento dos colegiados de cursos, avalia\u00e7\u00e3o semestral do funcionamento dos cursos e da atua\u00e7\u00e3o docente, bem como sobre planejamento dos eventos acad\u00eamicos dos cursos.<\/p>\n<ul data-carousel-extra='{\"blog_id\":1,\"permalink\":\"http:\\\/\\\/www.uepb.edu.br\\\/equipes-administrativa-e-academica-do-campus-de-patos-participam-de-planejamento-para-o-periodo-2019-1\\\/\"}' class=\"wp-block-gallery columns-2 is-cropped\">\n<li class=\"blocks-gallery-item\">\n<figure><img decoding=\"async\" data-attachment-id=\"46554\" data-permalink=\"http:\/\/www.uepb.edu.br\/equipes-administrativa-e-academica-do-campus-de-patos-participam-de-planejamento-para-o-periodo-2019-1\/planejamento-ccea-1\/\" data-orig-file=\"https:\/\/i0.wp.com\/www.uepb.edu.br\/wp-content\/uploads\/2019\/02\/Planejamento-CCEA-1.jpg?fit=4160%2C3120\" data-orig-size=\"4160,3120\" data-comments-opened=\"1\" data-image-meta=\"{&quot;aperture&quot;:&quot;2.2&quot;,&quot;credit&quot;:&quot;&quot;,&quot;camera&quot;:&quot;LG-M250&quot;,&quot;caption&quot;:&quot;&quot;,&quot;created_timestamp&quot;:&quot;1550154878&quot;,&quot;copyright&quot;:&quot;&quot;,&quot;focal_length&quot;:&quot;3.7&quot;,&quot;iso&quot;:&quot;100&quot;,&quot;shutter_speed&quot;:&quot;0.041665&quot;,&quot;title&quot;:&quot;&quot;,&quot;orientation&quot;:&quot;1&quot;}\" data-image-title=\"Planejamento CCEA (1)\" data-image-description=\"\" data-medium-file=\"https:\/\/i0.wp.com\/www.uepb.edu.br\/wp-content\/uploads\/2019\/02\/Planejamento-CCEA-1.jpg?fit=300%2C225\" data-large-file=\"https:\/\/i0.wp.com\/www.uepb.edu.br\/wp-content\/uploads\/2019\/02\/Planejamento-CCEA-1.jpg?fit=1024%2C768\" src=\"https:\/\/i0.wp.com\/www.uepb.edu.br\/wp-content\/uploads\/2019\/02\/Planejamento-CCEA-1.jpg?resize=1024%2C768\" alt=\"\" data-id=\"46554\" data-link=\"http:\/\/www.uepb.edu.br\/?attachment_id=46554\" class=\"wp-image-46554 img-responsive img-responsive\" srcset=\"https:\/\/i0.wp.com\/www.uepb.edu.br\/wp-content\/uploads\/2019\/02\/Planejamento-CCEA-1.jpg?resize=1024%2C768 1024w, https:\/\/i0.wp.com\/www.uepb.edu.br\/wp-content\/uploads\/2019\/02\/Planejamento-CCEA-1.jpg?resize=300%2C225 300w, https:\/\/i0.wp.com\/www.uepb.edu.br\/wp-content\/uploads\/2019\/02\/Planejamento-CCEA-1.jpg?resize=768%2C576 768w, https:\/\/i0.wp.com\/www.uepb.edu.br\/wp-content\/uploads\/2019\/02\/Planejamento-CCEA-1.jpg?resize=370%2C278 370w, https:\/\/i0.wp.com\/www.uepb.edu.br\/wp-content\/uploads\/2019\/02\/Planejamento-CCEA-1.jpg?resize=840%2C630 840w, https:\/\/i0.wp.com\/www.uepb.edu.br\/wp-content\/uploads\/2019\/02\/Planejamento-CCEA-1.jpg?w=2000 2000w, https:\/\/i0.wp.com\/www.uepb.edu.br\/wp-content\/uploads\/2019\/02\/Planejamento-CCEA-1.jpg?w=3000 3000w\" sizes=\"(max-width: 1000px) 100vw, 1000px\" data-recalc-dims=\"1\" \/><\/figure>\n<\/li>\n<li class=\"blocks-gallery-item\">\n<figure><img decoding=\"async\" data-attachment-id=\"46555\" data-permalink=\"http:\/\/www.uepb.edu.br\/equipes-administrativa-e-academica-do-campus-de-patos-participam-de-planejamento-para-o-periodo-2019-1\/planejamento-ccea-5\/\" data-orig-file=\"https:\/\/i1.wp.com\/www.uepb.edu.br\/wp-content\/uploads\/2019\/02\/Planejamento-CCEA-5.jpg?fit=4160%2C3120\" data-orig-size=\"4160,3120\" data-comments-opened=\"1\" data-image-meta=\"{&quot;aperture&quot;:&quot;2.2&quot;,&quot;credit&quot;:&quot;&quot;,&quot;camera&quot;:&quot;LG-M250&quot;,&quot;caption&quot;:&quot;&quot;,&quot;created_timestamp&quot;:&quot;1550154830&quot;,&quot;copyright&quot;:&quot;&quot;,&quot;focal_length&quot;:&quot;3.7&quot;,&quot;iso&quot;:&quot;100&quot;,&quot;shutter_speed&quot;:&quot;0.041665&quot;,&quot;title&quot;:&quot;&quot;,&quot;orientation&quot;:&quot;1&quot;}\" data-image-title=\"Planejamento CCEA (5)\" data-image-description=\"\" data-medium-file=\"https:\/\/i1.wp.com\/www.uepb.edu.br\/wp-content\/uploads\/2019\/02\/Planejamento-CCEA-5.jpg?fit=300%2C225\" data-large-file=\"https:\/\/i1.wp.com\/www.uepb.edu.br\/wp-content\/uploads\/2019\/02\/Planejamento-CCEA-5.jpg?fit=1024%2C768\" src=\"https:\/\/i1.wp.com\/www.uepb.edu.br\/wp-content\/uploads\/2019\/02\/Planejamento-CCEA-5.jpg?resize=1024%2C768\" alt=\"\" data-id=\"46555\" data-link=\"http:\/\/www.uepb.edu.br\/?attachment_id=46555\" class=\"wp-image-46555 img-responsive img-responsive\" srcset=\"https:\/\/i1.wp.com\/www.uepb.edu.br\/wp-content\/uploads\/2019\/02\/Planejamento-CCEA-5.jpg?resize=1024%2C768 1024w, https:\/\/i1.wp.com\/www.uepb.edu.br\/wp-content\/uploads\/2019\/02\/Planejamento-CCEA-5.jpg?resize=300%2C225 300w, https:\/\/i1.wp.com\/www.uepb.edu.br\/wp-content\/uploads\/2019\/02\/Planejamento-CCEA-5.jpg?resize=768%2C576 768w, https:\/\/i1.wp.com\/www.uepb.edu.br\/wp-content\/uploads\/2019\/02\/Planejamento-CCEA-5.jpg?resize=370%2C278 370w, https:\/\/i1.wp.com\/www.uepb.edu.br\/wp-content\/uploads\/2019\/02\/Planejamento-CCEA-5.jpg?resize=840%2C630 840w, https:\/\/i1.wp.com\/www.uepb.edu.br\/wp-content\/uploads\/2019\/02\/Planejamento-CCEA-5.jpg?w=2000 2000w, https:\/\/i1.wp.com\/www.uepb.edu.br\/wp-content\/uploads\/2019\/02\/Planejamento-CCEA-5.jpg?w=3000 3000w\" sizes=\"(max-width: 1000px) 100vw, 1000px\" data-recalc-dims=\"1\" \/><\/figure>\n<\/li>\n<li class=\"blocks-gallery-item\">\n<figure><img decoding=\"async\" data-attachment-id=\"46556\" data-permalink=\"http:\/\/www.uepb.edu.br\/equipes-administrativa-e-academica-do-campus-de-patos-participam-de-planejamento-para-o-periodo-2019-1\/planejamento-ccea-8\/\" data-orig-file=\"https:\/\/i2.wp.com\/www.uepb.edu.br\/wp-content\/uploads\/2019\/02\/Planejamento-CCEA-8.jpg?fit=4160%2C3120\" data-orig-size=\"4160,3120\" data-comments-opened=\"1\" data-image-meta=\"{&quot;aperture&quot;:&quot;2.2&quot;,&quot;credit&quot;:&quot;&quot;,&quot;camera&quot;:&quot;LG-M250&quot;,&quot;caption&quot;:&quot;&quot;,&quot;created_timestamp&quot;:&quot;1550154862&quot;,&quot;copyright&quot;:&quot;&quot;,&quot;focal_length&quot;:&quot;3.7&quot;,&quot;iso&quot;:&quot;100&quot;,&quot;shutter_speed&quot;:&quot;0.041665&quot;,&quot;title&quot;:&quot;&quot;,&quot;orientation&quot;:&quot;1&quot;}\" data-image-title=\"Planejamento CCEA (8)\" data-image-description=\"\" data-medium-file=\"https:\/\/i2.wp.com\/www.uepb.edu.br\/wp-content\/uploads\/2019\/02\/Planejamento-CCEA-8.jpg?fit=300%2C225\" data-large-file=\"https:\/\/i2.wp.com\/www.uepb.edu.br\/wp-content\/uploads\/2019\/02\/Planejamento-CCEA-8.jpg?fit=1024%2C768\" src=\"https:\/\/i2.wp.com\/www.uepb.edu.br\/wp-content\/uploads\/2019\/02\/Planejamento-CCEA-8.jpg?resize=1024%2C768\" alt=\"\" data-id=\"46556\" data-link=\"http:\/\/www.uepb.edu.br\/?attachment_id=46556\" class=\"wp-image-46556 img-responsive img-responsive\" srcset=\"https:\/\/i2.wp.com\/www.uepb.edu.br\/wp-content\/uploads\/2019\/02\/Planejamento-CCEA-8.jpg?resize=1024%2C768 1024w, https:\/\/i2.wp.com\/www.uepb.edu.br\/wp-content\/uploads\/2019\/02\/Planejamento-CCEA-8.jpg?resize=300%2C225 300w, https:\/\/i2.wp.com\/www.uepb.edu.br\/wp-content\/uploads\/2019\/02\/Planejamento-CCEA-8.jpg?resize=768%2C576 768w, https:\/\/i2.wp.com\/www.uepb.edu.br\/wp-content\/uploads\/2019\/02\/Planejamento-CCEA-8.jpg?resize=370%2C278 370w, https:\/\/i2.wp.com\/www.uepb.edu.br\/wp-content\/uploads\/2019\/02\/Planejamento-CCEA-8.jpg?resize=840%2C630 840w, https:\/\/i2.wp.com\/www.uepb.edu.br\/wp-content\/uploads\/2019\/02\/Planejamento-CCEA-8.jpg?w=2000 2000w, https:\/\/i2.wp.com\/www.uepb.edu.br\/wp-content\/uploads\/2019\/02\/Planejamento-CCEA-8.jpg?w=3000 3000w\" sizes=\"(max-width: 1000px) 100vw, 1000px\" data-recalc-dims=\"1\" \/><\/figure>\n<\/li>\n<\/ul>\n<p><em><strong>Colabora\u00e7\u00e3o de texto e fotos:<\/strong> Dire\u00e7\u00e3o do CCEA<\/em><\/p>\n<p>O post <a rel=\"nofollow\" href=\"http:\/\/www.uepb.edu.br\/equipes-administrativa-e-academica-do-campus-de-patos-participam-de-planejamento-para-o-periodo-2019-1\/\">Equipes administrativa e acad\u00eamica do C\u00e2mpus de Patos participam de planejamento para o per\u00edodo 2019.1<\/a> apareceu primeiro em <a rel=\"nofollow\" href=\"http:\/\/www.uepb.edu.br\/\">UEPB<\/a>.<\/p>\n","protected":false},"excerpt":{"rendered":"<p>O Centro de Ci&ecirc;ncias Exatas e Sociais Aplicadas (CCEA) da Universidade Estadual da Para&iacute;ba (UEPB) realizou, nos dias 14 e 15 de fevereiro, o planejamento acad&ecirc;mico e pedag&oacute;gico para o per&iacute;odo letivo 2019\/1. As atividades tiveram in&iacute;cio com a palestra &ldquo;Di&aacute;logos sobre a Pr&aacute;tica Pedag&oacute;gica Docente no Contexto do Ensino Superior P&uacute;blico&rdquo;, ministrada pelo professor <a href=\"http:\/\/www.uepb.edu.br\/equipes-administrativa-e-academica-do-campus-de-patos-participam-de-planejamento-para-o-periodo-2019-1\/\">Leia Mais&#8230;<\/a><\/p>\n<p>O post <a rel=\"nofollow\" href=\"http:\/\/www.uepb.edu.br\/equipes-administrativa-e-academica-do-campus-de-patos-participam-de-planejamento-para-o-periodo-2019-1\/\">Equipes administrativa e acad&ecirc;mica do C&acirc;mpus de Patos participam de planejamento para o per&iacute;odo 2019.1<\/a> apareceu primeiro em <a rel=\"nofollow\" href=\"http:\/\/www.uepb.edu.br\/\">UEPB<\/a>.<\/p>\n","protected":false},"author":25,"featured_media":0,"comment_status":"closed","ping_status":"closed","sticky":false,"template":"","format":"standard","meta":{"jetpack_post_was_ever_published":false,"_jetpack_newsletter_access":"","_jetpack_dont_email_post_to_subs":false,"_jetpack_newsletter_tier_id":0,"_jetpack_memberships_contains_paywalled_content":false,"_jetpack_memberships_contains_paid_content":false,"footnotes":"","jetpack_publicize_message":"","jetpack_publicize_feature_enabled":true,"jetpack_social_post_already_shared":true,"jetpack_social_options":{"image_generator_settings":{"template":"highway","default_image_id":0,"font":"","enabled":false},"version":2}},"categories":[8,3],"tags":[],"class_list":["post-1231","post","type-post","status-publish","format-standard","hentry","category-ccea","category-noticias"],"jetpack_publicize_connections":[],"jetpack_featured_media_url":"","jetpack_sharing_enabled":true,"jetpack_shortlink":"https:\/\/wp.me\/p7WTGX-jR","jetpack_likes_enabled":true,"jetpack-related-posts":[{"id":396,"url":"https:\/\/centros.uepb.edu.br\/ccea\/2016\/11\/24\/pro-reitoria-de-graduacao-lanca-guia-do-estudante-com-informacoes-sobre-servicos-e-procedimentos-academicos\/","url_meta":{"origin":1231,"position":0},"title":"Pr\u00f3-Reitoria de Gradua\u00e7\u00e3o lan\u00e7a Guia do Estudante com informa\u00e7\u00f5es sobre servi\u00e7os e procedimentos acad\u00eamicos","author":"tatiana","date":"24 de novembro de 2016","format":false,"excerpt":"A Pr\u00f3-Reitoria de Gradua\u00e7\u00e3o (PROGRAD) da Universidade Estadual da Para\u00edba (UEPB) acaba de lan\u00e7ar o novo Guia do Estudante referente \u00e0s atividades acad\u00eamicas do per\u00edodo letivo 2016\/2. Nesta publica\u00e7\u00e3o, todos os alunos da Institui\u00e7\u00e3o poder\u00e3o buscar informa\u00e7\u00f5es acerca da hist\u00f3ria da Universidade, bem como tamb\u00e9m sobre o novo regimento dos\u2026","rel":"","context":"Em &quot;CCAA&quot;","block_context":{"text":"CCAA","link":"https:\/\/centros.uepb.edu.br\/ccea\/category\/ccaa\/"},"img":{"alt_text":"","src":"","width":0,"height":0},"classes":[]},{"id":1102,"url":"https:\/\/centros.uepb.edu.br\/ccea\/2018\/06\/08\/coordenacao-de-tcc-do-curso-de-matematica-do-campus-vii-informa-sobre-cronograma-de-atividades-do-semestre-letivo-2017-2\/","url_meta":{"origin":1231,"position":1},"title":"Coordena\u00e7\u00e3o de TCC de Matem\u00e1tica do C\u00e2mpus VII informa sobre cronograma de atividades do semestre 2017.2","author":"tatiany","date":"8 de junho de 2018","format":false,"excerpt":"A Coordena\u00e7\u00e3o do Curso de Licenciatura em Matem\u00e1tica do Centro de Ci\u00eancias Exatas e Sociais Aplicadas, da Universidade Estadual da Para\u00edba (UEPB), atrav\u00e9s da coordenadoria dos Trabalhos de Conclus\u00e3o de Curso (TCC), torna p\u00fablicas as datas e hor\u00e1rios em que ocorrer\u00e3o as defesas dos trabalhos do semestre letivo 2017.2. A\u2026","rel":"","context":"Em &quot;CCEA&quot;","block_context":{"text":"CCEA","link":"https:\/\/centros.uepb.edu.br\/ccea\/category\/ccea\/"},"img":{"alt_text":"","src":"","width":0,"height":0},"classes":[]},{"id":805,"url":"https:\/\/centros.uepb.edu.br\/ccea\/2018\/02\/19\/direcao-do-ccea-realiza-recepcao-a-comunidade-academica-e-inicia-oficialmente-o-periodo-letivo-2017-2\/","url_meta":{"origin":1231,"position":2},"title":"Dire\u00e7\u00e3o do CCEA realiza recep\u00e7\u00e3o \u00e0 comunidade acad\u00eamica e inicia oficialmente o per\u00edodo letivo 2017.2","author":"tatiany","date":"19 de fevereiro de 2018","format":false,"excerpt":"O Centro de Ci\u00eancias Exatas e Sociais Aplicadas, C\u00e2mpus VII da Universidade Estadual da Para\u00edba (UEPB), realizou hoje (19), uma atividade de recep\u00e7\u00e3o \u00e0 comunidade acad\u00eamica e iniciou oficialmente o per\u00edodo letivo 2017.2. O clima do primeiro dia de aula foi de muita expectativa e novidade. A alegria dos veteranos\u2026","rel":"","context":"Em &quot;CCEA&quot;","block_context":{"text":"CCEA","link":"https:\/\/centros.uepb.edu.br\/ccea\/category\/ccea\/"},"img":{"alt_text":"","src":"","width":0,"height":0},"classes":[]},{"id":379,"url":"https:\/\/centros.uepb.edu.br\/ccea\/2016\/11\/11\/prograd-informa-sobre-adiamento-no-inicio-das-aulas-do-periodo-2016-2-e-em-prazo-de-matriculas-dos-veteranos-2\/","url_meta":{"origin":1231,"position":3},"title":"PROGRAD informa sobre adiamento no in\u00edcio das aulas do per\u00edodo 2016.2 e em prazo de matr\u00edculas dos veteranos","author":"arnaud","date":"11 de novembro de 2016","format":false,"excerpt":"A Pr\u00f3-Reitoria de Gradua\u00e7\u00e3o (PROGRAD) da Universidade Estadual da Para\u00edba (UEPB) informa \u00e0 comunidade acad\u00eamica em geral que o in\u00edcio das aulas do per\u00edodo letivo 2016.2 foi adiado para o dia 28 de novembro e o prazo para a matr\u00edcula online dos alunos veteranos foi alterado para o per\u00edodo de\u2026","rel":"","context":"Em &quot;CCAA&quot;","block_context":{"text":"CCAA","link":"https:\/\/centros.uepb.edu.br\/ccea\/category\/ccaa\/"},"img":{"alt_text":"","src":"","width":0,"height":0},"classes":[]},{"id":1516,"url":"https:\/\/centros.uepb.edu.br\/ccea\/2019\/12\/04\/feira-agroecologica-encerra-atividades-realizadas-durante-4a-edicao-do-forum-de-economia-solidaria-no-campus-vii-2\/","url_meta":{"origin":1231,"position":4},"title":"Feira Agroecol\u00f3gica encerra atividades realizadas durante 4\u00aa edi\u00e7\u00e3o do F\u00f3rum de Economia Solid\u00e1ria no C\u00e2mpus VII","author":"tatiana","date":"4 de dezembro de 2019","format":false,"excerpt":"Promover um conjunto de atividades econ\u00f4micas, envolvendo produ\u00e7\u00e3o, distribui\u00e7\u00e3o, poupan\u00e7a e cr\u00e9dito, s\u00e3o algumas das metas propostas por um dos setores que v\u00eam agrupando cada vez mais produtores rurais, chamado Economia Solid\u00e1ria. E esse jeito diferente de produzir, vender, comprar e trocar o que \u00e9 preciso para viver foi vivenciado\u2026","rel":"","context":"Em &quot;CCEA&quot;","block_context":{"text":"CCEA","link":"https:\/\/centros.uepb.edu.br\/ccea\/category\/ccea\/"},"img":{"alt_text":"","src":"https:\/\/i0.wp.com\/www.interno.uepb.edu.br\/wp-content\/uploads\/2019\/12\/Feira-1.jpg?resize=350%2C200&ssl=1","width":350,"height":200,"srcset":"https:\/\/i0.wp.com\/www.interno.uepb.edu.br\/wp-content\/uploads\/2019\/12\/Feira-1.jpg?resize=350%2C200&ssl=1 1x, https:\/\/i0.wp.com\/www.interno.uepb.edu.br\/wp-content\/uploads\/2019\/12\/Feira-1.jpg?resize=525%2C300&ssl=1 1.5x, https:\/\/i0.wp.com\/www.interno.uepb.edu.br\/wp-content\/uploads\/2019\/12\/Feira-1.jpg?resize=700%2C400&ssl=1 2x"},"classes":[]},{"id":2037,"url":"https:\/\/centros.uepb.edu.br\/ccea\/2023\/03\/24\/o-curso-de-licenciatura-em-matematica-do-ccea-realizara-sua-aula-inaugural-para-o-semestre-letivo-2023-1-na-proxima-terca-feira\/","url_meta":{"origin":1231,"position":5},"title":"O Curso de Licenciatura em Matem\u00e1tica do CCEA realizar\u00e1 sua aula inaugural para o semestre letivo 2023.1 na pr\u00f3xima ter\u00e7a-feira","author":"olivio","date":"24 de mar\u00e7o de 2023","format":false,"excerpt":"Para marcar o come\u00e7o das atividades do Semestre Letivo 2023.1, o Curso de Matem\u00e1tica do CCEA receber\u00e1, na pr\u00f3xima ter\u00e7a-feira (dia 28\/03) a partir das 18h30min, no Audit\u00f3rio Celso Furtado, a Professora Kelyane Barboza de Abreu, que proferir\u00e1 a Aula Inaugural intitulada \"Matem\u00e1tica: uma ci\u00eancia que nos faz pensar!\". Com\u2026","rel":"","context":"Em &quot;Agend Not\u00edcias Destaque&quot;","block_context":{"text":"Agend Not\u00edcias Destaque","link":"https:\/\/centros.uepb.edu.br\/ccea\/category\/agend-noticias-destaque\/"},"img":{"alt_text":"","src":"https:\/\/i0.wp.com\/centros.uepb.edu.br\/ccea\/files\/2023\/03\/arte_banner_mat5-300x212.png?resize=350%2C200&ssl=1","width":350,"height":200},"classes":[]}],"_links":{"self":[{"href":"https:\/\/centros.uepb.edu.br\/ccea\/wp-json\/wp\/v2\/posts\/1231","targetHints":{"allow":["GET"]}}],"collection":[{"href":"https:\/\/centros.uepb.edu.br\/ccea\/wp-json\/wp\/v2\/posts"}],"about":[{"href":"https:\/\/centros.uepb.edu.br\/ccea\/wp-json\/wp\/v2\/types\/post"}],"author":[{"embeddable":true,"href":"https:\/\/centros.uepb.edu.br\/ccea\/wp-json\/wp\/v2\/users\/25"}],"replies":[{"embeddable":true,"href":"https:\/\/centros.uepb.edu.br\/ccea\/wp-json\/wp\/v2\/comments?post=1231"}],"version-history":[{"count":0,"href":"https:\/\/centros.uepb.edu.br\/ccea\/wp-json\/wp\/v2\/posts\/1231\/revisions"}],"wp:attachment":[{"href":"https:\/\/centros.uepb.edu.br\/ccea\/wp-json\/wp\/v2\/media?parent=1231"}],"wp:term":[{"taxonomy":"category","embeddable":true,"href":"https:\/\/centros.uepb.edu.br\/ccea\/wp-json\/wp\/v2\/categories?post=1231"},{"taxonomy":"post_tag","embeddable":true,"href":"https:\/\/centros.uepb.edu.br\/ccea\/wp-json\/wp\/v2\/tags?post=1231"}],"curies":[{"name":"wp","href":"https:\/\/api.w.org\/{rel}","templated":true}]}}