{"id":1157,"date":"2018-09-11T23:46:29","date_gmt":"2018-09-11T23:46:29","guid":{"rendered":"https:\/\/centros.uepb.edu.br\/ccea\/?p=1157"},"modified":"2018-09-19T12:32:13","modified_gmt":"2018-09-19T12:32:13","slug":"comunidade-academica-do-centro-de-ciencias-exatas-e-sociais-aplicadas-ccea-campus-vii-patos-escolhe-novos-gestores-no-dia-19-de-setembro","status":"publish","type":"post","link":"https:\/\/centros.uepb.edu.br\/ccea\/2018\/09\/11\/comunidade-academica-do-centro-de-ciencias-exatas-e-sociais-aplicadas-ccea-campus-vii-patos-escolhe-novos-gestores-no-dia-19-de-setembro\/","title":{"rendered":"Comunidade acad\u00eamica do Centro de Ci\u00eancias Exatas e Sociais Aplicadas escolhe novos gestores no dia 19"},"content":{"rendered":"<p><img loading=\"lazy\" decoding=\"async\" class=\"wp-image-1169 size-medium alignleft img-responsive\" src=\"https:\/\/centros.uepb.edu.br\/ccea\/files\/2018\/09\/Cartaz-ccea-212x300.jpg\" alt=\"\" width=\"212\" height=\"300\" srcset=\"https:\/\/centros.uepb.edu.br\/ccea\/files\/2018\/09\/Cartaz-ccea-212x300.jpg 212w, https:\/\/centros.uepb.edu.br\/ccea\/files\/2018\/09\/Cartaz-ccea-768x1087.jpg 768w, https:\/\/centros.uepb.edu.br\/ccea\/files\/2018\/09\/Cartaz-ccea-724x1024.jpg 724w, https:\/\/centros.uepb.edu.br\/ccea\/files\/2018\/09\/Cartaz-ccea-370x524.jpg 370w, https:\/\/centros.uepb.edu.br\/ccea\/files\/2018\/09\/Cartaz-ccea-840x1189.jpg 840w, https:\/\/centros.uepb.edu.br\/ccea\/files\/2018\/09\/Cartaz-ccea.jpg 1447w\" sizes=\"auto, (max-width: 212px) 100vw, 212px\" \/>Professores, t\u00e9cnicos administrativos e estudantes do Centro de Ci\u00eancias Exatas e Sociais Aplicadas &#8211; CCEA, Campus VII da Universidade Estadual da Para\u00edba (UEPB), localizado na Cidade de Patos, sert\u00e3o paraibano, escolher\u00e3o seus novos gestores em elei\u00e7\u00e3o a ser realizada no pr\u00f3ximo dia <strong>19 de setembro (quarta-feira)<\/strong>.<\/p>\n<p>Intitulada \u201c<strong>Gest\u00e3o Cooperativa e Decis\u00e3o Compartilhada<\/strong>\u201d, a chapa formada pelos Professores Adriano Homero Vital Pereira (Diretor) e Odilon Avelino da Cunha (Diretor Adjunto) \u00e9 a \u00fanica a postular \u00e0 Dire\u00e7\u00e3o do Centro.<\/p>\n<p>A Chapa \u201c<strong>Gest\u00e3o Respons\u00e1vel<\/strong>\u201d, formada pela Professora Carolina Coeli Batista Rodrigues de Ara\u00fajo (Coordenadora) e pelo Professor Gustavo Cunha Bezerra (Coordenador Adjunto), pleitear\u00e1 a Coordena\u00e7\u00e3o do Curso de Bacharelado em Administra\u00e7\u00e3o. Para a Coordena\u00e7\u00e3o do Curso de Licenciatura em Matem\u00e1tica, os Professores Jos\u00e9 Ginaldo de Souza Farias (Coordenador) e Arlandson Matheus Silva Oliveira (Coordenador Adjunto) formam a Chapa \u201c<strong>Gest\u00e3o Integrada<\/strong>\u201d. Os Professores Marcelo da Silva Vieira e Rodrigo C\u00e9sar Fonseca da Silva, candidatos, respectivamente, a Coordenador e Coordenador Adjunto do Curso de Licenciatura em F\u00edsica formam a Chapa \u201c<strong>Trabalho e Continuidade<\/strong>\u201d.<\/p>\n<p>A elei\u00e7\u00e3o ser\u00e1 realizada no dia <strong>19 de setembro (quarta-feira)<\/strong> no Centro de Ci\u00eancias Exatas e Sociais Aplicadas &#8211; CCEA &#8211; Campus VII, das 9h \u00e0s 21h, ininterruptamente. Cada eleitor ser\u00e1 identificado por documento de identidade com foto, junto \u00e0 mesa eleitoral receptora, antes de assinar a lista de votantes. Est\u00e3o aptos a votar os docentes efetivos lotados no Centro, que estejam em pleno exerc\u00edcio, os servidores t\u00e9cnicos administrativos efetivos, al\u00e9m dos discentes regularmente matriculados nos cursos de gradua\u00e7\u00e3o e de p\u00f3s-gradua\u00e7\u00e3o mantidos pelo Centro.<\/p>\n<p>A apura\u00e7\u00e3o da elei\u00e7\u00e3o ter\u00e1 car\u00e1ter p\u00fablico e ser\u00e1 realizada a partir das 21h do dia da elei\u00e7\u00e3o. Uma vez conclu\u00eddos os trabalhos referentes ao processo, a Comiss\u00e3o Eleitoral Unificada, respons\u00e1vel pela elei\u00e7\u00e3o, publicar\u00e1 o resultado no prazo de at\u00e9 tr\u00eas dias \u00fateis ap\u00f3s o encerramento da elei\u00e7\u00e3o. Os nomes dos candidatos eleitos, ap\u00f3s a homologa\u00e7\u00e3o dos resultados do pleito, ser\u00e3o encaminhados \u00e0 Reitoria para nomea\u00e7\u00e3o e posse.<\/p>\n","protected":false},"excerpt":{"rendered":"<p>Professores, t\u00e9cnicos administrativos e estudantes do Centro de Ci\u00eancias Exatas e Sociais Aplicadas &#8211; CCEA, Campus VII da Universidade Estadual da Para\u00edba (UEPB), localizado na Cidade de Patos, sert\u00e3o paraibano, escolher\u00e3o seus novos gestores em elei\u00e7\u00e3o a ser realizada no pr\u00f3ximo dia 19 de setembro (quarta-feira). Intitulada \u201cGest\u00e3o Cooperativa e Decis\u00e3o Compartilhada\u201d, a chapa formada <a class=\"leiamais\" href=\"https:\/\/centros.uepb.edu.br\/ccea\/2018\/09\/11\/comunidade-academica-do-centro-de-ciencias-exatas-e-sociais-aplicadas-ccea-campus-vii-patos-escolhe-novos-gestores-no-dia-19-de-setembro\/\">Leia Mais&#8230;<\/a><\/p>\n","protected":false},"author":23,"featured_media":0,"comment_status":"closed","ping_status":"closed","sticky":false,"template":"","format":"standard","meta":{"jetpack_post_was_ever_published":false,"_jetpack_newsletter_access":"","_jetpack_dont_email_post_to_subs":false,"_jetpack_newsletter_tier_id":0,"_jetpack_memberships_contains_paywalled_content":false,"_jetpack_memberships_contains_paid_content":false,"footnotes":"","jetpack_publicize_message":"","jetpack_publicize_feature_enabled":true,"jetpack_social_post_already_shared":true,"jetpack_social_options":{"image_generator_settings":{"template":"highway","default_image_id":0,"font":"","enabled":false},"version":2}},"categories":[8,3],"tags":[],"class_list":["post-1157","post","type-post","status-publish","format-standard","hentry","category-ccea","category-noticias"],"jetpack_publicize_connections":[],"jetpack_featured_media_url":"","jetpack_sharing_enabled":true,"jetpack_shortlink":"https:\/\/wp.me\/p7WTGX-iF","jetpack_likes_enabled":true,"jetpack-related-posts":[{"id":1152,"url":"https:\/\/centros.uepb.edu.br\/ccea\/2018\/09\/05\/comissao-eleitoral-unificada-divulga-homologacao-das-chapas-para-escolha-dos-novos-diretores-e-coordenadores-do-ccea-campus-vii-da-uepb\/","url_meta":{"origin":1157,"position":0},"title":"Comiss\u00e3o Eleitoral divulga homologa\u00e7\u00e3o das chapas para escolha dos novos Diretores e Coordenadores do CCEA","author":"direcao","date":"5 de setembro de 2018","format":false,"excerpt":"A Comiss\u00e3o Eleitoral Unificada, composta para as elei\u00e7\u00f5es de Diretor e Diretor Adjunto de Centro, Coordenadores e Coordenadores Adjuntos dos Cursos de Bacharelado em Administra\u00e7\u00e3o, Licenciatura em Matem\u00e1tica e Licenciatura em F\u00edsica do Centro de Ci\u00eancias Exatas e Sociais Aplicadas (CCEA), Campus VII da Universidade Estadual da Para\u00edba (UEPB), divulgou,\u2026","rel":"","context":"Em &quot;Agend Not\u00edcias Destaque&quot;","block_context":{"text":"Agend Not\u00edcias Destaque","link":"https:\/\/centros.uepb.edu.br\/ccea\/category\/agend-noticias-destaque\/"},"img":{"alt_text":"","src":"","width":0,"height":0},"classes":[]},{"id":541,"url":"https:\/\/centros.uepb.edu.br\/ccea\/2017\/09\/20\/comissao-eleitoral-divulga-homologacao-de-chapa-para-escolha-de-novos-coordenadores-do-ccea\/","url_meta":{"origin":1157,"position":1},"title":"Comiss\u00e3o Eleitoral divulga homologa\u00e7\u00e3o de chapa para escolha de novos coordenadores do CCEA","author":"tatiana","date":"20 de setembro de 2017","format":false,"excerpt":"A Comiss\u00e3o Eleitoral, composta para a elei\u00e7\u00e3o do coordenador e coordenador adjunto do curso de Bacharelado em Ci\u00eancia da Computa\u00e7\u00e3o do Centro de Ci\u00eancias Exatas e Sociais Aplicadas (CCEA) da Universidade Estadual da Para\u00edba (UEPB), divulgou a homologa\u00e7\u00e3o da chapa inscrita para o referido processo seletivo. Intitulada \u201cConsolida\u00e7\u00e3o e Crescimento\u201d,\u2026","rel":"","context":"Em &quot;CCEA&quot;","block_context":{"text":"CCEA","link":"https:\/\/centros.uepb.edu.br\/ccea\/category\/ccea\/"},"img":{"alt_text":"","src":"","width":0,"height":0},"classes":[]},{"id":1178,"url":"https:\/\/centros.uepb.edu.br\/ccea\/2018\/09\/19\/campus-de-patos-promove-debate-com-candidatos-a-direcao-de-centro-e-coordenacoes-de-cursos-do-ccea\/","url_meta":{"origin":1157,"position":2},"title":"C\u00e2mpus de Patos promove debate com candidatos a Dire\u00e7\u00e3o de Centro e Coordena\u00e7\u00f5es de Cursos do CCEA","author":"tatiana","date":"19 de setembro de 2018","format":false,"excerpt":"Na \u00faltima segunda-feira (17), foi realizado debate com os candidatos a diretor e diretor adjunto do Centro de Ci\u00eancias Exatas e Sociais Aplicadas (CCEA) da Universidade Estadual da Para\u00edba, bem como com os candidatos a coordenadores e coordenadores adjuntos dos cursos que comp\u00f5em o C\u00e2mpus VII da Institui\u00e7\u00e3o, localizado em\u2026","rel":"","context":"Em &quot;CCEA&quot;","block_context":{"text":"CCEA","link":"https:\/\/centros.uepb.edu.br\/ccea\/category\/ccea\/"},"img":{"alt_text":"","src":"https:\/\/i0.wp.com\/centros.uepb.edu.br\/ccea\/files\/2018\/09\/Debate-Patos-1.jpg?resize=350%2C200&ssl=1","width":350,"height":200,"srcset":"https:\/\/i0.wp.com\/centros.uepb.edu.br\/ccea\/files\/2018\/09\/Debate-Patos-1.jpg?resize=350%2C200&ssl=1 1x, https:\/\/i0.wp.com\/centros.uepb.edu.br\/ccea\/files\/2018\/09\/Debate-Patos-1.jpg?resize=525%2C300&ssl=1 1.5x, https:\/\/i0.wp.com\/centros.uepb.edu.br\/ccea\/files\/2018\/09\/Debate-Patos-1.jpg?resize=700%2C400&ssl=1 2x, https:\/\/i0.wp.com\/centros.uepb.edu.br\/ccea\/files\/2018\/09\/Debate-Patos-1.jpg?resize=1050%2C600&ssl=1 3x"},"classes":[]},{"id":542,"url":"https:\/\/centros.uepb.edu.br\/ccea\/2017\/09\/20\/comissao-eleitoral-divulga-homologacao-de-chapa-para-escolha-de-novos-coordenadores-do-ccea-2\/","url_meta":{"origin":1157,"position":3},"title":"Comiss\u00e3o Eleitoral divulga homologa\u00e7\u00e3o de chapa para escolha de novos coordenadores do CCEA","author":"tatiana","date":"20 de setembro de 2017","format":false,"excerpt":"A Comiss\u00e3o Eleitoral, composta para a elei\u00e7\u00e3o do coordenador e coordenador adjunto do curso de Bacharelado em Ci\u00eancia da Computa\u00e7\u00e3o do Centro de Ci\u00eancias Exatas e Sociais Aplicadas (CCEA) da Universidade Estadual da Para\u00edba (UEPB), divulgou a homologa\u00e7\u00e3o da chapa inscrita para o referido processo seletivo. Intitulada \u201cConsolida\u00e7\u00e3o e Crescimento\u201d,\u2026","rel":"","context":"Em &quot;CCEA&quot;","block_context":{"text":"CCEA","link":"https:\/\/centros.uepb.edu.br\/ccea\/category\/ccea\/"},"img":{"alt_text":"","src":"","width":0,"height":0},"classes":[]},{"id":1531,"url":"https:\/\/centros.uepb.edu.br\/ccea\/2021\/03\/30\/publicacao-das-chapas-homologadas-eleicao-ccea-2021\/","url_meta":{"origin":1157,"position":4},"title":"PUBLICA\u00c7\u00c3O DAS CHAPAS HOMOLOGADAS \u2013 ELEI\u00c7\u00c3O CCEA 2021","author":"olivio","date":"30 de mar\u00e7o de 2021","format":false,"excerpt":"A Comiss\u00e3o Eleitoral do Centro de Ci\u00eancias Exatas e Sociais Aplicadas, respons\u00e1vel pelos procedimentos para a escolha dos ocupantes dos diversos cargos mencionados no edital \/CCEA\/01\/2021, no uso de suas atribui\u00e7\u00f5es, vem a p\u00fablico divulgar a rela\u00e7\u00e3o dos pedidos de registro de candidatura inscritos e homologados, como sendo os seguintes:\u2026","rel":"","context":"Em &quot;CCEA&quot;","block_context":{"text":"CCEA","link":"https:\/\/centros.uepb.edu.br\/ccea\/category\/ccea\/"},"img":{"alt_text":"","src":"","width":0,"height":0},"classes":[]},{"id":1123,"url":"https:\/\/centros.uepb.edu.br\/ccea\/2018\/05\/18\/palestra-promovida-pelo-ccea-debatera-desafios-e-perspectivas-da-gestao-publica-na-atual-conjuntura-nacional\/","url_meta":{"origin":1157,"position":5},"title":"Palestra promovida pelo CCEA debater\u00e1 desafios e perspectivas da gest\u00e3o p\u00fablica na atual conjuntura nacional","author":"M\u00e1rcia Dias","date":"18 de maio de 2018","format":false,"excerpt":"O Centro de Ci\u00eancias Exatas e Sociais Aplicadas (CCEA) da Universidade Estadual da Para\u00edba (UEPB) realiza, na pr\u00f3xima segunda-feira (21), a palestra \u201cDesafios e Perspectivas da Gest\u00e3o P\u00fablica\u201d. O evento acontecer\u00e1 \u00e0s 19h, no Audit\u00f3rio Celso Furtado, C\u00e2mpus VII da Institui\u00e7\u00e3o, em Patos. A atividade tem como objetivo propiciar um\u2026","rel":"","context":"Em &quot;CCEA&quot;","block_context":{"text":"CCEA","link":"https:\/\/centros.uepb.edu.br\/ccea\/category\/ccea\/"},"img":{"alt_text":"","src":"","width":0,"height":0},"classes":[]}],"_links":{"self":[{"href":"https:\/\/centros.uepb.edu.br\/ccea\/wp-json\/wp\/v2\/posts\/1157","targetHints":{"allow":["GET"]}}],"collection":[{"href":"https:\/\/centros.uepb.edu.br\/ccea\/wp-json\/wp\/v2\/posts"}],"about":[{"href":"https:\/\/centros.uepb.edu.br\/ccea\/wp-json\/wp\/v2\/types\/post"}],"author":[{"embeddable":true,"href":"https:\/\/centros.uepb.edu.br\/ccea\/wp-json\/wp\/v2\/users\/23"}],"replies":[{"embeddable":true,"href":"https:\/\/centros.uepb.edu.br\/ccea\/wp-json\/wp\/v2\/comments?post=1157"}],"version-history":[{"count":0,"href":"https:\/\/centros.uepb.edu.br\/ccea\/wp-json\/wp\/v2\/posts\/1157\/revisions"}],"wp:attachment":[{"href":"https:\/\/centros.uepb.edu.br\/ccea\/wp-json\/wp\/v2\/media?parent=1157"}],"wp:term":[{"taxonomy":"category","embeddable":true,"href":"https:\/\/centros.uepb.edu.br\/ccea\/wp-json\/wp\/v2\/categories?post=1157"},{"taxonomy":"post_tag","embeddable":true,"href":"https:\/\/centros.uepb.edu.br\/ccea\/wp-json\/wp\/v2\/tags?post=1157"}],"curies":[{"name":"wp","href":"https:\/\/api.w.org\/{rel}","templated":true}]}}