{"id":1102,"date":"2018-06-08T15:03:11","date_gmt":"2018-06-08T15:03:11","guid":{"rendered":"https:\/\/centros.uepb.edu.br\/ccea\/?p=1102"},"modified":"2018-06-08T15:04:00","modified_gmt":"2018-06-08T15:04:00","slug":"coordenacao-de-tcc-do-curso-de-matematica-do-campus-vii-informa-sobre-cronograma-de-atividades-do-semestre-letivo-2017-2","status":"publish","type":"post","link":"https:\/\/centros.uepb.edu.br\/ccea\/2018\/06\/08\/coordenacao-de-tcc-do-curso-de-matematica-do-campus-vii-informa-sobre-cronograma-de-atividades-do-semestre-letivo-2017-2\/","title":{"rendered":"Coordena\u00e7\u00e3o de TCC de Matem\u00e1tica do C\u00e2mpus VII informa sobre cronograma de atividades do semestre 2017.2"},"content":{"rendered":"<p>A Coordena\u00e7\u00e3o do Curso de Licenciatura em Matem\u00e1tica do Centro de Ci\u00eancias Exatas e Sociais Aplicadas, da Universidade Estadual da Para\u00edba (UEPB), atrav\u00e9s da coordenadoria dos Trabalhos de Conclus\u00e3o de Curso (TCC), torna p\u00fablicas as datas e hor\u00e1rios em que ocorrer\u00e3o as defesas dos trabalhos do semestre letivo 2017.2. A coordena\u00e7\u00e3o informa ainda que todas as atividades de defesa do curso ser\u00e3o realizadas na sala 304, no C\u00e2mpus Universit\u00e1rio da UEPB, em Patos. O documento com o cronograma de atividades pode ser acessados <a href=\"https:\/\/drive.google.com\/open\u2026.\">AQUI\u00a0<\/a>. Mais informa\u00e7\u00f5es podem ser obtidas com a coordena\u00e7\u00e3o do curso atrav\u00e9s do telefone (83) 3421 3251.<\/p>\n","protected":false},"excerpt":{"rendered":"<p>A Coordena\u00e7\u00e3o do Curso de Licenciatura em Matem\u00e1tica do Centro de Ci\u00eancias Exatas e Sociais Aplicadas, da Universidade Estadual da Para\u00edba (UEPB), atrav\u00e9s da coordenadoria dos Trabalhos de Conclus\u00e3o de Curso (TCC), torna p\u00fablicas as datas e hor\u00e1rios em que ocorrer\u00e3o as defesas dos trabalhos do semestre letivo 2017.2. A coordena\u00e7\u00e3o informa ainda que todas <a class=\"leiamais\" href=\"https:\/\/centros.uepb.edu.br\/ccea\/2018\/06\/08\/coordenacao-de-tcc-do-curso-de-matematica-do-campus-vii-informa-sobre-cronograma-de-atividades-do-semestre-letivo-2017-2\/\">Leia Mais&#8230;<\/a><\/p>\n","protected":false},"author":33,"featured_media":0,"comment_status":"closed","ping_status":"closed","sticky":false,"template":"","format":"standard","meta":{"jetpack_post_was_ever_published":false,"_jetpack_newsletter_access":"","_jetpack_dont_email_post_to_subs":false,"_jetpack_newsletter_tier_id":0,"_jetpack_memberships_contains_paywalled_content":false,"_jetpack_memberships_contains_paid_content":false,"footnotes":"","jetpack_publicize_message":"","jetpack_publicize_feature_enabled":true,"jetpack_social_post_already_shared":true,"jetpack_social_options":{"image_generator_settings":{"template":"highway","default_image_id":0,"font":"","enabled":false},"version":2}},"categories":[8,3],"tags":[],"class_list":["post-1102","post","type-post","status-publish","format-standard","hentry","category-ccea","category-noticias"],"jetpack_publicize_connections":[],"jetpack_featured_media_url":"","jetpack_sharing_enabled":true,"jetpack_shortlink":"https:\/\/wp.me\/p7WTGX-hM","jetpack_likes_enabled":true,"jetpack-related-posts":[{"id":778,"url":"https:\/\/centros.uepb.edu.br\/ccea\/2018\/02\/07\/a-coordenacao-de-estagios-e-monitoria-do-campus-vii-da-uepb-abre-selecao-interna-com-vagas-de-estagio-para-curso-de-administracao\/","url_meta":{"origin":1102,"position":0},"title":"A Coordena\u00e7\u00e3o de Est\u00e1gios e Monitoria do C\u00e2mpus VII da UEPB abre sele\u00e7\u00e3o interna com vaga para est\u00e1gio","author":"tatiany","date":"7 de fevereiro de 2018","format":false,"excerpt":"A Coordena\u00e7\u00e3o de Est\u00e1gios e Monitoria do Centro de Ci\u00eancias Exatas e Sociais Aplicadas (CCEA), C\u00e2mpus VII da Universidade Estadual da Para\u00edba (UEPB), abre sele\u00e7\u00e3o interna para alunos interessados em estagiar no curso de Administra\u00e7\u00e3o. Ao todo, est\u00e3o sendo oferecidas 02 vagas, sendo uma no per\u00edodo diurno e outra no\u2026","rel":"","context":"Em &quot;CCEA&quot;","block_context":{"text":"CCEA","link":"https:\/\/centros.uepb.edu.br\/ccea\/category\/ccea\/"},"img":{"alt_text":"","src":"","width":0,"height":0},"classes":[]},{"id":1992,"url":"https:\/\/centros.uepb.edu.br\/ccea\/2022\/11\/14\/encontro-de-matematica-e-mat-sera-realizado-em-homenagem-aos-dez-anos-do-curso-de-matematica-no-ccea\/","url_meta":{"origin":1102,"position":1},"title":"Encontro de Matem\u00e1tica (e-mat) ser\u00e1 realizado em homenagem aos dez anos do curso de matem\u00e1tica no CCEA","author":"olivio","date":"14 de novembro de 2022","format":false,"excerpt":"Criado pela Resolu\u00e7\u00e3o n.\u00ba 035\/2011 do Conselho Universit\u00e1rio da Universidade Estadual da Para\u00edba, o Curso de Licenciatura em Matem\u00e1tica do Centro de Ci\u00eancia Exatas e Sociais Aplicadas (CCEA), Campus VII (Patos-PB), comemora, neste ano, 10 anos do in\u00edcio de suas atividades com o ingresso da primeira turma de licenciados. Desde\u2026","rel":"","context":"Em &quot;Agend Not\u00edcias Destaque&quot;","block_context":{"text":"Agend Not\u00edcias Destaque","link":"https:\/\/centros.uepb.edu.br\/ccea\/category\/agend-noticias-destaque\/"},"img":{"alt_text":"","src":"https:\/\/i0.wp.com\/centros.uepb.edu.br\/ccea\/files\/2022\/11\/banner_even3_a-300x120.png?resize=350%2C200&ssl=1","width":350,"height":200},"classes":[]},{"id":1022,"url":"https:\/\/centros.uepb.edu.br\/ccea\/2018\/05\/08\/coordenacao-de-administracao-do-ccea-informa-universitarios-sobre-correcao-e-entrega-de-historico-academico\/","url_meta":{"origin":1102,"position":2},"title":"Curso de Administra\u00e7\u00e3o do CCEA convoca formandos para substitui\u00e7\u00e3o de hist\u00f3rico acad\u00eamico","author":"tatiany","date":"8 de maio de 2018","format":false,"excerpt":"A coordena\u00e7\u00e3o do curso de Administra\u00e7\u00e3o do Centro de Ci\u00eancias Exatas e Sociais Aplicadas (CCEA), C\u00e2mpus VII da Universidade Estadual da Para\u00edba (UEPB), em Patos, comunica aos formandos que tiveram o hist\u00f3rico acad\u00eamico emitido com diverg\u00eancia na carga hor\u00e1ria cursada que o equ\u00edvoco de informa\u00e7\u00e3o j\u00e1 foi corrigido e solicita\u2026","rel":"","context":"Em &quot;CCEA&quot;","block_context":{"text":"CCEA","link":"https:\/\/centros.uepb.edu.br\/ccea\/category\/ccea\/"},"img":{"alt_text":"","src":"","width":0,"height":0},"classes":[]},{"id":2286,"url":"https:\/\/centros.uepb.edu.br\/ccea\/2024\/05\/07\/ii-coloquio-de-praticas-docentes-e-estagio-supervisionado-esta-com-inscricoes-abertas\/","url_meta":{"origin":1102,"position":3},"title":"II Col\u00f3quio de Pr\u00e1ticas Docentes e Est\u00e1gio Supervisionado est\u00e1 com inscri\u00e7\u00f5es abertas","author":"olivio","date":"7 de maio de 2024","format":false,"excerpt":"O II Col\u00f3quio de Pr\u00e1ticas Docentes e Est\u00e1gio Supervisionado (COPRADES) ser\u00e1 realizado nos dias 27 e 28 de maio de 2024. Este evento tem como objetivo fortalecer o di\u00e1logo entre universidade e escola no que diz respeito \u00e0 forma\u00e7\u00e3o inicial de professores e professoras de Matem\u00e1tica, proporcionando uma atividade coletiva\u2026","rel":"","context":"Em &quot;Agend Not\u00edcias Destaque&quot;","block_context":{"text":"Agend Not\u00edcias Destaque","link":"https:\/\/centros.uepb.edu.br\/ccea\/category\/agend-noticias-destaque\/"},"img":{"alt_text":"","src":"https:\/\/i0.wp.com\/centros.uepb.edu.br\/ccea\/files\/2024\/05\/caderno_coprades2a-300x212.png?resize=350%2C200&ssl=1","width":350,"height":200},"classes":[]},{"id":916,"url":"https:\/\/centros.uepb.edu.br\/ccea\/2018\/03\/19\/coordenacao-de-monitoria-e-estagio-do-ccea-retificou-o-resultado-final-da-selecao-de-monitores-2017-2\/","url_meta":{"origin":1102,"position":4},"title":"Coordena\u00e7\u00e3o de Monitoria e Est\u00e1gio do CCEA retifica resultado final da Sele\u00e7\u00e3o de Monitores 2017.2","author":"tatiany","date":"19 de mar\u00e7o de 2018","format":false,"excerpt":"A Coordena\u00e7\u00e3o de Monitoria e Est\u00e1gio retificou o resultado final do Processo Seletivo de Monitores para o per\u00edodo letivo 2017.2, dos cursos de Administra\u00e7\u00e3o e Matem\u00e1tica, divulgado na \u00faltima sexta-feira (16). Acesse: Resultado Final Retificado Administra\u00e7\u00e3o Resultado Final Retificado Matem\u00e1tica \u00a0","rel":"","context":"Em &quot;CCEA&quot;","block_context":{"text":"CCEA","link":"https:\/\/centros.uepb.edu.br\/ccea\/category\/ccea\/"},"img":{"alt_text":"","src":"","width":0,"height":0},"classes":[]},{"id":1254,"url":"https:\/\/centros.uepb.edu.br\/ccea\/2019\/04\/11\/concluinte-de-matematica-do-campus-de-patos-tem-trabalho-publicado-em-periodico-reconhecido-pela-capes\/","url_meta":{"origin":1102,"position":5},"title":"Concluinte de Matem\u00e1tica do C\u00e2mpus de Patos tem trabalho publicado em peri\u00f3dico reconhecido pela Capes","author":"tatiana","date":"11 de abril de 2019","format":false,"excerpt":"Uma pesquisa desenvolvida como Trabalho de Conclus\u00e3o de Curso (TCC) por um alundo do Curso de Matem\u00e1tica do Centro de Ci\u00eancias Exatas e Sociais Aplicadas (CCEA) da Universidade Estadual da Para\u00edba (UEPB), em Patos, foi publicado em um peri\u00f3dico online reconhecido pela Coordena\u00e7\u00e3o de Aperfei\u00e7oamento de Pessoal de N\u00edvel Superior\u2026","rel":"","context":"Em &quot;CCEA&quot;","block_context":{"text":"CCEA","link":"https:\/\/centros.uepb.edu.br\/ccea\/category\/ccea\/"},"img":{"alt_text":"","src":"","width":0,"height":0},"classes":[]}],"_links":{"self":[{"href":"https:\/\/centros.uepb.edu.br\/ccea\/wp-json\/wp\/v2\/posts\/1102","targetHints":{"allow":["GET"]}}],"collection":[{"href":"https:\/\/centros.uepb.edu.br\/ccea\/wp-json\/wp\/v2\/posts"}],"about":[{"href":"https:\/\/centros.uepb.edu.br\/ccea\/wp-json\/wp\/v2\/types\/post"}],"author":[{"embeddable":true,"href":"https:\/\/centros.uepb.edu.br\/ccea\/wp-json\/wp\/v2\/users\/33"}],"replies":[{"embeddable":true,"href":"https:\/\/centros.uepb.edu.br\/ccea\/wp-json\/wp\/v2\/comments?post=1102"}],"version-history":[{"count":0,"href":"https:\/\/centros.uepb.edu.br\/ccea\/wp-json\/wp\/v2\/posts\/1102\/revisions"}],"wp:attachment":[{"href":"https:\/\/centros.uepb.edu.br\/ccea\/wp-json\/wp\/v2\/media?parent=1102"}],"wp:term":[{"taxonomy":"category","embeddable":true,"href":"https:\/\/centros.uepb.edu.br\/ccea\/wp-json\/wp\/v2\/categories?post=1102"},{"taxonomy":"post_tag","embeddable":true,"href":"https:\/\/centros.uepb.edu.br\/ccea\/wp-json\/wp\/v2\/tags?post=1102"}],"curies":[{"name":"wp","href":"https:\/\/api.w.org\/{rel}","templated":true}]}}