{"id":1083,"date":"2018-06-07T18:26:22","date_gmt":"2018-06-07T18:26:22","guid":{"rendered":"https:\/\/centros.uepb.edu.br\/ccea\/?p=1083"},"modified":"2018-06-07T19:11:47","modified_gmt":"2018-06-07T19:11:47","slug":"pesquisadora-da-universidade-estadual-da-paraiba-utiliza-dados-matematicos-no-tratamento-de-combate-ao-cancer","status":"publish","type":"post","link":"https:\/\/centros.uepb.edu.br\/ccea\/2018\/06\/07\/pesquisadora-da-universidade-estadual-da-paraiba-utiliza-dados-matematicos-no-tratamento-de-combate-ao-cancer\/","title":{"rendered":"Pesquisadora da Universidade Estadual da Para\u00edba utiliza dados matem\u00e1ticos no tratamento de combate ao c\u00e2ncer"},"content":{"rendered":"\n\t\t<style type=\"text\/css\">\n\t\t\t#gallery-1 {\n\t\t\t\tmargin: auto;\n\t\t\t}\n\t\t\t#gallery-1 .gallery-item {\n\t\t\t\tfloat: left;\n\t\t\t\tmargin-top: 10px;\n\t\t\t\ttext-align: center;\n\t\t\t\twidth: 33%;\n\t\t\t}\n\t\t\t#gallery-1 img {\n\t\t\t\tborder: 2px solid #cfcfcf;\n\t\t\t}\n\t\t\t#gallery-1 .gallery-caption {\n\t\t\t\tmargin-left: 0;\n\t\t\t}\n\t\t\t\/* see gallery_shortcode() in wp-includes\/media.php *\/\n\t\t<\/style>\n\t\t<div id='gallery-1' class='gallery galleryid-1083 gallery-columns-3 gallery-size-full'><dl class='gallery-item'>\n\t\t\t<dt class='gallery-icon portrait'>\n\t\t\t\t<a href='https:\/\/centros.uepb.edu.br\/ccea\/2018\/06\/07\/pesquisadora-da-universidade-estadual-da-paraiba-utiliza-dados-matematicos-no-tratamento-de-combate-ao-cancer\/tatiana-rocha-patos-1\/'><img loading=\"lazy\" decoding=\"async\" width=\"768\" height=\"960\" src=\"https:\/\/centros.uepb.edu.br\/ccea\/files\/2018\/06\/Tatiana-Rocha-Patos-1.jpg\" class=\"attachment-full size-full\" alt=\"\" srcset=\"https:\/\/centros.uepb.edu.br\/ccea\/files\/2018\/06\/Tatiana-Rocha-Patos-1.jpg 768w, https:\/\/centros.uepb.edu.br\/ccea\/files\/2018\/06\/Tatiana-Rocha-Patos-1-240x300.jpg 240w, https:\/\/centros.uepb.edu.br\/ccea\/files\/2018\/06\/Tatiana-Rocha-Patos-1-370x463.jpg 370w\" sizes=\"auto, (max-width: 768px) 100vw, 768px\" \/><\/a>\n\t\t\t<\/dt><\/dl><dl class='gallery-item'>\n\t\t\t<dt class='gallery-icon portrait'>\n\t\t\t\t<a href='https:\/\/centros.uepb.edu.br\/ccea\/2018\/06\/07\/pesquisadora-da-universidade-estadual-da-paraiba-utiliza-dados-matematicos-no-tratamento-de-combate-ao-cancer\/tatiana-rocha-patos-2\/'><img loading=\"lazy\" decoding=\"async\" width=\"960\" height=\"1280\" src=\"https:\/\/centros.uepb.edu.br\/ccea\/files\/2018\/06\/Tatiana-Rocha-Patos-2.jpg\" class=\"attachment-full size-full\" alt=\"\" srcset=\"https:\/\/centros.uepb.edu.br\/ccea\/files\/2018\/06\/Tatiana-Rocha-Patos-2.jpg 960w, https:\/\/centros.uepb.edu.br\/ccea\/files\/2018\/06\/Tatiana-Rocha-Patos-2-225x300.jpg 225w, https:\/\/centros.uepb.edu.br\/ccea\/files\/2018\/06\/Tatiana-Rocha-Patos-2-768x1024.jpg 768w, https:\/\/centros.uepb.edu.br\/ccea\/files\/2018\/06\/Tatiana-Rocha-Patos-2-370x493.jpg 370w, https:\/\/centros.uepb.edu.br\/ccea\/files\/2018\/06\/Tatiana-Rocha-Patos-2-840x1120.jpg 840w\" sizes=\"auto, (max-width: 960px) 100vw, 960px\" \/><\/a>\n\t\t\t<\/dt><\/dl><dl class='gallery-item'>\n\t\t\t<dt class='gallery-icon landscape'>\n\t\t\t\t<a href='https:\/\/centros.uepb.edu.br\/ccea\/2018\/06\/07\/pesquisadora-da-universidade-estadual-da-paraiba-utiliza-dados-matematicos-no-tratamento-de-combate-ao-cancer\/tatiana-rocha-patos-3\/'><img loading=\"lazy\" decoding=\"async\" width=\"840\" height=\"454\" src=\"https:\/\/centros.uepb.edu.br\/ccea\/files\/2018\/06\/Tatiana-Rocha-Patos-3.jpg\" class=\"attachment-full size-full\" alt=\"\" srcset=\"https:\/\/centros.uepb.edu.br\/ccea\/files\/2018\/06\/Tatiana-Rocha-Patos-3.jpg 840w, https:\/\/centros.uepb.edu.br\/ccea\/files\/2018\/06\/Tatiana-Rocha-Patos-3-300x162.jpg 300w, https:\/\/centros.uepb.edu.br\/ccea\/files\/2018\/06\/Tatiana-Rocha-Patos-3-768x415.jpg 768w, https:\/\/centros.uepb.edu.br\/ccea\/files\/2018\/06\/Tatiana-Rocha-Patos-3-370x200.jpg 370w\" sizes=\"auto, (max-width: 840px) 100vw, 840px\" \/><\/a>\n\t\t\t<\/dt><\/dl><br style=\"clear: both\" \/><dl class='gallery-item'>\n\t\t\t<dt class='gallery-icon portrait'>\n\t\t\t\t<a href='https:\/\/centros.uepb.edu.br\/ccea\/2018\/06\/07\/pesquisadora-da-universidade-estadual-da-paraiba-utiliza-dados-matematicos-no-tratamento-de-combate-ao-cancer\/tatiana-rocha-patos-4\/'><img loading=\"lazy\" decoding=\"async\" width=\"720\" height=\"960\" src=\"https:\/\/centros.uepb.edu.br\/ccea\/files\/2018\/06\/Tatiana-Rocha-Patos-4.jpg\" class=\"attachment-full size-full\" alt=\"\" srcset=\"https:\/\/centros.uepb.edu.br\/ccea\/files\/2018\/06\/Tatiana-Rocha-Patos-4.jpg 720w, https:\/\/centros.uepb.edu.br\/ccea\/files\/2018\/06\/Tatiana-Rocha-Patos-4-225x300.jpg 225w, https:\/\/centros.uepb.edu.br\/ccea\/files\/2018\/06\/Tatiana-Rocha-Patos-4-370x493.jpg 370w\" sizes=\"auto, (max-width: 720px) 100vw, 720px\" \/><\/a>\n\t\t\t<\/dt><\/dl><dl class='gallery-item'>\n\t\t\t<dt class='gallery-icon landscape'>\n\t\t\t\t<a href='https:\/\/centros.uepb.edu.br\/ccea\/2018\/06\/07\/pesquisadora-da-universidade-estadual-da-paraiba-utiliza-dados-matematicos-no-tratamento-de-combate-ao-cancer\/tatiana-rocha-patos-5\/'><img loading=\"lazy\" decoding=\"async\" width=\"750\" height=\"564\" src=\"https:\/\/centros.uepb.edu.br\/ccea\/files\/2018\/06\/Tatiana-Rocha-Patos-5.jpg\" class=\"attachment-full size-full\" alt=\"\" srcset=\"https:\/\/centros.uepb.edu.br\/ccea\/files\/2018\/06\/Tatiana-Rocha-Patos-5.jpg 750w, https:\/\/centros.uepb.edu.br\/ccea\/files\/2018\/06\/Tatiana-Rocha-Patos-5-300x226.jpg 300w, https:\/\/centros.uepb.edu.br\/ccea\/files\/2018\/06\/Tatiana-Rocha-Patos-5-370x278.jpg 370w\" sizes=\"auto, (max-width: 750px) 100vw, 750px\" \/><\/a>\n\t\t\t<\/dt><\/dl><dl class='gallery-item'>\n\t\t\t<dt class='gallery-icon portrait'>\n\t\t\t\t<a href='https:\/\/centros.uepb.edu.br\/ccea\/2018\/06\/07\/pesquisadora-da-universidade-estadual-da-paraiba-utiliza-dados-matematicos-no-tratamento-de-combate-ao-cancer\/tatiana-rocha-patos-6\/'><img loading=\"lazy\" decoding=\"async\" width=\"962\" height=\"1280\" src=\"https:\/\/centros.uepb.edu.br\/ccea\/files\/2018\/06\/Tatiana-Rocha-Patos-6.jpg\" class=\"attachment-full size-full\" alt=\"\" srcset=\"https:\/\/centros.uepb.edu.br\/ccea\/files\/2018\/06\/Tatiana-Rocha-Patos-6.jpg 962w, https:\/\/centros.uepb.edu.br\/ccea\/files\/2018\/06\/Tatiana-Rocha-Patos-6-225x300.jpg 225w, https:\/\/centros.uepb.edu.br\/ccea\/files\/2018\/06\/Tatiana-Rocha-Patos-6-768x1022.jpg 768w, https:\/\/centros.uepb.edu.br\/ccea\/files\/2018\/06\/Tatiana-Rocha-Patos-6-770x1024.jpg 770w, https:\/\/centros.uepb.edu.br\/ccea\/files\/2018\/06\/Tatiana-Rocha-Patos-6-370x492.jpg 370w, https:\/\/centros.uepb.edu.br\/ccea\/files\/2018\/06\/Tatiana-Rocha-Patos-6-840x1118.jpg 840w\" sizes=\"auto, (max-width: 962px) 100vw, 962px\" \/><\/a>\n\t\t\t<\/dt><\/dl><br style=\"clear: both\" \/><dl class='gallery-item'>\n\t\t\t<dt class='gallery-icon landscape'>\n\t\t\t\t<a href='https:\/\/centros.uepb.edu.br\/ccea\/2018\/06\/07\/pesquisadora-da-universidade-estadual-da-paraiba-utiliza-dados-matematicos-no-tratamento-de-combate-ao-cancer\/tatiana-rocha-patos-7\/'><img loading=\"lazy\" decoding=\"async\" width=\"1280\" height=\"958\" src=\"https:\/\/centros.uepb.edu.br\/ccea\/files\/2018\/06\/Tatiana-Rocha-Patos-7.jpg\" class=\"attachment-full size-full\" alt=\"\" srcset=\"https:\/\/centros.uepb.edu.br\/ccea\/files\/2018\/06\/Tatiana-Rocha-Patos-7.jpg 1280w, https:\/\/centros.uepb.edu.br\/ccea\/files\/2018\/06\/Tatiana-Rocha-Patos-7-300x225.jpg 300w, https:\/\/centros.uepb.edu.br\/ccea\/files\/2018\/06\/Tatiana-Rocha-Patos-7-768x575.jpg 768w, https:\/\/centros.uepb.edu.br\/ccea\/files\/2018\/06\/Tatiana-Rocha-Patos-7-1024x766.jpg 1024w, https:\/\/centros.uepb.edu.br\/ccea\/files\/2018\/06\/Tatiana-Rocha-Patos-7-370x277.jpg 370w, https:\/\/centros.uepb.edu.br\/ccea\/files\/2018\/06\/Tatiana-Rocha-Patos-7-840x629.jpg 840w\" sizes=\"auto, (max-width: 1280px) 100vw, 1280px\" \/><\/a>\n\t\t\t<\/dt><\/dl><dl class='gallery-item'>\n\t\t\t<dt class='gallery-icon landscape'>\n\t\t\t\t<a href='https:\/\/centros.uepb.edu.br\/ccea\/2018\/06\/07\/pesquisadora-da-universidade-estadual-da-paraiba-utiliza-dados-matematicos-no-tratamento-de-combate-ao-cancer\/tatiana-rocha-patos-8\/'><img loading=\"lazy\" decoding=\"async\" width=\"1080\" height=\"1079\" src=\"https:\/\/centros.uepb.edu.br\/ccea\/files\/2018\/06\/Tatiana-Rocha-Patos-8.jpg\" class=\"attachment-full size-full\" alt=\"\" srcset=\"https:\/\/centros.uepb.edu.br\/ccea\/files\/2018\/06\/Tatiana-Rocha-Patos-8.jpg 1080w, https:\/\/centros.uepb.edu.br\/ccea\/files\/2018\/06\/Tatiana-Rocha-Patos-8-150x150.jpg 150w, https:\/\/centros.uepb.edu.br\/ccea\/files\/2018\/06\/Tatiana-Rocha-Patos-8-300x300.jpg 300w, https:\/\/centros.uepb.edu.br\/ccea\/files\/2018\/06\/Tatiana-Rocha-Patos-8-768x767.jpg 768w, https:\/\/centros.uepb.edu.br\/ccea\/files\/2018\/06\/Tatiana-Rocha-Patos-8-1024x1024.jpg 1024w, https:\/\/centros.uepb.edu.br\/ccea\/files\/2018\/06\/Tatiana-Rocha-Patos-8-370x370.jpg 370w, https:\/\/centros.uepb.edu.br\/ccea\/files\/2018\/06\/Tatiana-Rocha-Patos-8-840x839.jpg 840w\" sizes=\"auto, (max-width: 1080px) 100vw, 1080px\" \/><\/a>\n\t\t\t<\/dt><\/dl><dl class='gallery-item'>\n\t\t\t<dt class='gallery-icon landscape'>\n\t\t\t\t<a href='https:\/\/centros.uepb.edu.br\/ccea\/2018\/06\/07\/pesquisadora-da-universidade-estadual-da-paraiba-utiliza-dados-matematicos-no-tratamento-de-combate-ao-cancer\/tatiana-rocha-patos-9\/'><img loading=\"lazy\" decoding=\"async\" width=\"1080\" height=\"1079\" src=\"https:\/\/centros.uepb.edu.br\/ccea\/files\/2018\/06\/Tatiana-Rocha-Patos-9.jpg\" class=\"attachment-full size-full\" alt=\"\" srcset=\"https:\/\/centros.uepb.edu.br\/ccea\/files\/2018\/06\/Tatiana-Rocha-Patos-9.jpg 1080w, https:\/\/centros.uepb.edu.br\/ccea\/files\/2018\/06\/Tatiana-Rocha-Patos-9-150x150.jpg 150w, https:\/\/centros.uepb.edu.br\/ccea\/files\/2018\/06\/Tatiana-Rocha-Patos-9-300x300.jpg 300w, https:\/\/centros.uepb.edu.br\/ccea\/files\/2018\/06\/Tatiana-Rocha-Patos-9-768x767.jpg 768w, https:\/\/centros.uepb.edu.br\/ccea\/files\/2018\/06\/Tatiana-Rocha-Patos-9-1024x1024.jpg 1024w, https:\/\/centros.uepb.edu.br\/ccea\/files\/2018\/06\/Tatiana-Rocha-Patos-9-370x370.jpg 370w, https:\/\/centros.uepb.edu.br\/ccea\/files\/2018\/06\/Tatiana-Rocha-Patos-9-840x839.jpg 840w\" sizes=\"auto, (max-width: 1080px) 100vw, 1080px\" \/><\/a>\n\t\t\t<\/dt><\/dl><br style=\"clear: both\" \/><dl class='gallery-item'>\n\t\t\t<dt class='gallery-icon landscape'>\n\t\t\t\t<a href='https:\/\/centros.uepb.edu.br\/ccea\/2018\/06\/07\/pesquisadora-da-universidade-estadual-da-paraiba-utiliza-dados-matematicos-no-tratamento-de-combate-ao-cancer\/tatiana-rocha-patos-10\/'><img loading=\"lazy\" decoding=\"async\" width=\"901\" height=\"640\" src=\"https:\/\/centros.uepb.edu.br\/ccea\/files\/2018\/06\/Tatiana-Rocha-Patos-10.jpg\" class=\"attachment-full size-full\" alt=\"\" srcset=\"https:\/\/centros.uepb.edu.br\/ccea\/files\/2018\/06\/Tatiana-Rocha-Patos-10.jpg 901w, https:\/\/centros.uepb.edu.br\/ccea\/files\/2018\/06\/Tatiana-Rocha-Patos-10-300x213.jpg 300w, https:\/\/centros.uepb.edu.br\/ccea\/files\/2018\/06\/Tatiana-Rocha-Patos-10-768x546.jpg 768w, https:\/\/centros.uepb.edu.br\/ccea\/files\/2018\/06\/Tatiana-Rocha-Patos-10-370x263.jpg 370w, https:\/\/centros.uepb.edu.br\/ccea\/files\/2018\/06\/Tatiana-Rocha-Patos-10-840x597.jpg 840w\" sizes=\"auto, (max-width: 901px) 100vw, 901px\" \/><\/a>\n\t\t\t<\/dt><\/dl><dl class='gallery-item'>\n\t\t\t<dt class='gallery-icon portrait'>\n\t\t\t\t<a href='https:\/\/centros.uepb.edu.br\/ccea\/2018\/06\/07\/pesquisadora-da-universidade-estadual-da-paraiba-utiliza-dados-matematicos-no-tratamento-de-combate-ao-cancer\/tatiana-rocha-patos-11\/'><img loading=\"lazy\" decoding=\"async\" width=\"1020\" height=\"1280\" src=\"https:\/\/centros.uepb.edu.br\/ccea\/files\/2018\/06\/Tatiana-Rocha-Patos-11.jpg\" class=\"attachment-full size-full\" alt=\"\" srcset=\"https:\/\/centros.uepb.edu.br\/ccea\/files\/2018\/06\/Tatiana-Rocha-Patos-11.jpg 1020w, https:\/\/centros.uepb.edu.br\/ccea\/files\/2018\/06\/Tatiana-Rocha-Patos-11-239x300.jpg 239w, https:\/\/centros.uepb.edu.br\/ccea\/files\/2018\/06\/Tatiana-Rocha-Patos-11-768x964.jpg 768w, https:\/\/centros.uepb.edu.br\/ccea\/files\/2018\/06\/Tatiana-Rocha-Patos-11-816x1024.jpg 816w, https:\/\/centros.uepb.edu.br\/ccea\/files\/2018\/06\/Tatiana-Rocha-Patos-11-370x464.jpg 370w, https:\/\/centros.uepb.edu.br\/ccea\/files\/2018\/06\/Tatiana-Rocha-Patos-11-840x1054.jpg 840w\" sizes=\"auto, (max-width: 1020px) 100vw, 1020px\" \/><\/a>\n\t\t\t<\/dt><\/dl><dl class='gallery-item'>\n\t\t\t<dt class='gallery-icon portrait'>\n\t\t\t\t<a href='https:\/\/centros.uepb.edu.br\/ccea\/2018\/06\/07\/pesquisadora-da-universidade-estadual-da-paraiba-utiliza-dados-matematicos-no-tratamento-de-combate-ao-cancer\/tatiana-rocha-patos-12\/'><img loading=\"lazy\" decoding=\"async\" width=\"962\" height=\"1280\" src=\"https:\/\/centros.uepb.edu.br\/ccea\/files\/2018\/06\/Tatiana-Rocha-Patos-12.jpg\" class=\"attachment-full size-full\" alt=\"\" srcset=\"https:\/\/centros.uepb.edu.br\/ccea\/files\/2018\/06\/Tatiana-Rocha-Patos-12.jpg 962w, https:\/\/centros.uepb.edu.br\/ccea\/files\/2018\/06\/Tatiana-Rocha-Patos-12-225x300.jpg 225w, https:\/\/centros.uepb.edu.br\/ccea\/files\/2018\/06\/Tatiana-Rocha-Patos-12-768x1022.jpg 768w, https:\/\/centros.uepb.edu.br\/ccea\/files\/2018\/06\/Tatiana-Rocha-Patos-12-770x1024.jpg 770w, https:\/\/centros.uepb.edu.br\/ccea\/files\/2018\/06\/Tatiana-Rocha-Patos-12-370x492.jpg 370w, https:\/\/centros.uepb.edu.br\/ccea\/files\/2018\/06\/Tatiana-Rocha-Patos-12-840x1118.jpg 840w\" sizes=\"auto, (max-width: 962px) 100vw, 962px\" \/><\/a>\n\t\t\t<\/dt><\/dl><br style=\"clear: both\" \/>\n\t\t<\/div>\n\n<p>Um dos problemas de sa\u00fade mais conhecidos e receados atualmente \u00e9 o c\u00e2ncer, doen\u00e7a em que as c\u00e9lulas an\u00f4malas se dividem de forma ind\u00f4mita e destroem o tecido do corpo. As causas podem ser externas ou internas ao organismo e ambas est\u00e3o inter-relacionadas, podendo interagir, aumentando a probabilidade de transforma\u00e7\u00f5es nas c\u00e9lulas.\u00a0 Isso explica o motivo pelo qual pesquisadores de todo o mundo se debru\u00e7am sobre o estudo das diversas formas de tratamento para fins curativos ou controle de sintomas da doen\u00e7a.<\/p>\n<p>Diante disso, a pesquisadora Tatiana Rocha de Souza, professora do curso de Licenciatura em Matem\u00e1tica do Centro de Ci\u00eancias Exatas e Sociais Aplicadas (CCEA), da Universidade Estadual da Para\u00edba (UEPB), amante da ci\u00eancia do racioc\u00ednio l\u00f3gico e abstrato,\u00a0preocupada em mostrar a import\u00e2ncia da medicina integrativa ao tratamento contra o c\u00e2ncer, defendeu, no dia 18 de maio, a sua tese de doutorado em matem\u00e1tica aplicada \u201cDin\u00e2mica tumoral e a no\u00e9tica\u201d, pelo Instituto de Matem\u00e1tica, Estat\u00edstica e Computa\u00e7\u00e3o Cient\u00edfica da Universidade Estadual de Campinas (Unicamp).<\/p>\n<p>A tese, em resumo, trata de modelagens e simula\u00e7\u00f5es do comportamento tumoral considerando al\u00e9m das interven\u00e7\u00f5es padr\u00f5es, como a quimioter\u00e1pica, as interven\u00e7\u00f5es integrativas. \u201cHoje tem crescido consideravelmente os estudos que comprovam que, associado aos tratamentos padr\u00f5es, os tratamentos integrativos vem ajudando no que diz respeito a qualidade de vida e resultados cl\u00ednicos dos paciente oncol\u00f3gicos. No Brasil, ainda existem muitas resist\u00eancias para agregar este tipo de tratamento ao tradicional. Tentamos mostrar matematicamente, atrav\u00e9s de simula\u00e7\u00f5es, como seria a interfer\u00eancia destes tratamentos complementares na din\u00e2mica do tumor\u201d, destacou a professora.<\/p>\n<p>Tatiana Rocha explicou que o modelo utilizado para descrever a din\u00e2mica do tumor foi o de Gompertz, com acr\u00e9scimos de termos e equa\u00e7\u00f5es para simular a presen\u00e7a de c\u00e9lulas resistentes e a interfer\u00eancia no\u00e9tica foi descrita pelo efeito Allee. Posteriormente foram usados alguns funcionais para simular o controle \u00f3timo do tratamento.<\/p>\n<p>Paciente oncol\u00f3gica desde 2011, Tatiana contou que a motiva\u00e7\u00e3o para trabalhar na matem\u00e1tica aplicada ao c\u00e2ncer veio ap\u00f3s a descoberta da doen\u00e7a.\u00a0 \u201cEu quis aprofundar os estudos sobre o c\u00e2ncer, n\u00e3o apenas para entender o que estava passando, mas para tentar ajudar outros pacientes que estivessem enfrentando o mesmo problema. A integra\u00e7\u00e3o da no\u00e9tica surgiu no decorrer da pesquisa quando, durante o tratamento, fui apresentada \u00e0 medicina integrativa, vendo os benef\u00edcios em mim mesma, decidi tentar retratar isto nos meus modelos\u201d.<\/p>\n<p>Tatiana descobriu o c\u00e2ncer colorretal quando j\u00e1 se encontrava com met\u00e1stase hep\u00e1tica. Submeteu-se a cirurgia para retirada de aproximadamente 50 cm do intestino, parte do f\u00edgado e ves\u00edcula, al\u00e9m de 12 sess\u00f5es de quimioterapia, encerrando o tratamento em 2012. \u00a0Em 2014, apenas um m\u00eas ap\u00f3s ter chegado em Campinas, para iniciar o doutorado, a pesquisadora descobriu a reincid\u00eancia da doen\u00e7a com uma met\u00e1stase pulmonar. Dois tumores foram retirados e mais 12 sess\u00f5es quimioterapias realizadas. Em 2015 Tatiana pode novamente encerrar o tratamento.<\/p>\n<p>No ano de 2016 uma nova met\u00e1stase pulmonar foi identificada, com 8 tumores espalhados nos 2 pulm\u00f5es. \u201cForam mais 11 sess\u00f5es quimioter\u00e1picas com a administra\u00e7\u00e3o de uma droga que ocasionou rea\u00e7\u00f5es al\u00e9rgicas, modificamos a droga, e ap\u00f3s mais 31 aplica\u00e7\u00f5es quimioter\u00e1picas descobrimos que eu tinha criado resist\u00eancia e com isso meus tumores tinham aumentado e novos tumores surgido, hoje s\u00e3o tantos n\u00f3dulos que os m\u00e9dicos apenas descrevem como m\u00faltiplos n\u00f3dulos nos dois pulm\u00f5es. Com isso mudamos mais uma vez de quimioterapia, fazendo at\u00e9 a defesa da tese mais 3 quimioterapias com este novo f\u00e1rmaco, tendo feito, apenas durante o doutorado, 57 quimioterapias, al\u00e9m das cirurgias\u201d, descreveu Tatiana.<\/p>\n<p>A professora discorreu ainda acerca do enfrentamento cl\u00ednico e emocional desde a identifica\u00e7\u00e3o da doen\u00e7a e relembrou do momento em que recebeu o diagn\u00f3stico do c\u00e2ncer. \u201cMeu maior choque ocorreu quando fiz a colonoscopia e com as pesquisas sobre os termos t\u00e9cnicos presentes no laudo eu me deparei com o nome c\u00e2ncer pela primeira vez. Desta forma, quando recebi de fato o diagn\u00f3stico eu j\u00e1 estava preparada\u201d.<\/p>\n<p>Em seu relato Tatiana disse que durante o primeiro tratamento, entre 2011 e 2012, precisou se afastar das atividades acad\u00eamicas, viveu 24 horas a doen\u00e7a, teve todas as rea\u00e7\u00f5es cl\u00ednicas esperadas, enjoos, v\u00f4mitos, dores, mas nunca imaginou que fosse morrer, sempre teve f\u00e9 e apoio para seguir. A professora destacou ainda que com a decis\u00e3o de estudar sobre o assunto, quando veio o segundo tratamento, entre 2014 e 2015, j\u00e1 pode sentir uma melhora significativa.<\/p>\n<p>\u201cAcho que o ditado \u2018mente vazia, oficina do diabo\u2019 poderia descrever bem o que vivenciei ao comparar os dois tratamentos, costumava dizer que, quando n\u00e3o estava fazendo quimioterapia tinha tanta coisa para fazer na universidade, tanta mat\u00e9ria para recuperar (do per\u00edodo que me afastava para tratamento) que n\u00e3o tinha tempo para lembrar que estava doente\u201d.<\/p>\n<p>Tatiana contou ainda que durante a \u00faltima fase do tratamento, iniciado em 2016 e realizado at\u00e9 os dias atuais, j\u00e1 consegue ver nitidamente a efici\u00eancia da medicina integrativa, uma vez que utiliza a mesma medica\u00e7\u00e3o utilizada nos outros tratamentos e que n\u00e3o s\u00f3 n\u00e3o sentia os efeitos, como havia deixado de tomar as medica\u00e7\u00f5es para eles enquanto estava de repouso ap\u00f3s a quimioterapia.<\/p>\n<p>\u201cHoje, apesar das in\u00fameras quimioterapias, tenho uma vida ativa praticamente normal, com viagens, passeios, estudos, frequento ambientes fechados como restaurantes, teatro, entre outros. Ent\u00e3o, hoje, acho que estou na minha melhor fase mental desde que descobri o c\u00e2ncer.<\/p>\n<p>De acordo com a pesquisadora o m\u00e9todo e o caminho seguidos para realizar a pesquisa acabou nascendo junto com o seu tratamento. \u201cIniciamos com a ideia de estudar a din\u00e2mica do tumor e inserir nas incertezas dos par\u00e2metros a teoria Fuzzy, mas os caminhos da pesquisa foram se moldando com os meus pr\u00f3prios resultados\u201d, relatou.<\/p>\n<p>Questionada sobre os par\u00e2metros para an\u00e1lise da progress\u00e3o e redu\u00e7\u00e3o na evolu\u00e7\u00e3o celular tumoral Tatiana ressaltou que foram levados em considera\u00e7\u00e3o principalmente a taxa de crescimento do tumor, sua quantidade celular inicial, ao ser descoberto, a capacidade de suporte, quantidade de c\u00e9lulas resistentes e sua taxa de crescimento, o limiar no\u00e9tico (que desenvolveu para medir a interfer\u00eancia do corpo \u00e0 din\u00e2mica do tumor) e a taxa de matan\u00e7a da aplica\u00e7\u00e3o quimioter\u00e1pica. Todos os resultados foram obtidos atrav\u00e9s de simula\u00e7\u00f5es num\u00e9ricas com par\u00e2metros reais e simulados diante da teoria desenvolvida.<\/p>\n<p>Tatiana destacou os benef\u00edcios da pesquisa e a import\u00e2ncia dos resultados para os pacientes oncol\u00f3gicos. \u201cA ci\u00eancia no\u00e9tica vem comprovando o poder da mente sobre o pr\u00f3prio corpo. Estudos v\u00eam mostrando que somos capazes de potencializar a atua\u00e7\u00e3o das c\u00e9lulas do sistema imune no combate \u00e0s c\u00e9lulas cancer\u00edgenas. Tamb\u00e9m j\u00e1 foi provado que em alguns casos as c\u00e9lulas tumorais conseguem se camuflar fazendo com que as c\u00e9lulas combatentes n\u00e3o as reconhe\u00e7am como invasoras. A no\u00e9tica prega a teoria de que somos capazes de modificar este quadro, ensinando nossas pr\u00f3prias c\u00e9lulas a atacar as invasoras. A medicina integrativa atua principalmente no fortalecimento do sistema imune do paciente oncol\u00f3gico. Acho que a maior contribui\u00e7\u00e3o da minha pesquisa \u00e9 a dissemina\u00e7\u00e3o da medicina oncol\u00f3gica integrativa que j\u00e1 vem mostrando excelentes resultados pelo mundo e ainda \u00e9 pouco utilizada no Brasil\u201d.<\/p>\n<p>Sobre as conclus\u00f5es a que chegou, a pesquisadora afirmou que o resultado mais relevante \u00e9 de que a medicina integrativa contribui para a melhoria da qualidade de vida dos pacientes e atua diretamente no sistema imune, podendo potencializ\u00e1-lo, o que \u00e9 de extrema import\u00e2ncia, principalmente no p\u00f3s-tratamento, para que o paciente possa continuar o decrescimento tumoral, n\u00e3o mais vis\u00edvel ao olho humano, at\u00e9 zer\u00e1-lo, obtendo a cura. \u201cCom esses resultados mostramos que apenas um tratamento quimioter\u00e1pico n\u00e3o \u00e9 suficiente para a obten\u00e7\u00e3o da cura, que \u00e9 preciso a colabora\u00e7\u00e3o do corpo e do sistema imune e quanto melhor estive o sistema imune, melhores resultados teremos\u201d, destacou .<\/p>\n<p>A pesquisadora discorreu sobre a escolha do Dr. Rodney Carlos Bassanezi como seu orientador e\u00a0 ressaltou a import\u00e2ncia do apoio recebido durante a pesquisa. \u201cRodney \u00e9, al\u00e9m de um excelente profissional, uma pessoa fant\u00e1stica! Diria que n\u00e3o teria feito melhor escolha para orientador. Ele abra\u00e7ou meu desejo de trabalhar com modelagem de tratamentos oncol\u00f3gicos, me apresentou profissionais que, al\u00e9m de ajudar na teoria aplicada na pesquisa, ajudou no meu pr\u00f3prio tratamento. Nunca me beneficiou mas sempre foi humano quanto as minhas limita\u00e7\u00f5es durante o doutorado, no que diz respeito ao tratamento quimioter\u00e1pico que fiz paralelamente\u201d.<\/p>\n<p>Tatiana tamb\u00e9m falou sobre o apoio recebido da fam\u00edlia e amigos para realizar o tratamento e se dedicar \u00e0 pesquisa. \u201cMinha fam\u00edlia foi fundamental em tudo, desde a for\u00e7a para n\u00e3o ter medo de seguir, como o apoio para realizar meus sonhos e desejos. Minha m\u00e3e abandonou a vida e veio morar comigo para que eu n\u00e3o precisasse abandonar o doutorado, meu pai deu todo o suporte para minhas irm\u00e3s que ficaram com ele na Bahia. Mas al\u00e9m da fam\u00edlia tamb\u00e9m preciso ratificar a import\u00e2ncia dos meus colegas de curso, pois eles muitas vezes pararam para me atualizar da mat\u00e9ria, e sempre se fizeram presente com suporte e amizade.<\/p>\n<p>Recentemente, Thais Souza, irm\u00e3 de Tatiana tamb\u00e9m foi diagn\u00f3stica com c\u00e2ncer. Sobre o problema da irm\u00e3 Tatiana enfatizou \u201cacho que foi mais dif\u00edcil receber o diagn\u00f3stico do c\u00e2ncer de minha irm\u00e3. Descobri que \u00e9 mais dolorido quando acontece com quem amamos do que com n\u00f3s mesmo, mas a for\u00e7a e equil\u00edbrio de minha fam\u00edlia sempre fez com que a doen\u00e7a se apresentasse mais amena do que como costumamos imaginar\u201d. \u00a0Juntas as irm\u00e3s criaram uma conta na <a href=\"https:\/\/www.instagram.com\/tatianaethais\/\">rede social <\/a>para compartilhar a luta contra o c\u00e2ncer.<\/p>\n<p>Com a baianidade de uma potiguar, nascida no Rio Grande do Norte e criada no reduto baiano, lugar apraz\u00edvel que lhe expurgou a resist\u00eancia e lhe fortaleceu a obstina\u00e7\u00e3o, Tatiana disse que pretende d\u00e1 continuidade na pesquisa, nesta \u00e1rea, intensificar as terapias integrativas ao seu pr\u00f3prio tratamento visando melhores resultados e realizar o seu maior sonho atual, que \u00e9 ajudar outros pacientes oncol\u00f3gicos com palestras, depoimentos e esclarecimentos sobre a no\u00e9tica e a medicina integrativa, al\u00e9m de escrever um livro onde pretende contar a sua luta contra o c\u00e2ncer e todas as descobertas que obteve durante o doutorado.<\/p>\n<p>&nbsp;<\/p>\n<p>Texto: Tatiany Escari\u00e3o<\/p>\n<p>Fotos: Tatiana Rocha<\/p>\n<p>&nbsp;<\/p>\n","protected":false},"excerpt":{"rendered":"<p>Um dos problemas de sa\u00fade mais conhecidos e receados atualmente \u00e9 o c\u00e2ncer, doen\u00e7a em que as c\u00e9lulas an\u00f4malas se dividem de forma ind\u00f4mita e destroem o tecido do corpo. As causas podem ser externas ou internas ao organismo e ambas est\u00e3o inter-relacionadas, podendo interagir, aumentando a probabilidade de transforma\u00e7\u00f5es nas c\u00e9lulas.\u00a0 Isso explica o <a class=\"leiamais\" href=\"https:\/\/centros.uepb.edu.br\/ccea\/2018\/06\/07\/pesquisadora-da-universidade-estadual-da-paraiba-utiliza-dados-matematicos-no-tratamento-de-combate-ao-cancer\/\">Leia Mais&#8230;<\/a><\/p>\n","protected":false},"author":33,"featured_media":0,"comment_status":"closed","ping_status":"closed","sticky":false,"template":"","format":"standard","meta":{"jetpack_post_was_ever_published":false,"_jetpack_newsletter_access":"","_jetpack_dont_email_post_to_subs":false,"_jetpack_newsletter_tier_id":0,"_jetpack_memberships_contains_paywalled_content":false,"_jetpack_memberships_contains_paid_content":false,"footnotes":"","jetpack_publicize_message":"","jetpack_publicize_feature_enabled":true,"jetpack_social_post_already_shared":true,"jetpack_social_options":{"image_generator_settings":{"template":"highway","default_image_id":0,"font":"","enabled":false},"version":2}},"categories":[8,3],"tags":[],"class_list":["post-1083","post","type-post","status-publish","format-standard","hentry","category-ccea","category-noticias"],"jetpack_publicize_connections":[],"jetpack_featured_media_url":"","jetpack_sharing_enabled":true,"jetpack_shortlink":"https:\/\/wp.me\/p7WTGX-ht","jetpack_likes_enabled":true,"jetpack-related-posts":[{"id":1186,"url":"https:\/\/centros.uepb.edu.br\/ccea\/2018\/09\/20\/universidade-estadual-da-paraiba-lamenta-falecimento-de-professora-de-matematica-do-campus-de-patos\/","url_meta":{"origin":1083,"position":0},"title":"Universidade Estadual da Para\u00edba lamenta falecimento de professora de Matem\u00e1tica do C\u00e2mpus de Patos","author":"tatiana","date":"20 de setembro de 2018","format":false,"excerpt":"A Administra\u00e7\u00e3o Central da Universidade Estadual da Para\u00edba (UEPB), em nome de toda a comunidade acad\u00eamica, e a dire\u00e7\u00e3o do Centro de Ci\u00eancias Exatas e Sociais Aplicadas (CCEA) lamentam, com profundo pesar, o falecimento da professora Tatiana Rocha de Souza, do curso de Licenciatura em Matem\u00e1tica do C\u00e2mpus de Patos,\u2026","rel":"","context":"Em &quot;CCEA&quot;","block_context":{"text":"CCEA","link":"https:\/\/centros.uepb.edu.br\/ccea\/category\/ccea\/"},"img":{"alt_text":"","src":"https:\/\/i0.wp.com\/www.uepb.edu.br\/wp-content\/uploads\/2018\/09\/Tatiana-Rocha.jpg?resize=350%2C200","width":350,"height":200},"classes":[]},{"id":841,"url":"https:\/\/centros.uepb.edu.br\/ccea\/2018\/02\/28\/campus-vii-da-universidade-estadual-da-paraiba-adere-a-campanha-para-custear-o-tratamento-da-pequena-manuela\/","url_meta":{"origin":1083,"position":1},"title":"C\u00e2mpus VII da Universidade Estadual da Para\u00edba adere \u00e0 campanha para custear o tratamento da pequena Manuela","author":"tatiany","date":"28 de fevereiro de 2018","format":false,"excerpt":"A Dire\u00e7\u00e3o do Centro de Ci\u00eancias Exatas e Sociais Aplicadas (CCEA), C\u00e2mpus VII da Universidade Estadual da Para\u00edba (UEPB), em Patos, sensibilizada com o caso da pequena Manuela, de apenas 5 anos, filha do casal Gabriela e Dyego Ramalho, que foi diagnosticada com um tumor no c\u00e9rebro, adere a campanha\u2026","rel":"","context":"Em &quot;CCEA&quot;","block_context":{"text":"CCEA","link":"https:\/\/centros.uepb.edu.br\/ccea\/category\/ccea\/"},"img":{"alt_text":"","src":"https:\/\/i0.wp.com\/centros.uepb.edu.br\/ccea\/files\/2018\/02\/Manu.jpg?resize=350%2C200&ssl=1","width":350,"height":200},"classes":[]},{"id":1216,"url":"https:\/\/centros.uepb.edu.br\/ccea\/2018\/12\/20\/campus-de-patos-forma-alunos-dos-cursos-de-administracao-ciencia-da-computacao-fisica-e-matematica\/","url_meta":{"origin":1083,"position":2},"title":"C\u00e2mpus de Patos forma alunos dos cursos de Administra\u00e7\u00e3o, Ci\u00eancia da Computa\u00e7\u00e3o, F\u00edsica e Matem\u00e1tica","author":"tatiana","date":"20 de dezembro de 2018","format":false,"excerpt":"A solenidade de Cola\u00e7\u00e3o de Grau do Centro de Ci\u00eancias Exatas e Sociais Aplicadas (CCEA) da Universidade Estadual da Para\u00edba (UEPB) foi realizada na tarde desta quarta-feira (19), no Gin\u00e1sio de Esportes do C\u00e2mpus VII, em Patos, e marcou a formatura dos alunos dos cursos de Bacharelado em Administra\u00e7\u00e3o, Bacharelado\u2026","rel":"","context":"Em &quot;CCEA&quot;","block_context":{"text":"CCEA","link":"https:\/\/centros.uepb.edu.br\/ccea\/category\/ccea\/"},"img":{"alt_text":"","src":"","width":0,"height":0},"classes":[]},{"id":868,"url":"https:\/\/centros.uepb.edu.br\/ccea\/2018\/03\/08\/dia-da-saude-uepb-e-realizado-no-campus-vii-com-atividades-voltadas-a-prevencao-de-doencas\/","url_meta":{"origin":1083,"position":3},"title":"\u201cDia da Sa\u00fade UEPB\u201d \u00e9 realizado no C\u00e2mpus VII com atividades voltadas \u00e0 preven\u00e7\u00e3o de doen\u00e7as","author":"tatiany","date":"8 de mar\u00e7o de 2018","format":false,"excerpt":"A Universidade Estadual da Para\u00edba (UEPB), por meio do Centro de Ci\u00eancias Exatas e Sociais Aplicadas (CCEA), em parceria com a Coordenadoria de Esportes e Lazer (COEL) da Institui\u00e7\u00e3o, Prefeitura Municipal de Patos, atrav\u00e9s do N\u00facleo de Apoio a Sa\u00fade da Fam\u00edlia (NASF), e apoio de Hidelberto Duarte Personal Trainer,\u2026","rel":"","context":"Em &quot;CCEA&quot;","block_context":{"text":"CCEA","link":"https:\/\/centros.uepb.edu.br\/ccea\/category\/ccea\/"},"img":{"alt_text":"","src":"https:\/\/i0.wp.com\/centros.uepb.edu.br\/ccea\/files\/2018\/03\/Dia-da-Sa%C3%BAde-7.jpg?resize=350%2C200&ssl=1","width":350,"height":200,"srcset":"https:\/\/i0.wp.com\/centros.uepb.edu.br\/ccea\/files\/2018\/03\/Dia-da-Sa%C3%BAde-7.jpg?resize=350%2C200&ssl=1 1x, https:\/\/i0.wp.com\/centros.uepb.edu.br\/ccea\/files\/2018\/03\/Dia-da-Sa%C3%BAde-7.jpg?resize=525%2C300&ssl=1 1.5x, https:\/\/i0.wp.com\/centros.uepb.edu.br\/ccea\/files\/2018\/03\/Dia-da-Sa%C3%BAde-7.jpg?resize=700%2C400&ssl=1 2x"},"classes":[]},{"id":1969,"url":"https:\/\/centros.uepb.edu.br\/ccea\/2022\/09\/23\/inscricoes-abertas-para-os-cursos-iniciacao-ao-violao-e-musicalizacao-infantil-do-nucleo-de-arte-e-cultura-do-ccea\/","url_meta":{"origin":1083,"position":4},"title":"Inscri\u00e7\u00f5es abertas para os cursos Inicia\u00e7\u00e3o ao Viol\u00e3o e Musicaliza\u00e7\u00e3o Infantil do N\u00facleo de Arte e Cultura do CCEA","author":"olivio","date":"23 de setembro de 2022","format":false,"excerpt":"O N\u00facleo de Arte e Cultura do C\u00e2mpus VII \u2013 NArC da Universidade Estadual da Para\u00edba \u2013 UEPB, em Patos, est\u00e1 com inscri\u00e7\u00f5es abertas para os cursos de \"Inicia\u00e7\u00e3o ao Viol\u00e3o\" e \"Musicaliza\u00e7\u00e3o Infantil\", voltados \u00e0 comunidade acad\u00eamica e a sociedade em geral. As inscri\u00e7\u00f5es est\u00e3o sendo realizadas at\u00e9 o\u2026","rel":"","context":"Em &quot;Agend Not\u00edcias Destaque&quot;","block_context":{"text":"Agend Not\u00edcias Destaque","link":"https:\/\/centros.uepb.edu.br\/ccea\/category\/agend-noticias-destaque\/"},"img":{"alt_text":"","src":"https:\/\/i0.wp.com\/centros.uepb.edu.br\/ccea\/files\/2022\/09\/banner_narc-300x300.png?resize=350%2C200&ssl=1","width":350,"height":200},"classes":[]},{"id":1471,"url":"https:\/\/centros.uepb.edu.br\/ccea\/2021\/03\/01\/sejam-bem-vindos-a-ao-semestre-2020-2-ccea\/","url_meta":{"origin":1083,"position":5},"title":"Sejam bem-vindos (a) ao semestre 2020.2 \u2013 CCEA","author":"olivio","date":"1 de mar\u00e7o de 2021","format":false,"excerpt":"Caros (as) alunos (as), t\u00e9cnicos (as) e professores (as), Iniciamos o semestre de 2020.2 ainda com muitos desafios em decorr\u00eancia da pandemia da Covid-19, mas firmes na inten\u00e7\u00e3o de promover ensino de qualidade, atuando com inova\u00e7\u00e3o e, acima de tudo, com respeito \u00e0 vida. Desta forma, as aulas continuam a\u2026","rel":"","context":"Em &quot;CCEA&quot;","block_context":{"text":"CCEA","link":"https:\/\/centros.uepb.edu.br\/ccea\/category\/ccea\/"},"img":{"alt_text":"","src":"","width":0,"height":0},"classes":[]}],"_links":{"self":[{"href":"https:\/\/centros.uepb.edu.br\/ccea\/wp-json\/wp\/v2\/posts\/1083","targetHints":{"allow":["GET"]}}],"collection":[{"href":"https:\/\/centros.uepb.edu.br\/ccea\/wp-json\/wp\/v2\/posts"}],"about":[{"href":"https:\/\/centros.uepb.edu.br\/ccea\/wp-json\/wp\/v2\/types\/post"}],"author":[{"embeddable":true,"href":"https:\/\/centros.uepb.edu.br\/ccea\/wp-json\/wp\/v2\/users\/33"}],"replies":[{"embeddable":true,"href":"https:\/\/centros.uepb.edu.br\/ccea\/wp-json\/wp\/v2\/comments?post=1083"}],"version-history":[{"count":0,"href":"https:\/\/centros.uepb.edu.br\/ccea\/wp-json\/wp\/v2\/posts\/1083\/revisions"}],"wp:attachment":[{"href":"https:\/\/centros.uepb.edu.br\/ccea\/wp-json\/wp\/v2\/media?parent=1083"}],"wp:term":[{"taxonomy":"category","embeddable":true,"href":"https:\/\/centros.uepb.edu.br\/ccea\/wp-json\/wp\/v2\/categories?post=1083"},{"taxonomy":"post_tag","embeddable":true,"href":"https:\/\/centros.uepb.edu.br\/ccea\/wp-json\/wp\/v2\/tags?post=1083"}],"curies":[{"name":"wp","href":"https:\/\/api.w.org\/{rel}","templated":true}]}}