{"id":1071,"date":"2018-06-05T14:59:51","date_gmt":"2018-06-05T14:59:51","guid":{"rendered":"https:\/\/centros.uepb.edu.br\/ccea\/?p=1071"},"modified":"2018-06-05T15:05:56","modified_gmt":"2018-06-05T15:05:56","slug":"1o-congresso-paraibano-de-inclusao-sera-realizado-no-campus-vii-da-universidade-estadual-da-paraiba","status":"publish","type":"post","link":"https:\/\/centros.uepb.edu.br\/ccea\/2018\/06\/05\/1o-congresso-paraibano-de-inclusao-sera-realizado-no-campus-vii-da-universidade-estadual-da-paraiba\/","title":{"rendered":"1\u00ba Congresso Paraibano de Inclus\u00e3o ser\u00e1 realizado no C\u00e2mpus VII da Universidade Estadual da Para\u00edba"},"content":{"rendered":"<p>Na busca de ampliar o debate e a luta no contexto da Inclus\u00e3o na Para\u00edba, a Podium Cursos e Assessoria, em parceria com a Universidade de Uberaba (Uniube), com patroc\u00ednio do Col\u00e9gio Fera GEO e apoio da Universidade Estadual da Para\u00edba (UEPB), Instituto Federal da Para\u00edba (IFPB) e Col\u00e9gio Cristo Rei, realiza o 1\u00ba Congresso Paraibano de Inclus\u00e3o (COPIN). A abertura do evento ser\u00e1 realizada no dia 14 de junho, \u00e0s 18h, no Col\u00e9gio Cristo. Nos dias 15 e 16 o evento acontece no Centro de Ci\u00eancias Exatas e Sociais Aplicadas, C\u00e2mpus VII da UEPB, em Patos.<\/p>\n<p>De acordo com a organiza\u00e7\u00e3o do Congresso, o evento se constitui como um espa\u00e7o de discuss\u00e3o e an\u00e1lise sobre o processo de Inclus\u00e3o no contexto das diferen\u00e7as e da diversidade humana, promovendo a reflex\u00e3o coletiva sobre processos inclusivos\/ excludentes e o papel da sociedade e dos organismos sobre a responsabilidade social quanto aos avan\u00e7os no que se refere ao processo de\u00a0 inclus\u00e3o\/ exclus\u00e3o das pessoas com defici\u00eancia.<\/p>\n<p>Com o tema \u201cPr\u00e1ticas Inclusivas: Sa\u00fade, Educa\u00e7\u00e3o e Direitos Humanos\u201d, a iniciativa busca fomentar o debate interdisciplinar sobre a Inclus\u00e3o entre os variados segmentos da comunidade acad\u00eamica, por meio da promo\u00e7\u00e3o e da interconex\u00e3o entre pesquisadores, estudiosos, estudantes, pessoas deficientes, pessoas com necessidades educacionais especiais e seus familiares interessados em temas concernentes \u00e0s pr\u00e1ticas de inclus\u00e3o nos contextos da Sa\u00fade, da Educa\u00e7\u00e3o e dos Direitos.<\/p>\n<p>O evento contar\u00e1 com palestras e debates sobre educa\u00e7\u00e3o especial com foco em pr\u00e1ticas pedag\u00f3gicas inclusivas; roda de conversa e relatos de experi\u00eancias inclusivas no conv\u00edvio comum, minicursos e oficinas; apresenta\u00e7\u00e3o de projetos, exposi\u00e7\u00e3o de banners, al\u00e9m de apresenta\u00e7\u00f5es art\u00edsticas e culturais.<\/p>\n<p>Na p\u00e1gina do evento na internet https:\/\/app.congressy.com\/1copin\/ est\u00e1 dispon\u00edvel toda a programa\u00e7\u00e3o. Mais informa\u00e7\u00f5es podem ser obtidas atrav\u00e9s do telefone (83) 3421 4595 ou pelo whatsApp (83) 9 96129596.<\/p>\n","protected":false},"excerpt":{"rendered":"<p>Na busca de ampliar o debate e a luta no contexto da Inclus\u00e3o na Para\u00edba, a Podium Cursos e Assessoria, em parceria com a Universidade de Uberaba (Uniube), com patroc\u00ednio do Col\u00e9gio Fera GEO e apoio da Universidade Estadual da Para\u00edba (UEPB), Instituto Federal da Para\u00edba (IFPB) e Col\u00e9gio Cristo Rei, realiza o 1\u00ba Congresso <a class=\"leiamais\" href=\"https:\/\/centros.uepb.edu.br\/ccea\/2018\/06\/05\/1o-congresso-paraibano-de-inclusao-sera-realizado-no-campus-vii-da-universidade-estadual-da-paraiba\/\">Leia Mais&#8230;<\/a><\/p>\n","protected":false},"author":33,"featured_media":0,"comment_status":"closed","ping_status":"closed","sticky":false,"template":"","format":"standard","meta":{"jetpack_post_was_ever_published":false,"_jetpack_newsletter_access":"","_jetpack_dont_email_post_to_subs":false,"_jetpack_newsletter_tier_id":0,"_jetpack_memberships_contains_paywalled_content":false,"_jetpack_memberships_contains_paid_content":false,"footnotes":"","jetpack_publicize_message":"","jetpack_publicize_feature_enabled":true,"jetpack_social_post_already_shared":true,"jetpack_social_options":{"image_generator_settings":{"template":"highway","default_image_id":0,"font":"","enabled":false},"version":2}},"categories":[8,3],"tags":[],"class_list":["post-1071","post","type-post","status-publish","format-standard","hentry","category-ccea","category-noticias"],"jetpack_publicize_connections":[],"jetpack_featured_media_url":"","jetpack_sharing_enabled":true,"jetpack_shortlink":"https:\/\/wp.me\/p7WTGX-hh","jetpack_likes_enabled":true,"jetpack-related-posts":[{"id":330,"url":"https:\/\/centros.uepb.edu.br\/ccea\/2016\/06\/22\/integrantes-de-projeto-de-extensao-do-campus-de-patos-conquistam-medalhas-em-campeonato-paraibano-de-karate\/","url_meta":{"origin":1071,"position":0},"title":"Integrantes de projeto de extens\u00e3o do C\u00e2mpus de Patos conquistam medalhas em Campeonato Paraibano de Karat\u00ea","author":"arnaud","date":"22 de junho de 2016","format":false,"excerpt":"Oito integrantes do projeto de extens\u00e3o \u201cUtiliza\u00e7\u00e3o do Karat\u00ea como Instrumento de Inclus\u00e3o Social da Universidade Estadual da Para\u00edba\u201d, desenvolvido no C\u00e2mpus VII da Institui\u00e7\u00e3o, em Patos, conquistaram 10 medalhas no 34\u00ba Campeonato Paraibano de Karat\u00ea, realizado no \u00faltimo dia 19 de junho, na cidade de Patos. Eles competiram nas\u2026","rel":"","context":"Em &quot;CCEA&quot;","block_context":{"text":"CCEA","link":"https:\/\/centros.uepb.edu.br\/ccea\/category\/ccea\/"},"img":{"alt_text":"trofeu1","src":"https:\/\/i0.wp.com\/www.uepb.edu.br\/wp-content\/uploads\/2016\/06\/trofeu1.jpg?resize=350%2C200","width":350,"height":200,"srcset":"https:\/\/i0.wp.com\/www.uepb.edu.br\/wp-content\/uploads\/2016\/06\/trofeu1.jpg?resize=350%2C200 1x, https:\/\/i0.wp.com\/www.uepb.edu.br\/wp-content\/uploads\/2016\/06\/trofeu1.jpg?resize=525%2C300 1.5x, https:\/\/i0.wp.com\/www.uepb.edu.br\/wp-content\/uploads\/2016\/06\/trofeu1.jpg?resize=700%2C400 2x"},"classes":[]},{"id":1016,"url":"https:\/\/centros.uepb.edu.br\/ccea\/2018\/05\/07\/2o-escola-patoense-de-fisica-sera-realizada-no-campus-vii-da-universidade-estadual-da-paraiba\/","url_meta":{"origin":1071,"position":1},"title":"2\u00ba Escola Patoense de F\u00edsica ser\u00e1 realizada no C\u00e2mpus VII da Universidade Estadual da Para\u00edba","author":"tatiany","date":"7 de maio de 2018","format":false,"excerpt":"O Centro de Ci\u00eancias Exatas e Sociais Aplicadas (CCEA), da Universidade Estadual da Para\u00edba (UEPB), com apoio e patroc\u00ednio da Funda\u00e7\u00e3o de Apoio a Pesquisa do Estado da Para\u00edba (FAPESQ-PB), promove a 2\u00aa Escola Patoense de F\u00edsica. O evento ser\u00e1 realizado no per\u00edodo de 7 a 18 de maio e\u2026","rel":"","context":"Em &quot;CCEA&quot;","block_context":{"text":"CCEA","link":"https:\/\/centros.uepb.edu.br\/ccea\/category\/ccea\/"},"img":{"alt_text":"","src":"","width":0,"height":0},"classes":[]},{"id":1067,"url":"https:\/\/centros.uepb.edu.br\/ccea\/2018\/06\/04\/feira-da-economia-solidaria-sera-realizada-no-campus-vii-da-universidade-estadual-da-paraiba\/","url_meta":{"origin":1071,"position":2},"title":"Feira da Economia Solid\u00e1ria ser\u00e1 realizada no C\u00e2mpus VII da Universidade Estadual da Para\u00edba","author":"tatiany","date":"4 de junho de 2018","format":false,"excerpt":"A Universidade Estadual da Para\u00edba (UEPB), atrav\u00e9s do Centro de Ci\u00eancias Exatas e Sociais Aplicadas (CCEA), em parceria com o Governo do Estado, F\u00f3rum Estadual de Economia Solid\u00e1ria e A\u00e7\u00e3o Social Diocesana de Patos, promove a Feira da Economia Solid\u00e1ria. O evento acontece no dia 13 de junho, das 8h\u2026","rel":"","context":"Em &quot;CCEA&quot;","block_context":{"text":"CCEA","link":"https:\/\/centros.uepb.edu.br\/ccea\/category\/ccea\/"},"img":{"alt_text":"","src":"","width":0,"height":0},"classes":[]},{"id":962,"url":"https:\/\/centros.uepb.edu.br\/ccea\/2018\/04\/05\/campeonato-de-xadrez-sera-realizado-no-campus-vii-da-universidade-estadual-no-proximo-dia-19\/","url_meta":{"origin":1071,"position":3},"title":"Campeonato de Xadrez ser\u00e1 realizado no C\u00e2mpus VII da Universidade Estadual no pr\u00f3ximo dia 19","author":"tatiany","date":"5 de abril de 2018","format":false,"excerpt":"O Centro de Ci\u00eancias Exatas e Sociais Aplicadas (CCEA), da Universidade Estadual da Para\u00edba (UEPB), em parceria com Coordenadoria de Esportes e Lazer (COEL) da Institui\u00e7\u00e3o e o Clube de Xadrez Jos\u00e9 Amarante, realizar\u00e1 no pr\u00f3ximo dia 19, o Campeonato de Xadrez da UEPB-Patos. O evento acontecer\u00e1 no audit\u00f3rio Celso\u2026","rel":"","context":"Em &quot;CCEA&quot;","block_context":{"text":"CCEA","link":"https:\/\/centros.uepb.edu.br\/ccea\/category\/ccea\/"},"img":{"alt_text":"","src":"","width":0,"height":0},"classes":[]},{"id":686,"url":"https:\/\/centros.uepb.edu.br\/ccea\/2017\/11\/08\/atletas-de-projeto-social-do-campus-vii-da-uepb-conquistam-medalhas-na-7a-edicao-da-copa-cad-de-karate\/","url_meta":{"origin":1071,"position":4},"title":"Atletas de projeto social do C\u00e2mpus VII da UEPB conquistam medalhas na 7\u00aa edi\u00e7\u00e3o da Copa CAD de Karat\u00ea","author":"tatiana","date":"8 de novembro de 2017","format":false,"excerpt":"Integrantes do projeto de extens\u00e3o \u201cUtiliza\u00e7\u00e3o do Karat\u00ea como Instrumento de Inclus\u00e3o Social\u201d (UKIIS), do Centro de Ci\u00eancias Exatas e Sociais Aplicadas (CCEA) da Universidade Estadual da Para\u00edba (UEPB), em Patos, participaram da 7\u00aa edi\u00e7\u00e3o da Copa CAD de Karat\u00ea e conquistaram medalha de ouro no \u00faltimo final de semana,\u2026","rel":"","context":"Em &quot;CCEA&quot;","block_context":{"text":"CCEA","link":"https:\/\/centros.uepb.edu.br\/ccea\/category\/ccea\/"},"img":{"alt_text":"","src":"https:\/\/i0.wp.com\/www.uepb.edu.br\/wp-content\/uploads\/2017\/11\/Medalhas-CCEA.jpg?resize=350%2C200","width":350,"height":200,"srcset":"https:\/\/i0.wp.com\/www.uepb.edu.br\/wp-content\/uploads\/2017\/11\/Medalhas-CCEA.jpg?resize=350%2C200 1x, https:\/\/i0.wp.com\/www.uepb.edu.br\/wp-content\/uploads\/2017\/11\/Medalhas-CCEA.jpg?resize=525%2C300 1.5x, https:\/\/i0.wp.com\/www.uepb.edu.br\/wp-content\/uploads\/2017\/11\/Medalhas-CCEA.jpg?resize=700%2C400 2x"},"classes":[]},{"id":1336,"url":"https:\/\/centros.uepb.edu.br\/ccea\/2020\/01\/21\/centro-de-ciencias-exatas-e-sociais-aplicadas-realiza-1o-forum-de-gestao-publica-e-controle-interno\/","url_meta":{"origin":1071,"position":5},"title":"Centro de Ci\u00eancias Exatas e Sociais Aplicadas realiza 1\u00ba F\u00f3rum de Gest\u00e3o P\u00fablica e Controle Interno","author":"tatiana","date":"21 de janeiro de 2020","format":false,"excerpt":"O Centro de Ci\u00eancias Exatas e Sociais Aplicadas (CCEA) da Universidade Estadual da Para\u00edba (UEPB), localizado no C\u00e2mpus VII, em Patos, realizar\u00e1, nos dias 19 e 20 de mar\u00e7o, o 1\u00ba F\u00f3rum de Gest\u00e3o P\u00fablica e Controle Interno do Sert\u00e3o Paraibano. O evento acontecer\u00e1 no Audit\u00f3rio Master do Sebrar, localizado\u2026","rel":"","context":"Em &quot;CCEA&quot;","block_context":{"text":"CCEA","link":"https:\/\/centros.uepb.edu.br\/ccea\/category\/ccea\/"},"img":{"alt_text":"","src":"","width":0,"height":0},"classes":[]}],"_links":{"self":[{"href":"https:\/\/centros.uepb.edu.br\/ccea\/wp-json\/wp\/v2\/posts\/1071","targetHints":{"allow":["GET"]}}],"collection":[{"href":"https:\/\/centros.uepb.edu.br\/ccea\/wp-json\/wp\/v2\/posts"}],"about":[{"href":"https:\/\/centros.uepb.edu.br\/ccea\/wp-json\/wp\/v2\/types\/post"}],"author":[{"embeddable":true,"href":"https:\/\/centros.uepb.edu.br\/ccea\/wp-json\/wp\/v2\/users\/33"}],"replies":[{"embeddable":true,"href":"https:\/\/centros.uepb.edu.br\/ccea\/wp-json\/wp\/v2\/comments?post=1071"}],"version-history":[{"count":0,"href":"https:\/\/centros.uepb.edu.br\/ccea\/wp-json\/wp\/v2\/posts\/1071\/revisions"}],"wp:attachment":[{"href":"https:\/\/centros.uepb.edu.br\/ccea\/wp-json\/wp\/v2\/media?parent=1071"}],"wp:term":[{"taxonomy":"category","embeddable":true,"href":"https:\/\/centros.uepb.edu.br\/ccea\/wp-json\/wp\/v2\/categories?post=1071"},{"taxonomy":"post_tag","embeddable":true,"href":"https:\/\/centros.uepb.edu.br\/ccea\/wp-json\/wp\/v2\/tags?post=1071"}],"curies":[{"name":"wp","href":"https:\/\/api.w.org\/{rel}","templated":true}]}}